{"id":10300,"date":"2018-07-31T15:04:53","date_gmt":"2018-07-31T15:04:53","guid":{"rendered":"https:\/\/drogriporter.hu\/?p=10300"},"modified":"2023-03-29T16:10:13","modified_gmt":"2023-03-29T14:10:13","slug":"videos-from-the-aids-2018-conference","status":"publish","type":"post","link":"https:\/\/drogriporter.hu\/en\/videos-from-the-aids-2018-conference\/","title":{"rendered":"Videos from the AIDS 2018 Conference"},"content":{"rendered":"\n<p>The Drugreporter team filmed several sessions at the International AIDS Conference in Amsterdam last week &#8211; please watch a selection of videos!&nbsp;<\/p>\n\n\n\n<!--more-->\n\n\n\n<p>Live video interview with Ferenc Bagyinszki (AIDS Action Europe) and Tamas Berecki (EUPATI) about HIV and LGBTQ activism in Central-Eastern Europe:<\/p>\n\n\n<iframe loading=\"lazy\" src=\"https:\/\/www.youtube.com\/embed\/jGX1PLs7sfI\" width=\"560\" height=\"315\" frameborder=\"0\" style=\"\" allowfullscreen><\/iframe>\n\n\n\n<p>Live video interview on HIV and sex work activism in Europe with Luca Stevenson and&nbsp;Dinah de Riquet-Bons (both from ICRSE):<\/p>\n\n\n<iframe loading=\"lazy\" src=\"https:\/\/www.youtube.com\/embed\/VPk2y_EJjIg\" width=\"560\" height=\"315\" frameborder=\"0\" style=\"\" allowfullscreen><\/iframe>\n\n\n\n<p>Live video interview about drug user activism in Georgia with David Subeliani (White Noise):<\/p>\n\n\n<iframe loading=\"lazy\" src=\"https:\/\/www.youtube.com\/embed\/8Gnq8e4EdxI\" width=\"560\" height=\"315\" frameborder=\"0\" style=\"\" allowfullscreen><\/iframe>\n\n\n\n<p>Civil Society Under Threat: a session with human rights defenders from Hungary, Russia, Venezuela, the Philippines and Kenya (playlist):<\/p>\n\n\n\n<figure class=\"wp-block-embed is-type-video is-provider-youtube wp-block-embed-youtube wp-embed-aspect-16-9 wp-has-aspect-ratio\"><div class=\"wp-block-embed__wrapper\">\n<iframe loading=\"lazy\" title=\"Civil society under threat session at AIDS 2018\" width=\"500\" height=\"281\" src=\"https:\/\/www.youtube.com\/embed\/videoseries?list=PLUkduHmox5oiD-zBjULwF-VWU3r8QY8rL\" frameborder=\"0\" allow=\"accelerometer; autoplay; clipboard-write; encrypted-media; gyroscope; picture-in-picture; web-share\" referrerpolicy=\"strict-origin-when-cross-origin\" allowfullscreen><\/iframe>\n<\/div><\/figure>\n\n\n<div class=\"donate-box\"><p>Access to this article is free - but to produce articles and videos is not. Drugreporter is a non-profit website that needs your support to provide you with high quality contents.<\/p><p><a class=\"button support\" href=\"\/en\/support-us\/\">Become a supporter and make a donation of 5 $ today!<\/a><\/p><\/div>\n\n\n\n<p>Anya Sarang&#8217;s speech at the AIDS March:<\/p>\n\n\n\n<figure class=\"wp-block-embed is-type-video is-provider-youtube wp-block-embed-youtube wp-embed-aspect-16-9 wp-has-aspect-ratio\"><div class=\"wp-block-embed__wrapper\">\n<iframe loading=\"lazy\" title=\"Chase the virus, not People! - Speech of Anya Sarang at the march at AIDS 2018 in Amsterdam\" width=\"500\" height=\"281\" src=\"https:\/\/www.youtube.com\/embed\/Rt1zeIDUw1E?feature=oembed\" frameborder=\"0\" allow=\"accelerometer; autoplay; clipboard-write; encrypted-media; gyroscope; picture-in-picture; web-share\" referrerpolicy=\"strict-origin-when-cross-origin\" allowfullscreen><\/iframe>\n<\/div><\/figure>\n\n\n\n<p>Meeting with Michel Kazatchkine, United Nations Special Envoy for HIV\/AIDS in Eastern Europe and Central Asia:<\/p>\n\n\n\n<figure class=\"wp-block-embed is-type-video is-provider-youtube wp-block-embed-youtube wp-embed-aspect-16-9 wp-has-aspect-ratio\"><div class=\"wp-block-embed__wrapper\">\n<iframe loading=\"lazy\" title=\"Meeting with Professor. Michelle Kazatchkine at AIDS 2018\" width=\"500\" height=\"281\" src=\"https:\/\/www.youtube.com\/embed\/0peROR5UN3c?feature=oembed\" frameborder=\"0\" allow=\"accelerometer; autoplay; clipboard-write; encrypted-media; gyroscope; picture-in-picture; web-share\" referrerpolicy=\"strict-origin-when-cross-origin\" allowfullscreen><\/iframe>\n<\/div><\/figure>\n\n\n\n<p>Meeting with Peter Sands, the director of Global Fund:<\/p>\n\n\n<p>\u202a<iframe loading=\"lazy\" src=\"https:\/\/www.youtube.com\/embed\/cajz6LfMjIk\" width=\"560\" height=\"315\" frameborder=\"0\" style=\"\" allowfullscreen><\/iframe>\u202c<\/p>\n\n\n\n<p>Session on the Support Don&#8217;t Punish campaign:<\/p>\n\n\n<p><iframe loading=\"lazy\" src=\"https:\/\/www.youtube.com\/embed\/8px2He3M_X0\" width=\"560\" height=\"315\" frameborder=\"0\" style=\"\" allowfullscreen><\/iframe>\u202c<\/p>\n\n\n\n<p>Filmed by Istvan Gabor Takacs<\/p>\n\n\n\n<p><\/p>\n","protected":false},"excerpt":{"rendered":"<p>The Drugreporter team filmed several sessions at the International AIDS Conference in Amsterdam last week &#8211; please watch a selection of videos!\u00a0<\/p>\n","protected":false},"author":1005,"featured_media":22412,"comment_status":"closed","ping_status":"closed","sticky":false,"template":"","format":"standard","meta":{"_genesis_hide_title":false,"_genesis_hide_breadcrumbs":false,"_genesis_hide_singular_image":false,"_genesis_hide_footer_widgets":false,"_genesis_custom_body_class":"","_genesis_custom_post_class":"","_genesis_layout":"","footnotes":""},"categories":[2900,2894],"tags":[],"countries":[2693],"section":[],"video-author":[2921],"drug":[],"archive":[3212,3222,3229,3230],"video-series":[3231],"class_list":{"0":"post-10300","1":"post","2":"type-post","3":"status-publish","4":"format-standard","5":"has-post-thumbnail","7":"category-articles","8":"category-video-database","9":"countries-netherlands-en","10":"video-author-drugreporter","11":"archive-criminalisation","12":"archive-harm-reduction","13":"archive-hepatitis","14":"archive-hiv-aids","15":"video-series-international-aids-conferences","16":"entry"},"featured_image_src":"https:\/\/drogriporter.hu\/wp-content\/uploads\/sites\/8\/2018\/07\/filmpistis-700x420-1-600x400.jpeg","author_info":{"display_name":"P\u00e9ter S\u00e1rosi","author_link":"https:\/\/drogriporter.hu\/en\/author\/sarosip-2\/"},"yoast_head":"<!-- This site is optimized with the Yoast SEO Premium plugin  - https:\/\/yoast.com\/product\/yoast-seo-premium-wordpress\/ -->\n<title>Videos from the AIDS 2018 Conference - Drugreporter<\/title>\n<meta name=\"robots\" content=\"index, follow, max-snippet:-1, max-image-preview:large, max-video-preview:-1\" \/>\n<link rel=\"canonical\" href=\"https:\/\/drogriporter.hu\/en\/videos-from-the-aids-2018-conference\/\" \/>\n<meta property=\"og:locale\" content=\"en_US\" \/>\n<meta property=\"og:type\" content=\"article\" \/>\n<meta property=\"og:title\" content=\"Videos from the AIDS 2018 Conference\" \/>\n<meta property=\"og:description\" content=\"The Drugreporter team filmed several sessions at the International AIDS Conference in Amsterdam last week - please watch a selection of videos!\u00a0\" \/>\n<meta property=\"og:url\" content=\"https:\/\/drogriporter.hu\/en\/videos-from-the-aids-2018-conference\/\" \/>\n<meta property=\"og:site_name\" content=\"Drugreporter\" \/>\n<meta property=\"article:published_time\" content=\"2018-07-31T15:04:53+00:00\" \/>\n<meta property=\"article:modified_time\" content=\"2023-03-29T14:10:13+00:00\" \/>\n<meta property=\"og:image\" content=\"https:\/\/drogriporter.hu\/wp-content\/uploads\/sites\/8\/2018\/07\/filmpistis-700x420-1.jpeg\" \/>\n\t<meta property=\"og:image:width\" content=\"1920\" \/>\n\t<meta property=\"og:image:height\" content=\"1080\" \/>\n\t<meta property=\"og:image:type\" content=\"image\/jpeg\" \/>\n<meta name=\"author\" content=\"P\u00e9ter S\u00e1rosi\" \/>\n<meta name=\"twitter:card\" content=\"summary_large_image\" \/>\n<meta name=\"twitter:label1\" content=\"Written by\" \/>\n\t<meta name=\"twitter:data1\" content=\"P\u00e9ter S\u00e1rosi\" \/>\n\t<meta name=\"twitter:label2\" content=\"Est. reading time\" \/>\n\t<meta name=\"twitter:data2\" content=\"1 minute\" \/>\n<script type=\"application\/ld+json\" class=\"yoast-schema-graph\">{\"@context\":\"https:\\\/\\\/schema.org\",\"@graph\":[{\"@type\":\"Article\",\"@id\":\"https:\\\/\\\/drogriporter.hu\\\/en\\\/videos-from-the-aids-2018-conference\\\/#article\",\"isPartOf\":{\"@id\":\"https:\\\/\\\/drogriporter.hu\\\/en\\\/videos-from-the-aids-2018-conference\\\/\"},\"author\":{\"name\":\"P\u00e9ter S\u00e1rosi\",\"@id\":\"https:\\\/\\\/drogriporter.hu\\\/en\\\/#\\\/schema\\\/person\\\/fb6cc5151784cb72290e136439b8cfbf\"},\"headline\":\"Videos from the AIDS 2018 Conference\",\"datePublished\":\"2018-07-31T15:04:53+00:00\",\"dateModified\":\"2023-03-29T14:10:13+00:00\",\"mainEntityOfPage\":{\"@id\":\"https:\\\/\\\/drogriporter.hu\\\/en\\\/videos-from-the-aids-2018-conference\\\/\"},\"wordCount\":199,\"image\":{\"@id\":\"https:\\\/\\\/drogriporter.hu\\\/en\\\/videos-from-the-aids-2018-conference\\\/#primaryimage\"},\"thumbnailUrl\":\"https:\\\/\\\/drogriporter.hu\\\/wp-content\\\/uploads\\\/sites\\\/8\\\/2018\\\/07\\\/filmpistis-700x420-1.jpeg\",\"articleSection\":[\"Articles\",\"Video Database\"],\"inLanguage\":\"en-US\"},{\"@type\":\"WebPage\",\"@id\":\"https:\\\/\\\/drogriporter.hu\\\/en\\\/videos-from-the-aids-2018-conference\\\/\",\"url\":\"https:\\\/\\\/drogriporter.hu\\\/en\\\/videos-from-the-aids-2018-conference\\\/\",\"name\":\"Videos from the AIDS 2018 Conference - Drugreporter\",\"isPartOf\":{\"@id\":\"https:\\\/\\\/drogriporter.hu\\\/en\\\/#website\"},\"primaryImageOfPage\":{\"@id\":\"https:\\\/\\\/drogriporter.hu\\\/en\\\/videos-from-the-aids-2018-conference\\\/#primaryimage\"},\"image\":{\"@id\":\"https:\\\/\\\/drogriporter.hu\\\/en\\\/videos-from-the-aids-2018-conference\\\/#primaryimage\"},\"thumbnailUrl\":\"https:\\\/\\\/drogriporter.hu\\\/wp-content\\\/uploads\\\/sites\\\/8\\\/2018\\\/07\\\/filmpistis-700x420-1.jpeg\",\"datePublished\":\"2018-07-31T15:04:53+00:00\",\"dateModified\":\"2023-03-29T14:10:13+00:00\",\"author\":{\"@id\":\"https:\\\/\\\/drogriporter.hu\\\/en\\\/#\\\/schema\\\/person\\\/fb6cc5151784cb72290e136439b8cfbf\"},\"breadcrumb\":{\"@id\":\"https:\\\/\\\/drogriporter.hu\\\/en\\\/videos-from-the-aids-2018-conference\\\/#breadcrumb\"},\"inLanguage\":\"en-US\",\"potentialAction\":[{\"@type\":\"ReadAction\",\"target\":[\"https:\\\/\\\/drogriporter.hu\\\/en\\\/videos-from-the-aids-2018-conference\\\/\"]}]},{\"@type\":\"ImageObject\",\"inLanguage\":\"en-US\",\"@id\":\"https:\\\/\\\/drogriporter.hu\\\/en\\\/videos-from-the-aids-2018-conference\\\/#primaryimage\",\"url\":\"https:\\\/\\\/drogriporter.hu\\\/wp-content\\\/uploads\\\/sites\\\/8\\\/2018\\\/07\\\/filmpistis-700x420-1.jpeg\",\"contentUrl\":\"https:\\\/\\\/drogriporter.hu\\\/wp-content\\\/uploads\\\/sites\\\/8\\\/2018\\\/07\\\/filmpistis-700x420-1.jpeg\",\"width\":1920,\"height\":1080},{\"@type\":\"BreadcrumbList\",\"@id\":\"https:\\\/\\\/drogriporter.hu\\\/en\\\/videos-from-the-aids-2018-conference\\\/#breadcrumb\",\"itemListElement\":[{\"@type\":\"ListItem\",\"position\":1,\"name\":\"Home\",\"item\":\"https:\\\/\\\/drogriporter.hu\\\/en\\\/\"},{\"@type\":\"ListItem\",\"position\":2,\"name\":\"Videos from the AIDS 2018 Conference\"}]},{\"@type\":\"WebSite\",\"@id\":\"https:\\\/\\\/drogriporter.hu\\\/en\\\/#website\",\"url\":\"https:\\\/\\\/drogriporter.hu\\\/en\\\/\",\"name\":\"Drugreporter\",\"description\":\"News and Films from the Frontline of the War on Drugs\",\"potentialAction\":[{\"@type\":\"SearchAction\",\"target\":{\"@type\":\"EntryPoint\",\"urlTemplate\":\"https:\\\/\\\/drogriporter.hu\\\/en\\\/?s={search_term_string}\"},\"query-input\":{\"@type\":\"PropertyValueSpecification\",\"valueRequired\":true,\"valueName\":\"search_term_string\"}}],\"inLanguage\":\"en-US\"},{\"@type\":\"Person\",\"@id\":\"https:\\\/\\\/drogriporter.hu\\\/en\\\/#\\\/schema\\\/person\\\/fb6cc5151784cb72290e136439b8cfbf\",\"name\":\"P\u00e9ter S\u00e1rosi\",\"image\":{\"@type\":\"ImageObject\",\"inLanguage\":\"en-US\",\"@id\":\"https:\\\/\\\/secure.gravatar.com\\\/avatar\\\/b0d99f928865d28655d1d76062ad4e267f8cdb42a281930f70dd9a875b94be0b?s=96&d=mm&r=g\",\"url\":\"https:\\\/\\\/secure.gravatar.com\\\/avatar\\\/b0d99f928865d28655d1d76062ad4e267f8cdb42a281930f70dd9a875b94be0b?s=96&d=mm&r=g\",\"contentUrl\":\"https:\\\/\\\/secure.gravatar.com\\\/avatar\\\/b0d99f928865d28655d1d76062ad4e267f8cdb42a281930f70dd9a875b94be0b?s=96&d=mm&r=g\",\"caption\":\"P\u00e9ter S\u00e1rosi\"},\"description\":\"P\u00e9ter S\u00e1rosi is the Executive Director of the Rights Reporter Foundation. He is a human rights activist and drug policy expert, the founder and editor of the Drugreporter website since 2004, the author of countless articles, co-author of books and director of films about harm reduction and drug policy reform. He was the Director of the Drug Policy Program at the Hungarian Civil Liberties Union between 2004 and 2015. He is experienced in working at international drug policy forums such as the Commission on Narcotic Drugs. He was twice elected to the Core Group of the EU Civil Society Forum on Drugs. He is the co-chair of the Eurasian Harm Reduction Network. He has been representing the Hungarian Harm Reduction Network at the government\u2019s drug advisory body in Hungary since 2007. Peter also contributed to building a network of advocacy NGOs in Europe: the European Drug Policy Initiative. He provided technical assistance to several NGOs, and launched several campaigns on drug policy reform. As a member of the Drugreporter video advocacy team, he has produced videos about drug policy issues in a number of countries. These videos are now part of a unique online drug policy video library.\",\"url\":\"https:\\\/\\\/drogriporter.hu\\\/en\\\/author\\\/sarosip-2\\\/\"}]}<\/script>\n<!-- \/ Yoast SEO Premium plugin. -->","yoast_head_json":{"title":"Videos from the AIDS 2018 Conference - Drugreporter","robots":{"index":"index","follow":"follow","max-snippet":"max-snippet:-1","max-image-preview":"max-image-preview:large","max-video-preview":"max-video-preview:-1"},"canonical":"https:\/\/drogriporter.hu\/en\/videos-from-the-aids-2018-conference\/","og_locale":"en_US","og_type":"article","og_title":"Videos from the AIDS 2018 Conference","og_description":"The Drugreporter team filmed several sessions at the International AIDS Conference in Amsterdam last week - please watch a selection of videos!\u00a0","og_url":"https:\/\/drogriporter.hu\/en\/videos-from-the-aids-2018-conference\/","og_site_name":"Drugreporter","article_published_time":"2018-07-31T15:04:53+00:00","article_modified_time":"2023-03-29T14:10:13+00:00","og_image":[{"width":1920,"height":1080,"url":"https:\/\/drogriporter.hu\/wp-content\/uploads\/sites\/8\/2018\/07\/filmpistis-700x420-1.jpeg","type":"image\/jpeg"}],"author":"P\u00e9ter S\u00e1rosi","twitter_card":"summary_large_image","twitter_misc":{"Written by":"P\u00e9ter S\u00e1rosi","Est. reading time":"1 minute"},"schema":{"@context":"https:\/\/schema.org","@graph":[{"@type":"Article","@id":"https:\/\/drogriporter.hu\/en\/videos-from-the-aids-2018-conference\/#article","isPartOf":{"@id":"https:\/\/drogriporter.hu\/en\/videos-from-the-aids-2018-conference\/"},"author":{"name":"P\u00e9ter S\u00e1rosi","@id":"https:\/\/drogriporter.hu\/en\/#\/schema\/person\/fb6cc5151784cb72290e136439b8cfbf"},"headline":"Videos from the AIDS 2018 Conference","datePublished":"2018-07-31T15:04:53+00:00","dateModified":"2023-03-29T14:10:13+00:00","mainEntityOfPage":{"@id":"https:\/\/drogriporter.hu\/en\/videos-from-the-aids-2018-conference\/"},"wordCount":199,"image":{"@id":"https:\/\/drogriporter.hu\/en\/videos-from-the-aids-2018-conference\/#primaryimage"},"thumbnailUrl":"https:\/\/drogriporter.hu\/wp-content\/uploads\/sites\/8\/2018\/07\/filmpistis-700x420-1.jpeg","articleSection":["Articles","Video Database"],"inLanguage":"en-US"},{"@type":"WebPage","@id":"https:\/\/drogriporter.hu\/en\/videos-from-the-aids-2018-conference\/","url":"https:\/\/drogriporter.hu\/en\/videos-from-the-aids-2018-conference\/","name":"Videos from the AIDS 2018 Conference - Drugreporter","isPartOf":{"@id":"https:\/\/drogriporter.hu\/en\/#website"},"primaryImageOfPage":{"@id":"https:\/\/drogriporter.hu\/en\/videos-from-the-aids-2018-conference\/#primaryimage"},"image":{"@id":"https:\/\/drogriporter.hu\/en\/videos-from-the-aids-2018-conference\/#primaryimage"},"thumbnailUrl":"https:\/\/drogriporter.hu\/wp-content\/uploads\/sites\/8\/2018\/07\/filmpistis-700x420-1.jpeg","datePublished":"2018-07-31T15:04:53+00:00","dateModified":"2023-03-29T14:10:13+00:00","author":{"@id":"https:\/\/drogriporter.hu\/en\/#\/schema\/person\/fb6cc5151784cb72290e136439b8cfbf"},"breadcrumb":{"@id":"https:\/\/drogriporter.hu\/en\/videos-from-the-aids-2018-conference\/#breadcrumb"},"inLanguage":"en-US","potentialAction":[{"@type":"ReadAction","target":["https:\/\/drogriporter.hu\/en\/videos-from-the-aids-2018-conference\/"]}]},{"@type":"ImageObject","inLanguage":"en-US","@id":"https:\/\/drogriporter.hu\/en\/videos-from-the-aids-2018-conference\/#primaryimage","url":"https:\/\/drogriporter.hu\/wp-content\/uploads\/sites\/8\/2018\/07\/filmpistis-700x420-1.jpeg","contentUrl":"https:\/\/drogriporter.hu\/wp-content\/uploads\/sites\/8\/2018\/07\/filmpistis-700x420-1.jpeg","width":1920,"height":1080},{"@type":"BreadcrumbList","@id":"https:\/\/drogriporter.hu\/en\/videos-from-the-aids-2018-conference\/#breadcrumb","itemListElement":[{"@type":"ListItem","position":1,"name":"Home","item":"https:\/\/drogriporter.hu\/en\/"},{"@type":"ListItem","position":2,"name":"Videos from the AIDS 2018 Conference"}]},{"@type":"WebSite","@id":"https:\/\/drogriporter.hu\/en\/#website","url":"https:\/\/drogriporter.hu\/en\/","name":"Drugreporter","description":"News and Films from the Frontline of the War on Drugs","potentialAction":[{"@type":"SearchAction","target":{"@type":"EntryPoint","urlTemplate":"https:\/\/drogriporter.hu\/en\/?s={search_term_string}"},"query-input":{"@type":"PropertyValueSpecification","valueRequired":true,"valueName":"search_term_string"}}],"inLanguage":"en-US"},{"@type":"Person","@id":"https:\/\/drogriporter.hu\/en\/#\/schema\/person\/fb6cc5151784cb72290e136439b8cfbf","name":"P\u00e9ter S\u00e1rosi","image":{"@type":"ImageObject","inLanguage":"en-US","@id":"https:\/\/secure.gravatar.com\/avatar\/b0d99f928865d28655d1d76062ad4e267f8cdb42a281930f70dd9a875b94be0b?s=96&d=mm&r=g","url":"https:\/\/secure.gravatar.com\/avatar\/b0d99f928865d28655d1d76062ad4e267f8cdb42a281930f70dd9a875b94be0b?s=96&d=mm&r=g","contentUrl":"https:\/\/secure.gravatar.com\/avatar\/b0d99f928865d28655d1d76062ad4e267f8cdb42a281930f70dd9a875b94be0b?s=96&d=mm&r=g","caption":"P\u00e9ter S\u00e1rosi"},"description":"P\u00e9ter S\u00e1rosi is the Executive Director of the Rights Reporter Foundation. He is a human rights activist and drug policy expert, the founder and editor of the Drugreporter website since 2004, the author of countless articles, co-author of books and director of films about harm reduction and drug policy reform. He was the Director of the Drug Policy Program at the Hungarian Civil Liberties Union between 2004 and 2015. He is experienced in working at international drug policy forums such as the Commission on Narcotic Drugs. He was twice elected to the Core Group of the EU Civil Society Forum on Drugs. He is the co-chair of the Eurasian Harm Reduction Network. He has been representing the Hungarian Harm Reduction Network at the government\u2019s drug advisory body in Hungary since 2007. Peter also contributed to building a network of advocacy NGOs in Europe: the European Drug Policy Initiative. He provided technical assistance to several NGOs, and launched several campaigns on drug policy reform. As a member of the Drugreporter video advocacy team, he has produced videos about drug policy issues in a number of countries. These videos are now part of a unique online drug policy video library.","url":"https:\/\/drogriporter.hu\/en\/author\/sarosip-2\/"}]}},"featured_image_src_square":"https:\/\/drogriporter.hu\/wp-content\/uploads\/sites\/8\/2018\/07\/filmpistis-700x420-1-600x600.jpeg","_links":{"self":[{"href":"https:\/\/drogriporter.hu\/en\/wp-json\/wp\/v2\/posts\/10300","targetHints":{"allow":["GET"]}}],"collection":[{"href":"https:\/\/drogriporter.hu\/en\/wp-json\/wp\/v2\/posts"}],"about":[{"href":"https:\/\/drogriporter.hu\/en\/wp-json\/wp\/v2\/types\/post"}],"author":[{"embeddable":true,"href":"https:\/\/drogriporter.hu\/en\/wp-json\/wp\/v2\/users\/1005"}],"replies":[{"embeddable":true,"href":"https:\/\/drogriporter.hu\/en\/wp-json\/wp\/v2\/comments?post=10300"}],"version-history":[{"count":0,"href":"https:\/\/drogriporter.hu\/en\/wp-json\/wp\/v2\/posts\/10300\/revisions"}],"wp:featuredmedia":[{"embeddable":true,"href":"https:\/\/drogriporter.hu\/en\/wp-json\/wp\/v2\/media\/22412"}],"wp:attachment":[{"href":"https:\/\/drogriporter.hu\/en\/wp-json\/wp\/v2\/media?parent=10300"}],"wp:term":[{"taxonomy":"category","embeddable":true,"href":"https:\/\/drogriporter.hu\/en\/wp-json\/wp\/v2\/categories?post=10300"},{"taxonomy":"post_tag","embeddable":true,"href":"https:\/\/drogriporter.hu\/en\/wp-json\/wp\/v2\/tags?post=10300"},{"taxonomy":"countries","embeddable":true,"href":"https:\/\/drogriporter.hu\/en\/wp-json\/wp\/v2\/countries?post=10300"},{"taxonomy":"section","embeddable":true,"href":"https:\/\/drogriporter.hu\/en\/wp-json\/wp\/v2\/section?post=10300"},{"taxonomy":"video-author","embeddable":true,"href":"https:\/\/drogriporter.hu\/en\/wp-json\/wp\/v2\/video-author?post=10300"},{"taxonomy":"drug","embeddable":true,"href":"https:\/\/drogriporter.hu\/en\/wp-json\/wp\/v2\/drug?post=10300"},{"taxonomy":"archive","embeddable":true,"href":"https:\/\/drogriporter.hu\/en\/wp-json\/wp\/v2\/archive?post=10300"},{"taxonomy":"video-series","embeddable":true,"href":"https:\/\/drogriporter.hu\/en\/wp-json\/wp\/v2\/video-series?post=10300"}],"curies":[{"name":"wp","href":"https:\/\/api.w.org\/{rel}","templated":true}]}}