{"id":10638,"date":"2018-10-17T13:00:05","date_gmt":"2018-10-17T13:00:05","guid":{"rendered":"https:\/\/drogriporter.hu\/?p=10638"},"modified":"2022-07-04T14:23:24","modified_gmt":"2022-07-04T12:23:24","slug":"canada-legalised-cannabis","status":"publish","type":"post","link":"https:\/\/drogriporter.hu\/en\/canada-legalised-cannabis\/","title":{"rendered":"Canada Legalised Cannabis"},"content":{"rendered":"<p>This is the second nation of the world after Uruguay to regulate cannabis as a legal product &#8211; and the first G7 country. Read our article and watch our video interview with a Canadian activist!<!--more--><\/p>\n<p>In an age of anxiety, when the world is falling into a dangerous state of apathy and seems to loose its enthusiasm for social progress and democracy, it is reassuring to see such a historic move by the Canadian government to end 95 years of cannabis prohibition. Today the Cannabis Act, which was passed by the Senate in March, has come into effect. This means that each Canadian citizen, older than 18, has the right to possess cannabis if it does not exceed 30 grams. Individuals are permitted to grow up to four plants for their own use. Provinces and territories are responsible for setting up a system of regulation. Some will do this in a more liberal, others in a more restrictive way. Prime minister Justin Trudeau announced that they will look into pardons for those convicted of cannabis related crimes.<\/p>\n<p><strong><em>Watch our interview with Jenna Bobenna, an activist of the\u00a0<a href=\"https:\/\/cssdp.org\/\">Canadian Students for Sensible Drug Policy<\/a>!\u00a0<\/em><\/strong><\/p>\n<p><iframe loading=\"lazy\" src=\"https:\/\/www.youtube.com\/embed\/ohfvWmAnFbE\" width=\"750\" height=\"422\" frameborder=\"0\" allowfullscreen=\"allowfullscreen\"><span data-mce-type=\"bookmark\" style=\"display: inline-block; width: 0px; overflow: hidden; line-height: 0;\" class=\"mce_SELRES_start\">\ufeff<\/span><\/iframe><\/p>\n<p>The main argument used by the Canadian government to regulate the cannabis market was to protect the kids. &#8220;It\u2019s been too easy for our kids to get marijuana &#8211; and for criminals to reap the profits. Today, we change that,&#8221; tweeted Trudeau. Frankly, I am not sure if legalisation is a way to &#8220;protect the kids&#8221; from cannabis. The adults like it or not, legal or illegal, many teens will be always ready to experiment with mind altering substances. So we should be careful not to set too high expectations &#8211; but <a href=\"https:\/\/drogriporter.hu\/en\/pleasure\/\">with honest drug education<\/a> and with access to a broad range of psychosocial services we can do a lot to support young people to lead a healthy and meaningful life.<\/p>\n<p>The real benefit of the legal cannabis market will be to end a century of hypocrisy and end the war on people who use, grow or sell a plant that can be used responsibly by adults without causing much harms to themselves or the environment. Although it won&#8217;t kill the black market immediately, it will provide a safer, reliable alternative to buy these products without enriching criminal organisations but generating tax revenues to support education, research and health care. There are many open questions, for example, how will the various regulation systems in the provinces work. But the benefit of legal regulation is that it is not a rigid system like prohibition &#8211; it can be adjusted to local needs and changes.<\/p>\n<p>Cannabis legalisation is not the everything &#8211; Canada has still a lot to do to reform its drug policies. It needs to scale up harm reduction services to end the terrible overdose epidemic, to decriminalise the use of all drugs and to provide safer access to opioids to those people who would otherwise use dangerous black market drugs. (<a href=\"https:\/\/www.facebook.com\/drugreporter\/videos\/298754740955034\/\">Watch our video from the Stimulus conference in Edmonton!<\/a>) But for us, living in countries where cannabis is still illegal, where drug consumption rooms are still wishful thinking, Canada is a beacon of hope.<\/p>\n<p>Article and reporter: Peter Sarosi<br \/>\nVideo: Istvan Gabor Takacs<\/p>\n","protected":false},"excerpt":{"rendered":"<p>This is the second nation of the world after Uruguay to regulate cannabis as a legal product &#8211; and the first G7 country. Read our article and watch our video interview with a Canadian activist!<\/p>\n","protected":false},"author":1005,"featured_media":10639,"comment_status":"closed","ping_status":"closed","sticky":false,"template":"","format":"standard","meta":{"_genesis_hide_title":false,"_genesis_hide_breadcrumbs":false,"_genesis_hide_singular_image":false,"_genesis_hide_footer_widgets":false,"_genesis_custom_body_class":"","_genesis_custom_post_class":"","_genesis_layout":"","footnotes":""},"categories":[2900,2894],"tags":[],"countries":[2718],"section":[],"video-author":[2921],"drug":[],"archive":[3214,3236],"video-series":[],"class_list":{"0":"post-10638","1":"post","2":"type-post","3":"status-publish","4":"format-standard","5":"has-post-thumbnail","7":"category-articles","8":"category-video-database","9":"countries-canada-en","10":"video-author-drugreporter","11":"archive-drug-policy-and-law","12":"archive-marijuana-policies","13":"entry"},"featured_image_src":"https:\/\/drogriporter.hu\/wp-content\/uploads\/sites\/8\/2018\/10\/canada-marijuana-02-8e97f612-3800-4b02-b7d8-388c2d6cf73d-1.jpg","author_info":{"display_name":"P\u00e9ter S\u00e1rosi","author_link":"https:\/\/drogriporter.hu\/en\/author\/sarosip-2\/"},"yoast_head":"<!-- This site is optimized with the Yoast SEO Premium plugin  - https:\/\/yoast.com\/product\/yoast-seo-premium-wordpress\/ -->\n<title>Canada Legalised Cannabis - Drugreporter<\/title>\n<meta name=\"robots\" content=\"index, follow, max-snippet:-1, max-image-preview:large, max-video-preview:-1\" \/>\n<link rel=\"canonical\" href=\"https:\/\/drogriporter.hu\/en\/canada-legalised-cannabis\/\" \/>\n<meta property=\"og:locale\" content=\"en_US\" \/>\n<meta property=\"og:type\" content=\"article\" \/>\n<meta property=\"og:title\" content=\"Canada Legalised Cannabis\" \/>\n<meta property=\"og:description\" content=\"This is the second nation of the world after Uruguay to regulate cannabis as a legal product &#8211; and the first G7 country. Read our article and watch our video interview with a Canadian activist!\" \/>\n<meta property=\"og:url\" content=\"https:\/\/drogriporter.hu\/en\/canada-legalised-cannabis\/\" \/>\n<meta property=\"og:site_name\" content=\"Drugreporter\" \/>\n<meta property=\"article:published_time\" content=\"2018-10-17T13:00:05+00:00\" \/>\n<meta property=\"article:modified_time\" content=\"2022-07-04T12:23:24+00:00\" \/>\n<meta property=\"og:image\" content=\"https:\/\/drogriporter.hu\/wp-content\/uploads\/sites\/8\/2018\/10\/canada-marijuana-02-8e97f612-3800-4b02-b7d8-388c2d6cf73d-1.jpg\" \/>\n\t<meta property=\"og:image:width\" content=\"1401\" \/>\n\t<meta property=\"og:image:height\" content=\"788\" \/>\n\t<meta property=\"og:image:type\" content=\"image\/jpeg\" \/>\n<meta name=\"author\" content=\"P\u00e9ter S\u00e1rosi\" \/>\n<meta name=\"twitter:card\" content=\"summary_large_image\" \/>\n<meta name=\"twitter:label1\" content=\"Written by\" \/>\n\t<meta name=\"twitter:data1\" content=\"P\u00e9ter S\u00e1rosi\" \/>\n\t<meta name=\"twitter:label2\" content=\"Est. reading time\" \/>\n\t<meta name=\"twitter:data2\" content=\"3 minutes\" \/>\n<script type=\"application\/ld+json\" class=\"yoast-schema-graph\">{\"@context\":\"https:\\\/\\\/schema.org\",\"@graph\":[{\"@type\":\"Article\",\"@id\":\"https:\\\/\\\/drogriporter.hu\\\/en\\\/canada-legalised-cannabis\\\/#article\",\"isPartOf\":{\"@id\":\"https:\\\/\\\/drogriporter.hu\\\/en\\\/canada-legalised-cannabis\\\/\"},\"author\":{\"name\":\"P\u00e9ter S\u00e1rosi\",\"@id\":\"https:\\\/\\\/drogriporter.hu\\\/en\\\/#\\\/schema\\\/person\\\/fb6cc5151784cb72290e136439b8cfbf\"},\"headline\":\"Canada Legalised Cannabis\",\"datePublished\":\"2018-10-17T13:00:05+00:00\",\"dateModified\":\"2022-07-04T12:23:24+00:00\",\"mainEntityOfPage\":{\"@id\":\"https:\\\/\\\/drogriporter.hu\\\/en\\\/canada-legalised-cannabis\\\/\"},\"wordCount\":540,\"image\":{\"@id\":\"https:\\\/\\\/drogriporter.hu\\\/en\\\/canada-legalised-cannabis\\\/#primaryimage\"},\"thumbnailUrl\":\"https:\\\/\\\/drogriporter.hu\\\/wp-content\\\/uploads\\\/sites\\\/8\\\/2018\\\/10\\\/canada-marijuana-02-8e97f612-3800-4b02-b7d8-388c2d6cf73d-1.jpg\",\"articleSection\":[\"Articles\",\"Video Database\"],\"inLanguage\":\"en-US\"},{\"@type\":\"WebPage\",\"@id\":\"https:\\\/\\\/drogriporter.hu\\\/en\\\/canada-legalised-cannabis\\\/\",\"url\":\"https:\\\/\\\/drogriporter.hu\\\/en\\\/canada-legalised-cannabis\\\/\",\"name\":\"Canada Legalised Cannabis - Drugreporter\",\"isPartOf\":{\"@id\":\"https:\\\/\\\/drogriporter.hu\\\/en\\\/#website\"},\"primaryImageOfPage\":{\"@id\":\"https:\\\/\\\/drogriporter.hu\\\/en\\\/canada-legalised-cannabis\\\/#primaryimage\"},\"image\":{\"@id\":\"https:\\\/\\\/drogriporter.hu\\\/en\\\/canada-legalised-cannabis\\\/#primaryimage\"},\"thumbnailUrl\":\"https:\\\/\\\/drogriporter.hu\\\/wp-content\\\/uploads\\\/sites\\\/8\\\/2018\\\/10\\\/canada-marijuana-02-8e97f612-3800-4b02-b7d8-388c2d6cf73d-1.jpg\",\"datePublished\":\"2018-10-17T13:00:05+00:00\",\"dateModified\":\"2022-07-04T12:23:24+00:00\",\"author\":{\"@id\":\"https:\\\/\\\/drogriporter.hu\\\/en\\\/#\\\/schema\\\/person\\\/fb6cc5151784cb72290e136439b8cfbf\"},\"breadcrumb\":{\"@id\":\"https:\\\/\\\/drogriporter.hu\\\/en\\\/canada-legalised-cannabis\\\/#breadcrumb\"},\"inLanguage\":\"en-US\",\"potentialAction\":[{\"@type\":\"ReadAction\",\"target\":[\"https:\\\/\\\/drogriporter.hu\\\/en\\\/canada-legalised-cannabis\\\/\"]}]},{\"@type\":\"ImageObject\",\"inLanguage\":\"en-US\",\"@id\":\"https:\\\/\\\/drogriporter.hu\\\/en\\\/canada-legalised-cannabis\\\/#primaryimage\",\"url\":\"https:\\\/\\\/drogriporter.hu\\\/wp-content\\\/uploads\\\/sites\\\/8\\\/2018\\\/10\\\/canada-marijuana-02-8e97f612-3800-4b02-b7d8-388c2d6cf73d-1.jpg\",\"contentUrl\":\"https:\\\/\\\/drogriporter.hu\\\/wp-content\\\/uploads\\\/sites\\\/8\\\/2018\\\/10\\\/canada-marijuana-02-8e97f612-3800-4b02-b7d8-388c2d6cf73d-1.jpg\",\"width\":1401,\"height\":788},{\"@type\":\"BreadcrumbList\",\"@id\":\"https:\\\/\\\/drogriporter.hu\\\/en\\\/canada-legalised-cannabis\\\/#breadcrumb\",\"itemListElement\":[{\"@type\":\"ListItem\",\"position\":1,\"name\":\"Home\",\"item\":\"https:\\\/\\\/drogriporter.hu\\\/en\\\/\"},{\"@type\":\"ListItem\",\"position\":2,\"name\":\"Canada Legalised Cannabis\"}]},{\"@type\":\"WebSite\",\"@id\":\"https:\\\/\\\/drogriporter.hu\\\/en\\\/#website\",\"url\":\"https:\\\/\\\/drogriporter.hu\\\/en\\\/\",\"name\":\"Drugreporter\",\"description\":\"News and Films from the Frontline of the War on Drugs\",\"potentialAction\":[{\"@type\":\"SearchAction\",\"target\":{\"@type\":\"EntryPoint\",\"urlTemplate\":\"https:\\\/\\\/drogriporter.hu\\\/en\\\/?s={search_term_string}\"},\"query-input\":{\"@type\":\"PropertyValueSpecification\",\"valueRequired\":true,\"valueName\":\"search_term_string\"}}],\"inLanguage\":\"en-US\"},{\"@type\":\"Person\",\"@id\":\"https:\\\/\\\/drogriporter.hu\\\/en\\\/#\\\/schema\\\/person\\\/fb6cc5151784cb72290e136439b8cfbf\",\"name\":\"P\u00e9ter S\u00e1rosi\",\"image\":{\"@type\":\"ImageObject\",\"inLanguage\":\"en-US\",\"@id\":\"https:\\\/\\\/secure.gravatar.com\\\/avatar\\\/b0d99f928865d28655d1d76062ad4e267f8cdb42a281930f70dd9a875b94be0b?s=96&d=mm&r=g\",\"url\":\"https:\\\/\\\/secure.gravatar.com\\\/avatar\\\/b0d99f928865d28655d1d76062ad4e267f8cdb42a281930f70dd9a875b94be0b?s=96&d=mm&r=g\",\"contentUrl\":\"https:\\\/\\\/secure.gravatar.com\\\/avatar\\\/b0d99f928865d28655d1d76062ad4e267f8cdb42a281930f70dd9a875b94be0b?s=96&d=mm&r=g\",\"caption\":\"P\u00e9ter S\u00e1rosi\"},\"description\":\"P\u00e9ter S\u00e1rosi is the Executive Director of the Rights Reporter Foundation. He is a human rights activist and drug policy expert, the founder and editor of the Drugreporter website since 2004, the author of countless articles, co-author of books and director of films about harm reduction and drug policy reform. He was the Director of the Drug Policy Program at the Hungarian Civil Liberties Union between 2004 and 2015. He is experienced in working at international drug policy forums such as the Commission on Narcotic Drugs. He was twice elected to the Core Group of the EU Civil Society Forum on Drugs. He is the co-chair of the Eurasian Harm Reduction Network. He has been representing the Hungarian Harm Reduction Network at the government\u2019s drug advisory body in Hungary since 2007. Peter also contributed to building a network of advocacy NGOs in Europe: the European Drug Policy Initiative. He provided technical assistance to several NGOs, and launched several campaigns on drug policy reform. As a member of the Drugreporter video advocacy team, he has produced videos about drug policy issues in a number of countries. These videos are now part of a unique online drug policy video library.\",\"url\":\"https:\\\/\\\/drogriporter.hu\\\/en\\\/author\\\/sarosip-2\\\/\"}]}<\/script>\n<!-- \/ Yoast SEO Premium plugin. -->","yoast_head_json":{"title":"Canada Legalised Cannabis - Drugreporter","robots":{"index":"index","follow":"follow","max-snippet":"max-snippet:-1","max-image-preview":"max-image-preview:large","max-video-preview":"max-video-preview:-1"},"canonical":"https:\/\/drogriporter.hu\/en\/canada-legalised-cannabis\/","og_locale":"en_US","og_type":"article","og_title":"Canada Legalised Cannabis","og_description":"This is the second nation of the world after Uruguay to regulate cannabis as a legal product &#8211; and the first G7 country. Read our article and watch our video interview with a Canadian activist!","og_url":"https:\/\/drogriporter.hu\/en\/canada-legalised-cannabis\/","og_site_name":"Drugreporter","article_published_time":"2018-10-17T13:00:05+00:00","article_modified_time":"2022-07-04T12:23:24+00:00","og_image":[{"width":1401,"height":788,"url":"https:\/\/drogriporter.hu\/wp-content\/uploads\/sites\/8\/2018\/10\/canada-marijuana-02-8e97f612-3800-4b02-b7d8-388c2d6cf73d-1.jpg","type":"image\/jpeg"}],"author":"P\u00e9ter S\u00e1rosi","twitter_card":"summary_large_image","twitter_misc":{"Written by":"P\u00e9ter S\u00e1rosi","Est. reading time":"3 minutes"},"schema":{"@context":"https:\/\/schema.org","@graph":[{"@type":"Article","@id":"https:\/\/drogriporter.hu\/en\/canada-legalised-cannabis\/#article","isPartOf":{"@id":"https:\/\/drogriporter.hu\/en\/canada-legalised-cannabis\/"},"author":{"name":"P\u00e9ter S\u00e1rosi","@id":"https:\/\/drogriporter.hu\/en\/#\/schema\/person\/fb6cc5151784cb72290e136439b8cfbf"},"headline":"Canada Legalised Cannabis","datePublished":"2018-10-17T13:00:05+00:00","dateModified":"2022-07-04T12:23:24+00:00","mainEntityOfPage":{"@id":"https:\/\/drogriporter.hu\/en\/canada-legalised-cannabis\/"},"wordCount":540,"image":{"@id":"https:\/\/drogriporter.hu\/en\/canada-legalised-cannabis\/#primaryimage"},"thumbnailUrl":"https:\/\/drogriporter.hu\/wp-content\/uploads\/sites\/8\/2018\/10\/canada-marijuana-02-8e97f612-3800-4b02-b7d8-388c2d6cf73d-1.jpg","articleSection":["Articles","Video Database"],"inLanguage":"en-US"},{"@type":"WebPage","@id":"https:\/\/drogriporter.hu\/en\/canada-legalised-cannabis\/","url":"https:\/\/drogriporter.hu\/en\/canada-legalised-cannabis\/","name":"Canada Legalised Cannabis - Drugreporter","isPartOf":{"@id":"https:\/\/drogriporter.hu\/en\/#website"},"primaryImageOfPage":{"@id":"https:\/\/drogriporter.hu\/en\/canada-legalised-cannabis\/#primaryimage"},"image":{"@id":"https:\/\/drogriporter.hu\/en\/canada-legalised-cannabis\/#primaryimage"},"thumbnailUrl":"https:\/\/drogriporter.hu\/wp-content\/uploads\/sites\/8\/2018\/10\/canada-marijuana-02-8e97f612-3800-4b02-b7d8-388c2d6cf73d-1.jpg","datePublished":"2018-10-17T13:00:05+00:00","dateModified":"2022-07-04T12:23:24+00:00","author":{"@id":"https:\/\/drogriporter.hu\/en\/#\/schema\/person\/fb6cc5151784cb72290e136439b8cfbf"},"breadcrumb":{"@id":"https:\/\/drogriporter.hu\/en\/canada-legalised-cannabis\/#breadcrumb"},"inLanguage":"en-US","potentialAction":[{"@type":"ReadAction","target":["https:\/\/drogriporter.hu\/en\/canada-legalised-cannabis\/"]}]},{"@type":"ImageObject","inLanguage":"en-US","@id":"https:\/\/drogriporter.hu\/en\/canada-legalised-cannabis\/#primaryimage","url":"https:\/\/drogriporter.hu\/wp-content\/uploads\/sites\/8\/2018\/10\/canada-marijuana-02-8e97f612-3800-4b02-b7d8-388c2d6cf73d-1.jpg","contentUrl":"https:\/\/drogriporter.hu\/wp-content\/uploads\/sites\/8\/2018\/10\/canada-marijuana-02-8e97f612-3800-4b02-b7d8-388c2d6cf73d-1.jpg","width":1401,"height":788},{"@type":"BreadcrumbList","@id":"https:\/\/drogriporter.hu\/en\/canada-legalised-cannabis\/#breadcrumb","itemListElement":[{"@type":"ListItem","position":1,"name":"Home","item":"https:\/\/drogriporter.hu\/en\/"},{"@type":"ListItem","position":2,"name":"Canada Legalised Cannabis"}]},{"@type":"WebSite","@id":"https:\/\/drogriporter.hu\/en\/#website","url":"https:\/\/drogriporter.hu\/en\/","name":"Drugreporter","description":"News and Films from the Frontline of the War on Drugs","potentialAction":[{"@type":"SearchAction","target":{"@type":"EntryPoint","urlTemplate":"https:\/\/drogriporter.hu\/en\/?s={search_term_string}"},"query-input":{"@type":"PropertyValueSpecification","valueRequired":true,"valueName":"search_term_string"}}],"inLanguage":"en-US"},{"@type":"Person","@id":"https:\/\/drogriporter.hu\/en\/#\/schema\/person\/fb6cc5151784cb72290e136439b8cfbf","name":"P\u00e9ter S\u00e1rosi","image":{"@type":"ImageObject","inLanguage":"en-US","@id":"https:\/\/secure.gravatar.com\/avatar\/b0d99f928865d28655d1d76062ad4e267f8cdb42a281930f70dd9a875b94be0b?s=96&d=mm&r=g","url":"https:\/\/secure.gravatar.com\/avatar\/b0d99f928865d28655d1d76062ad4e267f8cdb42a281930f70dd9a875b94be0b?s=96&d=mm&r=g","contentUrl":"https:\/\/secure.gravatar.com\/avatar\/b0d99f928865d28655d1d76062ad4e267f8cdb42a281930f70dd9a875b94be0b?s=96&d=mm&r=g","caption":"P\u00e9ter S\u00e1rosi"},"description":"P\u00e9ter S\u00e1rosi is the Executive Director of the Rights Reporter Foundation. He is a human rights activist and drug policy expert, the founder and editor of the Drugreporter website since 2004, the author of countless articles, co-author of books and director of films about harm reduction and drug policy reform. He was the Director of the Drug Policy Program at the Hungarian Civil Liberties Union between 2004 and 2015. He is experienced in working at international drug policy forums such as the Commission on Narcotic Drugs. He was twice elected to the Core Group of the EU Civil Society Forum on Drugs. He is the co-chair of the Eurasian Harm Reduction Network. He has been representing the Hungarian Harm Reduction Network at the government\u2019s drug advisory body in Hungary since 2007. Peter also contributed to building a network of advocacy NGOs in Europe: the European Drug Policy Initiative. He provided technical assistance to several NGOs, and launched several campaigns on drug policy reform. As a member of the Drugreporter video advocacy team, he has produced videos about drug policy issues in a number of countries. These videos are now part of a unique online drug policy video library.","url":"https:\/\/drogriporter.hu\/en\/author\/sarosip-2\/"}]}},"featured_image_src_square":"https:\/\/drogriporter.hu\/wp-content\/uploads\/sites\/8\/2018\/10\/canada-marijuana-02-8e97f612-3800-4b02-b7d8-388c2d6cf73d-1.jpg","_links":{"self":[{"href":"https:\/\/drogriporter.hu\/en\/wp-json\/wp\/v2\/posts\/10638","targetHints":{"allow":["GET"]}}],"collection":[{"href":"https:\/\/drogriporter.hu\/en\/wp-json\/wp\/v2\/posts"}],"about":[{"href":"https:\/\/drogriporter.hu\/en\/wp-json\/wp\/v2\/types\/post"}],"author":[{"embeddable":true,"href":"https:\/\/drogriporter.hu\/en\/wp-json\/wp\/v2\/users\/1005"}],"replies":[{"embeddable":true,"href":"https:\/\/drogriporter.hu\/en\/wp-json\/wp\/v2\/comments?post=10638"}],"version-history":[{"count":0,"href":"https:\/\/drogriporter.hu\/en\/wp-json\/wp\/v2\/posts\/10638\/revisions"}],"wp:featuredmedia":[{"embeddable":true,"href":"https:\/\/drogriporter.hu\/en\/wp-json\/wp\/v2\/media\/10639"}],"wp:attachment":[{"href":"https:\/\/drogriporter.hu\/en\/wp-json\/wp\/v2\/media?parent=10638"}],"wp:term":[{"taxonomy":"category","embeddable":true,"href":"https:\/\/drogriporter.hu\/en\/wp-json\/wp\/v2\/categories?post=10638"},{"taxonomy":"post_tag","embeddable":true,"href":"https:\/\/drogriporter.hu\/en\/wp-json\/wp\/v2\/tags?post=10638"},{"taxonomy":"countries","embeddable":true,"href":"https:\/\/drogriporter.hu\/en\/wp-json\/wp\/v2\/countries?post=10638"},{"taxonomy":"section","embeddable":true,"href":"https:\/\/drogriporter.hu\/en\/wp-json\/wp\/v2\/section?post=10638"},{"taxonomy":"video-author","embeddable":true,"href":"https:\/\/drogriporter.hu\/en\/wp-json\/wp\/v2\/video-author?post=10638"},{"taxonomy":"drug","embeddable":true,"href":"https:\/\/drogriporter.hu\/en\/wp-json\/wp\/v2\/drug?post=10638"},{"taxonomy":"archive","embeddable":true,"href":"https:\/\/drogriporter.hu\/en\/wp-json\/wp\/v2\/archive?post=10638"},{"taxonomy":"video-series","embeddable":true,"href":"https:\/\/drogriporter.hu\/en\/wp-json\/wp\/v2\/video-series?post=10638"}],"curies":[{"name":"wp","href":"https:\/\/api.w.org\/{rel}","templated":true}]}}