{"id":10828,"date":"2019-01-29T12:49:36","date_gmt":"2019-01-29T12:49:36","guid":{"rendered":"https:\/\/drogriporter.hu\/?p=10828"},"modified":"2022-07-04T14:33:13","modified_gmt":"2022-07-04T12:33:13","slug":"filmfestivalcall2019","status":"publish","type":"post","link":"https:\/\/drogriporter.hu\/en\/filmfestivalcall2019\/","title":{"rendered":"HR19 Film Festival at the Harm Reduction International Conference 2019: Call for Submissions!"},"content":{"rendered":"<p>The Rights Reporter Foundation and Harm Reduction International welcomes entries to the Film Festival at the 26th Harm Reduction International Conference! <span style=\"color: #ff0000;\">The deadline is extended to March 13, 2019 (11:59 pm CET)<\/span><!--more--><\/p>\n<p>The Film Festival will provide an opportunity for participants to watch and discuss thought-provoking films about harm reduction and drug policies produced by film makers and activists from all over the world.<\/p>\n<p>We are now accepting submissions to the Festival for screening. <strong>The<\/strong> <strong>deadline for applications is Friday March 8, 2019 (11:59pm CET)<\/strong>. To enter, <a href=\"https:\/\/drogriporter.hu\/wp-content\/uploads\/sites\/8\/2019\/01\/entryform2019.doc\">fill out this simple form here\u00a0<\/a>and send it to rightsreporter(at)rightsreporter.net!<\/p>\n<p>\u2022 No entry fee for applications<br \/>\n\u2022 Entry forms must be completed in English<br \/>\n\u2022 Production dates must be between May 2017 and March 2019<br \/>\n\u2022 A separate application must be made for each film<br \/>\n\u2022 Films that have already been presented at earlier events and published online ARE eligible<\/p>\n<p>The best films will be selected for screening at HR19 by the Rights Reporter Foundation and Harm Reduction International, based on the following criteria:<\/p>\n<p>\u2022 The film\u2019s message shall promote the philosophy and practice of harm reduction<br \/>\n\u2022 The film shall exhibit sensitivity to the human rights of people who use drugs<br \/>\n\u2022 The quality of the movie<br \/>\n\u2022 The creativity of the production<\/p>\n<p>The Film Festival team includes activists working for the Budapest-based Rights Reporter Foundation and its drug policy website, Drugreporter.<\/p>\n","protected":false},"excerpt":{"rendered":"<p>The Rights Reporter Foundation and Harm Reduction International welcomes entries to the Film Festival at the 26th Harm Reduction International Conference! The deadline is extended to March 13, 2019 (11:59 pm CET)<\/p>\n","protected":false},"author":1005,"featured_media":10832,"comment_status":"closed","ping_status":"closed","sticky":false,"template":"","format":"standard","meta":{"_genesis_hide_title":false,"_genesis_hide_breadcrumbs":false,"_genesis_hide_singular_image":false,"_genesis_hide_footer_widgets":false,"_genesis_custom_body_class":"","_genesis_custom_post_class":"","_genesis_layout":"","footnotes":""},"categories":[2900],"tags":[],"countries":[2710],"section":[],"video-author":[],"drug":[],"archive":[3212,3223,3219,3222,3229,3230,3226,3238,3227,3228,3239,3240],"video-series":[],"class_list":{"0":"post-10828","1":"post","2":"type-post","3":"status-publish","4":"format-standard","5":"has-post-thumbnail","7":"category-articles","8":"countries-portugal-en","9":"archive-criminalisation","10":"archive-drug-consumption-rooms","11":"archive-european-drug-policy","12":"archive-harm-reduction","13":"archive-hepatitis","14":"archive-hiv-aids","15":"archive-needle-and-syringe-programs","16":"archive-new-psychoactive-substances","17":"archive-opiate-substitution","18":"archive-overdose-prevention","19":"archive-psychedelic-medicines","20":"archive-regulation-and-control","21":"entry"},"featured_image_src":"https:\/\/drogriporter.hu\/wp-content\/uploads\/sites\/8\/2019\/01\/porto-ff.jpg","author_info":{"display_name":"P\u00e9ter S\u00e1rosi","author_link":"https:\/\/drogriporter.hu\/en\/author\/sarosip-2\/"},"yoast_head":"<!-- This site is optimized with the Yoast SEO Premium plugin  - https:\/\/yoast.com\/product\/yoast-seo-premium-wordpress\/ -->\n<title>HR19 Film Festival at the Harm Reduction International Conference 2019: Call for Submissions! - Drugreporter<\/title>\n<meta name=\"robots\" content=\"index, follow, max-snippet:-1, max-image-preview:large, max-video-preview:-1\" \/>\n<link rel=\"canonical\" href=\"https:\/\/drogriporter.hu\/en\/filmfestivalcall2019\/\" \/>\n<meta property=\"og:locale\" content=\"en_US\" \/>\n<meta property=\"og:type\" content=\"article\" \/>\n<meta property=\"og:title\" content=\"HR19 Film Festival at the Harm Reduction International Conference 2019: Call for Submissions!\" \/>\n<meta property=\"og:description\" content=\"The Rights Reporter Foundation and Harm Reduction International welcomes entries to the Film Festival at the 26th Harm Reduction International Conference! The deadline is extended to March 13, 2019 (11:59 pm CET)\" \/>\n<meta property=\"og:url\" content=\"https:\/\/drogriporter.hu\/en\/filmfestivalcall2019\/\" \/>\n<meta property=\"og:site_name\" content=\"Drugreporter\" \/>\n<meta property=\"article:published_time\" content=\"2019-01-29T12:49:36+00:00\" \/>\n<meta property=\"article:modified_time\" content=\"2022-07-04T12:33:13+00:00\" \/>\n<meta property=\"og:image\" content=\"https:\/\/drogriporter.hu\/wp-content\/uploads\/sites\/8\/2019\/01\/porto-ff.jpg\" \/>\n\t<meta property=\"og:image:width\" content=\"1920\" \/>\n\t<meta property=\"og:image:height\" content=\"1080\" \/>\n\t<meta property=\"og:image:type\" content=\"image\/jpeg\" \/>\n<meta name=\"author\" content=\"P\u00e9ter S\u00e1rosi\" \/>\n<meta name=\"twitter:card\" content=\"summary_large_image\" \/>\n<meta name=\"twitter:label1\" content=\"Written by\" \/>\n\t<meta name=\"twitter:data1\" content=\"P\u00e9ter S\u00e1rosi\" \/>\n\t<meta name=\"twitter:label2\" content=\"Est. reading time\" \/>\n\t<meta name=\"twitter:data2\" content=\"1 minute\" \/>\n<script type=\"application\/ld+json\" class=\"yoast-schema-graph\">{\"@context\":\"https:\\\/\\\/schema.org\",\"@graph\":[{\"@type\":\"Article\",\"@id\":\"https:\\\/\\\/drogriporter.hu\\\/en\\\/filmfestivalcall2019\\\/#article\",\"isPartOf\":{\"@id\":\"https:\\\/\\\/drogriporter.hu\\\/en\\\/filmfestivalcall2019\\\/\"},\"author\":{\"name\":\"P\u00e9ter S\u00e1rosi\",\"@id\":\"https:\\\/\\\/drogriporter.hu\\\/en\\\/#\\\/schema\\\/person\\\/fb6cc5151784cb72290e136439b8cfbf\"},\"headline\":\"HR19 Film Festival at the Harm Reduction International Conference 2019: Call for Submissions!\",\"datePublished\":\"2019-01-29T12:49:36+00:00\",\"dateModified\":\"2022-07-04T12:33:13+00:00\",\"mainEntityOfPage\":{\"@id\":\"https:\\\/\\\/drogriporter.hu\\\/en\\\/filmfestivalcall2019\\\/\"},\"wordCount\":231,\"image\":{\"@id\":\"https:\\\/\\\/drogriporter.hu\\\/en\\\/filmfestivalcall2019\\\/#primaryimage\"},\"thumbnailUrl\":\"https:\\\/\\\/drogriporter.hu\\\/wp-content\\\/uploads\\\/sites\\\/8\\\/2019\\\/01\\\/porto-ff.jpg\",\"articleSection\":[\"Articles\"],\"inLanguage\":\"en-US\"},{\"@type\":\"WebPage\",\"@id\":\"https:\\\/\\\/drogriporter.hu\\\/en\\\/filmfestivalcall2019\\\/\",\"url\":\"https:\\\/\\\/drogriporter.hu\\\/en\\\/filmfestivalcall2019\\\/\",\"name\":\"HR19 Film Festival at the Harm Reduction International Conference 2019: Call for Submissions! - Drugreporter\",\"isPartOf\":{\"@id\":\"https:\\\/\\\/drogriporter.hu\\\/en\\\/#website\"},\"primaryImageOfPage\":{\"@id\":\"https:\\\/\\\/drogriporter.hu\\\/en\\\/filmfestivalcall2019\\\/#primaryimage\"},\"image\":{\"@id\":\"https:\\\/\\\/drogriporter.hu\\\/en\\\/filmfestivalcall2019\\\/#primaryimage\"},\"thumbnailUrl\":\"https:\\\/\\\/drogriporter.hu\\\/wp-content\\\/uploads\\\/sites\\\/8\\\/2019\\\/01\\\/porto-ff.jpg\",\"datePublished\":\"2019-01-29T12:49:36+00:00\",\"dateModified\":\"2022-07-04T12:33:13+00:00\",\"author\":{\"@id\":\"https:\\\/\\\/drogriporter.hu\\\/en\\\/#\\\/schema\\\/person\\\/fb6cc5151784cb72290e136439b8cfbf\"},\"breadcrumb\":{\"@id\":\"https:\\\/\\\/drogriporter.hu\\\/en\\\/filmfestivalcall2019\\\/#breadcrumb\"},\"inLanguage\":\"en-US\",\"potentialAction\":[{\"@type\":\"ReadAction\",\"target\":[\"https:\\\/\\\/drogriporter.hu\\\/en\\\/filmfestivalcall2019\\\/\"]}]},{\"@type\":\"ImageObject\",\"inLanguage\":\"en-US\",\"@id\":\"https:\\\/\\\/drogriporter.hu\\\/en\\\/filmfestivalcall2019\\\/#primaryimage\",\"url\":\"https:\\\/\\\/drogriporter.hu\\\/wp-content\\\/uploads\\\/sites\\\/8\\\/2019\\\/01\\\/porto-ff.jpg\",\"contentUrl\":\"https:\\\/\\\/drogriporter.hu\\\/wp-content\\\/uploads\\\/sites\\\/8\\\/2019\\\/01\\\/porto-ff.jpg\",\"width\":1920,\"height\":1080},{\"@type\":\"BreadcrumbList\",\"@id\":\"https:\\\/\\\/drogriporter.hu\\\/en\\\/filmfestivalcall2019\\\/#breadcrumb\",\"itemListElement\":[{\"@type\":\"ListItem\",\"position\":1,\"name\":\"Home\",\"item\":\"https:\\\/\\\/drogriporter.hu\\\/en\\\/\"},{\"@type\":\"ListItem\",\"position\":2,\"name\":\"HR19 Film Festival at the Harm Reduction International Conference 2019: Call for Submissions!\"}]},{\"@type\":\"WebSite\",\"@id\":\"https:\\\/\\\/drogriporter.hu\\\/en\\\/#website\",\"url\":\"https:\\\/\\\/drogriporter.hu\\\/en\\\/\",\"name\":\"Drugreporter\",\"description\":\"News and Films from the Frontline of the War on Drugs\",\"potentialAction\":[{\"@type\":\"SearchAction\",\"target\":{\"@type\":\"EntryPoint\",\"urlTemplate\":\"https:\\\/\\\/drogriporter.hu\\\/en\\\/?s={search_term_string}\"},\"query-input\":{\"@type\":\"PropertyValueSpecification\",\"valueRequired\":true,\"valueName\":\"search_term_string\"}}],\"inLanguage\":\"en-US\"},{\"@type\":\"Person\",\"@id\":\"https:\\\/\\\/drogriporter.hu\\\/en\\\/#\\\/schema\\\/person\\\/fb6cc5151784cb72290e136439b8cfbf\",\"name\":\"P\u00e9ter S\u00e1rosi\",\"image\":{\"@type\":\"ImageObject\",\"inLanguage\":\"en-US\",\"@id\":\"https:\\\/\\\/secure.gravatar.com\\\/avatar\\\/b0d99f928865d28655d1d76062ad4e267f8cdb42a281930f70dd9a875b94be0b?s=96&d=mm&r=g\",\"url\":\"https:\\\/\\\/secure.gravatar.com\\\/avatar\\\/b0d99f928865d28655d1d76062ad4e267f8cdb42a281930f70dd9a875b94be0b?s=96&d=mm&r=g\",\"contentUrl\":\"https:\\\/\\\/secure.gravatar.com\\\/avatar\\\/b0d99f928865d28655d1d76062ad4e267f8cdb42a281930f70dd9a875b94be0b?s=96&d=mm&r=g\",\"caption\":\"P\u00e9ter S\u00e1rosi\"},\"description\":\"P\u00e9ter S\u00e1rosi is the Executive Director of the Rights Reporter Foundation. He is a human rights activist and drug policy expert, the founder and editor of the Drugreporter website since 2004, the author of countless articles, co-author of books and director of films about harm reduction and drug policy reform. He was the Director of the Drug Policy Program at the Hungarian Civil Liberties Union between 2004 and 2015. He is experienced in working at international drug policy forums such as the Commission on Narcotic Drugs. He was twice elected to the Core Group of the EU Civil Society Forum on Drugs. He is the co-chair of the Eurasian Harm Reduction Network. He has been representing the Hungarian Harm Reduction Network at the government\u2019s drug advisory body in Hungary since 2007. Peter also contributed to building a network of advocacy NGOs in Europe: the European Drug Policy Initiative. He provided technical assistance to several NGOs, and launched several campaigns on drug policy reform. As a member of the Drugreporter video advocacy team, he has produced videos about drug policy issues in a number of countries. These videos are now part of a unique online drug policy video library.\",\"url\":\"https:\\\/\\\/drogriporter.hu\\\/en\\\/author\\\/sarosip-2\\\/\"}]}<\/script>\n<!-- \/ Yoast SEO Premium plugin. -->","yoast_head_json":{"title":"HR19 Film Festival at the Harm Reduction International Conference 2019: Call for Submissions! - Drugreporter","robots":{"index":"index","follow":"follow","max-snippet":"max-snippet:-1","max-image-preview":"max-image-preview:large","max-video-preview":"max-video-preview:-1"},"canonical":"https:\/\/drogriporter.hu\/en\/filmfestivalcall2019\/","og_locale":"en_US","og_type":"article","og_title":"HR19 Film Festival at the Harm Reduction International Conference 2019: Call for Submissions!","og_description":"The Rights Reporter Foundation and Harm Reduction International welcomes entries to the Film Festival at the 26th Harm Reduction International Conference! The deadline is extended to March 13, 2019 (11:59 pm CET)","og_url":"https:\/\/drogriporter.hu\/en\/filmfestivalcall2019\/","og_site_name":"Drugreporter","article_published_time":"2019-01-29T12:49:36+00:00","article_modified_time":"2022-07-04T12:33:13+00:00","og_image":[{"width":1920,"height":1080,"url":"https:\/\/drogriporter.hu\/wp-content\/uploads\/sites\/8\/2019\/01\/porto-ff.jpg","type":"image\/jpeg"}],"author":"P\u00e9ter S\u00e1rosi","twitter_card":"summary_large_image","twitter_misc":{"Written by":"P\u00e9ter S\u00e1rosi","Est. reading time":"1 minute"},"schema":{"@context":"https:\/\/schema.org","@graph":[{"@type":"Article","@id":"https:\/\/drogriporter.hu\/en\/filmfestivalcall2019\/#article","isPartOf":{"@id":"https:\/\/drogriporter.hu\/en\/filmfestivalcall2019\/"},"author":{"name":"P\u00e9ter S\u00e1rosi","@id":"https:\/\/drogriporter.hu\/en\/#\/schema\/person\/fb6cc5151784cb72290e136439b8cfbf"},"headline":"HR19 Film Festival at the Harm Reduction International Conference 2019: Call for Submissions!","datePublished":"2019-01-29T12:49:36+00:00","dateModified":"2022-07-04T12:33:13+00:00","mainEntityOfPage":{"@id":"https:\/\/drogriporter.hu\/en\/filmfestivalcall2019\/"},"wordCount":231,"image":{"@id":"https:\/\/drogriporter.hu\/en\/filmfestivalcall2019\/#primaryimage"},"thumbnailUrl":"https:\/\/drogriporter.hu\/wp-content\/uploads\/sites\/8\/2019\/01\/porto-ff.jpg","articleSection":["Articles"],"inLanguage":"en-US"},{"@type":"WebPage","@id":"https:\/\/drogriporter.hu\/en\/filmfestivalcall2019\/","url":"https:\/\/drogriporter.hu\/en\/filmfestivalcall2019\/","name":"HR19 Film Festival at the Harm Reduction International Conference 2019: Call for Submissions! - Drugreporter","isPartOf":{"@id":"https:\/\/drogriporter.hu\/en\/#website"},"primaryImageOfPage":{"@id":"https:\/\/drogriporter.hu\/en\/filmfestivalcall2019\/#primaryimage"},"image":{"@id":"https:\/\/drogriporter.hu\/en\/filmfestivalcall2019\/#primaryimage"},"thumbnailUrl":"https:\/\/drogriporter.hu\/wp-content\/uploads\/sites\/8\/2019\/01\/porto-ff.jpg","datePublished":"2019-01-29T12:49:36+00:00","dateModified":"2022-07-04T12:33:13+00:00","author":{"@id":"https:\/\/drogriporter.hu\/en\/#\/schema\/person\/fb6cc5151784cb72290e136439b8cfbf"},"breadcrumb":{"@id":"https:\/\/drogriporter.hu\/en\/filmfestivalcall2019\/#breadcrumb"},"inLanguage":"en-US","potentialAction":[{"@type":"ReadAction","target":["https:\/\/drogriporter.hu\/en\/filmfestivalcall2019\/"]}]},{"@type":"ImageObject","inLanguage":"en-US","@id":"https:\/\/drogriporter.hu\/en\/filmfestivalcall2019\/#primaryimage","url":"https:\/\/drogriporter.hu\/wp-content\/uploads\/sites\/8\/2019\/01\/porto-ff.jpg","contentUrl":"https:\/\/drogriporter.hu\/wp-content\/uploads\/sites\/8\/2019\/01\/porto-ff.jpg","width":1920,"height":1080},{"@type":"BreadcrumbList","@id":"https:\/\/drogriporter.hu\/en\/filmfestivalcall2019\/#breadcrumb","itemListElement":[{"@type":"ListItem","position":1,"name":"Home","item":"https:\/\/drogriporter.hu\/en\/"},{"@type":"ListItem","position":2,"name":"HR19 Film Festival at the Harm Reduction International Conference 2019: Call for Submissions!"}]},{"@type":"WebSite","@id":"https:\/\/drogriporter.hu\/en\/#website","url":"https:\/\/drogriporter.hu\/en\/","name":"Drugreporter","description":"News and Films from the Frontline of the War on Drugs","potentialAction":[{"@type":"SearchAction","target":{"@type":"EntryPoint","urlTemplate":"https:\/\/drogriporter.hu\/en\/?s={search_term_string}"},"query-input":{"@type":"PropertyValueSpecification","valueRequired":true,"valueName":"search_term_string"}}],"inLanguage":"en-US"},{"@type":"Person","@id":"https:\/\/drogriporter.hu\/en\/#\/schema\/person\/fb6cc5151784cb72290e136439b8cfbf","name":"P\u00e9ter S\u00e1rosi","image":{"@type":"ImageObject","inLanguage":"en-US","@id":"https:\/\/secure.gravatar.com\/avatar\/b0d99f928865d28655d1d76062ad4e267f8cdb42a281930f70dd9a875b94be0b?s=96&d=mm&r=g","url":"https:\/\/secure.gravatar.com\/avatar\/b0d99f928865d28655d1d76062ad4e267f8cdb42a281930f70dd9a875b94be0b?s=96&d=mm&r=g","contentUrl":"https:\/\/secure.gravatar.com\/avatar\/b0d99f928865d28655d1d76062ad4e267f8cdb42a281930f70dd9a875b94be0b?s=96&d=mm&r=g","caption":"P\u00e9ter S\u00e1rosi"},"description":"P\u00e9ter S\u00e1rosi is the Executive Director of the Rights Reporter Foundation. He is a human rights activist and drug policy expert, the founder and editor of the Drugreporter website since 2004, the author of countless articles, co-author of books and director of films about harm reduction and drug policy reform. He was the Director of the Drug Policy Program at the Hungarian Civil Liberties Union between 2004 and 2015. He is experienced in working at international drug policy forums such as the Commission on Narcotic Drugs. He was twice elected to the Core Group of the EU Civil Society Forum on Drugs. He is the co-chair of the Eurasian Harm Reduction Network. He has been representing the Hungarian Harm Reduction Network at the government\u2019s drug advisory body in Hungary since 2007. Peter also contributed to building a network of advocacy NGOs in Europe: the European Drug Policy Initiative. He provided technical assistance to several NGOs, and launched several campaigns on drug policy reform. As a member of the Drugreporter video advocacy team, he has produced videos about drug policy issues in a number of countries. These videos are now part of a unique online drug policy video library.","url":"https:\/\/drogriporter.hu\/en\/author\/sarosip-2\/"}]}},"featured_image_src_square":"https:\/\/drogriporter.hu\/wp-content\/uploads\/sites\/8\/2019\/01\/porto-ff.jpg","_links":{"self":[{"href":"https:\/\/drogriporter.hu\/en\/wp-json\/wp\/v2\/posts\/10828","targetHints":{"allow":["GET"]}}],"collection":[{"href":"https:\/\/drogriporter.hu\/en\/wp-json\/wp\/v2\/posts"}],"about":[{"href":"https:\/\/drogriporter.hu\/en\/wp-json\/wp\/v2\/types\/post"}],"author":[{"embeddable":true,"href":"https:\/\/drogriporter.hu\/en\/wp-json\/wp\/v2\/users\/1005"}],"replies":[{"embeddable":true,"href":"https:\/\/drogriporter.hu\/en\/wp-json\/wp\/v2\/comments?post=10828"}],"version-history":[{"count":0,"href":"https:\/\/drogriporter.hu\/en\/wp-json\/wp\/v2\/posts\/10828\/revisions"}],"wp:featuredmedia":[{"embeddable":true,"href":"https:\/\/drogriporter.hu\/en\/wp-json\/wp\/v2\/media\/10832"}],"wp:attachment":[{"href":"https:\/\/drogriporter.hu\/en\/wp-json\/wp\/v2\/media?parent=10828"}],"wp:term":[{"taxonomy":"category","embeddable":true,"href":"https:\/\/drogriporter.hu\/en\/wp-json\/wp\/v2\/categories?post=10828"},{"taxonomy":"post_tag","embeddable":true,"href":"https:\/\/drogriporter.hu\/en\/wp-json\/wp\/v2\/tags?post=10828"},{"taxonomy":"countries","embeddable":true,"href":"https:\/\/drogriporter.hu\/en\/wp-json\/wp\/v2\/countries?post=10828"},{"taxonomy":"section","embeddable":true,"href":"https:\/\/drogriporter.hu\/en\/wp-json\/wp\/v2\/section?post=10828"},{"taxonomy":"video-author","embeddable":true,"href":"https:\/\/drogriporter.hu\/en\/wp-json\/wp\/v2\/video-author?post=10828"},{"taxonomy":"drug","embeddable":true,"href":"https:\/\/drogriporter.hu\/en\/wp-json\/wp\/v2\/drug?post=10828"},{"taxonomy":"archive","embeddable":true,"href":"https:\/\/drogriporter.hu\/en\/wp-json\/wp\/v2\/archive?post=10828"},{"taxonomy":"video-series","embeddable":true,"href":"https:\/\/drogriporter.hu\/en\/wp-json\/wp\/v2\/video-series?post=10828"}],"curies":[{"name":"wp","href":"https:\/\/api.w.org\/{rel}","templated":true}]}}