{"id":11963,"date":"2019-06-19T13:11:19","date_gmt":"2019-06-19T13:11:19","guid":{"rendered":"https:\/\/drogriporter.hu\/?p=11963"},"modified":"2022-07-04T14:19:31","modified_gmt":"2022-07-04T12:19:31","slug":"naomi_interview","status":"publish","type":"post","link":"https:\/\/drogriporter.hu\/en\/naomi_interview\/","title":{"rendered":"&#8220;It Is Politically Expedient to Demonise Drug Users&#8221; &#8211; An Interview with Naomi Burke-Shyne"},"content":{"rendered":"<p>Naomi Burke-Shyne became executive director of <a href=\"https:\/\/www.hri.global\/\">Harm Reduction International<\/a> in September 2018 &#8211; a few months before she had to oversee the organising of the <a href=\"https:\/\/drogriporter.hu\/en\/hr2019\/\">largest harm reduction conference<\/a> on earth. Read our interview below!<\/p>\n<p><!--more--><\/p>\n<p><strong>Drugreporter<\/strong>: <em><strong>I am sure you have attended many harm reduction conferences before but this was the first one you attended as the lead organiser. How was this experience for you? Any lessons learnt?<\/strong> <\/em><\/p>\n<p><strong>Naomi Burke-Shyne<\/strong>: The conference (HR19) was a reminder of how inspiring and resilient the global movements for harm reduction, human rights, and drug policy reform are. It is unique to be able to bring together community leaders, healthcare providers, scientists, human rights lawyers, researchers, and activists from around the world.<br \/>\nOur community faces ongoing &#8211; and significant &#8211; opposition to their everyday work for rights-based, health-based approaches to drug use. The conference is a useful space to remind us of both the pockets of success and the urgency of our work.<br \/>\nWe learned plenty of lessons at HR19, and will always strive to improve and ensure the Harm Reduction International Conference is impactful for attendees and local advocacy. Our conference partner this year, APDES, was successful in securing increased national and local political support for harm reduction, particularly with the Mayor of Porto committing in his opening ceremony speech to opening a drug consumption room.<br \/>\nOutside of the domestic, the Portuguese government announced an increase in their pledge to the Global Fund at HR19. We hope that future conferences are able to provide moments like this and bring together years of hard work for harm reduction.<\/p>\n<p><em><strong>After a decade of growth, funding and support for harm reduction seems to be stagnating or declining in most parts of the world. Why do you think people with power still resist harm reduction so much?<\/strong><\/em><\/p>\n<p>I was shocked by our research findings last year, that <a href=\"https:\/\/www.hri.global\/harm-reduction-funding\">there is a nearly 90% gap in funding for harm reduction<\/a> in low- and middle-income countries. The fact that this funding has stagnated over the past decade, when there is overwhelming evidence of the public health and societal benefits of investing in harm reduction, is nothing short of disgraceful.<br \/>\nI can only hypothesise why political leaders remain resistant to supporting health and social services for people who use drugs, and it certainly varies between countries. An overarching reason is likely to be that harm reduction is still incorrectly seen as controversial. Few leaders are willing to be bold and admit past policy failures, even when faced with evidence that investing in harm reduction would bring innumerable benefits to their communities. It remains politically expedient to continue demonising and criminalising people who use drugs.<\/p>\n<p><em><strong>HRI has campaigned for governments to redirect 10% of the funding that they currently spend on drug control to lifesaving and cost-effective harm reduction interventions. Do you see any chance that wealthy governments, through the Global Fund, will increase the funding for harm reduction in the next couple of years? <\/strong><\/em><\/p>\n<p>The Global Fund is still securing pledges from governments to reach its target replenishment amount of $14 billion for this year (to be invested from 2020-22). We believe that this figure is insufficient, and recently supported the Global Fund Advocates Network (GFAN) <a href=\"https:\/\/www.hri.global\/hr19-call-to-action-harm-reduction-funding\">in the call for a replenishment of $18 billion<\/a>.<br \/>\nIt is difficult to gauge right now whether governments will increase funding for the Global Fund \u2013 which remains the largest harm reduction donor globally.<br \/>\nIt\u2019s important to remember that Global Fund support is not designed to last forever, which is why it\u2019s important for national governments to begin investing in harm reduction and redirecting money away from ineffective drug law enforcement.<\/p>\n<p><em><strong>Zoe Dodd, an activist from Canada and a speaker at the conference, said harm reduction programs are too often cold, sterile places, designed to serve the interest of politicians, professionals, and researchers. Do you agree? What can we do to change this?<\/strong><\/em><\/p>\n<p>I think this really gets to the heart of what <a href=\"https:\/\/www.hri.global\/what-is-harm-reduction\">an effective harm reduction response<\/a> requires \u2013 the meaningful involvement of people who use drugs in designing harm reduction services. Some countries and cities are doing this to a degree, but there is room for improvement.<\/p>\n<p><em><strong>The slogan of the conference was &#8220;people before politics&#8221;. Luca Stevenson, a sex worker activist said in his speech that we should also say &#8220;people should reclaim politics&#8221;. Does this slogan resonate with you?<\/strong><\/em><\/p>\n<p>It does. Active political participation is a vital part of pushing forward any social justice issue. With the swing toward populist, right-wing governments in a number of countries around the world, that are so harmful to our cause and societies more broadly, not engaging is not an option.<\/p>\n<p><em><strong>At the conference, participants took part in a photo-taking exercise to protest against the mass murders in the Philippines. Do you think there is a danger that these aggressive responses can spread to other countries in Asia?<\/strong><\/em><\/p>\n<p>The brutality in the Philippines under President Duterte is far beyond what we could have imagined a few years ago, and there is a threat of this violence becoming normalised.<\/p>\n<p>We\u2019ve seen Bangladesh seek to emulate this strategy, with more than 200 extrajudicial killings reported last year, and praise for Duterte pour in from countries such as Sri Lanka and the United States. It\u2019s important to recognise that the risk of harmful responses to the drug trade spreading is not confined to Asia. They may not be on the scale of the human rights abuses in the Philippines, but they are no less chilling.<\/p>\n<p><em><strong>And finally, can you reveal the location of the next conference &#8211; or at least the region(s) you are thinking about?<br \/>\n<\/strong><\/em><br \/>\nWe\u2019d love to know the answer to that question! But we\u2019re currently still at the tendering stage for HR21. If organisations think the conference could help advance their local advocacy and are interested in submitting a bid, please do not hesitate to email the conference team at conference@hri.global. More information can be found <a href=\"https:\/\/www.hri.global\/contents\/1892\">here<\/a>.<\/p>\n<p>Interview by Peter Sarosi<br \/>\nPhoto by Nigel Brunsdon<\/p>\n","protected":false},"excerpt":{"rendered":"<p>Naomi Burke-Shyne became executive director of Harm Reduction International in September 2018 &#8211; a few months before she had to oversee the organising of the largest harm reduction conference on earth. Read our interview below!<\/p>\n","protected":false},"author":1005,"featured_media":11964,"comment_status":"closed","ping_status":"closed","sticky":false,"template":"","format":"standard","meta":{"_genesis_hide_title":false,"_genesis_hide_breadcrumbs":false,"_genesis_hide_singular_image":false,"_genesis_hide_footer_widgets":false,"_genesis_custom_body_class":"","_genesis_custom_post_class":"","_genesis_layout":"","footnotes":""},"categories":[2900],"tags":[],"countries":[2710,2728],"section":[],"video-author":[],"drug":[],"archive":[3222],"video-series":[3232],"class_list":{"0":"post-11963","1":"post","2":"type-post","3":"status-publish","4":"format-standard","5":"has-post-thumbnail","7":"category-articles","8":"countries-portugal-en","9":"countries-uk-en","10":"archive-harm-reduction","11":"video-series-written-interviews","12":"entry"},"featured_image_src":"https:\/\/drogriporter.hu\/wp-content\/uploads\/sites\/8\/2019\/06\/60915363-10156028179080811-1960356990974689280-o.jpg","author_info":{"display_name":"P\u00e9ter S\u00e1rosi","author_link":"https:\/\/drogriporter.hu\/en\/author\/sarosip-2\/"},"yoast_head":"<!-- This site is optimized with the Yoast SEO Premium plugin  - https:\/\/yoast.com\/product\/yoast-seo-premium-wordpress\/ -->\n<title>&quot;It Is Politically Expedient to Demonise Drug Users&quot; - An Interview with Naomi Burke-Shyne - Drugreporter<\/title>\n<meta name=\"robots\" content=\"index, follow, max-snippet:-1, max-image-preview:large, max-video-preview:-1\" \/>\n<link rel=\"canonical\" href=\"https:\/\/drogriporter.hu\/en\/naomi_interview\/\" \/>\n<meta property=\"og:locale\" content=\"en_US\" \/>\n<meta property=\"og:type\" content=\"article\" \/>\n<meta property=\"og:title\" content=\"&quot;It Is Politically Expedient to Demonise Drug Users&quot; - An Interview with Naomi Burke-Shyne\" \/>\n<meta property=\"og:description\" content=\"Naomi Burke-Shyne became executive director of Harm Reduction International in September 2018 &#8211; a few months before she had to oversee the organising of the largest harm reduction conference on earth. Read our interview below!\" \/>\n<meta property=\"og:url\" content=\"https:\/\/drogriporter.hu\/en\/naomi_interview\/\" \/>\n<meta property=\"og:site_name\" content=\"Drugreporter\" \/>\n<meta property=\"article:published_time\" content=\"2019-06-19T13:11:19+00:00\" \/>\n<meta property=\"article:modified_time\" content=\"2022-07-04T12:19:31+00:00\" \/>\n<meta property=\"og:image\" content=\"https:\/\/drogriporter.hu\/wp-content\/uploads\/sites\/8\/2019\/06\/60915363-10156028179080811-1960356990974689280-o.jpg\" \/>\n\t<meta property=\"og:image:width\" content=\"1400\" \/>\n\t<meta property=\"og:image:height\" content=\"933\" \/>\n\t<meta property=\"og:image:type\" content=\"image\/jpeg\" \/>\n<meta name=\"author\" content=\"P\u00e9ter S\u00e1rosi\" \/>\n<meta name=\"twitter:card\" content=\"summary_large_image\" \/>\n<meta name=\"twitter:label1\" content=\"Written by\" \/>\n\t<meta name=\"twitter:data1\" content=\"P\u00e9ter S\u00e1rosi\" \/>\n\t<meta name=\"twitter:label2\" content=\"Est. reading time\" \/>\n\t<meta name=\"twitter:data2\" content=\"5 minutes\" \/>\n<script type=\"application\/ld+json\" class=\"yoast-schema-graph\">{\"@context\":\"https:\\\/\\\/schema.org\",\"@graph\":[{\"@type\":\"Article\",\"@id\":\"https:\\\/\\\/drogriporter.hu\\\/en\\\/naomi_interview\\\/#article\",\"isPartOf\":{\"@id\":\"https:\\\/\\\/drogriporter.hu\\\/en\\\/naomi_interview\\\/\"},\"author\":{\"name\":\"P\u00e9ter S\u00e1rosi\",\"@id\":\"https:\\\/\\\/drogriporter.hu\\\/en\\\/#\\\/schema\\\/person\\\/fb6cc5151784cb72290e136439b8cfbf\"},\"headline\":\"&#8220;It Is Politically Expedient to Demonise Drug Users&#8221; &#8211; An Interview with Naomi Burke-Shyne\",\"datePublished\":\"2019-06-19T13:11:19+00:00\",\"dateModified\":\"2022-07-04T12:19:31+00:00\",\"mainEntityOfPage\":{\"@id\":\"https:\\\/\\\/drogriporter.hu\\\/en\\\/naomi_interview\\\/\"},\"wordCount\":1015,\"image\":{\"@id\":\"https:\\\/\\\/drogriporter.hu\\\/en\\\/naomi_interview\\\/#primaryimage\"},\"thumbnailUrl\":\"https:\\\/\\\/drogriporter.hu\\\/wp-content\\\/uploads\\\/sites\\\/8\\\/2019\\\/06\\\/60915363-10156028179080811-1960356990974689280-o.jpg\",\"articleSection\":[\"Articles\"],\"inLanguage\":\"en-US\"},{\"@type\":\"WebPage\",\"@id\":\"https:\\\/\\\/drogriporter.hu\\\/en\\\/naomi_interview\\\/\",\"url\":\"https:\\\/\\\/drogriporter.hu\\\/en\\\/naomi_interview\\\/\",\"name\":\"\\\"It Is Politically Expedient to Demonise Drug Users\\\" - An Interview with Naomi Burke-Shyne - Drugreporter\",\"isPartOf\":{\"@id\":\"https:\\\/\\\/drogriporter.hu\\\/en\\\/#website\"},\"primaryImageOfPage\":{\"@id\":\"https:\\\/\\\/drogriporter.hu\\\/en\\\/naomi_interview\\\/#primaryimage\"},\"image\":{\"@id\":\"https:\\\/\\\/drogriporter.hu\\\/en\\\/naomi_interview\\\/#primaryimage\"},\"thumbnailUrl\":\"https:\\\/\\\/drogriporter.hu\\\/wp-content\\\/uploads\\\/sites\\\/8\\\/2019\\\/06\\\/60915363-10156028179080811-1960356990974689280-o.jpg\",\"datePublished\":\"2019-06-19T13:11:19+00:00\",\"dateModified\":\"2022-07-04T12:19:31+00:00\",\"author\":{\"@id\":\"https:\\\/\\\/drogriporter.hu\\\/en\\\/#\\\/schema\\\/person\\\/fb6cc5151784cb72290e136439b8cfbf\"},\"breadcrumb\":{\"@id\":\"https:\\\/\\\/drogriporter.hu\\\/en\\\/naomi_interview\\\/#breadcrumb\"},\"inLanguage\":\"en-US\",\"potentialAction\":[{\"@type\":\"ReadAction\",\"target\":[\"https:\\\/\\\/drogriporter.hu\\\/en\\\/naomi_interview\\\/\"]}]},{\"@type\":\"ImageObject\",\"inLanguage\":\"en-US\",\"@id\":\"https:\\\/\\\/drogriporter.hu\\\/en\\\/naomi_interview\\\/#primaryimage\",\"url\":\"https:\\\/\\\/drogriporter.hu\\\/wp-content\\\/uploads\\\/sites\\\/8\\\/2019\\\/06\\\/60915363-10156028179080811-1960356990974689280-o.jpg\",\"contentUrl\":\"https:\\\/\\\/drogriporter.hu\\\/wp-content\\\/uploads\\\/sites\\\/8\\\/2019\\\/06\\\/60915363-10156028179080811-1960356990974689280-o.jpg\",\"width\":1400,\"height\":933},{\"@type\":\"BreadcrumbList\",\"@id\":\"https:\\\/\\\/drogriporter.hu\\\/en\\\/naomi_interview\\\/#breadcrumb\",\"itemListElement\":[{\"@type\":\"ListItem\",\"position\":1,\"name\":\"Home\",\"item\":\"https:\\\/\\\/drogriporter.hu\\\/en\\\/\"},{\"@type\":\"ListItem\",\"position\":2,\"name\":\"&#8220;It Is Politically Expedient to Demonise Drug Users&#8221; &#8211; An Interview with Naomi Burke-Shyne\"}]},{\"@type\":\"WebSite\",\"@id\":\"https:\\\/\\\/drogriporter.hu\\\/en\\\/#website\",\"url\":\"https:\\\/\\\/drogriporter.hu\\\/en\\\/\",\"name\":\"Drugreporter\",\"description\":\"News and Films from the Frontline of the War on Drugs\",\"potentialAction\":[{\"@type\":\"SearchAction\",\"target\":{\"@type\":\"EntryPoint\",\"urlTemplate\":\"https:\\\/\\\/drogriporter.hu\\\/en\\\/?s={search_term_string}\"},\"query-input\":{\"@type\":\"PropertyValueSpecification\",\"valueRequired\":true,\"valueName\":\"search_term_string\"}}],\"inLanguage\":\"en-US\"},{\"@type\":\"Person\",\"@id\":\"https:\\\/\\\/drogriporter.hu\\\/en\\\/#\\\/schema\\\/person\\\/fb6cc5151784cb72290e136439b8cfbf\",\"name\":\"P\u00e9ter S\u00e1rosi\",\"image\":{\"@type\":\"ImageObject\",\"inLanguage\":\"en-US\",\"@id\":\"https:\\\/\\\/secure.gravatar.com\\\/avatar\\\/b0d99f928865d28655d1d76062ad4e267f8cdb42a281930f70dd9a875b94be0b?s=96&d=mm&r=g\",\"url\":\"https:\\\/\\\/secure.gravatar.com\\\/avatar\\\/b0d99f928865d28655d1d76062ad4e267f8cdb42a281930f70dd9a875b94be0b?s=96&d=mm&r=g\",\"contentUrl\":\"https:\\\/\\\/secure.gravatar.com\\\/avatar\\\/b0d99f928865d28655d1d76062ad4e267f8cdb42a281930f70dd9a875b94be0b?s=96&d=mm&r=g\",\"caption\":\"P\u00e9ter S\u00e1rosi\"},\"description\":\"P\u00e9ter S\u00e1rosi is the Executive Director of the Rights Reporter Foundation. He is a human rights activist and drug policy expert, the founder and editor of the Drugreporter website since 2004, the author of countless articles, co-author of books and director of films about harm reduction and drug policy reform. He was the Director of the Drug Policy Program at the Hungarian Civil Liberties Union between 2004 and 2015. He is experienced in working at international drug policy forums such as the Commission on Narcotic Drugs. He was twice elected to the Core Group of the EU Civil Society Forum on Drugs. He is the co-chair of the Eurasian Harm Reduction Network. He has been representing the Hungarian Harm Reduction Network at the government\u2019s drug advisory body in Hungary since 2007. Peter also contributed to building a network of advocacy NGOs in Europe: the European Drug Policy Initiative. He provided technical assistance to several NGOs, and launched several campaigns on drug policy reform. As a member of the Drugreporter video advocacy team, he has produced videos about drug policy issues in a number of countries. These videos are now part of a unique online drug policy video library.\",\"url\":\"https:\\\/\\\/drogriporter.hu\\\/en\\\/author\\\/sarosip-2\\\/\"}]}<\/script>\n<!-- \/ Yoast SEO Premium plugin. -->","yoast_head_json":{"title":"\"It Is Politically Expedient to Demonise Drug Users\" - An Interview with Naomi Burke-Shyne - Drugreporter","robots":{"index":"index","follow":"follow","max-snippet":"max-snippet:-1","max-image-preview":"max-image-preview:large","max-video-preview":"max-video-preview:-1"},"canonical":"https:\/\/drogriporter.hu\/en\/naomi_interview\/","og_locale":"en_US","og_type":"article","og_title":"\"It Is Politically Expedient to Demonise Drug Users\" - An Interview with Naomi Burke-Shyne","og_description":"Naomi Burke-Shyne became executive director of Harm Reduction International in September 2018 &#8211; a few months before she had to oversee the organising of the largest harm reduction conference on earth. Read our interview below!","og_url":"https:\/\/drogriporter.hu\/en\/naomi_interview\/","og_site_name":"Drugreporter","article_published_time":"2019-06-19T13:11:19+00:00","article_modified_time":"2022-07-04T12:19:31+00:00","og_image":[{"width":1400,"height":933,"url":"https:\/\/drogriporter.hu\/wp-content\/uploads\/sites\/8\/2019\/06\/60915363-10156028179080811-1960356990974689280-o.jpg","type":"image\/jpeg"}],"author":"P\u00e9ter S\u00e1rosi","twitter_card":"summary_large_image","twitter_misc":{"Written by":"P\u00e9ter S\u00e1rosi","Est. reading time":"5 minutes"},"schema":{"@context":"https:\/\/schema.org","@graph":[{"@type":"Article","@id":"https:\/\/drogriporter.hu\/en\/naomi_interview\/#article","isPartOf":{"@id":"https:\/\/drogriporter.hu\/en\/naomi_interview\/"},"author":{"name":"P\u00e9ter S\u00e1rosi","@id":"https:\/\/drogriporter.hu\/en\/#\/schema\/person\/fb6cc5151784cb72290e136439b8cfbf"},"headline":"&#8220;It Is Politically Expedient to Demonise Drug Users&#8221; &#8211; An Interview with Naomi Burke-Shyne","datePublished":"2019-06-19T13:11:19+00:00","dateModified":"2022-07-04T12:19:31+00:00","mainEntityOfPage":{"@id":"https:\/\/drogriporter.hu\/en\/naomi_interview\/"},"wordCount":1015,"image":{"@id":"https:\/\/drogriporter.hu\/en\/naomi_interview\/#primaryimage"},"thumbnailUrl":"https:\/\/drogriporter.hu\/wp-content\/uploads\/sites\/8\/2019\/06\/60915363-10156028179080811-1960356990974689280-o.jpg","articleSection":["Articles"],"inLanguage":"en-US"},{"@type":"WebPage","@id":"https:\/\/drogriporter.hu\/en\/naomi_interview\/","url":"https:\/\/drogriporter.hu\/en\/naomi_interview\/","name":"\"It Is Politically Expedient to Demonise Drug Users\" - An Interview with Naomi Burke-Shyne - Drugreporter","isPartOf":{"@id":"https:\/\/drogriporter.hu\/en\/#website"},"primaryImageOfPage":{"@id":"https:\/\/drogriporter.hu\/en\/naomi_interview\/#primaryimage"},"image":{"@id":"https:\/\/drogriporter.hu\/en\/naomi_interview\/#primaryimage"},"thumbnailUrl":"https:\/\/drogriporter.hu\/wp-content\/uploads\/sites\/8\/2019\/06\/60915363-10156028179080811-1960356990974689280-o.jpg","datePublished":"2019-06-19T13:11:19+00:00","dateModified":"2022-07-04T12:19:31+00:00","author":{"@id":"https:\/\/drogriporter.hu\/en\/#\/schema\/person\/fb6cc5151784cb72290e136439b8cfbf"},"breadcrumb":{"@id":"https:\/\/drogriporter.hu\/en\/naomi_interview\/#breadcrumb"},"inLanguage":"en-US","potentialAction":[{"@type":"ReadAction","target":["https:\/\/drogriporter.hu\/en\/naomi_interview\/"]}]},{"@type":"ImageObject","inLanguage":"en-US","@id":"https:\/\/drogriporter.hu\/en\/naomi_interview\/#primaryimage","url":"https:\/\/drogriporter.hu\/wp-content\/uploads\/sites\/8\/2019\/06\/60915363-10156028179080811-1960356990974689280-o.jpg","contentUrl":"https:\/\/drogriporter.hu\/wp-content\/uploads\/sites\/8\/2019\/06\/60915363-10156028179080811-1960356990974689280-o.jpg","width":1400,"height":933},{"@type":"BreadcrumbList","@id":"https:\/\/drogriporter.hu\/en\/naomi_interview\/#breadcrumb","itemListElement":[{"@type":"ListItem","position":1,"name":"Home","item":"https:\/\/drogriporter.hu\/en\/"},{"@type":"ListItem","position":2,"name":"&#8220;It Is Politically Expedient to Demonise Drug Users&#8221; &#8211; An Interview with Naomi Burke-Shyne"}]},{"@type":"WebSite","@id":"https:\/\/drogriporter.hu\/en\/#website","url":"https:\/\/drogriporter.hu\/en\/","name":"Drugreporter","description":"News and Films from the Frontline of the War on Drugs","potentialAction":[{"@type":"SearchAction","target":{"@type":"EntryPoint","urlTemplate":"https:\/\/drogriporter.hu\/en\/?s={search_term_string}"},"query-input":{"@type":"PropertyValueSpecification","valueRequired":true,"valueName":"search_term_string"}}],"inLanguage":"en-US"},{"@type":"Person","@id":"https:\/\/drogriporter.hu\/en\/#\/schema\/person\/fb6cc5151784cb72290e136439b8cfbf","name":"P\u00e9ter S\u00e1rosi","image":{"@type":"ImageObject","inLanguage":"en-US","@id":"https:\/\/secure.gravatar.com\/avatar\/b0d99f928865d28655d1d76062ad4e267f8cdb42a281930f70dd9a875b94be0b?s=96&d=mm&r=g","url":"https:\/\/secure.gravatar.com\/avatar\/b0d99f928865d28655d1d76062ad4e267f8cdb42a281930f70dd9a875b94be0b?s=96&d=mm&r=g","contentUrl":"https:\/\/secure.gravatar.com\/avatar\/b0d99f928865d28655d1d76062ad4e267f8cdb42a281930f70dd9a875b94be0b?s=96&d=mm&r=g","caption":"P\u00e9ter S\u00e1rosi"},"description":"P\u00e9ter S\u00e1rosi is the Executive Director of the Rights Reporter Foundation. He is a human rights activist and drug policy expert, the founder and editor of the Drugreporter website since 2004, the author of countless articles, co-author of books and director of films about harm reduction and drug policy reform. He was the Director of the Drug Policy Program at the Hungarian Civil Liberties Union between 2004 and 2015. He is experienced in working at international drug policy forums such as the Commission on Narcotic Drugs. He was twice elected to the Core Group of the EU Civil Society Forum on Drugs. He is the co-chair of the Eurasian Harm Reduction Network. He has been representing the Hungarian Harm Reduction Network at the government\u2019s drug advisory body in Hungary since 2007. Peter also contributed to building a network of advocacy NGOs in Europe: the European Drug Policy Initiative. He provided technical assistance to several NGOs, and launched several campaigns on drug policy reform. As a member of the Drugreporter video advocacy team, he has produced videos about drug policy issues in a number of countries. These videos are now part of a unique online drug policy video library.","url":"https:\/\/drogriporter.hu\/en\/author\/sarosip-2\/"}]}},"featured_image_src_square":"https:\/\/drogriporter.hu\/wp-content\/uploads\/sites\/8\/2019\/06\/60915363-10156028179080811-1960356990974689280-o.jpg","_links":{"self":[{"href":"https:\/\/drogriporter.hu\/en\/wp-json\/wp\/v2\/posts\/11963","targetHints":{"allow":["GET"]}}],"collection":[{"href":"https:\/\/drogriporter.hu\/en\/wp-json\/wp\/v2\/posts"}],"about":[{"href":"https:\/\/drogriporter.hu\/en\/wp-json\/wp\/v2\/types\/post"}],"author":[{"embeddable":true,"href":"https:\/\/drogriporter.hu\/en\/wp-json\/wp\/v2\/users\/1005"}],"replies":[{"embeddable":true,"href":"https:\/\/drogriporter.hu\/en\/wp-json\/wp\/v2\/comments?post=11963"}],"version-history":[{"count":0,"href":"https:\/\/drogriporter.hu\/en\/wp-json\/wp\/v2\/posts\/11963\/revisions"}],"wp:featuredmedia":[{"embeddable":true,"href":"https:\/\/drogriporter.hu\/en\/wp-json\/wp\/v2\/media\/11964"}],"wp:attachment":[{"href":"https:\/\/drogriporter.hu\/en\/wp-json\/wp\/v2\/media?parent=11963"}],"wp:term":[{"taxonomy":"category","embeddable":true,"href":"https:\/\/drogriporter.hu\/en\/wp-json\/wp\/v2\/categories?post=11963"},{"taxonomy":"post_tag","embeddable":true,"href":"https:\/\/drogriporter.hu\/en\/wp-json\/wp\/v2\/tags?post=11963"},{"taxonomy":"countries","embeddable":true,"href":"https:\/\/drogriporter.hu\/en\/wp-json\/wp\/v2\/countries?post=11963"},{"taxonomy":"section","embeddable":true,"href":"https:\/\/drogriporter.hu\/en\/wp-json\/wp\/v2\/section?post=11963"},{"taxonomy":"video-author","embeddable":true,"href":"https:\/\/drogriporter.hu\/en\/wp-json\/wp\/v2\/video-author?post=11963"},{"taxonomy":"drug","embeddable":true,"href":"https:\/\/drogriporter.hu\/en\/wp-json\/wp\/v2\/drug?post=11963"},{"taxonomy":"archive","embeddable":true,"href":"https:\/\/drogriporter.hu\/en\/wp-json\/wp\/v2\/archive?post=11963"},{"taxonomy":"video-series","embeddable":true,"href":"https:\/\/drogriporter.hu\/en\/wp-json\/wp\/v2\/video-series?post=11963"}],"curies":[{"name":"wp","href":"https:\/\/api.w.org\/{rel}","templated":true}]}}