{"id":18312,"date":"2021-04-13T17:51:06","date_gmt":"2021-04-13T15:51:06","guid":{"rendered":"https:\/\/drogriporter.hu\/?p=18312"},"modified":"2022-08-16T12:48:45","modified_gmt":"2022-08-16T10:48:45","slug":"will-colombia-restart-aerial-coca-spraying-drugreporter-cafe-s01e07","status":"publish","type":"post","link":"https:\/\/drogriporter.hu\/en\/will-colombia-restart-aerial-coca-spraying-drugreporter-cafe-s01e07\/","title":{"rendered":"Will Colombia Restart Aerial Coca Spraying? | Drugreporter Caf\u00e9 | S01E07"},"content":{"rendered":"\n<p>The Colombian government announced that it will restart is controversial aerial fumigation program to eradicate coca fields. But does it provide any alternative livelihood to coca farmers? Did it fulfil its promises to support poor rural communities? And what do we know about the risks of forced eradication on public health and the environment? Watch this next episode of Drugreporter Caf\u00e9 learn the answers to these questions from our two guests, Isabel Pereira (Dejusticia) and Elizabeth Dickinson (International Crisis Group).<\/p>\n\n\n\n<!--more-->\n\n\n\n<figure class=\"wp-block-embed is-type-video is-provider-youtube wp-block-embed-youtube wp-embed-aspect-16-9 wp-has-aspect-ratio\"><div class=\"wp-block-embed__wrapper\">\n<iframe loading=\"lazy\" title=\"Will Colombia Restart Aerial Coca Spraying? | Drugreporter Caf\u00e9 | S01E07\" width=\"500\" height=\"281\" src=\"https:\/\/www.youtube.com\/embed\/4nb5RBcMlYI?feature=oembed\" frameborder=\"0\" allow=\"accelerometer; autoplay; clipboard-write; encrypted-media; gyroscope; picture-in-picture; web-share\" referrerpolicy=\"strict-origin-when-cross-origin\" allowfullscreen><\/iframe>\n<\/div><\/figure>\n\n\n\n<p>Available in podcast format as well:<\/p>\n\n\n\n<figure class=\"wp-block-embed is-type-rich is-provider-spotify wp-block-embed-spotify wp-embed-aspect-21-9 wp-has-aspect-ratio no-fitvids\"><div class=\"wp-block-embed__wrapper\">\n<iframe title=\"Spotify Embed: Will Colombia Restart Aerial Coca Spraying? | Drugreporter Caf\u00e9 | S01E07\" style=\"border-radius: 12px\" width=\"100%\" height=\"152\" frameborder=\"0\" allowfullscreen allow=\"autoplay; clipboard-write; encrypted-media; fullscreen; picture-in-picture\" loading=\"lazy\" src=\"https:\/\/open.spotify.com\/embed\/episode\/1zqUSaO4zjFqAk69sCdLKm?si=zebbkWoET_-C8lgZw-1Heg&#038;utm_source=oembed\"><\/iframe>\n<\/div><\/figure>\n","protected":false},"excerpt":{"rendered":"<p>The Colombian government announced that it will restart is controversial aerial fumigation program to eradicate coca fields. But does it provide any alternative livelihood to coca farmers? Did it fulfil its promises to support poor rural communities? And what do we know about the risks of forced eradication on public health and the environment? Watch this next episode of Drugreporter Caf\u00e9 learn the answers to these questions from our two guests, Isabel Pereira (Dejusticia) and Elizabeth Dickinson (International Crisis Group).<\/p>\n","protected":false},"author":1002,"featured_media":18313,"comment_status":"closed","ping_status":"closed","sticky":false,"template":"","format":"standard","meta":{"_genesis_hide_title":false,"_genesis_hide_breadcrumbs":false,"_genesis_hide_singular_image":false,"_genesis_hide_footer_widgets":false,"_genesis_custom_body_class":"","_genesis_custom_post_class":"","_genesis_layout":"","footnotes":""},"categories":[2900,2894],"tags":[],"countries":[2974],"section":[],"video-author":[2921],"drug":[],"archive":[3212,3214],"video-series":[3217],"class_list":{"0":"post-18312","1":"post","2":"type-post","3":"status-publish","4":"format-standard","5":"has-post-thumbnail","7":"category-articles","8":"category-video-database","9":"countries-colombia","10":"video-author-drugreporter","11":"archive-criminalisation","12":"archive-drug-policy-and-law","13":"video-series-drugreporter-cafe","14":"entry"},"featured_image_src":"https:\/\/drogriporter.hu\/wp-content\/uploads\/sites\/8\/2021\/04\/drugreporter-cafe-colombia-600x400.jpg","author_info":{"display_name":"Istv\u00e1n G\u00e1bor Tak\u00e1cs","author_link":"https:\/\/drogriporter.hu\/en\/author\/idoru\/"},"yoast_head":"<!-- This site is optimized with the Yoast SEO Premium plugin  - https:\/\/yoast.com\/product\/yoast-seo-premium-wordpress\/ -->\n<title>Will Colombia Restart Aerial Coca Spraying? | Drugreporter Caf\u00e9 | S01E07 - Drugreporter<\/title>\n<meta name=\"robots\" content=\"index, follow, max-snippet:-1, max-image-preview:large, max-video-preview:-1\" \/>\n<link rel=\"canonical\" href=\"https:\/\/drogriporter.hu\/en\/will-colombia-restart-aerial-coca-spraying-drugreporter-cafe-s01e07\/\" \/>\n<meta property=\"og:locale\" content=\"en_US\" \/>\n<meta property=\"og:type\" content=\"article\" \/>\n<meta property=\"og:title\" content=\"Will Colombia Restart Aerial Coca Spraying? | Drugreporter Caf\u00e9 | S01E07\" \/>\n<meta property=\"og:description\" content=\"The Colombian government announced that it will restart is controversial aerial fumigation program to eradicate coca fields. But does it provide any alternative livelihood to coca farmers? Did it fulfil its promises to support poor rural communities? And what do we know about the risks of forced eradication on public health and the environment? Watch this next episode of Drugreporter Caf\u00e9 learn the answers to these questions from our two guests, Isabel Pereira (Dejusticia) and Elizabeth Dickinson (International Crisis Group).\" \/>\n<meta property=\"og:url\" content=\"https:\/\/drogriporter.hu\/en\/will-colombia-restart-aerial-coca-spraying-drugreporter-cafe-s01e07\/\" \/>\n<meta property=\"og:site_name\" content=\"Drugreporter\" \/>\n<meta property=\"article:published_time\" content=\"2021-04-13T15:51:06+00:00\" \/>\n<meta property=\"article:modified_time\" content=\"2022-08-16T10:48:45+00:00\" \/>\n<meta property=\"og:image\" content=\"https:\/\/drogriporter.hu\/wp-content\/uploads\/sites\/8\/2021\/04\/drugreporter-cafe-colombia.jpg\" \/>\n\t<meta property=\"og:image:width\" content=\"1920\" \/>\n\t<meta property=\"og:image:height\" content=\"1080\" \/>\n\t<meta property=\"og:image:type\" content=\"image\/jpeg\" \/>\n<meta name=\"author\" content=\"Istv\u00e1n G\u00e1bor Tak\u00e1cs\" \/>\n<meta name=\"twitter:card\" content=\"summary_large_image\" \/>\n<meta name=\"twitter:label1\" content=\"Written by\" \/>\n\t<meta name=\"twitter:data1\" content=\"Istv\u00e1n G\u00e1bor Tak\u00e1cs\" \/>\n\t<meta name=\"twitter:label2\" content=\"Est. reading time\" \/>\n\t<meta name=\"twitter:data2\" content=\"1 minute\" \/>\n<script type=\"application\/ld+json\" class=\"yoast-schema-graph\">{\"@context\":\"https:\\\/\\\/schema.org\",\"@graph\":[{\"@type\":\"Article\",\"@id\":\"https:\\\/\\\/drogriporter.hu\\\/en\\\/will-colombia-restart-aerial-coca-spraying-drugreporter-cafe-s01e07\\\/#article\",\"isPartOf\":{\"@id\":\"https:\\\/\\\/drogriporter.hu\\\/en\\\/will-colombia-restart-aerial-coca-spraying-drugreporter-cafe-s01e07\\\/\"},\"author\":{\"name\":\"Istv\u00e1n G\u00e1bor Tak\u00e1cs\",\"@id\":\"https:\\\/\\\/drogriporter.hu\\\/en\\\/#\\\/schema\\\/person\\\/aaf6e356ecdcc3c9a6172aeb58a1c524\"},\"headline\":\"Will Colombia Restart Aerial Coca Spraying? | Drugreporter Caf\u00e9 | S01E07\",\"datePublished\":\"2021-04-13T15:51:06+00:00\",\"dateModified\":\"2022-08-16T10:48:45+00:00\",\"mainEntityOfPage\":{\"@id\":\"https:\\\/\\\/drogriporter.hu\\\/en\\\/will-colombia-restart-aerial-coca-spraying-drugreporter-cafe-s01e07\\\/\"},\"wordCount\":114,\"image\":{\"@id\":\"https:\\\/\\\/drogriporter.hu\\\/en\\\/will-colombia-restart-aerial-coca-spraying-drugreporter-cafe-s01e07\\\/#primaryimage\"},\"thumbnailUrl\":\"https:\\\/\\\/drogriporter.hu\\\/wp-content\\\/uploads\\\/sites\\\/8\\\/2021\\\/04\\\/drugreporter-cafe-colombia.jpg\",\"articleSection\":[\"Articles\",\"Video Database\"],\"inLanguage\":\"en-US\"},{\"@type\":\"WebPage\",\"@id\":\"https:\\\/\\\/drogriporter.hu\\\/en\\\/will-colombia-restart-aerial-coca-spraying-drugreporter-cafe-s01e07\\\/\",\"url\":\"https:\\\/\\\/drogriporter.hu\\\/en\\\/will-colombia-restart-aerial-coca-spraying-drugreporter-cafe-s01e07\\\/\",\"name\":\"Will Colombia Restart Aerial Coca Spraying? | Drugreporter Caf\u00e9 | S01E07 - Drugreporter\",\"isPartOf\":{\"@id\":\"https:\\\/\\\/drogriporter.hu\\\/en\\\/#website\"},\"primaryImageOfPage\":{\"@id\":\"https:\\\/\\\/drogriporter.hu\\\/en\\\/will-colombia-restart-aerial-coca-spraying-drugreporter-cafe-s01e07\\\/#primaryimage\"},\"image\":{\"@id\":\"https:\\\/\\\/drogriporter.hu\\\/en\\\/will-colombia-restart-aerial-coca-spraying-drugreporter-cafe-s01e07\\\/#primaryimage\"},\"thumbnailUrl\":\"https:\\\/\\\/drogriporter.hu\\\/wp-content\\\/uploads\\\/sites\\\/8\\\/2021\\\/04\\\/drugreporter-cafe-colombia.jpg\",\"datePublished\":\"2021-04-13T15:51:06+00:00\",\"dateModified\":\"2022-08-16T10:48:45+00:00\",\"author\":{\"@id\":\"https:\\\/\\\/drogriporter.hu\\\/en\\\/#\\\/schema\\\/person\\\/aaf6e356ecdcc3c9a6172aeb58a1c524\"},\"breadcrumb\":{\"@id\":\"https:\\\/\\\/drogriporter.hu\\\/en\\\/will-colombia-restart-aerial-coca-spraying-drugreporter-cafe-s01e07\\\/#breadcrumb\"},\"inLanguage\":\"en-US\",\"potentialAction\":[{\"@type\":\"ReadAction\",\"target\":[\"https:\\\/\\\/drogriporter.hu\\\/en\\\/will-colombia-restart-aerial-coca-spraying-drugreporter-cafe-s01e07\\\/\"]}]},{\"@type\":\"ImageObject\",\"inLanguage\":\"en-US\",\"@id\":\"https:\\\/\\\/drogriporter.hu\\\/en\\\/will-colombia-restart-aerial-coca-spraying-drugreporter-cafe-s01e07\\\/#primaryimage\",\"url\":\"https:\\\/\\\/drogriporter.hu\\\/wp-content\\\/uploads\\\/sites\\\/8\\\/2021\\\/04\\\/drugreporter-cafe-colombia.jpg\",\"contentUrl\":\"https:\\\/\\\/drogriporter.hu\\\/wp-content\\\/uploads\\\/sites\\\/8\\\/2021\\\/04\\\/drugreporter-cafe-colombia.jpg\",\"width\":1920,\"height\":1080},{\"@type\":\"BreadcrumbList\",\"@id\":\"https:\\\/\\\/drogriporter.hu\\\/en\\\/will-colombia-restart-aerial-coca-spraying-drugreporter-cafe-s01e07\\\/#breadcrumb\",\"itemListElement\":[{\"@type\":\"ListItem\",\"position\":1,\"name\":\"Home\",\"item\":\"https:\\\/\\\/drogriporter.hu\\\/en\\\/\"},{\"@type\":\"ListItem\",\"position\":2,\"name\":\"Will Colombia Restart Aerial Coca Spraying? | Drugreporter Caf\u00e9 | S01E07\"}]},{\"@type\":\"WebSite\",\"@id\":\"https:\\\/\\\/drogriporter.hu\\\/en\\\/#website\",\"url\":\"https:\\\/\\\/drogriporter.hu\\\/en\\\/\",\"name\":\"Drugreporter\",\"description\":\"News and Films from the Frontline of the War on Drugs\",\"potentialAction\":[{\"@type\":\"SearchAction\",\"target\":{\"@type\":\"EntryPoint\",\"urlTemplate\":\"https:\\\/\\\/drogriporter.hu\\\/en\\\/?s={search_term_string}\"},\"query-input\":{\"@type\":\"PropertyValueSpecification\",\"valueRequired\":true,\"valueName\":\"search_term_string\"}}],\"inLanguage\":\"en-US\"},{\"@type\":\"Person\",\"@id\":\"https:\\\/\\\/drogriporter.hu\\\/en\\\/#\\\/schema\\\/person\\\/aaf6e356ecdcc3c9a6172aeb58a1c524\",\"name\":\"Istv\u00e1n G\u00e1bor Tak\u00e1cs\",\"image\":{\"@type\":\"ImageObject\",\"inLanguage\":\"en-US\",\"@id\":\"https:\\\/\\\/secure.gravatar.com\\\/avatar\\\/658e7317f4c0b7ad030de0732edc52bd87a40097c378d9f945212f914567946c?s=96&d=mm&r=g\",\"url\":\"https:\\\/\\\/secure.gravatar.com\\\/avatar\\\/658e7317f4c0b7ad030de0732edc52bd87a40097c378d9f945212f914567946c?s=96&d=mm&r=g\",\"contentUrl\":\"https:\\\/\\\/secure.gravatar.com\\\/avatar\\\/658e7317f4c0b7ad030de0732edc52bd87a40097c378d9f945212f914567946c?s=96&d=mm&r=g\",\"caption\":\"Istv\u00e1n G\u00e1bor Tak\u00e1cs\"},\"description\":\"Istv\u00e1n G\u00e1bor Tak\u00e1cs is a human rights activist, videographer and trainer. He ran the Video Advocacy Program of the Hungarian Civil Liberties Union between 2007-2015. He worked as a needle exchange program counselor for 5 years. He is author of several articles on harm reduction and cameraman, editor, director and co-director of more than 700 online videos, among them longer documentaries, such as \u201cKostya Proletarsky\u201d (2020), \u201cTaking Back What\u2019s Ours: An Oral History of the Movement of People who Use Drugs\u201d (2020) \u201dA Day in the Life: The World of Humans Who Use Drugs\u201d (2016), \u201cWithout Rights\u201d (2009), \u201cWithout a Chance\u201d (2014), \u201cRoom in the 8th District\u201d (2014) and \u201cThe Invisible\u201d (2011). Since 2016 he works at the Rights Reporter Foundation, where besides producing films, he is training activists in video advocacy.\",\"sameAs\":[\"takacsistvangabor@rightsreporter.net\"],\"url\":\"https:\\\/\\\/drogriporter.hu\\\/en\\\/author\\\/idoru\\\/\"}]}<\/script>\n<!-- \/ Yoast SEO Premium plugin. -->","yoast_head_json":{"title":"Will Colombia Restart Aerial Coca Spraying? | Drugreporter Caf\u00e9 | S01E07 - Drugreporter","robots":{"index":"index","follow":"follow","max-snippet":"max-snippet:-1","max-image-preview":"max-image-preview:large","max-video-preview":"max-video-preview:-1"},"canonical":"https:\/\/drogriporter.hu\/en\/will-colombia-restart-aerial-coca-spraying-drugreporter-cafe-s01e07\/","og_locale":"en_US","og_type":"article","og_title":"Will Colombia Restart Aerial Coca Spraying? | Drugreporter Caf\u00e9 | S01E07","og_description":"The Colombian government announced that it will restart is controversial aerial fumigation program to eradicate coca fields. But does it provide any alternative livelihood to coca farmers? Did it fulfil its promises to support poor rural communities? And what do we know about the risks of forced eradication on public health and the environment? Watch this next episode of Drugreporter Caf\u00e9 learn the answers to these questions from our two guests, Isabel Pereira (Dejusticia) and Elizabeth Dickinson (International Crisis Group).","og_url":"https:\/\/drogriporter.hu\/en\/will-colombia-restart-aerial-coca-spraying-drugreporter-cafe-s01e07\/","og_site_name":"Drugreporter","article_published_time":"2021-04-13T15:51:06+00:00","article_modified_time":"2022-08-16T10:48:45+00:00","og_image":[{"width":1920,"height":1080,"url":"https:\/\/drogriporter.hu\/wp-content\/uploads\/sites\/8\/2021\/04\/drugreporter-cafe-colombia.jpg","type":"image\/jpeg"}],"author":"Istv\u00e1n G\u00e1bor Tak\u00e1cs","twitter_card":"summary_large_image","twitter_misc":{"Written by":"Istv\u00e1n G\u00e1bor Tak\u00e1cs","Est. reading time":"1 minute"},"schema":{"@context":"https:\/\/schema.org","@graph":[{"@type":"Article","@id":"https:\/\/drogriporter.hu\/en\/will-colombia-restart-aerial-coca-spraying-drugreporter-cafe-s01e07\/#article","isPartOf":{"@id":"https:\/\/drogriporter.hu\/en\/will-colombia-restart-aerial-coca-spraying-drugreporter-cafe-s01e07\/"},"author":{"name":"Istv\u00e1n G\u00e1bor Tak\u00e1cs","@id":"https:\/\/drogriporter.hu\/en\/#\/schema\/person\/aaf6e356ecdcc3c9a6172aeb58a1c524"},"headline":"Will Colombia Restart Aerial Coca Spraying? | Drugreporter Caf\u00e9 | S01E07","datePublished":"2021-04-13T15:51:06+00:00","dateModified":"2022-08-16T10:48:45+00:00","mainEntityOfPage":{"@id":"https:\/\/drogriporter.hu\/en\/will-colombia-restart-aerial-coca-spraying-drugreporter-cafe-s01e07\/"},"wordCount":114,"image":{"@id":"https:\/\/drogriporter.hu\/en\/will-colombia-restart-aerial-coca-spraying-drugreporter-cafe-s01e07\/#primaryimage"},"thumbnailUrl":"https:\/\/drogriporter.hu\/wp-content\/uploads\/sites\/8\/2021\/04\/drugreporter-cafe-colombia.jpg","articleSection":["Articles","Video Database"],"inLanguage":"en-US"},{"@type":"WebPage","@id":"https:\/\/drogriporter.hu\/en\/will-colombia-restart-aerial-coca-spraying-drugreporter-cafe-s01e07\/","url":"https:\/\/drogriporter.hu\/en\/will-colombia-restart-aerial-coca-spraying-drugreporter-cafe-s01e07\/","name":"Will Colombia Restart Aerial Coca Spraying? | Drugreporter Caf\u00e9 | S01E07 - Drugreporter","isPartOf":{"@id":"https:\/\/drogriporter.hu\/en\/#website"},"primaryImageOfPage":{"@id":"https:\/\/drogriporter.hu\/en\/will-colombia-restart-aerial-coca-spraying-drugreporter-cafe-s01e07\/#primaryimage"},"image":{"@id":"https:\/\/drogriporter.hu\/en\/will-colombia-restart-aerial-coca-spraying-drugreporter-cafe-s01e07\/#primaryimage"},"thumbnailUrl":"https:\/\/drogriporter.hu\/wp-content\/uploads\/sites\/8\/2021\/04\/drugreporter-cafe-colombia.jpg","datePublished":"2021-04-13T15:51:06+00:00","dateModified":"2022-08-16T10:48:45+00:00","author":{"@id":"https:\/\/drogriporter.hu\/en\/#\/schema\/person\/aaf6e356ecdcc3c9a6172aeb58a1c524"},"breadcrumb":{"@id":"https:\/\/drogriporter.hu\/en\/will-colombia-restart-aerial-coca-spraying-drugreporter-cafe-s01e07\/#breadcrumb"},"inLanguage":"en-US","potentialAction":[{"@type":"ReadAction","target":["https:\/\/drogriporter.hu\/en\/will-colombia-restart-aerial-coca-spraying-drugreporter-cafe-s01e07\/"]}]},{"@type":"ImageObject","inLanguage":"en-US","@id":"https:\/\/drogriporter.hu\/en\/will-colombia-restart-aerial-coca-spraying-drugreporter-cafe-s01e07\/#primaryimage","url":"https:\/\/drogriporter.hu\/wp-content\/uploads\/sites\/8\/2021\/04\/drugreporter-cafe-colombia.jpg","contentUrl":"https:\/\/drogriporter.hu\/wp-content\/uploads\/sites\/8\/2021\/04\/drugreporter-cafe-colombia.jpg","width":1920,"height":1080},{"@type":"BreadcrumbList","@id":"https:\/\/drogriporter.hu\/en\/will-colombia-restart-aerial-coca-spraying-drugreporter-cafe-s01e07\/#breadcrumb","itemListElement":[{"@type":"ListItem","position":1,"name":"Home","item":"https:\/\/drogriporter.hu\/en\/"},{"@type":"ListItem","position":2,"name":"Will Colombia Restart Aerial Coca Spraying? | Drugreporter Caf\u00e9 | S01E07"}]},{"@type":"WebSite","@id":"https:\/\/drogriporter.hu\/en\/#website","url":"https:\/\/drogriporter.hu\/en\/","name":"Drugreporter","description":"News and Films from the Frontline of the War on Drugs","potentialAction":[{"@type":"SearchAction","target":{"@type":"EntryPoint","urlTemplate":"https:\/\/drogriporter.hu\/en\/?s={search_term_string}"},"query-input":{"@type":"PropertyValueSpecification","valueRequired":true,"valueName":"search_term_string"}}],"inLanguage":"en-US"},{"@type":"Person","@id":"https:\/\/drogriporter.hu\/en\/#\/schema\/person\/aaf6e356ecdcc3c9a6172aeb58a1c524","name":"Istv\u00e1n G\u00e1bor Tak\u00e1cs","image":{"@type":"ImageObject","inLanguage":"en-US","@id":"https:\/\/secure.gravatar.com\/avatar\/658e7317f4c0b7ad030de0732edc52bd87a40097c378d9f945212f914567946c?s=96&d=mm&r=g","url":"https:\/\/secure.gravatar.com\/avatar\/658e7317f4c0b7ad030de0732edc52bd87a40097c378d9f945212f914567946c?s=96&d=mm&r=g","contentUrl":"https:\/\/secure.gravatar.com\/avatar\/658e7317f4c0b7ad030de0732edc52bd87a40097c378d9f945212f914567946c?s=96&d=mm&r=g","caption":"Istv\u00e1n G\u00e1bor Tak\u00e1cs"},"description":"Istv\u00e1n G\u00e1bor Tak\u00e1cs is a human rights activist, videographer and trainer. He ran the Video Advocacy Program of the Hungarian Civil Liberties Union between 2007-2015. He worked as a needle exchange program counselor for 5 years. He is author of several articles on harm reduction and cameraman, editor, director and co-director of more than 700 online videos, among them longer documentaries, such as \u201cKostya Proletarsky\u201d (2020), \u201cTaking Back What\u2019s Ours: An Oral History of the Movement of People who Use Drugs\u201d (2020) \u201dA Day in the Life: The World of Humans Who Use Drugs\u201d (2016), \u201cWithout Rights\u201d (2009), \u201cWithout a Chance\u201d (2014), \u201cRoom in the 8th District\u201d (2014) and \u201cThe Invisible\u201d (2011). Since 2016 he works at the Rights Reporter Foundation, where besides producing films, he is training activists in video advocacy.","sameAs":["takacsistvangabor@rightsreporter.net"],"url":"https:\/\/drogriporter.hu\/en\/author\/idoru\/"}]}},"featured_image_src_square":"https:\/\/drogriporter.hu\/wp-content\/uploads\/sites\/8\/2021\/04\/drugreporter-cafe-colombia-600x600.jpg","_links":{"self":[{"href":"https:\/\/drogriporter.hu\/en\/wp-json\/wp\/v2\/posts\/18312","targetHints":{"allow":["GET"]}}],"collection":[{"href":"https:\/\/drogriporter.hu\/en\/wp-json\/wp\/v2\/posts"}],"about":[{"href":"https:\/\/drogriporter.hu\/en\/wp-json\/wp\/v2\/types\/post"}],"author":[{"embeddable":true,"href":"https:\/\/drogriporter.hu\/en\/wp-json\/wp\/v2\/users\/1002"}],"replies":[{"embeddable":true,"href":"https:\/\/drogriporter.hu\/en\/wp-json\/wp\/v2\/comments?post=18312"}],"version-history":[{"count":0,"href":"https:\/\/drogriporter.hu\/en\/wp-json\/wp\/v2\/posts\/18312\/revisions"}],"wp:featuredmedia":[{"embeddable":true,"href":"https:\/\/drogriporter.hu\/en\/wp-json\/wp\/v2\/media\/18313"}],"wp:attachment":[{"href":"https:\/\/drogriporter.hu\/en\/wp-json\/wp\/v2\/media?parent=18312"}],"wp:term":[{"taxonomy":"category","embeddable":true,"href":"https:\/\/drogriporter.hu\/en\/wp-json\/wp\/v2\/categories?post=18312"},{"taxonomy":"post_tag","embeddable":true,"href":"https:\/\/drogriporter.hu\/en\/wp-json\/wp\/v2\/tags?post=18312"},{"taxonomy":"countries","embeddable":true,"href":"https:\/\/drogriporter.hu\/en\/wp-json\/wp\/v2\/countries?post=18312"},{"taxonomy":"section","embeddable":true,"href":"https:\/\/drogriporter.hu\/en\/wp-json\/wp\/v2\/section?post=18312"},{"taxonomy":"video-author","embeddable":true,"href":"https:\/\/drogriporter.hu\/en\/wp-json\/wp\/v2\/video-author?post=18312"},{"taxonomy":"drug","embeddable":true,"href":"https:\/\/drogriporter.hu\/en\/wp-json\/wp\/v2\/drug?post=18312"},{"taxonomy":"archive","embeddable":true,"href":"https:\/\/drogriporter.hu\/en\/wp-json\/wp\/v2\/archive?post=18312"},{"taxonomy":"video-series","embeddable":true,"href":"https:\/\/drogriporter.hu\/en\/wp-json\/wp\/v2\/video-series?post=18312"}],"curies":[{"name":"wp","href":"https:\/\/api.w.org\/{rel}","templated":true}]}}