{"id":28123,"date":"2023-03-03T17:55:23","date_gmt":"2023-03-03T16:55:23","guid":{"rendered":"https:\/\/drogriporter.hu\/?p=28123"},"modified":"2023-03-03T17:56:19","modified_gmt":"2023-03-03T16:56:19","slug":"hr23-film-festival-in-melbourne-call-for-submissions","status":"publish","type":"post","link":"https:\/\/drogriporter.hu\/en\/hr23-film-festival-in-melbourne-call-for-submissions\/","title":{"rendered":"HR23 Film Festival in Melbourne &#8211; Call for Submissions!"},"content":{"rendered":"\n<p>The Rights Reporter Foundation and Harm Reduction International, with the support of Elton John AIDS Foundation, welcomes entries to the Film Festival at the 27th Harm Reduction International Conference!&nbsp;<\/p>\n\n\n\n<!--more-->\n\n\n\n<p>The Film Festival will provide an opportunity for participants to watch and discuss thought-provoking films about harm reduction and drug policies produced by film makers and activists from all over the world.<\/p>\n\n\n\n<p>The 27th Harm Reduction International Conference will take place in Melbourne, between 16-19 April, 2023.<\/p>\n\n\n\n<p>We are now accepting submissions to the Festival!<\/p>\n\n\n\n<p><strong>The<\/strong> <strong>deadline for applications is 3 April 2023 (0:00 am CET)<\/strong>.<\/p>\n\n\n\n<p><strong><a href=\"https:\/\/forms.gle\/x5r4RMeDpeqSK5sG8\" target=\"_blank\" rel=\"noreferrer noopener\">To enter, fill out this simple form here.&nbsp;<\/a><\/strong><\/p>\n\n\n\n<p>Rules of application:<\/p>\n\n\n\n<ul class=\"wp-block-list\">\n<li>No entry fee for applications<\/li>\n\n\n\n<li>The movie should have English subtitles (or be in English language)<\/li>\n\n\n\n<li>Entry forms must be completed in English<\/li>\n\n\n\n<li>Production dates must be between April 2019 and April 2023<\/li>\n\n\n\n<li>A separate application must be made for each film<\/li>\n\n\n\n<li>Films that have already been presented at other festivals or published online ARE eligible<\/li>\n<\/ul>\n\n\n\n<p>The best films will be selected for screening by reviewers, based on the following criteria:<\/p>\n\n\n\n<ul class=\"wp-block-list\">\n<li>The film\u2019s message shall promote the philosophy and practice of harm reduction<\/li>\n\n\n\n<li>The film shall exhibit sensitivity to the human rights of people who use drugs<\/li>\n\n\n\n<li>The quality of the movie<\/li>\n\n\n\n<li>The creativity of the production<\/li>\n<\/ul>\n\n\n\n<p>The Film Festival team includes activists working for the Budapest-based Rights Reporter Foundation and its drug policy website, Drugreporter.<\/p>\n","protected":false},"excerpt":{"rendered":"<p>The Rights Reporter Foundation and Harm Reduction International, with the support of Elton John AIDS Foundation, welcomes entries to the Film Festival at the 27th Harm Reduction International Conference!\u00a0<\/p>\n","protected":false},"author":1002,"featured_media":28124,"comment_status":"closed","ping_status":"closed","sticky":false,"template":"","format":"standard","meta":{"_genesis_hide_title":false,"_genesis_hide_breadcrumbs":false,"_genesis_hide_singular_image":false,"_genesis_hide_footer_widgets":false,"_genesis_custom_body_class":"","_genesis_custom_post_class":"","_genesis_layout":"","footnotes":""},"categories":[2900,2896,2895,2894],"tags":[],"countries":[2708],"section":[],"video-author":[],"drug":[],"archive":[3210,3222],"video-series":[3225],"class_list":{"0":"post-28123","1":"post","2":"type-post","3":"status-publish","4":"format-standard","5":"has-post-thumbnail","7":"category-articles","8":"category-drugreporter-video-advocacy-network","9":"category-dunews-en","10":"category-video-database","11":"countries-australia-en","12":"archive-activism","13":"archive-harm-reduction","14":"video-series-international-harm-reduction-conferences","15":"entry"},"featured_image_src":"https:\/\/drogriporter.hu\/wp-content\/uploads\/sites\/8\/2023\/03\/hr23-film-festival-logos-600x400.jpg","author_info":{"display_name":"Istv\u00e1n G\u00e1bor Tak\u00e1cs","author_link":"https:\/\/drogriporter.hu\/en\/author\/idoru\/"},"yoast_head":"<!-- This site is optimized with the Yoast SEO Premium plugin  - https:\/\/yoast.com\/product\/yoast-seo-premium-wordpress\/ -->\n<title>HR23 Film Festival in Melbourne - Call for Submissions! - Drugreporter<\/title>\n<meta name=\"robots\" content=\"index, follow, max-snippet:-1, max-image-preview:large, max-video-preview:-1\" \/>\n<link rel=\"canonical\" href=\"https:\/\/drogriporter.hu\/en\/hr23-film-festival-in-melbourne-call-for-submissions\/\" \/>\n<meta property=\"og:locale\" content=\"en_US\" \/>\n<meta property=\"og:type\" content=\"article\" \/>\n<meta property=\"og:title\" content=\"HR23 Film Festival in Melbourne - Call for Submissions!\" \/>\n<meta property=\"og:description\" content=\"The Rights Reporter Foundation and Harm Reduction International, with the support of Elton John AIDS Foundation, welcomes entries to the Film Festival at the 27th Harm Reduction International Conference!\u00a0\" \/>\n<meta property=\"og:url\" content=\"https:\/\/drogriporter.hu\/en\/hr23-film-festival-in-melbourne-call-for-submissions\/\" \/>\n<meta property=\"og:site_name\" content=\"Drugreporter\" \/>\n<meta property=\"article:published_time\" content=\"2023-03-03T16:55:23+00:00\" \/>\n<meta property=\"article:modified_time\" content=\"2023-03-03T16:56:19+00:00\" \/>\n<meta property=\"og:image\" content=\"https:\/\/drogriporter.hu\/wp-content\/uploads\/sites\/8\/2023\/03\/hr23-film-festival-logos.jpg\" \/>\n\t<meta property=\"og:image:width\" content=\"1920\" \/>\n\t<meta property=\"og:image:height\" content=\"1080\" \/>\n\t<meta property=\"og:image:type\" content=\"image\/jpeg\" \/>\n<meta name=\"author\" content=\"Istv\u00e1n G\u00e1bor Tak\u00e1cs\" \/>\n<meta name=\"twitter:card\" content=\"summary_large_image\" \/>\n<meta name=\"twitter:label1\" content=\"Written by\" \/>\n\t<meta name=\"twitter:data1\" content=\"Istv\u00e1n G\u00e1bor Tak\u00e1cs\" \/>\n\t<meta name=\"twitter:label2\" content=\"Est. reading time\" \/>\n\t<meta name=\"twitter:data2\" content=\"2 minutes\" \/>\n<script type=\"application\/ld+json\" class=\"yoast-schema-graph\">{\"@context\":\"https:\\\/\\\/schema.org\",\"@graph\":[{\"@type\":\"Article\",\"@id\":\"https:\\\/\\\/drogriporter.hu\\\/en\\\/hr23-film-festival-in-melbourne-call-for-submissions\\\/#article\",\"isPartOf\":{\"@id\":\"https:\\\/\\\/drogriporter.hu\\\/en\\\/hr23-film-festival-in-melbourne-call-for-submissions\\\/\"},\"author\":{\"name\":\"Istv\u00e1n G\u00e1bor Tak\u00e1cs\",\"@id\":\"https:\\\/\\\/drogriporter.hu\\\/en\\\/#\\\/schema\\\/person\\\/aaf6e356ecdcc3c9a6172aeb58a1c524\"},\"headline\":\"HR23 Film Festival in Melbourne &#8211; Call for Submissions!\",\"datePublished\":\"2023-03-03T16:55:23+00:00\",\"dateModified\":\"2023-03-03T16:56:19+00:00\",\"mainEntityOfPage\":{\"@id\":\"https:\\\/\\\/drogriporter.hu\\\/en\\\/hr23-film-festival-in-melbourne-call-for-submissions\\\/\"},\"wordCount\":238,\"image\":{\"@id\":\"https:\\\/\\\/drogriporter.hu\\\/en\\\/hr23-film-festival-in-melbourne-call-for-submissions\\\/#primaryimage\"},\"thumbnailUrl\":\"https:\\\/\\\/drogriporter.hu\\\/wp-content\\\/uploads\\\/sites\\\/8\\\/2023\\\/03\\\/hr23-film-festival-logos.jpg\",\"articleSection\":[\"Articles\",\"Drugreporter Video Advocacy Network\",\"DUNEWS\",\"Video Database\"],\"inLanguage\":\"en-US\"},{\"@type\":\"WebPage\",\"@id\":\"https:\\\/\\\/drogriporter.hu\\\/en\\\/hr23-film-festival-in-melbourne-call-for-submissions\\\/\",\"url\":\"https:\\\/\\\/drogriporter.hu\\\/en\\\/hr23-film-festival-in-melbourne-call-for-submissions\\\/\",\"name\":\"HR23 Film Festival in Melbourne - Call for Submissions! - Drugreporter\",\"isPartOf\":{\"@id\":\"https:\\\/\\\/drogriporter.hu\\\/en\\\/#website\"},\"primaryImageOfPage\":{\"@id\":\"https:\\\/\\\/drogriporter.hu\\\/en\\\/hr23-film-festival-in-melbourne-call-for-submissions\\\/#primaryimage\"},\"image\":{\"@id\":\"https:\\\/\\\/drogriporter.hu\\\/en\\\/hr23-film-festival-in-melbourne-call-for-submissions\\\/#primaryimage\"},\"thumbnailUrl\":\"https:\\\/\\\/drogriporter.hu\\\/wp-content\\\/uploads\\\/sites\\\/8\\\/2023\\\/03\\\/hr23-film-festival-logos.jpg\",\"datePublished\":\"2023-03-03T16:55:23+00:00\",\"dateModified\":\"2023-03-03T16:56:19+00:00\",\"author\":{\"@id\":\"https:\\\/\\\/drogriporter.hu\\\/en\\\/#\\\/schema\\\/person\\\/aaf6e356ecdcc3c9a6172aeb58a1c524\"},\"breadcrumb\":{\"@id\":\"https:\\\/\\\/drogriporter.hu\\\/en\\\/hr23-film-festival-in-melbourne-call-for-submissions\\\/#breadcrumb\"},\"inLanguage\":\"en-US\",\"potentialAction\":[{\"@type\":\"ReadAction\",\"target\":[\"https:\\\/\\\/drogriporter.hu\\\/en\\\/hr23-film-festival-in-melbourne-call-for-submissions\\\/\"]}]},{\"@type\":\"ImageObject\",\"inLanguage\":\"en-US\",\"@id\":\"https:\\\/\\\/drogriporter.hu\\\/en\\\/hr23-film-festival-in-melbourne-call-for-submissions\\\/#primaryimage\",\"url\":\"https:\\\/\\\/drogriporter.hu\\\/wp-content\\\/uploads\\\/sites\\\/8\\\/2023\\\/03\\\/hr23-film-festival-logos.jpg\",\"contentUrl\":\"https:\\\/\\\/drogriporter.hu\\\/wp-content\\\/uploads\\\/sites\\\/8\\\/2023\\\/03\\\/hr23-film-festival-logos.jpg\",\"width\":1920,\"height\":1080},{\"@type\":\"BreadcrumbList\",\"@id\":\"https:\\\/\\\/drogriporter.hu\\\/en\\\/hr23-film-festival-in-melbourne-call-for-submissions\\\/#breadcrumb\",\"itemListElement\":[{\"@type\":\"ListItem\",\"position\":1,\"name\":\"Home\",\"item\":\"https:\\\/\\\/drogriporter.hu\\\/en\\\/\"},{\"@type\":\"ListItem\",\"position\":2,\"name\":\"HR23 Film Festival in Melbourne &#8211; Call for Submissions!\"}]},{\"@type\":\"WebSite\",\"@id\":\"https:\\\/\\\/drogriporter.hu\\\/en\\\/#website\",\"url\":\"https:\\\/\\\/drogriporter.hu\\\/en\\\/\",\"name\":\"Drugreporter\",\"description\":\"News and Films from the Frontline of the War on Drugs\",\"potentialAction\":[{\"@type\":\"SearchAction\",\"target\":{\"@type\":\"EntryPoint\",\"urlTemplate\":\"https:\\\/\\\/drogriporter.hu\\\/en\\\/?s={search_term_string}\"},\"query-input\":{\"@type\":\"PropertyValueSpecification\",\"valueRequired\":true,\"valueName\":\"search_term_string\"}}],\"inLanguage\":\"en-US\"},{\"@type\":\"Person\",\"@id\":\"https:\\\/\\\/drogriporter.hu\\\/en\\\/#\\\/schema\\\/person\\\/aaf6e356ecdcc3c9a6172aeb58a1c524\",\"name\":\"Istv\u00e1n G\u00e1bor Tak\u00e1cs\",\"image\":{\"@type\":\"ImageObject\",\"inLanguage\":\"en-US\",\"@id\":\"https:\\\/\\\/secure.gravatar.com\\\/avatar\\\/658e7317f4c0b7ad030de0732edc52bd87a40097c378d9f945212f914567946c?s=96&d=mm&r=g\",\"url\":\"https:\\\/\\\/secure.gravatar.com\\\/avatar\\\/658e7317f4c0b7ad030de0732edc52bd87a40097c378d9f945212f914567946c?s=96&d=mm&r=g\",\"contentUrl\":\"https:\\\/\\\/secure.gravatar.com\\\/avatar\\\/658e7317f4c0b7ad030de0732edc52bd87a40097c378d9f945212f914567946c?s=96&d=mm&r=g\",\"caption\":\"Istv\u00e1n G\u00e1bor Tak\u00e1cs\"},\"description\":\"Istv\u00e1n G\u00e1bor Tak\u00e1cs is a human rights activist, videographer and trainer. He ran the Video Advocacy Program of the Hungarian Civil Liberties Union between 2007-2015. He worked as a needle exchange program counselor for 5 years. He is author of several articles on harm reduction and cameraman, editor, director and co-director of more than 700 online videos, among them longer documentaries, such as \u201cKostya Proletarsky\u201d (2020), \u201cTaking Back What\u2019s Ours: An Oral History of the Movement of People who Use Drugs\u201d (2020) \u201dA Day in the Life: The World of Humans Who Use Drugs\u201d (2016), \u201cWithout Rights\u201d (2009), \u201cWithout a Chance\u201d (2014), \u201cRoom in the 8th District\u201d (2014) and \u201cThe Invisible\u201d (2011). Since 2016 he works at the Rights Reporter Foundation, where besides producing films, he is training activists in video advocacy.\",\"sameAs\":[\"takacsistvangabor@rightsreporter.net\"],\"url\":\"https:\\\/\\\/drogriporter.hu\\\/en\\\/author\\\/idoru\\\/\"}]}<\/script>\n<!-- \/ Yoast SEO Premium plugin. -->","yoast_head_json":{"title":"HR23 Film Festival in Melbourne - Call for Submissions! - Drugreporter","robots":{"index":"index","follow":"follow","max-snippet":"max-snippet:-1","max-image-preview":"max-image-preview:large","max-video-preview":"max-video-preview:-1"},"canonical":"https:\/\/drogriporter.hu\/en\/hr23-film-festival-in-melbourne-call-for-submissions\/","og_locale":"en_US","og_type":"article","og_title":"HR23 Film Festival in Melbourne - Call for Submissions!","og_description":"The Rights Reporter Foundation and Harm Reduction International, with the support of Elton John AIDS Foundation, welcomes entries to the Film Festival at the 27th Harm Reduction International Conference!\u00a0","og_url":"https:\/\/drogriporter.hu\/en\/hr23-film-festival-in-melbourne-call-for-submissions\/","og_site_name":"Drugreporter","article_published_time":"2023-03-03T16:55:23+00:00","article_modified_time":"2023-03-03T16:56:19+00:00","og_image":[{"width":1920,"height":1080,"url":"https:\/\/drogriporter.hu\/wp-content\/uploads\/sites\/8\/2023\/03\/hr23-film-festival-logos.jpg","type":"image\/jpeg"}],"author":"Istv\u00e1n G\u00e1bor Tak\u00e1cs","twitter_card":"summary_large_image","twitter_misc":{"Written by":"Istv\u00e1n G\u00e1bor Tak\u00e1cs","Est. reading time":"2 minutes"},"schema":{"@context":"https:\/\/schema.org","@graph":[{"@type":"Article","@id":"https:\/\/drogriporter.hu\/en\/hr23-film-festival-in-melbourne-call-for-submissions\/#article","isPartOf":{"@id":"https:\/\/drogriporter.hu\/en\/hr23-film-festival-in-melbourne-call-for-submissions\/"},"author":{"name":"Istv\u00e1n G\u00e1bor Tak\u00e1cs","@id":"https:\/\/drogriporter.hu\/en\/#\/schema\/person\/aaf6e356ecdcc3c9a6172aeb58a1c524"},"headline":"HR23 Film Festival in Melbourne &#8211; Call for Submissions!","datePublished":"2023-03-03T16:55:23+00:00","dateModified":"2023-03-03T16:56:19+00:00","mainEntityOfPage":{"@id":"https:\/\/drogriporter.hu\/en\/hr23-film-festival-in-melbourne-call-for-submissions\/"},"wordCount":238,"image":{"@id":"https:\/\/drogriporter.hu\/en\/hr23-film-festival-in-melbourne-call-for-submissions\/#primaryimage"},"thumbnailUrl":"https:\/\/drogriporter.hu\/wp-content\/uploads\/sites\/8\/2023\/03\/hr23-film-festival-logos.jpg","articleSection":["Articles","Drugreporter Video Advocacy Network","DUNEWS","Video Database"],"inLanguage":"en-US"},{"@type":"WebPage","@id":"https:\/\/drogriporter.hu\/en\/hr23-film-festival-in-melbourne-call-for-submissions\/","url":"https:\/\/drogriporter.hu\/en\/hr23-film-festival-in-melbourne-call-for-submissions\/","name":"HR23 Film Festival in Melbourne - Call for Submissions! - Drugreporter","isPartOf":{"@id":"https:\/\/drogriporter.hu\/en\/#website"},"primaryImageOfPage":{"@id":"https:\/\/drogriporter.hu\/en\/hr23-film-festival-in-melbourne-call-for-submissions\/#primaryimage"},"image":{"@id":"https:\/\/drogriporter.hu\/en\/hr23-film-festival-in-melbourne-call-for-submissions\/#primaryimage"},"thumbnailUrl":"https:\/\/drogriporter.hu\/wp-content\/uploads\/sites\/8\/2023\/03\/hr23-film-festival-logos.jpg","datePublished":"2023-03-03T16:55:23+00:00","dateModified":"2023-03-03T16:56:19+00:00","author":{"@id":"https:\/\/drogriporter.hu\/en\/#\/schema\/person\/aaf6e356ecdcc3c9a6172aeb58a1c524"},"breadcrumb":{"@id":"https:\/\/drogriporter.hu\/en\/hr23-film-festival-in-melbourne-call-for-submissions\/#breadcrumb"},"inLanguage":"en-US","potentialAction":[{"@type":"ReadAction","target":["https:\/\/drogriporter.hu\/en\/hr23-film-festival-in-melbourne-call-for-submissions\/"]}]},{"@type":"ImageObject","inLanguage":"en-US","@id":"https:\/\/drogriporter.hu\/en\/hr23-film-festival-in-melbourne-call-for-submissions\/#primaryimage","url":"https:\/\/drogriporter.hu\/wp-content\/uploads\/sites\/8\/2023\/03\/hr23-film-festival-logos.jpg","contentUrl":"https:\/\/drogriporter.hu\/wp-content\/uploads\/sites\/8\/2023\/03\/hr23-film-festival-logos.jpg","width":1920,"height":1080},{"@type":"BreadcrumbList","@id":"https:\/\/drogriporter.hu\/en\/hr23-film-festival-in-melbourne-call-for-submissions\/#breadcrumb","itemListElement":[{"@type":"ListItem","position":1,"name":"Home","item":"https:\/\/drogriporter.hu\/en\/"},{"@type":"ListItem","position":2,"name":"HR23 Film Festival in Melbourne &#8211; Call for Submissions!"}]},{"@type":"WebSite","@id":"https:\/\/drogriporter.hu\/en\/#website","url":"https:\/\/drogriporter.hu\/en\/","name":"Drugreporter","description":"News and Films from the Frontline of the War on Drugs","potentialAction":[{"@type":"SearchAction","target":{"@type":"EntryPoint","urlTemplate":"https:\/\/drogriporter.hu\/en\/?s={search_term_string}"},"query-input":{"@type":"PropertyValueSpecification","valueRequired":true,"valueName":"search_term_string"}}],"inLanguage":"en-US"},{"@type":"Person","@id":"https:\/\/drogriporter.hu\/en\/#\/schema\/person\/aaf6e356ecdcc3c9a6172aeb58a1c524","name":"Istv\u00e1n G\u00e1bor Tak\u00e1cs","image":{"@type":"ImageObject","inLanguage":"en-US","@id":"https:\/\/secure.gravatar.com\/avatar\/658e7317f4c0b7ad030de0732edc52bd87a40097c378d9f945212f914567946c?s=96&d=mm&r=g","url":"https:\/\/secure.gravatar.com\/avatar\/658e7317f4c0b7ad030de0732edc52bd87a40097c378d9f945212f914567946c?s=96&d=mm&r=g","contentUrl":"https:\/\/secure.gravatar.com\/avatar\/658e7317f4c0b7ad030de0732edc52bd87a40097c378d9f945212f914567946c?s=96&d=mm&r=g","caption":"Istv\u00e1n G\u00e1bor Tak\u00e1cs"},"description":"Istv\u00e1n G\u00e1bor Tak\u00e1cs is a human rights activist, videographer and trainer. He ran the Video Advocacy Program of the Hungarian Civil Liberties Union between 2007-2015. He worked as a needle exchange program counselor for 5 years. He is author of several articles on harm reduction and cameraman, editor, director and co-director of more than 700 online videos, among them longer documentaries, such as \u201cKostya Proletarsky\u201d (2020), \u201cTaking Back What\u2019s Ours: An Oral History of the Movement of People who Use Drugs\u201d (2020) \u201dA Day in the Life: The World of Humans Who Use Drugs\u201d (2016), \u201cWithout Rights\u201d (2009), \u201cWithout a Chance\u201d (2014), \u201cRoom in the 8th District\u201d (2014) and \u201cThe Invisible\u201d (2011). Since 2016 he works at the Rights Reporter Foundation, where besides producing films, he is training activists in video advocacy.","sameAs":["takacsistvangabor@rightsreporter.net"],"url":"https:\/\/drogriporter.hu\/en\/author\/idoru\/"}]}},"featured_image_src_square":"https:\/\/drogriporter.hu\/wp-content\/uploads\/sites\/8\/2023\/03\/hr23-film-festival-logos-600x600.jpg","_links":{"self":[{"href":"https:\/\/drogriporter.hu\/en\/wp-json\/wp\/v2\/posts\/28123","targetHints":{"allow":["GET"]}}],"collection":[{"href":"https:\/\/drogriporter.hu\/en\/wp-json\/wp\/v2\/posts"}],"about":[{"href":"https:\/\/drogriporter.hu\/en\/wp-json\/wp\/v2\/types\/post"}],"author":[{"embeddable":true,"href":"https:\/\/drogriporter.hu\/en\/wp-json\/wp\/v2\/users\/1002"}],"replies":[{"embeddable":true,"href":"https:\/\/drogriporter.hu\/en\/wp-json\/wp\/v2\/comments?post=28123"}],"version-history":[{"count":0,"href":"https:\/\/drogriporter.hu\/en\/wp-json\/wp\/v2\/posts\/28123\/revisions"}],"wp:featuredmedia":[{"embeddable":true,"href":"https:\/\/drogriporter.hu\/en\/wp-json\/wp\/v2\/media\/28124"}],"wp:attachment":[{"href":"https:\/\/drogriporter.hu\/en\/wp-json\/wp\/v2\/media?parent=28123"}],"wp:term":[{"taxonomy":"category","embeddable":true,"href":"https:\/\/drogriporter.hu\/en\/wp-json\/wp\/v2\/categories?post=28123"},{"taxonomy":"post_tag","embeddable":true,"href":"https:\/\/drogriporter.hu\/en\/wp-json\/wp\/v2\/tags?post=28123"},{"taxonomy":"countries","embeddable":true,"href":"https:\/\/drogriporter.hu\/en\/wp-json\/wp\/v2\/countries?post=28123"},{"taxonomy":"section","embeddable":true,"href":"https:\/\/drogriporter.hu\/en\/wp-json\/wp\/v2\/section?post=28123"},{"taxonomy":"video-author","embeddable":true,"href":"https:\/\/drogriporter.hu\/en\/wp-json\/wp\/v2\/video-author?post=28123"},{"taxonomy":"drug","embeddable":true,"href":"https:\/\/drogriporter.hu\/en\/wp-json\/wp\/v2\/drug?post=28123"},{"taxonomy":"archive","embeddable":true,"href":"https:\/\/drogriporter.hu\/en\/wp-json\/wp\/v2\/archive?post=28123"},{"taxonomy":"video-series","embeddable":true,"href":"https:\/\/drogriporter.hu\/en\/wp-json\/wp\/v2\/video-series?post=28123"}],"curies":[{"name":"wp","href":"https:\/\/api.w.org\/{rel}","templated":true}]}}