{"id":29396,"date":"2023-09-27T09:36:46","date_gmt":"2023-09-27T07:36:46","guid":{"rendered":"https:\/\/drogriporter.hu\/?p=29396"},"modified":"2024-11-07T15:46:50","modified_gmt":"2024-11-07T14:46:50","slug":"putting-people-first","status":"publish","type":"post","link":"https:\/\/drogriporter.hu\/en\/putting-people-first\/","title":{"rendered":"Putting People First"},"content":{"rendered":"\n<p>In our new movie, Drugreporter gives you a snapshot of the state of drug policy in Africa.<\/p>\n\n\n\n<!--more-->\n\n\n\n<p>Thanks to the International Drug Policy Consortium&#8217;s generous support, we were able to hold the first Drugreporter Video and Media Advocacy Training course in Cape Town, South Africa in August (<a href=\"https:\/\/drogriporter.hu\/en\/african-activists-trained-in-video-and-media-advocacy-in-cape-town\/\" target=\"_blank\" rel=\"noreferrer noopener\">read our earlier report<\/a>). We used this opportunity to film and, together with the alumni of our training, we are proud to present to you this movie, filmed at the <a href=\"https:\/\/www.sadrugpolicyweek.com\/apw-2023.html\">Africa Policy<\/a><a href=\"https:\/\/www.sadrugpolicyweek.com\/apw-2023.html\" target=\"_blank\" rel=\"noreferrer noopener\"> <\/a><a href=\"https:\/\/www.sadrugpolicyweek.com\/apw-2023.html\">Week<\/a>. We interviewed experts, service providers, and activists from several African countries, to give an overview of developments in harm reduction and drug policy reform in Sub-Saharan Africa.<\/p>\n\n\n<iframe loading=\"lazy\" src=\"https:\/\/www.youtube.com\/embed\/P2FACSfRzBo\" width=\"560\" height=\"315\" frameborder=\"0\" style=\"\" allowfullscreen><\/iframe>\n\n\n\n<p><\/p>\n\n\n\n<p>It was my first time visiting South Africa. My first impressions about the country were mixed. I was astonished by the abundance of natural beauty. Table Mountain, a sacred site for the original inhabitants of this land, dominates the landscape, with a splendid view from the top to the meeting point of two oceans. But I was also shocked by the extreme social inequalities that are very much visible as you cross the town. I have seen inequality before but nowhere so sharp and definite than in South Africa. I learned later that it is the most unequal society on Earth.&nbsp;&nbsp;&nbsp;<\/p>\n\n\n\n<p>Even though Apartheid may be officially over, the poverty line (often but not always corresponding with the colour line) divides society. There are those who have &#8211; and those who have not. Those who have protect their property with barbed wire, CCTV, security guards, and high fences. And those who have nothing often sleep on the street, a few blocks from the luxury palaces and hotels of the rich, unprotected and exposed to extreme cold and heat, to hunger and sickness, to unhealed wounds and unprocessed childhood trauma.<\/p>\n\n\n\n<p>It is a no brainer that drug use is very polarised, just like everywhere else in the world where society is so unequal.. The upper and middle-classes use good quality drugs, mostly to relax, to play, and to enhance pleasure. They are rarely bothered by the police, they have access to good health care, and they have a strong social network that holds them even when they lose control. But those who were born on the wrong side of the poverty line often use cheaper and lower quality substances to forget and ease the pain and desperation of everyday life. They are often arrested by police, get imprisoned, and experience discrimination at all levels of health and social care.<\/p>\n\n\n\n<p>For a long time, the response of South Africa to illicit drugs was very one-dimensional: tough law enforcement and abstinence-based treatment. But as we learned, inevitable social change forces its way forward, thanks to the unwavering efforts of civil society. In the past ten years, peer activists, professional service providers, and researchers, with the support of international donors, were able toset up the first harm reduction programs, including opioid agonist treatment sites. The Constitutional Court, in its 2018 judgement, found that criminalisation of cannabis (or dagga, as locals call it) use and cultivation for personal use is unconstitutional. Decriminalisation of sex work is on the agenda of the parliament.&nbsp;<\/p>\n\n\n\n<p>In our movie we salute the courage and creativity of SANPUD, the <a href=\"https:\/\/www.sanpud.org\/\">South African <\/a><a href=\"https:\/\/www.sanpud.org\/\" target=\"_blank\" rel=\"noreferrer noopener\">Network<\/a><a href=\"https:\/\/www.sanpud.org\/\"> of People Who Use Drugs<\/a>, a community-driven organisation that is an inspiration and a beacon of hope not only in Africa but for us, living in other parts of the world.&nbsp;&nbsp;&nbsp;&nbsp;&nbsp;<\/p>\n\n\n\n<p>Drugreporter and the <a href=\"https:\/\/idpc.net\/\">International Drug Policy Consortium (IDPC)<\/a> organised the training and filming &nbsp;through the Harm Reduction Consortium, funded by the <a href=\"https:\/\/robertcarrfund.org\/\" target=\"_blank\" rel=\"noreferrer noopener\">Robert Carr Fund (RCNF)<\/a>.<\/p>\n\n\n\n<p>Text and interviews: P\u00e9ter S\u00e1rosi<br>Video: Istv\u00e1n G\u00e1bor Tak\u00e1cs<\/p>\n","protected":false},"excerpt":{"rendered":"<p>In our new movie, Drugreporter gives you a snapshot of the state of drug policy in Africa.<\/p>\n","protected":false},"author":1002,"featured_media":29397,"comment_status":"closed","ping_status":"closed","sticky":false,"template":"","format":"standard","meta":{"_genesis_hide_title":false,"_genesis_hide_breadcrumbs":false,"_genesis_hide_singular_image":false,"_genesis_hide_footer_widgets":false,"_genesis_custom_body_class":"","_genesis_custom_post_class":"","_genesis_layout":"","footnotes":""},"categories":[2900,2894],"tags":[],"countries":[2952],"section":[],"video-author":[2921],"drug":[],"archive":[3210,3214,3222,3226],"video-series":[3289],"class_list":{"0":"post-29396","1":"post","2":"type-post","3":"status-publish","4":"format-standard","5":"has-post-thumbnail","7":"category-articles","8":"category-video-database","9":"countries-south-africa","10":"video-author-drugreporter","11":"archive-activism","12":"archive-drug-policy-and-law","13":"archive-harm-reduction","14":"archive-needle-and-syringe-programs","15":"video-series-drugreporter-documentaries","16":"entry"},"featured_image_src":"https:\/\/drogriporter.hu\/wp-content\/uploads\/sites\/8\/2023\/09\/sa-drug-policy-week-film-dr-600x400.jpg","author_info":{"display_name":"Istv\u00e1n G\u00e1bor Tak\u00e1cs","author_link":"https:\/\/drogriporter.hu\/en\/author\/idoru\/"},"yoast_head":"<!-- This site is optimized with the Yoast SEO Premium plugin  - https:\/\/yoast.com\/product\/yoast-seo-premium-wordpress\/ -->\n<title>Putting People First - Drugreporter<\/title>\n<meta name=\"robots\" content=\"index, follow, max-snippet:-1, max-image-preview:large, max-video-preview:-1\" \/>\n<link rel=\"canonical\" href=\"https:\/\/drogriporter.hu\/en\/putting-people-first\/\" \/>\n<meta property=\"og:locale\" content=\"en_US\" \/>\n<meta property=\"og:type\" content=\"article\" \/>\n<meta property=\"og:title\" content=\"Putting People First\" \/>\n<meta property=\"og:description\" content=\"In our new movie, Drugreporter gives you a snapshot of the state of drug policy in Africa.\" \/>\n<meta property=\"og:url\" content=\"https:\/\/drogriporter.hu\/en\/putting-people-first\/\" \/>\n<meta property=\"og:site_name\" content=\"Drugreporter\" \/>\n<meta property=\"article:published_time\" content=\"2023-09-27T07:36:46+00:00\" \/>\n<meta property=\"article:modified_time\" content=\"2024-11-07T14:46:50+00:00\" \/>\n<meta property=\"og:image\" content=\"https:\/\/drogriporter.hu\/wp-content\/uploads\/sites\/8\/2023\/09\/sa-drug-policy-week-film-dr.jpg\" \/>\n\t<meta property=\"og:image:width\" content=\"1920\" \/>\n\t<meta property=\"og:image:height\" content=\"1080\" \/>\n\t<meta property=\"og:image:type\" content=\"image\/jpeg\" \/>\n<meta name=\"author\" content=\"Istv\u00e1n G\u00e1bor Tak\u00e1cs\" \/>\n<meta name=\"twitter:card\" content=\"summary_large_image\" \/>\n<meta name=\"twitter:label1\" content=\"Written by\" \/>\n\t<meta name=\"twitter:data1\" content=\"Istv\u00e1n G\u00e1bor Tak\u00e1cs\" \/>\n\t<meta name=\"twitter:label2\" content=\"Est. reading time\" \/>\n\t<meta name=\"twitter:data2\" content=\"3 minutes\" \/>\n<script type=\"application\/ld+json\" class=\"yoast-schema-graph\">{\"@context\":\"https:\\\/\\\/schema.org\",\"@graph\":[{\"@type\":\"Article\",\"@id\":\"https:\\\/\\\/drogriporter.hu\\\/en\\\/putting-people-first\\\/#article\",\"isPartOf\":{\"@id\":\"https:\\\/\\\/drogriporter.hu\\\/en\\\/putting-people-first\\\/\"},\"author\":{\"name\":\"Istv\u00e1n G\u00e1bor Tak\u00e1cs\",\"@id\":\"https:\\\/\\\/drogriporter.hu\\\/en\\\/#\\\/schema\\\/person\\\/aaf6e356ecdcc3c9a6172aeb58a1c524\"},\"headline\":\"Putting People First\",\"datePublished\":\"2023-09-27T07:36:46+00:00\",\"dateModified\":\"2024-11-07T14:46:50+00:00\",\"mainEntityOfPage\":{\"@id\":\"https:\\\/\\\/drogriporter.hu\\\/en\\\/putting-people-first\\\/\"},\"wordCount\":625,\"image\":{\"@id\":\"https:\\\/\\\/drogriporter.hu\\\/en\\\/putting-people-first\\\/#primaryimage\"},\"thumbnailUrl\":\"https:\\\/\\\/drogriporter.hu\\\/wp-content\\\/uploads\\\/sites\\\/8\\\/2023\\\/09\\\/sa-drug-policy-week-film-dr.jpg\",\"articleSection\":[\"Articles\",\"Video Database\"],\"inLanguage\":\"en-US\"},{\"@type\":\"WebPage\",\"@id\":\"https:\\\/\\\/drogriporter.hu\\\/en\\\/putting-people-first\\\/\",\"url\":\"https:\\\/\\\/drogriporter.hu\\\/en\\\/putting-people-first\\\/\",\"name\":\"Putting People First - Drugreporter\",\"isPartOf\":{\"@id\":\"https:\\\/\\\/drogriporter.hu\\\/en\\\/#website\"},\"primaryImageOfPage\":{\"@id\":\"https:\\\/\\\/drogriporter.hu\\\/en\\\/putting-people-first\\\/#primaryimage\"},\"image\":{\"@id\":\"https:\\\/\\\/drogriporter.hu\\\/en\\\/putting-people-first\\\/#primaryimage\"},\"thumbnailUrl\":\"https:\\\/\\\/drogriporter.hu\\\/wp-content\\\/uploads\\\/sites\\\/8\\\/2023\\\/09\\\/sa-drug-policy-week-film-dr.jpg\",\"datePublished\":\"2023-09-27T07:36:46+00:00\",\"dateModified\":\"2024-11-07T14:46:50+00:00\",\"author\":{\"@id\":\"https:\\\/\\\/drogriporter.hu\\\/en\\\/#\\\/schema\\\/person\\\/aaf6e356ecdcc3c9a6172aeb58a1c524\"},\"breadcrumb\":{\"@id\":\"https:\\\/\\\/drogriporter.hu\\\/en\\\/putting-people-first\\\/#breadcrumb\"},\"inLanguage\":\"en-US\",\"potentialAction\":[{\"@type\":\"ReadAction\",\"target\":[\"https:\\\/\\\/drogriporter.hu\\\/en\\\/putting-people-first\\\/\"]}]},{\"@type\":\"ImageObject\",\"inLanguage\":\"en-US\",\"@id\":\"https:\\\/\\\/drogriporter.hu\\\/en\\\/putting-people-first\\\/#primaryimage\",\"url\":\"https:\\\/\\\/drogriporter.hu\\\/wp-content\\\/uploads\\\/sites\\\/8\\\/2023\\\/09\\\/sa-drug-policy-week-film-dr.jpg\",\"contentUrl\":\"https:\\\/\\\/drogriporter.hu\\\/wp-content\\\/uploads\\\/sites\\\/8\\\/2023\\\/09\\\/sa-drug-policy-week-film-dr.jpg\",\"width\":1920,\"height\":1080},{\"@type\":\"BreadcrumbList\",\"@id\":\"https:\\\/\\\/drogriporter.hu\\\/en\\\/putting-people-first\\\/#breadcrumb\",\"itemListElement\":[{\"@type\":\"ListItem\",\"position\":1,\"name\":\"Home\",\"item\":\"https:\\\/\\\/drogriporter.hu\\\/en\\\/\"},{\"@type\":\"ListItem\",\"position\":2,\"name\":\"Putting People First\"}]},{\"@type\":\"WebSite\",\"@id\":\"https:\\\/\\\/drogriporter.hu\\\/en\\\/#website\",\"url\":\"https:\\\/\\\/drogriporter.hu\\\/en\\\/\",\"name\":\"Drugreporter\",\"description\":\"News and Films from the Frontline of the War on Drugs\",\"potentialAction\":[{\"@type\":\"SearchAction\",\"target\":{\"@type\":\"EntryPoint\",\"urlTemplate\":\"https:\\\/\\\/drogriporter.hu\\\/en\\\/?s={search_term_string}\"},\"query-input\":{\"@type\":\"PropertyValueSpecification\",\"valueRequired\":true,\"valueName\":\"search_term_string\"}}],\"inLanguage\":\"en-US\"},{\"@type\":\"Person\",\"@id\":\"https:\\\/\\\/drogriporter.hu\\\/en\\\/#\\\/schema\\\/person\\\/aaf6e356ecdcc3c9a6172aeb58a1c524\",\"name\":\"Istv\u00e1n G\u00e1bor Tak\u00e1cs\",\"image\":{\"@type\":\"ImageObject\",\"inLanguage\":\"en-US\",\"@id\":\"https:\\\/\\\/secure.gravatar.com\\\/avatar\\\/658e7317f4c0b7ad030de0732edc52bd87a40097c378d9f945212f914567946c?s=96&d=mm&r=g\",\"url\":\"https:\\\/\\\/secure.gravatar.com\\\/avatar\\\/658e7317f4c0b7ad030de0732edc52bd87a40097c378d9f945212f914567946c?s=96&d=mm&r=g\",\"contentUrl\":\"https:\\\/\\\/secure.gravatar.com\\\/avatar\\\/658e7317f4c0b7ad030de0732edc52bd87a40097c378d9f945212f914567946c?s=96&d=mm&r=g\",\"caption\":\"Istv\u00e1n G\u00e1bor Tak\u00e1cs\"},\"description\":\"Istv\u00e1n G\u00e1bor Tak\u00e1cs is a human rights activist, videographer and trainer. He ran the Video Advocacy Program of the Hungarian Civil Liberties Union between 2007-2015. He worked as a needle exchange program counselor for 5 years. He is author of several articles on harm reduction and cameraman, editor, director and co-director of more than 700 online videos, among them longer documentaries, such as \u201cKostya Proletarsky\u201d (2020), \u201cTaking Back What\u2019s Ours: An Oral History of the Movement of People who Use Drugs\u201d (2020) \u201dA Day in the Life: The World of Humans Who Use Drugs\u201d (2016), \u201cWithout Rights\u201d (2009), \u201cWithout a Chance\u201d (2014), \u201cRoom in the 8th District\u201d (2014) and \u201cThe Invisible\u201d (2011). Since 2016 he works at the Rights Reporter Foundation, where besides producing films, he is training activists in video advocacy.\",\"sameAs\":[\"takacsistvangabor@rightsreporter.net\"],\"url\":\"https:\\\/\\\/drogriporter.hu\\\/en\\\/author\\\/idoru\\\/\"}]}<\/script>\n<!-- \/ Yoast SEO Premium plugin. -->","yoast_head_json":{"title":"Putting People First - Drugreporter","robots":{"index":"index","follow":"follow","max-snippet":"max-snippet:-1","max-image-preview":"max-image-preview:large","max-video-preview":"max-video-preview:-1"},"canonical":"https:\/\/drogriporter.hu\/en\/putting-people-first\/","og_locale":"en_US","og_type":"article","og_title":"Putting People First","og_description":"In our new movie, Drugreporter gives you a snapshot of the state of drug policy in Africa.","og_url":"https:\/\/drogriporter.hu\/en\/putting-people-first\/","og_site_name":"Drugreporter","article_published_time":"2023-09-27T07:36:46+00:00","article_modified_time":"2024-11-07T14:46:50+00:00","og_image":[{"width":1920,"height":1080,"url":"https:\/\/drogriporter.hu\/wp-content\/uploads\/sites\/8\/2023\/09\/sa-drug-policy-week-film-dr.jpg","type":"image\/jpeg"}],"author":"Istv\u00e1n G\u00e1bor Tak\u00e1cs","twitter_card":"summary_large_image","twitter_misc":{"Written by":"Istv\u00e1n G\u00e1bor Tak\u00e1cs","Est. reading time":"3 minutes"},"schema":{"@context":"https:\/\/schema.org","@graph":[{"@type":"Article","@id":"https:\/\/drogriporter.hu\/en\/putting-people-first\/#article","isPartOf":{"@id":"https:\/\/drogriporter.hu\/en\/putting-people-first\/"},"author":{"name":"Istv\u00e1n G\u00e1bor Tak\u00e1cs","@id":"https:\/\/drogriporter.hu\/en\/#\/schema\/person\/aaf6e356ecdcc3c9a6172aeb58a1c524"},"headline":"Putting People First","datePublished":"2023-09-27T07:36:46+00:00","dateModified":"2024-11-07T14:46:50+00:00","mainEntityOfPage":{"@id":"https:\/\/drogriporter.hu\/en\/putting-people-first\/"},"wordCount":625,"image":{"@id":"https:\/\/drogriporter.hu\/en\/putting-people-first\/#primaryimage"},"thumbnailUrl":"https:\/\/drogriporter.hu\/wp-content\/uploads\/sites\/8\/2023\/09\/sa-drug-policy-week-film-dr.jpg","articleSection":["Articles","Video Database"],"inLanguage":"en-US"},{"@type":"WebPage","@id":"https:\/\/drogriporter.hu\/en\/putting-people-first\/","url":"https:\/\/drogriporter.hu\/en\/putting-people-first\/","name":"Putting People First - Drugreporter","isPartOf":{"@id":"https:\/\/drogriporter.hu\/en\/#website"},"primaryImageOfPage":{"@id":"https:\/\/drogriporter.hu\/en\/putting-people-first\/#primaryimage"},"image":{"@id":"https:\/\/drogriporter.hu\/en\/putting-people-first\/#primaryimage"},"thumbnailUrl":"https:\/\/drogriporter.hu\/wp-content\/uploads\/sites\/8\/2023\/09\/sa-drug-policy-week-film-dr.jpg","datePublished":"2023-09-27T07:36:46+00:00","dateModified":"2024-11-07T14:46:50+00:00","author":{"@id":"https:\/\/drogriporter.hu\/en\/#\/schema\/person\/aaf6e356ecdcc3c9a6172aeb58a1c524"},"breadcrumb":{"@id":"https:\/\/drogriporter.hu\/en\/putting-people-first\/#breadcrumb"},"inLanguage":"en-US","potentialAction":[{"@type":"ReadAction","target":["https:\/\/drogriporter.hu\/en\/putting-people-first\/"]}]},{"@type":"ImageObject","inLanguage":"en-US","@id":"https:\/\/drogriporter.hu\/en\/putting-people-first\/#primaryimage","url":"https:\/\/drogriporter.hu\/wp-content\/uploads\/sites\/8\/2023\/09\/sa-drug-policy-week-film-dr.jpg","contentUrl":"https:\/\/drogriporter.hu\/wp-content\/uploads\/sites\/8\/2023\/09\/sa-drug-policy-week-film-dr.jpg","width":1920,"height":1080},{"@type":"BreadcrumbList","@id":"https:\/\/drogriporter.hu\/en\/putting-people-first\/#breadcrumb","itemListElement":[{"@type":"ListItem","position":1,"name":"Home","item":"https:\/\/drogriporter.hu\/en\/"},{"@type":"ListItem","position":2,"name":"Putting People First"}]},{"@type":"WebSite","@id":"https:\/\/drogriporter.hu\/en\/#website","url":"https:\/\/drogriporter.hu\/en\/","name":"Drugreporter","description":"News and Films from the Frontline of the War on Drugs","potentialAction":[{"@type":"SearchAction","target":{"@type":"EntryPoint","urlTemplate":"https:\/\/drogriporter.hu\/en\/?s={search_term_string}"},"query-input":{"@type":"PropertyValueSpecification","valueRequired":true,"valueName":"search_term_string"}}],"inLanguage":"en-US"},{"@type":"Person","@id":"https:\/\/drogriporter.hu\/en\/#\/schema\/person\/aaf6e356ecdcc3c9a6172aeb58a1c524","name":"Istv\u00e1n G\u00e1bor Tak\u00e1cs","image":{"@type":"ImageObject","inLanguage":"en-US","@id":"https:\/\/secure.gravatar.com\/avatar\/658e7317f4c0b7ad030de0732edc52bd87a40097c378d9f945212f914567946c?s=96&d=mm&r=g","url":"https:\/\/secure.gravatar.com\/avatar\/658e7317f4c0b7ad030de0732edc52bd87a40097c378d9f945212f914567946c?s=96&d=mm&r=g","contentUrl":"https:\/\/secure.gravatar.com\/avatar\/658e7317f4c0b7ad030de0732edc52bd87a40097c378d9f945212f914567946c?s=96&d=mm&r=g","caption":"Istv\u00e1n G\u00e1bor Tak\u00e1cs"},"description":"Istv\u00e1n G\u00e1bor Tak\u00e1cs is a human rights activist, videographer and trainer. He ran the Video Advocacy Program of the Hungarian Civil Liberties Union between 2007-2015. He worked as a needle exchange program counselor for 5 years. He is author of several articles on harm reduction and cameraman, editor, director and co-director of more than 700 online videos, among them longer documentaries, such as \u201cKostya Proletarsky\u201d (2020), \u201cTaking Back What\u2019s Ours: An Oral History of the Movement of People who Use Drugs\u201d (2020) \u201dA Day in the Life: The World of Humans Who Use Drugs\u201d (2016), \u201cWithout Rights\u201d (2009), \u201cWithout a Chance\u201d (2014), \u201cRoom in the 8th District\u201d (2014) and \u201cThe Invisible\u201d (2011). Since 2016 he works at the Rights Reporter Foundation, where besides producing films, he is training activists in video advocacy.","sameAs":["takacsistvangabor@rightsreporter.net"],"url":"https:\/\/drogriporter.hu\/en\/author\/idoru\/"}]}},"featured_image_src_square":"https:\/\/drogriporter.hu\/wp-content\/uploads\/sites\/8\/2023\/09\/sa-drug-policy-week-film-dr-600x600.jpg","_links":{"self":[{"href":"https:\/\/drogriporter.hu\/en\/wp-json\/wp\/v2\/posts\/29396","targetHints":{"allow":["GET"]}}],"collection":[{"href":"https:\/\/drogriporter.hu\/en\/wp-json\/wp\/v2\/posts"}],"about":[{"href":"https:\/\/drogriporter.hu\/en\/wp-json\/wp\/v2\/types\/post"}],"author":[{"embeddable":true,"href":"https:\/\/drogriporter.hu\/en\/wp-json\/wp\/v2\/users\/1002"}],"replies":[{"embeddable":true,"href":"https:\/\/drogriporter.hu\/en\/wp-json\/wp\/v2\/comments?post=29396"}],"version-history":[{"count":0,"href":"https:\/\/drogriporter.hu\/en\/wp-json\/wp\/v2\/posts\/29396\/revisions"}],"wp:featuredmedia":[{"embeddable":true,"href":"https:\/\/drogriporter.hu\/en\/wp-json\/wp\/v2\/media\/29397"}],"wp:attachment":[{"href":"https:\/\/drogriporter.hu\/en\/wp-json\/wp\/v2\/media?parent=29396"}],"wp:term":[{"taxonomy":"category","embeddable":true,"href":"https:\/\/drogriporter.hu\/en\/wp-json\/wp\/v2\/categories?post=29396"},{"taxonomy":"post_tag","embeddable":true,"href":"https:\/\/drogriporter.hu\/en\/wp-json\/wp\/v2\/tags?post=29396"},{"taxonomy":"countries","embeddable":true,"href":"https:\/\/drogriporter.hu\/en\/wp-json\/wp\/v2\/countries?post=29396"},{"taxonomy":"section","embeddable":true,"href":"https:\/\/drogriporter.hu\/en\/wp-json\/wp\/v2\/section?post=29396"},{"taxonomy":"video-author","embeddable":true,"href":"https:\/\/drogriporter.hu\/en\/wp-json\/wp\/v2\/video-author?post=29396"},{"taxonomy":"drug","embeddable":true,"href":"https:\/\/drogriporter.hu\/en\/wp-json\/wp\/v2\/drug?post=29396"},{"taxonomy":"archive","embeddable":true,"href":"https:\/\/drogriporter.hu\/en\/wp-json\/wp\/v2\/archive?post=29396"},{"taxonomy":"video-series","embeddable":true,"href":"https:\/\/drogriporter.hu\/en\/wp-json\/wp\/v2\/video-series?post=29396"}],"curies":[{"name":"wp","href":"https:\/\/api.w.org\/{rel}","templated":true}]}}