{"id":32962,"date":"2024-06-03T20:12:17","date_gmt":"2024-06-03T18:12:17","guid":{"rendered":"https:\/\/drogriporter.hu\/?p=32962"},"modified":"2024-06-04T10:57:30","modified_gmt":"2024-06-04T08:57:30","slug":"the-state-of-cannabis-reform-in-europe-interview-with-tom-blickman-at-the-un","status":"publish","type":"post","link":"https:\/\/drogriporter.hu\/en\/the-state-of-cannabis-reform-in-europe-interview-with-tom-blickman-at-the-un\/","title":{"rendered":"The State of Cannabis Reform in Europe | Interview with Tom Blickman at the UN"},"content":{"rendered":"\n<p>In this interview, filmed at the UN Commission on Narcotic Drugs, we discussed current developments of cannabis policy reform in Europe with Tom Blickman from the Transnational Institute. <\/p>\n\n\n\n<!--more-->\n\n\n\n<p>Highlights from the interview:<\/p>\n\n\n\n<ul class=\"wp-block-list\">\n<li>A few countries are now legalising cannabis but not one of them seems to follow the Dutch coffee shop model &#8211; why is that?<\/li>\n\n\n\n<li>What are the differences between the Dutch model and the cannabis social club model?<\/li>\n\n\n\n<li>How could European countries circumvent the international drug control treaties?<\/li>\n\n\n\n<li>We see an erosion of democracy and shrinking space for civil society around the world, how will this affect drug policy reform?<\/li>\n\n\n\n<li>What can we learn from the backlash against cannabis reform in Thailand?<\/li>\n<\/ul>\n\n\n<iframe loading=\"lazy\" src=\"https:\/\/www.youtube.com\/embed\/KTDQPnIrw9s\" width=\"560\" height=\"315\" frameborder=\"0\" style=\"\" allowfullscreen><\/iframe>\n\n\n\n<p><\/p>\n\n\n\n<p>Video: Istvan Gabor Takacs<br>Reporter: Peter Sarosi<\/p>\n","protected":false},"excerpt":{"rendered":"<p>In this interview, filmed at the UN Commission on Narcotic Drugs, we discussed current developments of cannabis policy reform in Europe with Tom Blickman from the Transnational Institute.<\/p>\n","protected":false},"author":1005,"featured_media":32963,"comment_status":"closed","ping_status":"closed","sticky":false,"template":"","format":"standard","meta":{"_genesis_hide_title":false,"_genesis_hide_breadcrumbs":false,"_genesis_hide_singular_image":false,"_genesis_hide_footer_widgets":false,"_genesis_custom_body_class":"","_genesis_custom_post_class":"","_genesis_layout":"","footnotes":""},"categories":[2900,2894],"tags":[],"countries":[2693,2726],"section":[],"video-author":[2921],"drug":[],"archive":[3212,3236,3240,3247],"video-series":[3249],"class_list":{"0":"post-32962","1":"post","2":"type-post","3":"status-publish","4":"format-standard","5":"has-post-thumbnail","7":"category-articles","8":"category-video-database","9":"countries-netherlands-en","10":"countries-thailand-en","11":"video-author-drugreporter","12":"archive-criminalisation","13":"archive-marijuana-policies","14":"archive-regulation-and-control","15":"archive-united-nations-drug-policy","16":"video-series-un-commission-on-narcotic-drugs-cnd","17":"entry"},"featured_image_src":"https:\/\/drogriporter.hu\/wp-content\/uploads\/sites\/8\/2024\/06\/2024cnd-blickman-600x400.jpg","author_info":{"display_name":"P\u00e9ter S\u00e1rosi","author_link":"https:\/\/drogriporter.hu\/en\/author\/sarosip-2\/"},"yoast_head":"<!-- This site is optimized with the Yoast SEO Premium plugin  - https:\/\/yoast.com\/product\/yoast-seo-premium-wordpress\/ -->\n<title>The State of Cannabis Reform in Europe | Interview with Tom Blickman at the UN - Drugreporter<\/title>\n<meta name=\"robots\" content=\"index, follow, max-snippet:-1, max-image-preview:large, max-video-preview:-1\" \/>\n<link rel=\"canonical\" href=\"https:\/\/drogriporter.hu\/en\/the-state-of-cannabis-reform-in-europe-interview-with-tom-blickman-at-the-un\/\" \/>\n<meta property=\"og:locale\" content=\"en_US\" \/>\n<meta property=\"og:type\" content=\"article\" \/>\n<meta property=\"og:title\" content=\"The State of Cannabis Reform in Europe | Interview with Tom Blickman at the UN\" \/>\n<meta property=\"og:description\" content=\"In this interview, filmed at the UN Commission on Narcotic Drugs, we discussed current developments of cannabis policy reform in Europe with Tom Blickman from the Transnational Institute.\" \/>\n<meta property=\"og:url\" content=\"https:\/\/drogriporter.hu\/en\/the-state-of-cannabis-reform-in-europe-interview-with-tom-blickman-at-the-un\/\" \/>\n<meta property=\"og:site_name\" content=\"Drugreporter\" \/>\n<meta property=\"article:published_time\" content=\"2024-06-03T18:12:17+00:00\" \/>\n<meta property=\"article:modified_time\" content=\"2024-06-04T08:57:30+00:00\" \/>\n<meta property=\"og:image\" content=\"https:\/\/drogriporter.hu\/wp-content\/uploads\/sites\/8\/2024\/06\/2024cnd-blickman.jpg\" \/>\n\t<meta property=\"og:image:width\" content=\"1920\" \/>\n\t<meta property=\"og:image:height\" content=\"1080\" \/>\n\t<meta property=\"og:image:type\" content=\"image\/jpeg\" \/>\n<meta name=\"author\" content=\"P\u00e9ter S\u00e1rosi\" \/>\n<meta name=\"twitter:card\" content=\"summary_large_image\" \/>\n<meta name=\"twitter:label1\" content=\"Written by\" \/>\n\t<meta name=\"twitter:data1\" content=\"P\u00e9ter S\u00e1rosi\" \/>\n\t<meta name=\"twitter:label2\" content=\"Est. reading time\" \/>\n\t<meta name=\"twitter:data2\" content=\"1 minute\" \/>\n<script type=\"application\/ld+json\" class=\"yoast-schema-graph\">{\"@context\":\"https:\\\/\\\/schema.org\",\"@graph\":[{\"@type\":\"Article\",\"@id\":\"https:\\\/\\\/drogriporter.hu\\\/en\\\/the-state-of-cannabis-reform-in-europe-interview-with-tom-blickman-at-the-un\\\/#article\",\"isPartOf\":{\"@id\":\"https:\\\/\\\/drogriporter.hu\\\/en\\\/the-state-of-cannabis-reform-in-europe-interview-with-tom-blickman-at-the-un\\\/\"},\"author\":{\"name\":\"P\u00e9ter S\u00e1rosi\",\"@id\":\"https:\\\/\\\/drogriporter.hu\\\/en\\\/#\\\/schema\\\/person\\\/fb6cc5151784cb72290e136439b8cfbf\"},\"headline\":\"The State of Cannabis Reform in Europe | Interview with Tom Blickman at the UN\",\"datePublished\":\"2024-06-03T18:12:17+00:00\",\"dateModified\":\"2024-06-04T08:57:30+00:00\",\"mainEntityOfPage\":{\"@id\":\"https:\\\/\\\/drogriporter.hu\\\/en\\\/the-state-of-cannabis-reform-in-europe-interview-with-tom-blickman-at-the-un\\\/\"},\"wordCount\":138,\"image\":{\"@id\":\"https:\\\/\\\/drogriporter.hu\\\/en\\\/the-state-of-cannabis-reform-in-europe-interview-with-tom-blickman-at-the-un\\\/#primaryimage\"},\"thumbnailUrl\":\"https:\\\/\\\/drogriporter.hu\\\/wp-content\\\/uploads\\\/sites\\\/8\\\/2024\\\/06\\\/2024cnd-blickman.jpg\",\"articleSection\":[\"Articles\",\"Video Database\"],\"inLanguage\":\"en-US\"},{\"@type\":\"WebPage\",\"@id\":\"https:\\\/\\\/drogriporter.hu\\\/en\\\/the-state-of-cannabis-reform-in-europe-interview-with-tom-blickman-at-the-un\\\/\",\"url\":\"https:\\\/\\\/drogriporter.hu\\\/en\\\/the-state-of-cannabis-reform-in-europe-interview-with-tom-blickman-at-the-un\\\/\",\"name\":\"The State of Cannabis Reform in Europe | Interview with Tom Blickman at the UN - Drugreporter\",\"isPartOf\":{\"@id\":\"https:\\\/\\\/drogriporter.hu\\\/en\\\/#website\"},\"primaryImageOfPage\":{\"@id\":\"https:\\\/\\\/drogriporter.hu\\\/en\\\/the-state-of-cannabis-reform-in-europe-interview-with-tom-blickman-at-the-un\\\/#primaryimage\"},\"image\":{\"@id\":\"https:\\\/\\\/drogriporter.hu\\\/en\\\/the-state-of-cannabis-reform-in-europe-interview-with-tom-blickman-at-the-un\\\/#primaryimage\"},\"thumbnailUrl\":\"https:\\\/\\\/drogriporter.hu\\\/wp-content\\\/uploads\\\/sites\\\/8\\\/2024\\\/06\\\/2024cnd-blickman.jpg\",\"datePublished\":\"2024-06-03T18:12:17+00:00\",\"dateModified\":\"2024-06-04T08:57:30+00:00\",\"author\":{\"@id\":\"https:\\\/\\\/drogriporter.hu\\\/en\\\/#\\\/schema\\\/person\\\/fb6cc5151784cb72290e136439b8cfbf\"},\"breadcrumb\":{\"@id\":\"https:\\\/\\\/drogriporter.hu\\\/en\\\/the-state-of-cannabis-reform-in-europe-interview-with-tom-blickman-at-the-un\\\/#breadcrumb\"},\"inLanguage\":\"en-US\",\"potentialAction\":[{\"@type\":\"ReadAction\",\"target\":[\"https:\\\/\\\/drogriporter.hu\\\/en\\\/the-state-of-cannabis-reform-in-europe-interview-with-tom-blickman-at-the-un\\\/\"]}]},{\"@type\":\"ImageObject\",\"inLanguage\":\"en-US\",\"@id\":\"https:\\\/\\\/drogriporter.hu\\\/en\\\/the-state-of-cannabis-reform-in-europe-interview-with-tom-blickman-at-the-un\\\/#primaryimage\",\"url\":\"https:\\\/\\\/drogriporter.hu\\\/wp-content\\\/uploads\\\/sites\\\/8\\\/2024\\\/06\\\/2024cnd-blickman.jpg\",\"contentUrl\":\"https:\\\/\\\/drogriporter.hu\\\/wp-content\\\/uploads\\\/sites\\\/8\\\/2024\\\/06\\\/2024cnd-blickman.jpg\",\"width\":1920,\"height\":1080},{\"@type\":\"BreadcrumbList\",\"@id\":\"https:\\\/\\\/drogriporter.hu\\\/en\\\/the-state-of-cannabis-reform-in-europe-interview-with-tom-blickman-at-the-un\\\/#breadcrumb\",\"itemListElement\":[{\"@type\":\"ListItem\",\"position\":1,\"name\":\"Home\",\"item\":\"https:\\\/\\\/drogriporter.hu\\\/en\\\/\"},{\"@type\":\"ListItem\",\"position\":2,\"name\":\"The State of Cannabis Reform in Europe | Interview with Tom Blickman at the UN\"}]},{\"@type\":\"WebSite\",\"@id\":\"https:\\\/\\\/drogriporter.hu\\\/en\\\/#website\",\"url\":\"https:\\\/\\\/drogriporter.hu\\\/en\\\/\",\"name\":\"Drugreporter\",\"description\":\"News and Films from the Frontline of the War on Drugs\",\"potentialAction\":[{\"@type\":\"SearchAction\",\"target\":{\"@type\":\"EntryPoint\",\"urlTemplate\":\"https:\\\/\\\/drogriporter.hu\\\/en\\\/?s={search_term_string}\"},\"query-input\":{\"@type\":\"PropertyValueSpecification\",\"valueRequired\":true,\"valueName\":\"search_term_string\"}}],\"inLanguage\":\"en-US\"},{\"@type\":\"Person\",\"@id\":\"https:\\\/\\\/drogriporter.hu\\\/en\\\/#\\\/schema\\\/person\\\/fb6cc5151784cb72290e136439b8cfbf\",\"name\":\"P\u00e9ter S\u00e1rosi\",\"image\":{\"@type\":\"ImageObject\",\"inLanguage\":\"en-US\",\"@id\":\"https:\\\/\\\/secure.gravatar.com\\\/avatar\\\/b0d99f928865d28655d1d76062ad4e267f8cdb42a281930f70dd9a875b94be0b?s=96&d=mm&r=g\",\"url\":\"https:\\\/\\\/secure.gravatar.com\\\/avatar\\\/b0d99f928865d28655d1d76062ad4e267f8cdb42a281930f70dd9a875b94be0b?s=96&d=mm&r=g\",\"contentUrl\":\"https:\\\/\\\/secure.gravatar.com\\\/avatar\\\/b0d99f928865d28655d1d76062ad4e267f8cdb42a281930f70dd9a875b94be0b?s=96&d=mm&r=g\",\"caption\":\"P\u00e9ter S\u00e1rosi\"},\"description\":\"P\u00e9ter S\u00e1rosi is the Executive Director of the Rights Reporter Foundation. He is a human rights activist and drug policy expert, the founder and editor of the Drugreporter website since 2004, the author of countless articles, co-author of books and director of films about harm reduction and drug policy reform. He was the Director of the Drug Policy Program at the Hungarian Civil Liberties Union between 2004 and 2015. He is experienced in working at international drug policy forums such as the Commission on Narcotic Drugs. He was twice elected to the Core Group of the EU Civil Society Forum on Drugs. He is the co-chair of the Eurasian Harm Reduction Network. He has been representing the Hungarian Harm Reduction Network at the government\u2019s drug advisory body in Hungary since 2007. Peter also contributed to building a network of advocacy NGOs in Europe: the European Drug Policy Initiative. He provided technical assistance to several NGOs, and launched several campaigns on drug policy reform. As a member of the Drugreporter video advocacy team, he has produced videos about drug policy issues in a number of countries. These videos are now part of a unique online drug policy video library.\",\"url\":\"https:\\\/\\\/drogriporter.hu\\\/en\\\/author\\\/sarosip-2\\\/\"}]}<\/script>\n<!-- \/ Yoast SEO Premium plugin. -->","yoast_head_json":{"title":"The State of Cannabis Reform in Europe | Interview with Tom Blickman at the UN - Drugreporter","robots":{"index":"index","follow":"follow","max-snippet":"max-snippet:-1","max-image-preview":"max-image-preview:large","max-video-preview":"max-video-preview:-1"},"canonical":"https:\/\/drogriporter.hu\/en\/the-state-of-cannabis-reform-in-europe-interview-with-tom-blickman-at-the-un\/","og_locale":"en_US","og_type":"article","og_title":"The State of Cannabis Reform in Europe | Interview with Tom Blickman at the UN","og_description":"In this interview, filmed at the UN Commission on Narcotic Drugs, we discussed current developments of cannabis policy reform in Europe with Tom Blickman from the Transnational Institute.","og_url":"https:\/\/drogriporter.hu\/en\/the-state-of-cannabis-reform-in-europe-interview-with-tom-blickman-at-the-un\/","og_site_name":"Drugreporter","article_published_time":"2024-06-03T18:12:17+00:00","article_modified_time":"2024-06-04T08:57:30+00:00","og_image":[{"width":1920,"height":1080,"url":"https:\/\/drogriporter.hu\/wp-content\/uploads\/sites\/8\/2024\/06\/2024cnd-blickman.jpg","type":"image\/jpeg"}],"author":"P\u00e9ter S\u00e1rosi","twitter_card":"summary_large_image","twitter_misc":{"Written by":"P\u00e9ter S\u00e1rosi","Est. reading time":"1 minute"},"schema":{"@context":"https:\/\/schema.org","@graph":[{"@type":"Article","@id":"https:\/\/drogriporter.hu\/en\/the-state-of-cannabis-reform-in-europe-interview-with-tom-blickman-at-the-un\/#article","isPartOf":{"@id":"https:\/\/drogriporter.hu\/en\/the-state-of-cannabis-reform-in-europe-interview-with-tom-blickman-at-the-un\/"},"author":{"name":"P\u00e9ter S\u00e1rosi","@id":"https:\/\/drogriporter.hu\/en\/#\/schema\/person\/fb6cc5151784cb72290e136439b8cfbf"},"headline":"The State of Cannabis Reform in Europe | Interview with Tom Blickman at the UN","datePublished":"2024-06-03T18:12:17+00:00","dateModified":"2024-06-04T08:57:30+00:00","mainEntityOfPage":{"@id":"https:\/\/drogriporter.hu\/en\/the-state-of-cannabis-reform-in-europe-interview-with-tom-blickman-at-the-un\/"},"wordCount":138,"image":{"@id":"https:\/\/drogriporter.hu\/en\/the-state-of-cannabis-reform-in-europe-interview-with-tom-blickman-at-the-un\/#primaryimage"},"thumbnailUrl":"https:\/\/drogriporter.hu\/wp-content\/uploads\/sites\/8\/2024\/06\/2024cnd-blickman.jpg","articleSection":["Articles","Video Database"],"inLanguage":"en-US"},{"@type":"WebPage","@id":"https:\/\/drogriporter.hu\/en\/the-state-of-cannabis-reform-in-europe-interview-with-tom-blickman-at-the-un\/","url":"https:\/\/drogriporter.hu\/en\/the-state-of-cannabis-reform-in-europe-interview-with-tom-blickman-at-the-un\/","name":"The State of Cannabis Reform in Europe | Interview with Tom Blickman at the UN - Drugreporter","isPartOf":{"@id":"https:\/\/drogriporter.hu\/en\/#website"},"primaryImageOfPage":{"@id":"https:\/\/drogriporter.hu\/en\/the-state-of-cannabis-reform-in-europe-interview-with-tom-blickman-at-the-un\/#primaryimage"},"image":{"@id":"https:\/\/drogriporter.hu\/en\/the-state-of-cannabis-reform-in-europe-interview-with-tom-blickman-at-the-un\/#primaryimage"},"thumbnailUrl":"https:\/\/drogriporter.hu\/wp-content\/uploads\/sites\/8\/2024\/06\/2024cnd-blickman.jpg","datePublished":"2024-06-03T18:12:17+00:00","dateModified":"2024-06-04T08:57:30+00:00","author":{"@id":"https:\/\/drogriporter.hu\/en\/#\/schema\/person\/fb6cc5151784cb72290e136439b8cfbf"},"breadcrumb":{"@id":"https:\/\/drogriporter.hu\/en\/the-state-of-cannabis-reform-in-europe-interview-with-tom-blickman-at-the-un\/#breadcrumb"},"inLanguage":"en-US","potentialAction":[{"@type":"ReadAction","target":["https:\/\/drogriporter.hu\/en\/the-state-of-cannabis-reform-in-europe-interview-with-tom-blickman-at-the-un\/"]}]},{"@type":"ImageObject","inLanguage":"en-US","@id":"https:\/\/drogriporter.hu\/en\/the-state-of-cannabis-reform-in-europe-interview-with-tom-blickman-at-the-un\/#primaryimage","url":"https:\/\/drogriporter.hu\/wp-content\/uploads\/sites\/8\/2024\/06\/2024cnd-blickman.jpg","contentUrl":"https:\/\/drogriporter.hu\/wp-content\/uploads\/sites\/8\/2024\/06\/2024cnd-blickman.jpg","width":1920,"height":1080},{"@type":"BreadcrumbList","@id":"https:\/\/drogriporter.hu\/en\/the-state-of-cannabis-reform-in-europe-interview-with-tom-blickman-at-the-un\/#breadcrumb","itemListElement":[{"@type":"ListItem","position":1,"name":"Home","item":"https:\/\/drogriporter.hu\/en\/"},{"@type":"ListItem","position":2,"name":"The State of Cannabis Reform in Europe | Interview with Tom Blickman at the UN"}]},{"@type":"WebSite","@id":"https:\/\/drogriporter.hu\/en\/#website","url":"https:\/\/drogriporter.hu\/en\/","name":"Drugreporter","description":"News and Films from the Frontline of the War on Drugs","potentialAction":[{"@type":"SearchAction","target":{"@type":"EntryPoint","urlTemplate":"https:\/\/drogriporter.hu\/en\/?s={search_term_string}"},"query-input":{"@type":"PropertyValueSpecification","valueRequired":true,"valueName":"search_term_string"}}],"inLanguage":"en-US"},{"@type":"Person","@id":"https:\/\/drogriporter.hu\/en\/#\/schema\/person\/fb6cc5151784cb72290e136439b8cfbf","name":"P\u00e9ter S\u00e1rosi","image":{"@type":"ImageObject","inLanguage":"en-US","@id":"https:\/\/secure.gravatar.com\/avatar\/b0d99f928865d28655d1d76062ad4e267f8cdb42a281930f70dd9a875b94be0b?s=96&d=mm&r=g","url":"https:\/\/secure.gravatar.com\/avatar\/b0d99f928865d28655d1d76062ad4e267f8cdb42a281930f70dd9a875b94be0b?s=96&d=mm&r=g","contentUrl":"https:\/\/secure.gravatar.com\/avatar\/b0d99f928865d28655d1d76062ad4e267f8cdb42a281930f70dd9a875b94be0b?s=96&d=mm&r=g","caption":"P\u00e9ter S\u00e1rosi"},"description":"P\u00e9ter S\u00e1rosi is the Executive Director of the Rights Reporter Foundation. He is a human rights activist and drug policy expert, the founder and editor of the Drugreporter website since 2004, the author of countless articles, co-author of books and director of films about harm reduction and drug policy reform. He was the Director of the Drug Policy Program at the Hungarian Civil Liberties Union between 2004 and 2015. He is experienced in working at international drug policy forums such as the Commission on Narcotic Drugs. He was twice elected to the Core Group of the EU Civil Society Forum on Drugs. He is the co-chair of the Eurasian Harm Reduction Network. He has been representing the Hungarian Harm Reduction Network at the government\u2019s drug advisory body in Hungary since 2007. Peter also contributed to building a network of advocacy NGOs in Europe: the European Drug Policy Initiative. He provided technical assistance to several NGOs, and launched several campaigns on drug policy reform. As a member of the Drugreporter video advocacy team, he has produced videos about drug policy issues in a number of countries. These videos are now part of a unique online drug policy video library.","url":"https:\/\/drogriporter.hu\/en\/author\/sarosip-2\/"}]}},"featured_image_src_square":"https:\/\/drogriporter.hu\/wp-content\/uploads\/sites\/8\/2024\/06\/2024cnd-blickman-600x600.jpg","_links":{"self":[{"href":"https:\/\/drogriporter.hu\/en\/wp-json\/wp\/v2\/posts\/32962","targetHints":{"allow":["GET"]}}],"collection":[{"href":"https:\/\/drogriporter.hu\/en\/wp-json\/wp\/v2\/posts"}],"about":[{"href":"https:\/\/drogriporter.hu\/en\/wp-json\/wp\/v2\/types\/post"}],"author":[{"embeddable":true,"href":"https:\/\/drogriporter.hu\/en\/wp-json\/wp\/v2\/users\/1005"}],"replies":[{"embeddable":true,"href":"https:\/\/drogriporter.hu\/en\/wp-json\/wp\/v2\/comments?post=32962"}],"version-history":[{"count":0,"href":"https:\/\/drogriporter.hu\/en\/wp-json\/wp\/v2\/posts\/32962\/revisions"}],"wp:featuredmedia":[{"embeddable":true,"href":"https:\/\/drogriporter.hu\/en\/wp-json\/wp\/v2\/media\/32963"}],"wp:attachment":[{"href":"https:\/\/drogriporter.hu\/en\/wp-json\/wp\/v2\/media?parent=32962"}],"wp:term":[{"taxonomy":"category","embeddable":true,"href":"https:\/\/drogriporter.hu\/en\/wp-json\/wp\/v2\/categories?post=32962"},{"taxonomy":"post_tag","embeddable":true,"href":"https:\/\/drogriporter.hu\/en\/wp-json\/wp\/v2\/tags?post=32962"},{"taxonomy":"countries","embeddable":true,"href":"https:\/\/drogriporter.hu\/en\/wp-json\/wp\/v2\/countries?post=32962"},{"taxonomy":"section","embeddable":true,"href":"https:\/\/drogriporter.hu\/en\/wp-json\/wp\/v2\/section?post=32962"},{"taxonomy":"video-author","embeddable":true,"href":"https:\/\/drogriporter.hu\/en\/wp-json\/wp\/v2\/video-author?post=32962"},{"taxonomy":"drug","embeddable":true,"href":"https:\/\/drogriporter.hu\/en\/wp-json\/wp\/v2\/drug?post=32962"},{"taxonomy":"archive","embeddable":true,"href":"https:\/\/drogriporter.hu\/en\/wp-json\/wp\/v2\/archive?post=32962"},{"taxonomy":"video-series","embeddable":true,"href":"https:\/\/drogriporter.hu\/en\/wp-json\/wp\/v2\/video-series?post=32962"}],"curies":[{"name":"wp","href":"https:\/\/api.w.org\/{rel}","templated":true}]}}