{"id":34960,"date":"2025-03-03T14:10:46","date_gmt":"2025-03-03T13:10:46","guid":{"rendered":"https:\/\/drogriporter.hu\/?p=34960"},"modified":"2025-03-03T14:22:46","modified_gmt":"2025-03-03T13:22:46","slug":"orbans-new-war-on-drugs","status":"publish","type":"post","link":"https:\/\/drogriporter.hu\/en\/orbans-new-war-on-drugs\/","title":{"rendered":"Orb\u00e1n\u2019s New War on Drugs"},"content":{"rendered":"\n<p>Prime Minister Viktor Orb\u00e1n has declared a war on drug traffickers, announcing that Hungary will amend its constitution to criminalise drug use. However, civil society warns that this approach is bound to fail and a more integrated, health-focused approach is needed instead.<\/p>\n\n\n\n<!--more-->\n\n\n\n<p>Gergely Guly\u00e1s, spokesperson for the Hungarian government, announced at a press conference on Thursday that the government plans to amend the constitution to include a constitutional ban on the use of illicit drugs. This amendment will be introduced alongside other changes, such as the constitutional declaration that humans can only be male or female, and that the protection of children\u2019s physical, spiritual, and moral development takes priority over everything except the protection of life. Hungary was the first country in the world to introduce a constitutional ban on rough sleeping (homelessness), and it will now become the first country to ban drug use in its constitution. As drug use is already criminalised in Hungary, this legal change is expected to have little practical impact. However, the government has also created a new 150-strong Office Against Drugs (KBEH) within the national police force to &#8220;fight against drug trafficking.&#8221;<\/p>\n\n\n\n<p>This announcement came just days after Prime Minister Orb\u00e1n declared a war on drugs in his annual &#8220;State of the Nation&#8221; speech, claiming that traffickers of synthetic drugs deserve no mercy. &#8220;Cheap, toxic concoctions, synthetic substances have flooded the country,&#8221; he said, referring to so-called new psychoactive substances, such as synthetic cannabinoids and synthetic cathinones. Although these &#8220;new&#8221; drugs have been present in the Hungarian drug market since the early 2010s, their use has increased in recent years, particularly among marginalised communities, such as those in segregated Roma settlements. According to Orb\u00e1n, the trafficking of these drugs &#8220;must be eliminated.&#8221;<\/p>\n\n\n\n<p>According to Drugreporter and most other professional organisations, this latest war on drugs is merely another empty PR campaign aimed at securing cheap popularity among the government\u2019s voter base, which consists largely of less educated and less urbanised people. The announcement has also angered professionals working in the addiction field, who point out that while the government spends billions on alcohol promotion, it allocates no budget for drug prevention and addiction treatment. Just days after Orb\u00e1n\u2019s declaration, the government announced a plan to spend 1 billion HUF (2.5 million EUR) to support &#8220;village pubs&#8221; selling alcohol\u2014another move widely seen as an attempt to solidify support among the same voter base. <\/p>\n\n\n\n<p>The current situation is the result of years of government inaction and mismanagement. Without addressing the root causes of drug problems\u2014such as poverty, homelessness, segregation, and lack of access to health and social care\u2014law enforcement measures are bound to fail. For several years, professionals and civil society organisations have been raising alarm over the worsening drug situation. In 2019, civil society organisations <a href=\"https:\/\/drogriporter.444.hu\/2019\/03\/04\/feher_foltok_az_ellatorendszerben_videok\">organised a conference on synthetic drug use<\/a>. In 2021, when more than 40 people died from overdosing on improperly dosed synthetic cannabinoids, an <a href=\"https:\/\/drogriporter.444.hu\/2021\/05\/17\/nem-a-bika-mergezo-hanem-a-feketepiac\">online conference<\/a> was organised to address the crisis. Drugreporter also produced a one-hour feature documentary, <em><a href=\"https:\/\/www.youtube.com\/watch?v=JLG0vaEXVI4\">Abandoned: Designer Drugs on the Margins of Hungarian Society<\/a><\/em>, focusing on synthetic drug use. Despite multiple recommendations from civil society organisations urging a comprehensive, integrated response, these calls have been ignored by the government.<br><br><iframe loading=\"lazy\" src=\"https:\/\/www.youtube.com\/embed\/JLG0vaEXVI4?si=WdNnhLxjUMhDrrFG\" width=\"560\" height=\"315\" frameborder=\"0\" style=\"\" allowfullscreen><\/iframe><\/p>\n\n\n\n<p>While the Hungarian government has liberalised the hard liquor market\u2014despite the country being among the global leaders in alcohol-related deaths and diseases\u2014it has adopted <a href=\"https:\/\/drogriporter.hu\/en\/drug-law-in-hungary-hclus-guide-for-foreigners\/\">an increasingly repressive stance towards illicit drug users<\/a>. In 2013, <a href=\"https:\/\/drogriporter.hu\/en\/hungarian-government-dreams-about-a-drug-free-society\/\">a new national anti-drug strategy<\/a> was introduced with the stated aim of creating a drug-free Hungary within seven years. That same year, the drug-related provisions of the <a href=\"https:\/\/drogriporter.hu\/en\/government-is-to-restrict-drug-laws-in-hungary\/\">Criminal Code were amended to include harsher sanctions<\/a>. Traffickers of large quantities of illicit substances can now be sentenced to life imprisonment without parole. Each year, approximately 6,000\u20137,000 people\u2014predominantly young male cannabis users\u2014are arrested on suspicion of committing drug offences.<\/p>\n\n\n\n<p>The government has not only declared war on illicit drugs but also on civil society. In 2014, the country\u2019s <a href=\"https:\/\/drogriporter.hu\/en\/second-needle-and-syringe-program-shut-down-in-budapest\/\">two largest needle and syringe exchange programmes were shut down<\/a> for political reasons, and pro-harm reduction organisations have been systematically attacked and scapegoated, while access to services remains extremely limited. The national drug coordination body, including its key institution, the National Drug Prevention Institute, was abolished in 2017, and no drug-related grant funding has been available for civil society organisations since the COVID-19 pandemic. In 2021, the government adopted the so-called &#8220;child protection&#8221; law (widely dubbed the &#8220;homophobic law&#8221; by critics), which effectively bans civil society organisations from running drug prevention programmes in schools.<\/p>\n","protected":false},"excerpt":{"rendered":"<p>Prime Minister Viktor Orb\u00e1n has declared a war on drug traffickers, announcing that Hungary will amend its constitution to criminalise drug use. However, civil society warns that a more integrated, health-focused approach is needed instead.<\/p>\n","protected":false},"author":1005,"featured_media":34961,"comment_status":"closed","ping_status":"closed","sticky":false,"template":"","format":"standard","meta":{"_genesis_hide_title":false,"_genesis_hide_breadcrumbs":false,"_genesis_hide_singular_image":false,"_genesis_hide_footer_widgets":false,"_genesis_custom_body_class":"","_genesis_custom_post_class":"","_genesis_layout":"","footnotes":""},"categories":[2900],"tags":[],"countries":[2688],"section":[],"video-author":[],"drug":[],"archive":[3212,3214],"video-series":[],"class_list":{"0":"post-34960","1":"post","2":"type-post","3":"status-publish","4":"format-standard","5":"has-post-thumbnail","7":"category-articles","8":"countries-hungary-en","9":"archive-criminalisation","10":"archive-drug-policy-and-law","11":"entry"},"featured_image_src":"https:\/\/drogriporter.hu\/wp-content\/uploads\/sites\/8\/2025\/03\/orban-600x400.jpg","author_info":{"display_name":"P\u00e9ter S\u00e1rosi","author_link":"https:\/\/drogriporter.hu\/en\/author\/sarosip-2\/"},"yoast_head":"<!-- This site is optimized with the Yoast SEO Premium plugin  - https:\/\/yoast.com\/product\/yoast-seo-premium-wordpress\/ -->\n<title>Orb\u00e1n\u2019s New War on Drugs - Drugreporter<\/title>\n<meta name=\"robots\" content=\"index, follow, max-snippet:-1, max-image-preview:large, max-video-preview:-1\" \/>\n<link rel=\"canonical\" href=\"https:\/\/drogriporter.hu\/en\/orbans-new-war-on-drugs\/\" \/>\n<meta property=\"og:locale\" content=\"en_US\" \/>\n<meta property=\"og:type\" content=\"article\" \/>\n<meta property=\"og:title\" content=\"Orb\u00e1n\u2019s New War on Drugs\" \/>\n<meta property=\"og:description\" content=\"Prime Minister Viktor Orb\u00e1n has declared a war on drug traffickers, announcing that Hungary will amend its constitution to criminalise drug use. However, civil society warns that a more integrated, health-focused approach is needed instead.\" \/>\n<meta property=\"og:url\" content=\"https:\/\/drogriporter.hu\/en\/orbans-new-war-on-drugs\/\" \/>\n<meta property=\"og:site_name\" content=\"Drugreporter\" \/>\n<meta property=\"article:published_time\" content=\"2025-03-03T13:10:46+00:00\" \/>\n<meta property=\"article:modified_time\" content=\"2025-03-03T13:22:46+00:00\" \/>\n<meta property=\"og:image\" content=\"https:\/\/drogriporter.hu\/wp-content\/uploads\/sites\/8\/2025\/03\/orban.jpg\" \/>\n\t<meta property=\"og:image:width\" content=\"1920\" \/>\n\t<meta property=\"og:image:height\" content=\"1080\" \/>\n\t<meta property=\"og:image:type\" content=\"image\/jpeg\" \/>\n<meta name=\"author\" content=\"P\u00e9ter S\u00e1rosi\" \/>\n<meta name=\"twitter:card\" content=\"summary_large_image\" \/>\n<meta name=\"twitter:label1\" content=\"Written by\" \/>\n\t<meta name=\"twitter:data1\" content=\"P\u00e9ter S\u00e1rosi\" \/>\n\t<meta name=\"twitter:label2\" content=\"Est. reading time\" \/>\n\t<meta name=\"twitter:data2\" content=\"4 minutes\" \/>\n<script type=\"application\/ld+json\" class=\"yoast-schema-graph\">{\"@context\":\"https:\\\/\\\/schema.org\",\"@graph\":[{\"@type\":\"Article\",\"@id\":\"https:\\\/\\\/drogriporter.hu\\\/en\\\/orbans-new-war-on-drugs\\\/#article\",\"isPartOf\":{\"@id\":\"https:\\\/\\\/drogriporter.hu\\\/en\\\/orbans-new-war-on-drugs\\\/\"},\"author\":{\"name\":\"P\u00e9ter S\u00e1rosi\",\"@id\":\"https:\\\/\\\/drogriporter.hu\\\/en\\\/#\\\/schema\\\/person\\\/fb6cc5151784cb72290e136439b8cfbf\"},\"headline\":\"Orb\u00e1n\u2019s New War on Drugs\",\"datePublished\":\"2025-03-03T13:10:46+00:00\",\"dateModified\":\"2025-03-03T13:22:46+00:00\",\"mainEntityOfPage\":{\"@id\":\"https:\\\/\\\/drogriporter.hu\\\/en\\\/orbans-new-war-on-drugs\\\/\"},\"wordCount\":766,\"image\":{\"@id\":\"https:\\\/\\\/drogriporter.hu\\\/en\\\/orbans-new-war-on-drugs\\\/#primaryimage\"},\"thumbnailUrl\":\"https:\\\/\\\/drogriporter.hu\\\/wp-content\\\/uploads\\\/sites\\\/8\\\/2025\\\/03\\\/orban.jpg\",\"articleSection\":[\"Articles\"],\"inLanguage\":\"en-US\"},{\"@type\":\"WebPage\",\"@id\":\"https:\\\/\\\/drogriporter.hu\\\/en\\\/orbans-new-war-on-drugs\\\/\",\"url\":\"https:\\\/\\\/drogriporter.hu\\\/en\\\/orbans-new-war-on-drugs\\\/\",\"name\":\"Orb\u00e1n\u2019s New War on Drugs - Drugreporter\",\"isPartOf\":{\"@id\":\"https:\\\/\\\/drogriporter.hu\\\/en\\\/#website\"},\"primaryImageOfPage\":{\"@id\":\"https:\\\/\\\/drogriporter.hu\\\/en\\\/orbans-new-war-on-drugs\\\/#primaryimage\"},\"image\":{\"@id\":\"https:\\\/\\\/drogriporter.hu\\\/en\\\/orbans-new-war-on-drugs\\\/#primaryimage\"},\"thumbnailUrl\":\"https:\\\/\\\/drogriporter.hu\\\/wp-content\\\/uploads\\\/sites\\\/8\\\/2025\\\/03\\\/orban.jpg\",\"datePublished\":\"2025-03-03T13:10:46+00:00\",\"dateModified\":\"2025-03-03T13:22:46+00:00\",\"author\":{\"@id\":\"https:\\\/\\\/drogriporter.hu\\\/en\\\/#\\\/schema\\\/person\\\/fb6cc5151784cb72290e136439b8cfbf\"},\"breadcrumb\":{\"@id\":\"https:\\\/\\\/drogriporter.hu\\\/en\\\/orbans-new-war-on-drugs\\\/#breadcrumb\"},\"inLanguage\":\"en-US\",\"potentialAction\":[{\"@type\":\"ReadAction\",\"target\":[\"https:\\\/\\\/drogriporter.hu\\\/en\\\/orbans-new-war-on-drugs\\\/\"]}]},{\"@type\":\"ImageObject\",\"inLanguage\":\"en-US\",\"@id\":\"https:\\\/\\\/drogriporter.hu\\\/en\\\/orbans-new-war-on-drugs\\\/#primaryimage\",\"url\":\"https:\\\/\\\/drogriporter.hu\\\/wp-content\\\/uploads\\\/sites\\\/8\\\/2025\\\/03\\\/orban.jpg\",\"contentUrl\":\"https:\\\/\\\/drogriporter.hu\\\/wp-content\\\/uploads\\\/sites\\\/8\\\/2025\\\/03\\\/orban.jpg\",\"width\":1920,\"height\":1080},{\"@type\":\"BreadcrumbList\",\"@id\":\"https:\\\/\\\/drogriporter.hu\\\/en\\\/orbans-new-war-on-drugs\\\/#breadcrumb\",\"itemListElement\":[{\"@type\":\"ListItem\",\"position\":1,\"name\":\"Home\",\"item\":\"https:\\\/\\\/drogriporter.hu\\\/en\\\/\"},{\"@type\":\"ListItem\",\"position\":2,\"name\":\"Orb\u00e1n\u2019s New War on Drugs\"}]},{\"@type\":\"WebSite\",\"@id\":\"https:\\\/\\\/drogriporter.hu\\\/en\\\/#website\",\"url\":\"https:\\\/\\\/drogriporter.hu\\\/en\\\/\",\"name\":\"Drugreporter\",\"description\":\"News and Films from the Frontline of the War on Drugs\",\"potentialAction\":[{\"@type\":\"SearchAction\",\"target\":{\"@type\":\"EntryPoint\",\"urlTemplate\":\"https:\\\/\\\/drogriporter.hu\\\/en\\\/?s={search_term_string}\"},\"query-input\":{\"@type\":\"PropertyValueSpecification\",\"valueRequired\":true,\"valueName\":\"search_term_string\"}}],\"inLanguage\":\"en-US\"},{\"@type\":\"Person\",\"@id\":\"https:\\\/\\\/drogriporter.hu\\\/en\\\/#\\\/schema\\\/person\\\/fb6cc5151784cb72290e136439b8cfbf\",\"name\":\"P\u00e9ter S\u00e1rosi\",\"image\":{\"@type\":\"ImageObject\",\"inLanguage\":\"en-US\",\"@id\":\"https:\\\/\\\/secure.gravatar.com\\\/avatar\\\/b0d99f928865d28655d1d76062ad4e267f8cdb42a281930f70dd9a875b94be0b?s=96&d=mm&r=g\",\"url\":\"https:\\\/\\\/secure.gravatar.com\\\/avatar\\\/b0d99f928865d28655d1d76062ad4e267f8cdb42a281930f70dd9a875b94be0b?s=96&d=mm&r=g\",\"contentUrl\":\"https:\\\/\\\/secure.gravatar.com\\\/avatar\\\/b0d99f928865d28655d1d76062ad4e267f8cdb42a281930f70dd9a875b94be0b?s=96&d=mm&r=g\",\"caption\":\"P\u00e9ter S\u00e1rosi\"},\"description\":\"P\u00e9ter S\u00e1rosi is the Executive Director of the Rights Reporter Foundation. He is a human rights activist and drug policy expert, the founder and editor of the Drugreporter website since 2004, the author of countless articles, co-author of books and director of films about harm reduction and drug policy reform. He was the Director of the Drug Policy Program at the Hungarian Civil Liberties Union between 2004 and 2015. He is experienced in working at international drug policy forums such as the Commission on Narcotic Drugs. He was twice elected to the Core Group of the EU Civil Society Forum on Drugs. He is the co-chair of the Eurasian Harm Reduction Network. He has been representing the Hungarian Harm Reduction Network at the government\u2019s drug advisory body in Hungary since 2007. Peter also contributed to building a network of advocacy NGOs in Europe: the European Drug Policy Initiative. He provided technical assistance to several NGOs, and launched several campaigns on drug policy reform. As a member of the Drugreporter video advocacy team, he has produced videos about drug policy issues in a number of countries. These videos are now part of a unique online drug policy video library.\",\"url\":\"https:\\\/\\\/drogriporter.hu\\\/en\\\/author\\\/sarosip-2\\\/\"}]}<\/script>\n<!-- \/ Yoast SEO Premium plugin. -->","yoast_head_json":{"title":"Orb\u00e1n\u2019s New War on Drugs - Drugreporter","robots":{"index":"index","follow":"follow","max-snippet":"max-snippet:-1","max-image-preview":"max-image-preview:large","max-video-preview":"max-video-preview:-1"},"canonical":"https:\/\/drogriporter.hu\/en\/orbans-new-war-on-drugs\/","og_locale":"en_US","og_type":"article","og_title":"Orb\u00e1n\u2019s New War on Drugs","og_description":"Prime Minister Viktor Orb\u00e1n has declared a war on drug traffickers, announcing that Hungary will amend its constitution to criminalise drug use. However, civil society warns that a more integrated, health-focused approach is needed instead.","og_url":"https:\/\/drogriporter.hu\/en\/orbans-new-war-on-drugs\/","og_site_name":"Drugreporter","article_published_time":"2025-03-03T13:10:46+00:00","article_modified_time":"2025-03-03T13:22:46+00:00","og_image":[{"width":1920,"height":1080,"url":"https:\/\/drogriporter.hu\/wp-content\/uploads\/sites\/8\/2025\/03\/orban.jpg","type":"image\/jpeg"}],"author":"P\u00e9ter S\u00e1rosi","twitter_card":"summary_large_image","twitter_misc":{"Written by":"P\u00e9ter S\u00e1rosi","Est. reading time":"4 minutes"},"schema":{"@context":"https:\/\/schema.org","@graph":[{"@type":"Article","@id":"https:\/\/drogriporter.hu\/en\/orbans-new-war-on-drugs\/#article","isPartOf":{"@id":"https:\/\/drogriporter.hu\/en\/orbans-new-war-on-drugs\/"},"author":{"name":"P\u00e9ter S\u00e1rosi","@id":"https:\/\/drogriporter.hu\/en\/#\/schema\/person\/fb6cc5151784cb72290e136439b8cfbf"},"headline":"Orb\u00e1n\u2019s New War on Drugs","datePublished":"2025-03-03T13:10:46+00:00","dateModified":"2025-03-03T13:22:46+00:00","mainEntityOfPage":{"@id":"https:\/\/drogriporter.hu\/en\/orbans-new-war-on-drugs\/"},"wordCount":766,"image":{"@id":"https:\/\/drogriporter.hu\/en\/orbans-new-war-on-drugs\/#primaryimage"},"thumbnailUrl":"https:\/\/drogriporter.hu\/wp-content\/uploads\/sites\/8\/2025\/03\/orban.jpg","articleSection":["Articles"],"inLanguage":"en-US"},{"@type":"WebPage","@id":"https:\/\/drogriporter.hu\/en\/orbans-new-war-on-drugs\/","url":"https:\/\/drogriporter.hu\/en\/orbans-new-war-on-drugs\/","name":"Orb\u00e1n\u2019s New War on Drugs - Drugreporter","isPartOf":{"@id":"https:\/\/drogriporter.hu\/en\/#website"},"primaryImageOfPage":{"@id":"https:\/\/drogriporter.hu\/en\/orbans-new-war-on-drugs\/#primaryimage"},"image":{"@id":"https:\/\/drogriporter.hu\/en\/orbans-new-war-on-drugs\/#primaryimage"},"thumbnailUrl":"https:\/\/drogriporter.hu\/wp-content\/uploads\/sites\/8\/2025\/03\/orban.jpg","datePublished":"2025-03-03T13:10:46+00:00","dateModified":"2025-03-03T13:22:46+00:00","author":{"@id":"https:\/\/drogriporter.hu\/en\/#\/schema\/person\/fb6cc5151784cb72290e136439b8cfbf"},"breadcrumb":{"@id":"https:\/\/drogriporter.hu\/en\/orbans-new-war-on-drugs\/#breadcrumb"},"inLanguage":"en-US","potentialAction":[{"@type":"ReadAction","target":["https:\/\/drogriporter.hu\/en\/orbans-new-war-on-drugs\/"]}]},{"@type":"ImageObject","inLanguage":"en-US","@id":"https:\/\/drogriporter.hu\/en\/orbans-new-war-on-drugs\/#primaryimage","url":"https:\/\/drogriporter.hu\/wp-content\/uploads\/sites\/8\/2025\/03\/orban.jpg","contentUrl":"https:\/\/drogriporter.hu\/wp-content\/uploads\/sites\/8\/2025\/03\/orban.jpg","width":1920,"height":1080},{"@type":"BreadcrumbList","@id":"https:\/\/drogriporter.hu\/en\/orbans-new-war-on-drugs\/#breadcrumb","itemListElement":[{"@type":"ListItem","position":1,"name":"Home","item":"https:\/\/drogriporter.hu\/en\/"},{"@type":"ListItem","position":2,"name":"Orb\u00e1n\u2019s New War on Drugs"}]},{"@type":"WebSite","@id":"https:\/\/drogriporter.hu\/en\/#website","url":"https:\/\/drogriporter.hu\/en\/","name":"Drugreporter","description":"News and Films from the Frontline of the War on Drugs","potentialAction":[{"@type":"SearchAction","target":{"@type":"EntryPoint","urlTemplate":"https:\/\/drogriporter.hu\/en\/?s={search_term_string}"},"query-input":{"@type":"PropertyValueSpecification","valueRequired":true,"valueName":"search_term_string"}}],"inLanguage":"en-US"},{"@type":"Person","@id":"https:\/\/drogriporter.hu\/en\/#\/schema\/person\/fb6cc5151784cb72290e136439b8cfbf","name":"P\u00e9ter S\u00e1rosi","image":{"@type":"ImageObject","inLanguage":"en-US","@id":"https:\/\/secure.gravatar.com\/avatar\/b0d99f928865d28655d1d76062ad4e267f8cdb42a281930f70dd9a875b94be0b?s=96&d=mm&r=g","url":"https:\/\/secure.gravatar.com\/avatar\/b0d99f928865d28655d1d76062ad4e267f8cdb42a281930f70dd9a875b94be0b?s=96&d=mm&r=g","contentUrl":"https:\/\/secure.gravatar.com\/avatar\/b0d99f928865d28655d1d76062ad4e267f8cdb42a281930f70dd9a875b94be0b?s=96&d=mm&r=g","caption":"P\u00e9ter S\u00e1rosi"},"description":"P\u00e9ter S\u00e1rosi is the Executive Director of the Rights Reporter Foundation. He is a human rights activist and drug policy expert, the founder and editor of the Drugreporter website since 2004, the author of countless articles, co-author of books and director of films about harm reduction and drug policy reform. He was the Director of the Drug Policy Program at the Hungarian Civil Liberties Union between 2004 and 2015. He is experienced in working at international drug policy forums such as the Commission on Narcotic Drugs. He was twice elected to the Core Group of the EU Civil Society Forum on Drugs. He is the co-chair of the Eurasian Harm Reduction Network. He has been representing the Hungarian Harm Reduction Network at the government\u2019s drug advisory body in Hungary since 2007. Peter also contributed to building a network of advocacy NGOs in Europe: the European Drug Policy Initiative. He provided technical assistance to several NGOs, and launched several campaigns on drug policy reform. As a member of the Drugreporter video advocacy team, he has produced videos about drug policy issues in a number of countries. These videos are now part of a unique online drug policy video library.","url":"https:\/\/drogriporter.hu\/en\/author\/sarosip-2\/"}]}},"featured_image_src_square":"https:\/\/drogriporter.hu\/wp-content\/uploads\/sites\/8\/2025\/03\/orban-600x600.jpg","_links":{"self":[{"href":"https:\/\/drogriporter.hu\/en\/wp-json\/wp\/v2\/posts\/34960","targetHints":{"allow":["GET"]}}],"collection":[{"href":"https:\/\/drogriporter.hu\/en\/wp-json\/wp\/v2\/posts"}],"about":[{"href":"https:\/\/drogriporter.hu\/en\/wp-json\/wp\/v2\/types\/post"}],"author":[{"embeddable":true,"href":"https:\/\/drogriporter.hu\/en\/wp-json\/wp\/v2\/users\/1005"}],"replies":[{"embeddable":true,"href":"https:\/\/drogriporter.hu\/en\/wp-json\/wp\/v2\/comments?post=34960"}],"version-history":[{"count":0,"href":"https:\/\/drogriporter.hu\/en\/wp-json\/wp\/v2\/posts\/34960\/revisions"}],"wp:featuredmedia":[{"embeddable":true,"href":"https:\/\/drogriporter.hu\/en\/wp-json\/wp\/v2\/media\/34961"}],"wp:attachment":[{"href":"https:\/\/drogriporter.hu\/en\/wp-json\/wp\/v2\/media?parent=34960"}],"wp:term":[{"taxonomy":"category","embeddable":true,"href":"https:\/\/drogriporter.hu\/en\/wp-json\/wp\/v2\/categories?post=34960"},{"taxonomy":"post_tag","embeddable":true,"href":"https:\/\/drogriporter.hu\/en\/wp-json\/wp\/v2\/tags?post=34960"},{"taxonomy":"countries","embeddable":true,"href":"https:\/\/drogriporter.hu\/en\/wp-json\/wp\/v2\/countries?post=34960"},{"taxonomy":"section","embeddable":true,"href":"https:\/\/drogriporter.hu\/en\/wp-json\/wp\/v2\/section?post=34960"},{"taxonomy":"video-author","embeddable":true,"href":"https:\/\/drogriporter.hu\/en\/wp-json\/wp\/v2\/video-author?post=34960"},{"taxonomy":"drug","embeddable":true,"href":"https:\/\/drogriporter.hu\/en\/wp-json\/wp\/v2\/drug?post=34960"},{"taxonomy":"archive","embeddable":true,"href":"https:\/\/drogriporter.hu\/en\/wp-json\/wp\/v2\/archive?post=34960"},{"taxonomy":"video-series","embeddable":true,"href":"https:\/\/drogriporter.hu\/en\/wp-json\/wp\/v2\/video-series?post=34960"}],"curies":[{"name":"wp","href":"https:\/\/api.w.org\/{rel}","templated":true}]}}