{"id":35040,"date":"2025-03-22T15:28:25","date_gmt":"2025-03-22T14:28:25","guid":{"rendered":"https:\/\/drogriporter.hu\/?p=35040"},"modified":"2025-03-26T13:30:14","modified_gmt":"2025-03-26T12:30:14","slug":"orbans-new-war-on-drugs-turns-into-a-major-crackdown-on-political-freedoms","status":"publish","type":"post","link":"https:\/\/drogriporter.hu\/en\/orbans-new-war-on-drugs-turns-into-a-major-crackdown-on-political-freedoms\/","title":{"rendered":"Orb\u00e1n&#8217;s New War on Drugs Turns Into a Major Crackdown on Political Freedoms"},"content":{"rendered":"\n<p>Under the pretext of <a href=\"https:\/\/drogriporter.hu\/en\/orbans-new-war-on-drugs\/\">fighting a war on drugs<\/a> to <em>&#8220;protect the children,&#8221;<\/em> Hungarian Prime Minister Viktor Orb\u00e1n is preparing a major crackdown on civil society and free speech. This could lead to harm reduction and drug policy reform being repressed\u2014much like in Russia\u2014including Drugreporter itself.<\/p>\n\n\n\n<!--more-->\n\n\n\n<p>On 17 March, just two days after Hungarians commemorated the 1848 revolution, which demanded political freedoms, the ruling party proposed constitutional amendments restricting civil liberties in the name of <em>&#8220;child protection.&#8221;<\/em> One amendment prioritises <em>&#8220;the protection of children\u2019s physical, mental, and moral development&#8221;<\/em> over all other rights. Based on this, the government has passed a new law <a href=\"https:\/\/www.nbcnews.com\/nbc-out\/out-news\/hungarys-government-targets-lgbtq-community-dual-citizens-proposed-con-rcna196115\">banning the annual Budapest Pride march<\/a>, claiming it poses a threat to children&#8217;s well-being. In addition to restricting freedom of expression on LGBTQ issues, the government also introduced a constitutional amendment banning <em>&#8220;the use, distribution, and promotion of illicit drugs.&#8221;<\/em><\/p>\n\n\n\n<p>Drug use is already a criminal offence in Hungary before this amendment, so it is unclear how this would aid law enforcement. A more likely explanation is that the amendment aims to intimidate and silence opposition parties, civil society organisations, and independent journalists who advocate for a human rights-based approach to drug policy. The ban on <em>&#8220;drug promotion&#8221;<\/em> could pave the way for legislation similar to <a href=\"https:\/\/www.youtube.com\/watch?v=vQeP3FOUbi8\">Russia\u2019s <em>&#8220;drug propaganda law,&#8221;<\/em><\/a> which effectively silences discussions on harm reduction or drug policy reform.<\/p>\n\n\n\n<p>The first sign that this amendment will be used to suppress critics came when police banned a 20 April (420) cannabis legalisation protest <a href=\"https:\/\/hvg.hu\/itthon\/20250321_rendorseg-kutyapart-alaptorveny-modositas-marihuana-legalizalasa-felvonulas-rendorseg-engedelyezes-tiltas\">organised by a small opposition party<\/a>. Authorities justified the ban by claiming the protest would violate the constitutional prohibition on <em>&#8220;promoting drugs.&#8221;<\/em> The organisers have vowed to challenge the decision in court. Meanwhile, pro-government politicians and lawyers have argued that the ban should apply to all forms of speech that contradict the government\u2019s strict prohibitionist stance\u2014including harm reduction education.<\/p>\n\n\n\n<p><em>&#8220;Anyone who expresses positive thoughts about drugs is promoting them,&#8221;<\/em> <a href=\"https:\/\/magyarnemzet.hu\/belfold\/2025\/03\/kormanybiztos-ossze-kell-fognunk-hogy-megtisztitsuk-hazankat-a-kabitoszerektol\">said <strong>L\u00e1szl\u00f3 Horv\u00e1th<\/strong><\/a>, Orb\u00e1n&#8217;s newly appointed Commissioner to Fight Drug Trafficking. <em>&#8220;Even someone who talks about how difficult, almost hopeless, it is to quit using drugs is also promoting them. Likewise, someone who discusses the positive effects of drugs\u2014saying that different substances lift a person\u2019s mood, make them feel strong, eliminate their sense of danger, fill them with energy, or serve as an escape from social difficulties\u2014is also promoting them. Instead of such positive or neutral speech, it must be said a hundred times over that drugs are poison and they kill. Everyone. It must be stated clearly that if someone starts using and becomes addicted, it will be extremely difficult to turn back.&#8221;<\/em><\/p>\n\n\n\n<p><em>&#8220;Focusing on harm reduction instead of prevention can fundamentally contradict anti-drug criminal laws, which may mislead potential users and put those who use substances in a serious situation,&#8221;<\/em> <a href=\"https:\/\/magyarnemzet.hu\/belfold\/2025\/03\/akar-eletfogytiglant-is-kaphat-aki-drogokkal-kereskedik-a-liberalis-politikak-nem-mukodnek\">said <strong>L\u00e1szl\u00f3 Lomnici<\/strong>, a pro-government lawyer<\/a>. He stated that the government&#8217;s war on drugs has <em>&#8220;two key objectives: eliminating drug-related crime and preventing progressive drug liberalisation efforts.&#8221;<\/em><\/p>\n\n\n\n<p>Krist\u00f3f T\u00e9gl\u00e1sy, head of the so-called Drug Research Institute\u2014a government-organised NGO (GONGO) established to counter critical civil society voices such as Drugreporter\u2014has even proposed banning symbols like the hemp leaf, which he compared to the swastika.<\/p>\n\n\n\n<p>Orb\u00e1n\u2019s war on drugs, announced in February (<a href=\"https:\/\/drogriporter.hu\/en\/orbans-new-war-on-drugs\/\">read our article here!<\/a>), is led by a new police agency modelled after the U.S. Drug Enforcement Administration (DEA). Over the past few weeks, multiple police raids have targeted both drug traffickers and users, with authorities claiming the goal is to <em>&#8220;eliminate drug trafficking.&#8221;<\/em> This campaign is backed by a media offensive, with pro-government politicians launching attacks against drug policy reform groups.<\/p>\n\n\n\n<p>As one of the leading independent voices advocating for harm reduction policies in opposition-led Budapest, Drugreporter has become a prime target. Alexandra Szentkir\u00e1lyi, head of the Budapest faction of the ruling party, posted a <a href=\"https:\/\/www.facebook.com\/reel\/1150724113500698\">video<\/a> accusing Drugreporter of being a &#8220;<em>Soros-organisation&#8221;<\/em> and calling its director a &#8220;<em>pro-drug activist<\/em>&#8220;.<\/p>\n\n\n\n<p>However, Drugreporter has mounted a determined defence, using social media and <a href=\"https:\/\/drogriporter.hu\/a\/\">independent media <\/a>to counter the government\u2019s narrative. It has criticised Orb\u00e1n\u2019s administration for using the war on drugs as a <em>smokescreen<\/em> to mask its failure to address complex social problems\u2014while simultaneously cracking down on critical civil society voices.<\/p>\n","protected":false},"excerpt":{"rendered":"<p>Under the pretext of fighting a war on drugs to &#8220;protect the children,&#8221; Hungarian Prime Minister Viktor Orb\u00e1n is preparing a major crackdown on civil society and free speech. This could lead to harm reduction and drug policy reform being repressed\u2014much like in Russia\u2014including Drugreporter itself.<\/p>\n","protected":false},"author":1005,"featured_media":35038,"comment_status":"closed","ping_status":"closed","sticky":false,"template":"","format":"standard","meta":{"_genesis_hide_title":false,"_genesis_hide_breadcrumbs":false,"_genesis_hide_singular_image":false,"_genesis_hide_footer_widgets":false,"_genesis_custom_body_class":"","_genesis_custom_post_class":"","_genesis_layout":"","footnotes":""},"categories":[2900],"tags":[],"countries":[2688],"section":[],"video-author":[],"drug":[],"archive":[3212,3214,3222],"video-series":[],"class_list":{"0":"post-35040","1":"post","2":"type-post","3":"status-publish","4":"format-standard","5":"has-post-thumbnail","7":"category-articles","8":"countries-hungary-en","9":"archive-criminalisation","10":"archive-drug-policy-and-law","11":"archive-harm-reduction","12":"entry"},"featured_image_src":"https:\/\/drogriporter.hu\/wp-content\/uploads\/sites\/8\/2025\/03\/censor-600x400.jpg","author_info":{"display_name":"P\u00e9ter S\u00e1rosi","author_link":"https:\/\/drogriporter.hu\/en\/author\/sarosip-2\/"},"yoast_head":"<!-- This site is optimized with the Yoast SEO Premium plugin  - https:\/\/yoast.com\/product\/yoast-seo-premium-wordpress\/ -->\n<title>Orb\u00e1n&#039;s New War on Drugs Turns Into a Major Crackdown on Political Freedoms - Drugreporter<\/title>\n<meta name=\"robots\" content=\"index, follow, max-snippet:-1, max-image-preview:large, max-video-preview:-1\" \/>\n<link rel=\"canonical\" href=\"https:\/\/drogriporter.hu\/en\/orbans-new-war-on-drugs-turns-into-a-major-crackdown-on-political-freedoms\/\" \/>\n<meta property=\"og:locale\" content=\"en_US\" \/>\n<meta property=\"og:type\" content=\"article\" \/>\n<meta property=\"og:title\" content=\"Orb\u00e1n&#039;s New War on Drugs Turns Into a Major Crackdown on Political Freedoms\" \/>\n<meta property=\"og:description\" content=\"Under the pretext of fighting a war on drugs to &quot;protect the children,&quot; Hungarian Prime Minister Viktor Orb\u00e1n is preparing a major crackdown on civil society and free speech. This could lead to harm reduction and drug policy reform being repressed\u2014much like in Russia\u2014including Drugreporter itself.\" \/>\n<meta property=\"og:url\" content=\"https:\/\/drogriporter.hu\/en\/orbans-new-war-on-drugs-turns-into-a-major-crackdown-on-political-freedoms\/\" \/>\n<meta property=\"og:site_name\" content=\"Drugreporter\" \/>\n<meta property=\"article:published_time\" content=\"2025-03-22T14:28:25+00:00\" \/>\n<meta property=\"article:modified_time\" content=\"2025-03-26T12:30:14+00:00\" \/>\n<meta property=\"og:image\" content=\"https:\/\/drogriporter.hu\/wp-content\/uploads\/sites\/8\/2025\/03\/censor.jpg\" \/>\n\t<meta property=\"og:image:width\" content=\"1920\" \/>\n\t<meta property=\"og:image:height\" content=\"1080\" \/>\n\t<meta property=\"og:image:type\" content=\"image\/jpeg\" \/>\n<meta name=\"author\" content=\"P\u00e9ter S\u00e1rosi\" \/>\n<meta name=\"twitter:card\" content=\"summary_large_image\" \/>\n<meta name=\"twitter:label1\" content=\"Written by\" \/>\n\t<meta name=\"twitter:data1\" content=\"P\u00e9ter S\u00e1rosi\" \/>\n\t<meta name=\"twitter:label2\" content=\"Est. reading time\" \/>\n\t<meta name=\"twitter:data2\" content=\"4 minutes\" \/>\n<script type=\"application\/ld+json\" class=\"yoast-schema-graph\">{\"@context\":\"https:\\\/\\\/schema.org\",\"@graph\":[{\"@type\":\"Article\",\"@id\":\"https:\\\/\\\/drogriporter.hu\\\/en\\\/orbans-new-war-on-drugs-turns-into-a-major-crackdown-on-political-freedoms\\\/#article\",\"isPartOf\":{\"@id\":\"https:\\\/\\\/drogriporter.hu\\\/en\\\/orbans-new-war-on-drugs-turns-into-a-major-crackdown-on-political-freedoms\\\/\"},\"author\":{\"name\":\"P\u00e9ter S\u00e1rosi\",\"@id\":\"https:\\\/\\\/drogriporter.hu\\\/en\\\/#\\\/schema\\\/person\\\/fb6cc5151784cb72290e136439b8cfbf\"},\"headline\":\"Orb\u00e1n&#8217;s New War on Drugs Turns Into a Major Crackdown on Political Freedoms\",\"datePublished\":\"2025-03-22T14:28:25+00:00\",\"dateModified\":\"2025-03-26T12:30:14+00:00\",\"mainEntityOfPage\":{\"@id\":\"https:\\\/\\\/drogriporter.hu\\\/en\\\/orbans-new-war-on-drugs-turns-into-a-major-crackdown-on-political-freedoms\\\/\"},\"wordCount\":728,\"image\":{\"@id\":\"https:\\\/\\\/drogriporter.hu\\\/en\\\/orbans-new-war-on-drugs-turns-into-a-major-crackdown-on-political-freedoms\\\/#primaryimage\"},\"thumbnailUrl\":\"https:\\\/\\\/drogriporter.hu\\\/wp-content\\\/uploads\\\/sites\\\/8\\\/2025\\\/03\\\/censor.jpg\",\"articleSection\":[\"Articles\"],\"inLanguage\":\"en-US\"},{\"@type\":\"WebPage\",\"@id\":\"https:\\\/\\\/drogriporter.hu\\\/en\\\/orbans-new-war-on-drugs-turns-into-a-major-crackdown-on-political-freedoms\\\/\",\"url\":\"https:\\\/\\\/drogriporter.hu\\\/en\\\/orbans-new-war-on-drugs-turns-into-a-major-crackdown-on-political-freedoms\\\/\",\"name\":\"Orb\u00e1n's New War on Drugs Turns Into a Major Crackdown on Political Freedoms - Drugreporter\",\"isPartOf\":{\"@id\":\"https:\\\/\\\/drogriporter.hu\\\/en\\\/#website\"},\"primaryImageOfPage\":{\"@id\":\"https:\\\/\\\/drogriporter.hu\\\/en\\\/orbans-new-war-on-drugs-turns-into-a-major-crackdown-on-political-freedoms\\\/#primaryimage\"},\"image\":{\"@id\":\"https:\\\/\\\/drogriporter.hu\\\/en\\\/orbans-new-war-on-drugs-turns-into-a-major-crackdown-on-political-freedoms\\\/#primaryimage\"},\"thumbnailUrl\":\"https:\\\/\\\/drogriporter.hu\\\/wp-content\\\/uploads\\\/sites\\\/8\\\/2025\\\/03\\\/censor.jpg\",\"datePublished\":\"2025-03-22T14:28:25+00:00\",\"dateModified\":\"2025-03-26T12:30:14+00:00\",\"author\":{\"@id\":\"https:\\\/\\\/drogriporter.hu\\\/en\\\/#\\\/schema\\\/person\\\/fb6cc5151784cb72290e136439b8cfbf\"},\"breadcrumb\":{\"@id\":\"https:\\\/\\\/drogriporter.hu\\\/en\\\/orbans-new-war-on-drugs-turns-into-a-major-crackdown-on-political-freedoms\\\/#breadcrumb\"},\"inLanguage\":\"en-US\",\"potentialAction\":[{\"@type\":\"ReadAction\",\"target\":[\"https:\\\/\\\/drogriporter.hu\\\/en\\\/orbans-new-war-on-drugs-turns-into-a-major-crackdown-on-political-freedoms\\\/\"]}]},{\"@type\":\"ImageObject\",\"inLanguage\":\"en-US\",\"@id\":\"https:\\\/\\\/drogriporter.hu\\\/en\\\/orbans-new-war-on-drugs-turns-into-a-major-crackdown-on-political-freedoms\\\/#primaryimage\",\"url\":\"https:\\\/\\\/drogriporter.hu\\\/wp-content\\\/uploads\\\/sites\\\/8\\\/2025\\\/03\\\/censor.jpg\",\"contentUrl\":\"https:\\\/\\\/drogriporter.hu\\\/wp-content\\\/uploads\\\/sites\\\/8\\\/2025\\\/03\\\/censor.jpg\",\"width\":1920,\"height\":1080},{\"@type\":\"BreadcrumbList\",\"@id\":\"https:\\\/\\\/drogriporter.hu\\\/en\\\/orbans-new-war-on-drugs-turns-into-a-major-crackdown-on-political-freedoms\\\/#breadcrumb\",\"itemListElement\":[{\"@type\":\"ListItem\",\"position\":1,\"name\":\"Home\",\"item\":\"https:\\\/\\\/drogriporter.hu\\\/en\\\/\"},{\"@type\":\"ListItem\",\"position\":2,\"name\":\"Orb\u00e1n&#8217;s New War on Drugs Turns Into a Major Crackdown on Political Freedoms\"}]},{\"@type\":\"WebSite\",\"@id\":\"https:\\\/\\\/drogriporter.hu\\\/en\\\/#website\",\"url\":\"https:\\\/\\\/drogriporter.hu\\\/en\\\/\",\"name\":\"Drugreporter\",\"description\":\"News and Films from the Frontline of the War on Drugs\",\"potentialAction\":[{\"@type\":\"SearchAction\",\"target\":{\"@type\":\"EntryPoint\",\"urlTemplate\":\"https:\\\/\\\/drogriporter.hu\\\/en\\\/?s={search_term_string}\"},\"query-input\":{\"@type\":\"PropertyValueSpecification\",\"valueRequired\":true,\"valueName\":\"search_term_string\"}}],\"inLanguage\":\"en-US\"},{\"@type\":\"Person\",\"@id\":\"https:\\\/\\\/drogriporter.hu\\\/en\\\/#\\\/schema\\\/person\\\/fb6cc5151784cb72290e136439b8cfbf\",\"name\":\"P\u00e9ter S\u00e1rosi\",\"image\":{\"@type\":\"ImageObject\",\"inLanguage\":\"en-US\",\"@id\":\"https:\\\/\\\/secure.gravatar.com\\\/avatar\\\/b0d99f928865d28655d1d76062ad4e267f8cdb42a281930f70dd9a875b94be0b?s=96&d=mm&r=g\",\"url\":\"https:\\\/\\\/secure.gravatar.com\\\/avatar\\\/b0d99f928865d28655d1d76062ad4e267f8cdb42a281930f70dd9a875b94be0b?s=96&d=mm&r=g\",\"contentUrl\":\"https:\\\/\\\/secure.gravatar.com\\\/avatar\\\/b0d99f928865d28655d1d76062ad4e267f8cdb42a281930f70dd9a875b94be0b?s=96&d=mm&r=g\",\"caption\":\"P\u00e9ter S\u00e1rosi\"},\"description\":\"P\u00e9ter S\u00e1rosi is the Executive Director of the Rights Reporter Foundation. He is a human rights activist and drug policy expert, the founder and editor of the Drugreporter website since 2004, the author of countless articles, co-author of books and director of films about harm reduction and drug policy reform. He was the Director of the Drug Policy Program at the Hungarian Civil Liberties Union between 2004 and 2015. He is experienced in working at international drug policy forums such as the Commission on Narcotic Drugs. He was twice elected to the Core Group of the EU Civil Society Forum on Drugs. He is the co-chair of the Eurasian Harm Reduction Network. He has been representing the Hungarian Harm Reduction Network at the government\u2019s drug advisory body in Hungary since 2007. Peter also contributed to building a network of advocacy NGOs in Europe: the European Drug Policy Initiative. He provided technical assistance to several NGOs, and launched several campaigns on drug policy reform. As a member of the Drugreporter video advocacy team, he has produced videos about drug policy issues in a number of countries. These videos are now part of a unique online drug policy video library.\",\"url\":\"https:\\\/\\\/drogriporter.hu\\\/en\\\/author\\\/sarosip-2\\\/\"}]}<\/script>\n<!-- \/ Yoast SEO Premium plugin. -->","yoast_head_json":{"title":"Orb\u00e1n's New War on Drugs Turns Into a Major Crackdown on Political Freedoms - Drugreporter","robots":{"index":"index","follow":"follow","max-snippet":"max-snippet:-1","max-image-preview":"max-image-preview:large","max-video-preview":"max-video-preview:-1"},"canonical":"https:\/\/drogriporter.hu\/en\/orbans-new-war-on-drugs-turns-into-a-major-crackdown-on-political-freedoms\/","og_locale":"en_US","og_type":"article","og_title":"Orb\u00e1n's New War on Drugs Turns Into a Major Crackdown on Political Freedoms","og_description":"Under the pretext of fighting a war on drugs to \"protect the children,\" Hungarian Prime Minister Viktor Orb\u00e1n is preparing a major crackdown on civil society and free speech. This could lead to harm reduction and drug policy reform being repressed\u2014much like in Russia\u2014including Drugreporter itself.","og_url":"https:\/\/drogriporter.hu\/en\/orbans-new-war-on-drugs-turns-into-a-major-crackdown-on-political-freedoms\/","og_site_name":"Drugreporter","article_published_time":"2025-03-22T14:28:25+00:00","article_modified_time":"2025-03-26T12:30:14+00:00","og_image":[{"width":1920,"height":1080,"url":"https:\/\/drogriporter.hu\/wp-content\/uploads\/sites\/8\/2025\/03\/censor.jpg","type":"image\/jpeg"}],"author":"P\u00e9ter S\u00e1rosi","twitter_card":"summary_large_image","twitter_misc":{"Written by":"P\u00e9ter S\u00e1rosi","Est. reading time":"4 minutes"},"schema":{"@context":"https:\/\/schema.org","@graph":[{"@type":"Article","@id":"https:\/\/drogriporter.hu\/en\/orbans-new-war-on-drugs-turns-into-a-major-crackdown-on-political-freedoms\/#article","isPartOf":{"@id":"https:\/\/drogriporter.hu\/en\/orbans-new-war-on-drugs-turns-into-a-major-crackdown-on-political-freedoms\/"},"author":{"name":"P\u00e9ter S\u00e1rosi","@id":"https:\/\/drogriporter.hu\/en\/#\/schema\/person\/fb6cc5151784cb72290e136439b8cfbf"},"headline":"Orb\u00e1n&#8217;s New War on Drugs Turns Into a Major Crackdown on Political Freedoms","datePublished":"2025-03-22T14:28:25+00:00","dateModified":"2025-03-26T12:30:14+00:00","mainEntityOfPage":{"@id":"https:\/\/drogriporter.hu\/en\/orbans-new-war-on-drugs-turns-into-a-major-crackdown-on-political-freedoms\/"},"wordCount":728,"image":{"@id":"https:\/\/drogriporter.hu\/en\/orbans-new-war-on-drugs-turns-into-a-major-crackdown-on-political-freedoms\/#primaryimage"},"thumbnailUrl":"https:\/\/drogriporter.hu\/wp-content\/uploads\/sites\/8\/2025\/03\/censor.jpg","articleSection":["Articles"],"inLanguage":"en-US"},{"@type":"WebPage","@id":"https:\/\/drogriporter.hu\/en\/orbans-new-war-on-drugs-turns-into-a-major-crackdown-on-political-freedoms\/","url":"https:\/\/drogriporter.hu\/en\/orbans-new-war-on-drugs-turns-into-a-major-crackdown-on-political-freedoms\/","name":"Orb\u00e1n's New War on Drugs Turns Into a Major Crackdown on Political Freedoms - Drugreporter","isPartOf":{"@id":"https:\/\/drogriporter.hu\/en\/#website"},"primaryImageOfPage":{"@id":"https:\/\/drogriporter.hu\/en\/orbans-new-war-on-drugs-turns-into-a-major-crackdown-on-political-freedoms\/#primaryimage"},"image":{"@id":"https:\/\/drogriporter.hu\/en\/orbans-new-war-on-drugs-turns-into-a-major-crackdown-on-political-freedoms\/#primaryimage"},"thumbnailUrl":"https:\/\/drogriporter.hu\/wp-content\/uploads\/sites\/8\/2025\/03\/censor.jpg","datePublished":"2025-03-22T14:28:25+00:00","dateModified":"2025-03-26T12:30:14+00:00","author":{"@id":"https:\/\/drogriporter.hu\/en\/#\/schema\/person\/fb6cc5151784cb72290e136439b8cfbf"},"breadcrumb":{"@id":"https:\/\/drogriporter.hu\/en\/orbans-new-war-on-drugs-turns-into-a-major-crackdown-on-political-freedoms\/#breadcrumb"},"inLanguage":"en-US","potentialAction":[{"@type":"ReadAction","target":["https:\/\/drogriporter.hu\/en\/orbans-new-war-on-drugs-turns-into-a-major-crackdown-on-political-freedoms\/"]}]},{"@type":"ImageObject","inLanguage":"en-US","@id":"https:\/\/drogriporter.hu\/en\/orbans-new-war-on-drugs-turns-into-a-major-crackdown-on-political-freedoms\/#primaryimage","url":"https:\/\/drogriporter.hu\/wp-content\/uploads\/sites\/8\/2025\/03\/censor.jpg","contentUrl":"https:\/\/drogriporter.hu\/wp-content\/uploads\/sites\/8\/2025\/03\/censor.jpg","width":1920,"height":1080},{"@type":"BreadcrumbList","@id":"https:\/\/drogriporter.hu\/en\/orbans-new-war-on-drugs-turns-into-a-major-crackdown-on-political-freedoms\/#breadcrumb","itemListElement":[{"@type":"ListItem","position":1,"name":"Home","item":"https:\/\/drogriporter.hu\/en\/"},{"@type":"ListItem","position":2,"name":"Orb\u00e1n&#8217;s New War on Drugs Turns Into a Major Crackdown on Political Freedoms"}]},{"@type":"WebSite","@id":"https:\/\/drogriporter.hu\/en\/#website","url":"https:\/\/drogriporter.hu\/en\/","name":"Drugreporter","description":"News and Films from the Frontline of the War on Drugs","potentialAction":[{"@type":"SearchAction","target":{"@type":"EntryPoint","urlTemplate":"https:\/\/drogriporter.hu\/en\/?s={search_term_string}"},"query-input":{"@type":"PropertyValueSpecification","valueRequired":true,"valueName":"search_term_string"}}],"inLanguage":"en-US"},{"@type":"Person","@id":"https:\/\/drogriporter.hu\/en\/#\/schema\/person\/fb6cc5151784cb72290e136439b8cfbf","name":"P\u00e9ter S\u00e1rosi","image":{"@type":"ImageObject","inLanguage":"en-US","@id":"https:\/\/secure.gravatar.com\/avatar\/b0d99f928865d28655d1d76062ad4e267f8cdb42a281930f70dd9a875b94be0b?s=96&d=mm&r=g","url":"https:\/\/secure.gravatar.com\/avatar\/b0d99f928865d28655d1d76062ad4e267f8cdb42a281930f70dd9a875b94be0b?s=96&d=mm&r=g","contentUrl":"https:\/\/secure.gravatar.com\/avatar\/b0d99f928865d28655d1d76062ad4e267f8cdb42a281930f70dd9a875b94be0b?s=96&d=mm&r=g","caption":"P\u00e9ter S\u00e1rosi"},"description":"P\u00e9ter S\u00e1rosi is the Executive Director of the Rights Reporter Foundation. He is a human rights activist and drug policy expert, the founder and editor of the Drugreporter website since 2004, the author of countless articles, co-author of books and director of films about harm reduction and drug policy reform. He was the Director of the Drug Policy Program at the Hungarian Civil Liberties Union between 2004 and 2015. He is experienced in working at international drug policy forums such as the Commission on Narcotic Drugs. He was twice elected to the Core Group of the EU Civil Society Forum on Drugs. He is the co-chair of the Eurasian Harm Reduction Network. He has been representing the Hungarian Harm Reduction Network at the government\u2019s drug advisory body in Hungary since 2007. Peter also contributed to building a network of advocacy NGOs in Europe: the European Drug Policy Initiative. He provided technical assistance to several NGOs, and launched several campaigns on drug policy reform. As a member of the Drugreporter video advocacy team, he has produced videos about drug policy issues in a number of countries. These videos are now part of a unique online drug policy video library.","url":"https:\/\/drogriporter.hu\/en\/author\/sarosip-2\/"}]}},"featured_image_src_square":"https:\/\/drogriporter.hu\/wp-content\/uploads\/sites\/8\/2025\/03\/censor-600x600.jpg","_links":{"self":[{"href":"https:\/\/drogriporter.hu\/en\/wp-json\/wp\/v2\/posts\/35040","targetHints":{"allow":["GET"]}}],"collection":[{"href":"https:\/\/drogriporter.hu\/en\/wp-json\/wp\/v2\/posts"}],"about":[{"href":"https:\/\/drogriporter.hu\/en\/wp-json\/wp\/v2\/types\/post"}],"author":[{"embeddable":true,"href":"https:\/\/drogriporter.hu\/en\/wp-json\/wp\/v2\/users\/1005"}],"replies":[{"embeddable":true,"href":"https:\/\/drogriporter.hu\/en\/wp-json\/wp\/v2\/comments?post=35040"}],"version-history":[{"count":0,"href":"https:\/\/drogriporter.hu\/en\/wp-json\/wp\/v2\/posts\/35040\/revisions"}],"wp:featuredmedia":[{"embeddable":true,"href":"https:\/\/drogriporter.hu\/en\/wp-json\/wp\/v2\/media\/35038"}],"wp:attachment":[{"href":"https:\/\/drogriporter.hu\/en\/wp-json\/wp\/v2\/media?parent=35040"}],"wp:term":[{"taxonomy":"category","embeddable":true,"href":"https:\/\/drogriporter.hu\/en\/wp-json\/wp\/v2\/categories?post=35040"},{"taxonomy":"post_tag","embeddable":true,"href":"https:\/\/drogriporter.hu\/en\/wp-json\/wp\/v2\/tags?post=35040"},{"taxonomy":"countries","embeddable":true,"href":"https:\/\/drogriporter.hu\/en\/wp-json\/wp\/v2\/countries?post=35040"},{"taxonomy":"section","embeddable":true,"href":"https:\/\/drogriporter.hu\/en\/wp-json\/wp\/v2\/section?post=35040"},{"taxonomy":"video-author","embeddable":true,"href":"https:\/\/drogriporter.hu\/en\/wp-json\/wp\/v2\/video-author?post=35040"},{"taxonomy":"drug","embeddable":true,"href":"https:\/\/drogriporter.hu\/en\/wp-json\/wp\/v2\/drug?post=35040"},{"taxonomy":"archive","embeddable":true,"href":"https:\/\/drogriporter.hu\/en\/wp-json\/wp\/v2\/archive?post=35040"},{"taxonomy":"video-series","embeddable":true,"href":"https:\/\/drogriporter.hu\/en\/wp-json\/wp\/v2\/video-series?post=35040"}],"curies":[{"name":"wp","href":"https:\/\/api.w.org\/{rel}","templated":true}]}}