{"id":35644,"date":"2025-07-10T08:52:27","date_gmt":"2025-07-10T06:52:27","guid":{"rendered":"https:\/\/drogriporter.hu\/?p=35644"},"modified":"2025-07-10T16:24:47","modified_gmt":"2025-07-10T14:24:47","slug":"laura-gil-interview","status":"publish","type":"post","link":"https:\/\/drogriporter.hu\/en\/laura-gil-interview\/","title":{"rendered":"\u201cChanging the current drug policy regime has become a life cause for me\u201d \u2013 An Interview with Colombia\u2019s Ambassador At-Large for Drug Policy Laura Gil"},"content":{"rendered":"\n<p>On the eve of her departure from her post as the Ambassador of Colombia to Austria and Permanent Representative to the United Nations in Vienna, we spoke to Ambassador Laura Gil about her time in Vienna, her achievements, the challenges she faced as well as her hopes for the future of international drug policy. <\/p>\n\n\n\n<!--more-->\n\n\n\n<p>As the Ambassador At-Large for Drug Policy, she worked with other Member States to break the long-standing Vienna consensus on drugs which led to the first ever resolution that specifically mentioned \u2018harm reduction\u2019 being adopted by vote in 2024, while at the last CND in March 2025, Colombia led a resolution that creates an independent expert panel that will conduct a long-over review of the UN drug control \u2018machinery\u2019. Her leadership has been exceptional and sets a new high bar for inclusive and engaged diplomacy at the Commission on Narcotic Drugs. She leaves Vienna in mid-July 2025 to take up a new position in Washington DC as the Assistant Secretary-General of the Organisation of American States. We produced this video in cooperation with the <a href=\"https:\/\/idpc.net\/news\/2025\/06\/stop-the-crackdown-save-lives-defend-civil-society-and-the-rule-of-law-in-hungary\">International Drug Policy Consortium<\/a>, and the reporter was Ann Fordham, Executive Director of the IDPC.<\/p>\n\n\n<iframe loading=\"lazy\" src=\"https:\/\/www.youtube.com\/embed\/mkdAgePjnG4\" width=\"560\" height=\"315\" frameborder=\"0\" style=\"\" allowfullscreen><\/iframe>\n\n\n\n<p><\/p>\n\n\n\n<p>Also available in podcast format:<\/p>\n\n\n\n<figure class=\"wp-block-embed is-type-rich is-provider-spotify wp-block-embed-spotify wp-embed-aspect-21-9 wp-has-aspect-ratio Class: no-fitvids\"><div class=\"wp-block-embed__wrapper\">\n<iframe title=\"Spotify Embed: &quot;Changing the current drug policy regime has become a life cause for me\u201d \u2013 Interview with Laura Gil\" style=\"border-radius: 12px\" width=\"100%\" height=\"152\" frameborder=\"0\" allowfullscreen allow=\"autoplay; clipboard-write; encrypted-media; fullscreen; picture-in-picture\" loading=\"lazy\" src=\"https:\/\/open.spotify.com\/embed\/episode\/1scHdF00caY5fFrhkqPVRD?si=231f1c5557364c93&#038;utm_source=oembed\"><\/iframe>\n<\/div><\/figure>\n\n\n\n<p>Reporter and text: Ann Fordham, IDPC<br>Video: Istv\u00e1n G\u00e1bor Tak\u00e1cs, Drugreporter<\/p>\n","protected":false},"excerpt":{"rendered":"<p>On the eve of her departure from her post as the Ambassador of Colombia to Austria and Permanent Representative to the United Nations in Vienna, we spoke to Ambassador Laura Gil about her time in Vienna, her achievements, the challenges she faced as well as her hopes for the future of international drug policy. <\/p>\n","protected":false},"author":1002,"featured_media":35645,"comment_status":"closed","ping_status":"closed","sticky":false,"template":"","format":"standard","meta":{"_genesis_hide_title":false,"_genesis_hide_breadcrumbs":false,"_genesis_hide_singular_image":false,"_genesis_hide_footer_widgets":false,"_genesis_custom_body_class":"","_genesis_custom_post_class":"","_genesis_layout":"","footnotes":""},"categories":[2900,2894],"tags":[],"countries":[2692,2974],"section":[],"video-author":[2921],"drug":[],"archive":[3214,3247],"video-series":[3249],"class_list":{"0":"post-35644","1":"post","2":"type-post","3":"status-publish","4":"format-standard","5":"has-post-thumbnail","7":"category-articles","8":"category-video-database","9":"countries-austria-en","10":"countries-colombia","11":"video-author-drugreporter","12":"archive-drug-policy-and-law","13":"archive-united-nations-drug-policy","14":"video-series-un-commission-on-narcotic-drugs-cnd","15":"entry"},"featured_image_src":"https:\/\/drogriporter.hu\/wp-content\/uploads\/sites\/8\/2025\/07\/laura-gil-hd-600x400.jpg","author_info":{"display_name":"Istv\u00e1n G\u00e1bor Tak\u00e1cs","author_link":"https:\/\/drogriporter.hu\/en\/author\/idoru\/"},"yoast_head":"<!-- This site is optimized with the Yoast SEO Premium plugin  - https:\/\/yoast.com\/product\/yoast-seo-premium-wordpress\/ -->\n<title>\u201cChanging the current drug policy regime has become a life cause for me\u201d \u2013 An Interview with Colombia\u2019s Ambassador At-Large for Drug Policy Laura Gil - Drugreporter<\/title>\n<meta name=\"robots\" content=\"index, follow, max-snippet:-1, max-image-preview:large, max-video-preview:-1\" \/>\n<link rel=\"canonical\" href=\"https:\/\/drogriporter.hu\/en\/laura-gil-interview\/\" \/>\n<meta property=\"og:locale\" content=\"en_US\" \/>\n<meta property=\"og:type\" content=\"article\" \/>\n<meta property=\"og:title\" content=\"\u201cChanging the current drug policy regime has become a life cause for me\u201d \u2013 An Interview with Colombia\u2019s Ambassador At-Large for Drug Policy Laura Gil\" \/>\n<meta property=\"og:description\" content=\"On the eve of her departure from her post as the Ambassador of Colombia to Austria and Permanent Representative to the United Nations in Vienna, we spoke to Ambassador Laura Gil about her time in Vienna, her achievements, the challenges she faced as well as her hopes for the future of international drug policy.\" \/>\n<meta property=\"og:url\" content=\"https:\/\/drogriporter.hu\/en\/laura-gil-interview\/\" \/>\n<meta property=\"og:site_name\" content=\"Drugreporter\" \/>\n<meta property=\"article:published_time\" content=\"2025-07-10T06:52:27+00:00\" \/>\n<meta property=\"article:modified_time\" content=\"2025-07-10T14:24:47+00:00\" \/>\n<meta property=\"og:image\" content=\"https:\/\/drogriporter.hu\/wp-content\/uploads\/sites\/8\/2025\/07\/laura-gil-hd.jpg\" \/>\n\t<meta property=\"og:image:width\" content=\"1920\" \/>\n\t<meta property=\"og:image:height\" content=\"1080\" \/>\n\t<meta property=\"og:image:type\" content=\"image\/jpeg\" \/>\n<meta name=\"author\" content=\"Istv\u00e1n G\u00e1bor Tak\u00e1cs\" \/>\n<meta name=\"twitter:card\" content=\"summary_large_image\" \/>\n<meta name=\"twitter:label1\" content=\"Written by\" \/>\n\t<meta name=\"twitter:data1\" content=\"Istv\u00e1n G\u00e1bor Tak\u00e1cs\" \/>\n\t<meta name=\"twitter:label2\" content=\"Est. reading time\" \/>\n\t<meta name=\"twitter:data2\" content=\"2 minutes\" \/>\n<script type=\"application\/ld+json\" class=\"yoast-schema-graph\">{\"@context\":\"https:\\\/\\\/schema.org\",\"@graph\":[{\"@type\":\"Article\",\"@id\":\"https:\\\/\\\/drogriporter.hu\\\/en\\\/laura-gil-interview\\\/#article\",\"isPartOf\":{\"@id\":\"https:\\\/\\\/drogriporter.hu\\\/en\\\/laura-gil-interview\\\/\"},\"author\":{\"name\":\"Istv\u00e1n G\u00e1bor Tak\u00e1cs\",\"@id\":\"https:\\\/\\\/drogriporter.hu\\\/en\\\/#\\\/schema\\\/person\\\/aaf6e356ecdcc3c9a6172aeb58a1c524\"},\"headline\":\"\u201cChanging the current drug policy regime has become a life cause for me\u201d \u2013 An Interview with Colombia\u2019s Ambassador At-Large for Drug Policy Laura Gil\",\"datePublished\":\"2025-07-10T06:52:27+00:00\",\"dateModified\":\"2025-07-10T14:24:47+00:00\",\"mainEntityOfPage\":{\"@id\":\"https:\\\/\\\/drogriporter.hu\\\/en\\\/laura-gil-interview\\\/\"},\"wordCount\":248,\"image\":{\"@id\":\"https:\\\/\\\/drogriporter.hu\\\/en\\\/laura-gil-interview\\\/#primaryimage\"},\"thumbnailUrl\":\"https:\\\/\\\/drogriporter.hu\\\/wp-content\\\/uploads\\\/sites\\\/8\\\/2025\\\/07\\\/laura-gil-hd.jpg\",\"articleSection\":[\"Articles\",\"Video Database\"],\"inLanguage\":\"en-US\"},{\"@type\":\"WebPage\",\"@id\":\"https:\\\/\\\/drogriporter.hu\\\/en\\\/laura-gil-interview\\\/\",\"url\":\"https:\\\/\\\/drogriporter.hu\\\/en\\\/laura-gil-interview\\\/\",\"name\":\"\u201cChanging the current drug policy regime has become a life cause for me\u201d \u2013 An Interview with Colombia\u2019s Ambassador At-Large for Drug Policy Laura Gil - Drugreporter\",\"isPartOf\":{\"@id\":\"https:\\\/\\\/drogriporter.hu\\\/en\\\/#website\"},\"primaryImageOfPage\":{\"@id\":\"https:\\\/\\\/drogriporter.hu\\\/en\\\/laura-gil-interview\\\/#primaryimage\"},\"image\":{\"@id\":\"https:\\\/\\\/drogriporter.hu\\\/en\\\/laura-gil-interview\\\/#primaryimage\"},\"thumbnailUrl\":\"https:\\\/\\\/drogriporter.hu\\\/wp-content\\\/uploads\\\/sites\\\/8\\\/2025\\\/07\\\/laura-gil-hd.jpg\",\"datePublished\":\"2025-07-10T06:52:27+00:00\",\"dateModified\":\"2025-07-10T14:24:47+00:00\",\"author\":{\"@id\":\"https:\\\/\\\/drogriporter.hu\\\/en\\\/#\\\/schema\\\/person\\\/aaf6e356ecdcc3c9a6172aeb58a1c524\"},\"breadcrumb\":{\"@id\":\"https:\\\/\\\/drogriporter.hu\\\/en\\\/laura-gil-interview\\\/#breadcrumb\"},\"inLanguage\":\"en-US\",\"potentialAction\":[{\"@type\":\"ReadAction\",\"target\":[\"https:\\\/\\\/drogriporter.hu\\\/en\\\/laura-gil-interview\\\/\"]}]},{\"@type\":\"ImageObject\",\"inLanguage\":\"en-US\",\"@id\":\"https:\\\/\\\/drogriporter.hu\\\/en\\\/laura-gil-interview\\\/#primaryimage\",\"url\":\"https:\\\/\\\/drogriporter.hu\\\/wp-content\\\/uploads\\\/sites\\\/8\\\/2025\\\/07\\\/laura-gil-hd.jpg\",\"contentUrl\":\"https:\\\/\\\/drogriporter.hu\\\/wp-content\\\/uploads\\\/sites\\\/8\\\/2025\\\/07\\\/laura-gil-hd.jpg\",\"width\":1920,\"height\":1080,\"caption\":\"Laura Gil\"},{\"@type\":\"BreadcrumbList\",\"@id\":\"https:\\\/\\\/drogriporter.hu\\\/en\\\/laura-gil-interview\\\/#breadcrumb\",\"itemListElement\":[{\"@type\":\"ListItem\",\"position\":1,\"name\":\"Home\",\"item\":\"https:\\\/\\\/drogriporter.hu\\\/en\\\/\"},{\"@type\":\"ListItem\",\"position\":2,\"name\":\"\u201cChanging the current drug policy regime has become a life cause for me\u201d \u2013 An Interview with Colombia\u2019s Ambassador At-Large for Drug Policy Laura Gil\"}]},{\"@type\":\"WebSite\",\"@id\":\"https:\\\/\\\/drogriporter.hu\\\/en\\\/#website\",\"url\":\"https:\\\/\\\/drogriporter.hu\\\/en\\\/\",\"name\":\"Drugreporter\",\"description\":\"News and Films from the Frontline of the War on Drugs\",\"potentialAction\":[{\"@type\":\"SearchAction\",\"target\":{\"@type\":\"EntryPoint\",\"urlTemplate\":\"https:\\\/\\\/drogriporter.hu\\\/en\\\/?s={search_term_string}\"},\"query-input\":{\"@type\":\"PropertyValueSpecification\",\"valueRequired\":true,\"valueName\":\"search_term_string\"}}],\"inLanguage\":\"en-US\"},{\"@type\":\"Person\",\"@id\":\"https:\\\/\\\/drogriporter.hu\\\/en\\\/#\\\/schema\\\/person\\\/aaf6e356ecdcc3c9a6172aeb58a1c524\",\"name\":\"Istv\u00e1n G\u00e1bor Tak\u00e1cs\",\"image\":{\"@type\":\"ImageObject\",\"inLanguage\":\"en-US\",\"@id\":\"https:\\\/\\\/secure.gravatar.com\\\/avatar\\\/658e7317f4c0b7ad030de0732edc52bd87a40097c378d9f945212f914567946c?s=96&d=mm&r=g\",\"url\":\"https:\\\/\\\/secure.gravatar.com\\\/avatar\\\/658e7317f4c0b7ad030de0732edc52bd87a40097c378d9f945212f914567946c?s=96&d=mm&r=g\",\"contentUrl\":\"https:\\\/\\\/secure.gravatar.com\\\/avatar\\\/658e7317f4c0b7ad030de0732edc52bd87a40097c378d9f945212f914567946c?s=96&d=mm&r=g\",\"caption\":\"Istv\u00e1n G\u00e1bor Tak\u00e1cs\"},\"description\":\"Istv\u00e1n G\u00e1bor Tak\u00e1cs is a human rights activist, videographer and trainer. He ran the Video Advocacy Program of the Hungarian Civil Liberties Union between 2007-2015. He worked as a needle exchange program counselor for 5 years. He is author of several articles on harm reduction and cameraman, editor, director and co-director of more than 700 online videos, among them longer documentaries, such as \u201cKostya Proletarsky\u201d (2020), \u201cTaking Back What\u2019s Ours: An Oral History of the Movement of People who Use Drugs\u201d (2020) \u201dA Day in the Life: The World of Humans Who Use Drugs\u201d (2016), \u201cWithout Rights\u201d (2009), \u201cWithout a Chance\u201d (2014), \u201cRoom in the 8th District\u201d (2014) and \u201cThe Invisible\u201d (2011). Since 2016 he works at the Rights Reporter Foundation, where besides producing films, he is training activists in video advocacy.\",\"sameAs\":[\"takacsistvangabor@rightsreporter.net\"],\"url\":\"https:\\\/\\\/drogriporter.hu\\\/en\\\/author\\\/idoru\\\/\"}]}<\/script>\n<!-- \/ Yoast SEO Premium plugin. -->","yoast_head_json":{"title":"\u201cChanging the current drug policy regime has become a life cause for me\u201d \u2013 An Interview with Colombia\u2019s Ambassador At-Large for Drug Policy Laura Gil - Drugreporter","robots":{"index":"index","follow":"follow","max-snippet":"max-snippet:-1","max-image-preview":"max-image-preview:large","max-video-preview":"max-video-preview:-1"},"canonical":"https:\/\/drogriporter.hu\/en\/laura-gil-interview\/","og_locale":"en_US","og_type":"article","og_title":"\u201cChanging the current drug policy regime has become a life cause for me\u201d \u2013 An Interview with Colombia\u2019s Ambassador At-Large for Drug Policy Laura Gil","og_description":"On the eve of her departure from her post as the Ambassador of Colombia to Austria and Permanent Representative to the United Nations in Vienna, we spoke to Ambassador Laura Gil about her time in Vienna, her achievements, the challenges she faced as well as her hopes for the future of international drug policy.","og_url":"https:\/\/drogriporter.hu\/en\/laura-gil-interview\/","og_site_name":"Drugreporter","article_published_time":"2025-07-10T06:52:27+00:00","article_modified_time":"2025-07-10T14:24:47+00:00","og_image":[{"width":1920,"height":1080,"url":"https:\/\/drogriporter.hu\/wp-content\/uploads\/sites\/8\/2025\/07\/laura-gil-hd.jpg","type":"image\/jpeg"}],"author":"Istv\u00e1n G\u00e1bor Tak\u00e1cs","twitter_card":"summary_large_image","twitter_misc":{"Written by":"Istv\u00e1n G\u00e1bor Tak\u00e1cs","Est. reading time":"2 minutes"},"schema":{"@context":"https:\/\/schema.org","@graph":[{"@type":"Article","@id":"https:\/\/drogriporter.hu\/en\/laura-gil-interview\/#article","isPartOf":{"@id":"https:\/\/drogriporter.hu\/en\/laura-gil-interview\/"},"author":{"name":"Istv\u00e1n G\u00e1bor Tak\u00e1cs","@id":"https:\/\/drogriporter.hu\/en\/#\/schema\/person\/aaf6e356ecdcc3c9a6172aeb58a1c524"},"headline":"\u201cChanging the current drug policy regime has become a life cause for me\u201d \u2013 An Interview with Colombia\u2019s Ambassador At-Large for Drug Policy Laura Gil","datePublished":"2025-07-10T06:52:27+00:00","dateModified":"2025-07-10T14:24:47+00:00","mainEntityOfPage":{"@id":"https:\/\/drogriporter.hu\/en\/laura-gil-interview\/"},"wordCount":248,"image":{"@id":"https:\/\/drogriporter.hu\/en\/laura-gil-interview\/#primaryimage"},"thumbnailUrl":"https:\/\/drogriporter.hu\/wp-content\/uploads\/sites\/8\/2025\/07\/laura-gil-hd.jpg","articleSection":["Articles","Video Database"],"inLanguage":"en-US"},{"@type":"WebPage","@id":"https:\/\/drogriporter.hu\/en\/laura-gil-interview\/","url":"https:\/\/drogriporter.hu\/en\/laura-gil-interview\/","name":"\u201cChanging the current drug policy regime has become a life cause for me\u201d \u2013 An Interview with Colombia\u2019s Ambassador At-Large for Drug Policy Laura Gil - Drugreporter","isPartOf":{"@id":"https:\/\/drogriporter.hu\/en\/#website"},"primaryImageOfPage":{"@id":"https:\/\/drogriporter.hu\/en\/laura-gil-interview\/#primaryimage"},"image":{"@id":"https:\/\/drogriporter.hu\/en\/laura-gil-interview\/#primaryimage"},"thumbnailUrl":"https:\/\/drogriporter.hu\/wp-content\/uploads\/sites\/8\/2025\/07\/laura-gil-hd.jpg","datePublished":"2025-07-10T06:52:27+00:00","dateModified":"2025-07-10T14:24:47+00:00","author":{"@id":"https:\/\/drogriporter.hu\/en\/#\/schema\/person\/aaf6e356ecdcc3c9a6172aeb58a1c524"},"breadcrumb":{"@id":"https:\/\/drogriporter.hu\/en\/laura-gil-interview\/#breadcrumb"},"inLanguage":"en-US","potentialAction":[{"@type":"ReadAction","target":["https:\/\/drogriporter.hu\/en\/laura-gil-interview\/"]}]},{"@type":"ImageObject","inLanguage":"en-US","@id":"https:\/\/drogriporter.hu\/en\/laura-gil-interview\/#primaryimage","url":"https:\/\/drogriporter.hu\/wp-content\/uploads\/sites\/8\/2025\/07\/laura-gil-hd.jpg","contentUrl":"https:\/\/drogriporter.hu\/wp-content\/uploads\/sites\/8\/2025\/07\/laura-gil-hd.jpg","width":1920,"height":1080,"caption":"Laura Gil"},{"@type":"BreadcrumbList","@id":"https:\/\/drogriporter.hu\/en\/laura-gil-interview\/#breadcrumb","itemListElement":[{"@type":"ListItem","position":1,"name":"Home","item":"https:\/\/drogriporter.hu\/en\/"},{"@type":"ListItem","position":2,"name":"\u201cChanging the current drug policy regime has become a life cause for me\u201d \u2013 An Interview with Colombia\u2019s Ambassador At-Large for Drug Policy Laura Gil"}]},{"@type":"WebSite","@id":"https:\/\/drogriporter.hu\/en\/#website","url":"https:\/\/drogriporter.hu\/en\/","name":"Drugreporter","description":"News and Films from the Frontline of the War on Drugs","potentialAction":[{"@type":"SearchAction","target":{"@type":"EntryPoint","urlTemplate":"https:\/\/drogriporter.hu\/en\/?s={search_term_string}"},"query-input":{"@type":"PropertyValueSpecification","valueRequired":true,"valueName":"search_term_string"}}],"inLanguage":"en-US"},{"@type":"Person","@id":"https:\/\/drogriporter.hu\/en\/#\/schema\/person\/aaf6e356ecdcc3c9a6172aeb58a1c524","name":"Istv\u00e1n G\u00e1bor Tak\u00e1cs","image":{"@type":"ImageObject","inLanguage":"en-US","@id":"https:\/\/secure.gravatar.com\/avatar\/658e7317f4c0b7ad030de0732edc52bd87a40097c378d9f945212f914567946c?s=96&d=mm&r=g","url":"https:\/\/secure.gravatar.com\/avatar\/658e7317f4c0b7ad030de0732edc52bd87a40097c378d9f945212f914567946c?s=96&d=mm&r=g","contentUrl":"https:\/\/secure.gravatar.com\/avatar\/658e7317f4c0b7ad030de0732edc52bd87a40097c378d9f945212f914567946c?s=96&d=mm&r=g","caption":"Istv\u00e1n G\u00e1bor Tak\u00e1cs"},"description":"Istv\u00e1n G\u00e1bor Tak\u00e1cs is a human rights activist, videographer and trainer. He ran the Video Advocacy Program of the Hungarian Civil Liberties Union between 2007-2015. He worked as a needle exchange program counselor for 5 years. He is author of several articles on harm reduction and cameraman, editor, director and co-director of more than 700 online videos, among them longer documentaries, such as \u201cKostya Proletarsky\u201d (2020), \u201cTaking Back What\u2019s Ours: An Oral History of the Movement of People who Use Drugs\u201d (2020) \u201dA Day in the Life: The World of Humans Who Use Drugs\u201d (2016), \u201cWithout Rights\u201d (2009), \u201cWithout a Chance\u201d (2014), \u201cRoom in the 8th District\u201d (2014) and \u201cThe Invisible\u201d (2011). Since 2016 he works at the Rights Reporter Foundation, where besides producing films, he is training activists in video advocacy.","sameAs":["takacsistvangabor@rightsreporter.net"],"url":"https:\/\/drogriporter.hu\/en\/author\/idoru\/"}]}},"featured_image_src_square":"https:\/\/drogriporter.hu\/wp-content\/uploads\/sites\/8\/2025\/07\/laura-gil-hd-600x600.jpg","_links":{"self":[{"href":"https:\/\/drogriporter.hu\/en\/wp-json\/wp\/v2\/posts\/35644","targetHints":{"allow":["GET"]}}],"collection":[{"href":"https:\/\/drogriporter.hu\/en\/wp-json\/wp\/v2\/posts"}],"about":[{"href":"https:\/\/drogriporter.hu\/en\/wp-json\/wp\/v2\/types\/post"}],"author":[{"embeddable":true,"href":"https:\/\/drogriporter.hu\/en\/wp-json\/wp\/v2\/users\/1002"}],"replies":[{"embeddable":true,"href":"https:\/\/drogriporter.hu\/en\/wp-json\/wp\/v2\/comments?post=35644"}],"version-history":[{"count":0,"href":"https:\/\/drogriporter.hu\/en\/wp-json\/wp\/v2\/posts\/35644\/revisions"}],"wp:featuredmedia":[{"embeddable":true,"href":"https:\/\/drogriporter.hu\/en\/wp-json\/wp\/v2\/media\/35645"}],"wp:attachment":[{"href":"https:\/\/drogriporter.hu\/en\/wp-json\/wp\/v2\/media?parent=35644"}],"wp:term":[{"taxonomy":"category","embeddable":true,"href":"https:\/\/drogriporter.hu\/en\/wp-json\/wp\/v2\/categories?post=35644"},{"taxonomy":"post_tag","embeddable":true,"href":"https:\/\/drogriporter.hu\/en\/wp-json\/wp\/v2\/tags?post=35644"},{"taxonomy":"countries","embeddable":true,"href":"https:\/\/drogriporter.hu\/en\/wp-json\/wp\/v2\/countries?post=35644"},{"taxonomy":"section","embeddable":true,"href":"https:\/\/drogriporter.hu\/en\/wp-json\/wp\/v2\/section?post=35644"},{"taxonomy":"video-author","embeddable":true,"href":"https:\/\/drogriporter.hu\/en\/wp-json\/wp\/v2\/video-author?post=35644"},{"taxonomy":"drug","embeddable":true,"href":"https:\/\/drogriporter.hu\/en\/wp-json\/wp\/v2\/drug?post=35644"},{"taxonomy":"archive","embeddable":true,"href":"https:\/\/drogriporter.hu\/en\/wp-json\/wp\/v2\/archive?post=35644"},{"taxonomy":"video-series","embeddable":true,"href":"https:\/\/drogriporter.hu\/en\/wp-json\/wp\/v2\/video-series?post=35644"}],"curies":[{"name":"wp","href":"https:\/\/api.w.org\/{rel}","templated":true}]}}