{"id":35662,"date":"2025-07-23T11:23:41","date_gmt":"2025-07-23T09:23:41","guid":{"rendered":"https:\/\/drogriporter.hu\/?p=35662"},"modified":"2025-08-13T12:56:17","modified_gmt":"2025-08-13T10:56:17","slug":"the-shadow-of-the-psychedelic-movement-an-interview-with-eric-davis","status":"publish","type":"post","link":"https:\/\/drogriporter.hu\/en\/the-shadow-of-the-psychedelic-movement-an-interview-with-eric-davis\/","title":{"rendered":"The Shadow of the Psychedelic Movement: An Interview with Erik Davis"},"content":{"rendered":"\n<p>In this interview, we talk with <a href=\"https:\/\/en.wikipedia.org\/wiki\/Erik_Davis\">Erik Davis<\/a> about the forgotten shadows of psychedelic history, the need for cultural memory, and the deeper meanings hidden within blotter art.<\/p>\n\n\n\n<!--more-->\n\n\n\n<p>According to Ram Dass (formerly Richard Alpert), when LSD was banned, its illegality brought with it a sense of paranoia and stigma that distorted the experience and limited its potential. Today, in the midst of a blossoming psychedelic renaissance, these substances are closer than ever to being accepted by mainstream culture. This is a welcome development\u2014but not without its complexities. Erik Davis, cultural critic and author of several influential books on psychedelics and the occult, is one of those voices urging us to pause and reflect. He argues that in gaining mainstream acceptance, we may also be losing something vital.<\/p>\n\n\n<iframe loading=\"lazy\" src=\"https:\/\/www.youtube.com\/embed\/cleSqD4beuA?si=euO2lWF5VSC_FcCN\" width=\"560\" height=\"315\" frameborder=\"0\" style=\"\" allowfullscreen><\/iframe>\n\n\n\n<p><\/p>\n\n\n\n<p>Also available in podcast format:<\/p>\n\n\n\n<figure class=\"wp-block-embed is-type-rich is-provider-spotify wp-block-embed-spotify wp-embed-aspect-21-9 wp-has-aspect-ratio no-fitvids\"><div class=\"wp-block-embed__wrapper\">\n<iframe title=\"Spotify Embed: The Shadow of the Psychedelic Movement: An Interview with Erik Davis | ICPR2024\" style=\"border-radius: 12px\" width=\"100%\" height=\"152\" frameborder=\"0\" allowfullscreen allow=\"autoplay; clipboard-write; encrypted-media; fullscreen; picture-in-picture\" loading=\"lazy\" src=\"https:\/\/open.spotify.com\/embed\/episode\/1PxQxe46SG0hFonOMM08Sx?si=b2b4d8e3d8d5451c&#038;utm_source=oembed\"><\/iframe>\n<\/div><\/figure>\n\n\n\n<p><\/p>\n\n\n\n<p>In his work, Davis explores the intersections of psychedelics with art, media, technology, and science fiction. He champions \u201cweirdness\u201d\u2014often linked to esoteric or fringe subcultures\u2014not as a flaw to be eliminated, but as a profound feature of human experience. Unlike many in today\u2019s psychedelic scene who prefer to distance themselves from controversial figures like Timothy Leary, Terence McKenna, or Carlos Castaneda, Davis engages their legacies with nuance, neither demonising nor romanticising them.<\/p>\n\n\n\n<p>Filmed at the <a href=\"https:\/\/drogriporter.hu\/en\/psychedelics-the-catalysts-for-change\/\">Interdisciplinary Conference on Psychedelic Research<\/a> (<a href=\"https:\/\/open-foundation.org\/events\/icpr\/\">ICPR<\/a>) 2024 in Haarlem, The Netherlands.<\/p>\n\n\n\n<p>Reporter and text: P\u00e9ter S\u00e1rosi<br>Video: Istv\u00e1n G\u00e1bor Tak\u00e1cs<\/p>\n","protected":false},"excerpt":{"rendered":"<p>In this interview, we talk with Eric Davis about the forgotten shadows of psychedelic history, the need for cultural memory, and the deeper meanings hidden within blotter art.<\/p>\n","protected":false},"author":1005,"featured_media":35789,"comment_status":"closed","ping_status":"closed","sticky":false,"template":"","format":"standard","meta":{"_genesis_hide_title":false,"_genesis_hide_breadcrumbs":false,"_genesis_hide_singular_image":false,"_genesis_hide_footer_widgets":false,"_genesis_custom_body_class":"","_genesis_custom_post_class":"","_genesis_layout":"","footnotes":""},"categories":[2900,2894],"tags":[],"countries":[2693,2687],"section":[],"video-author":[2921],"drug":[],"archive":[3239],"video-series":[3217],"class_list":{"0":"post-35662","1":"post","2":"type-post","3":"status-publish","4":"format-standard","5":"has-post-thumbnail","7":"category-articles","8":"category-video-database","9":"countries-netherlands-en","10":"countries-usa-en","11":"video-author-drugreporter","12":"archive-psychedelic-medicines","13":"video-series-drugreporter-cafe","14":"entry"},"featured_image_src":"https:\/\/drogriporter.hu\/wp-content\/uploads\/sites\/8\/2025\/07\/erik-fixed-thumbnail-600x400.jpg","author_info":{"display_name":"P\u00e9ter S\u00e1rosi","author_link":"https:\/\/drogriporter.hu\/en\/author\/sarosip-2\/"},"yoast_head":"<!-- This site is optimized with the Yoast SEO Premium plugin  - https:\/\/yoast.com\/product\/yoast-seo-premium-wordpress\/ -->\n<title>The Shadow of the Psychedelic Movement: An Interview with Erik Davis - Drugreporter<\/title>\n<meta name=\"description\" content=\"In this interview, we talk with Eric Davis about the forgotten shadows of psychedelic history, the need for cultural memory, and the deeper meanings hidden within blotter art.\" \/>\n<meta name=\"robots\" content=\"index, follow, max-snippet:-1, max-image-preview:large, max-video-preview:-1\" \/>\n<link rel=\"canonical\" href=\"https:\/\/drogriporter.hu\/en\/the-shadow-of-the-psychedelic-movement-an-interview-with-eric-davis\/\" \/>\n<meta property=\"og:locale\" content=\"en_US\" \/>\n<meta property=\"og:type\" content=\"article\" \/>\n<meta property=\"og:title\" content=\"The Shadow of the Psychedelic Movement: An Interview with Erik Davis\" \/>\n<meta property=\"og:description\" content=\"In this interview, we talk with Eric Davis about the forgotten shadows of psychedelic history, the need for cultural memory, and the deeper meanings hidden within blotter art.\" \/>\n<meta property=\"og:url\" content=\"https:\/\/drogriporter.hu\/en\/the-shadow-of-the-psychedelic-movement-an-interview-with-eric-davis\/\" \/>\n<meta property=\"og:site_name\" content=\"Drugreporter\" \/>\n<meta property=\"article:published_time\" content=\"2025-07-23T09:23:41+00:00\" \/>\n<meta property=\"article:modified_time\" content=\"2025-08-13T10:56:17+00:00\" \/>\n<meta property=\"og:image\" content=\"https:\/\/drogriporter.hu\/wp-content\/uploads\/sites\/8\/2025\/07\/erik-fixed-thumbnail.jpg\" \/>\n\t<meta property=\"og:image:width\" content=\"1920\" \/>\n\t<meta property=\"og:image:height\" content=\"1080\" \/>\n\t<meta property=\"og:image:type\" content=\"image\/jpeg\" \/>\n<meta name=\"author\" content=\"P\u00e9ter S\u00e1rosi\" \/>\n<meta name=\"twitter:card\" content=\"summary_large_image\" \/>\n<meta name=\"twitter:label1\" content=\"Written by\" \/>\n\t<meta name=\"twitter:data1\" content=\"P\u00e9ter S\u00e1rosi\" \/>\n\t<meta name=\"twitter:label2\" content=\"Est. reading time\" \/>\n\t<meta name=\"twitter:data2\" content=\"2 minutes\" \/>\n<script type=\"application\/ld+json\" class=\"yoast-schema-graph\">{\"@context\":\"https:\\\/\\\/schema.org\",\"@graph\":[{\"@type\":\"Article\",\"@id\":\"https:\\\/\\\/drogriporter.hu\\\/en\\\/the-shadow-of-the-psychedelic-movement-an-interview-with-eric-davis\\\/#article\",\"isPartOf\":{\"@id\":\"https:\\\/\\\/drogriporter.hu\\\/en\\\/the-shadow-of-the-psychedelic-movement-an-interview-with-eric-davis\\\/\"},\"author\":{\"name\":\"P\u00e9ter S\u00e1rosi\",\"@id\":\"https:\\\/\\\/drogriporter.hu\\\/en\\\/#\\\/schema\\\/person\\\/fb6cc5151784cb72290e136439b8cfbf\"},\"headline\":\"The Shadow of the Psychedelic Movement: An Interview with Erik Davis\",\"datePublished\":\"2025-07-23T09:23:41+00:00\",\"dateModified\":\"2025-08-13T10:56:17+00:00\",\"mainEntityOfPage\":{\"@id\":\"https:\\\/\\\/drogriporter.hu\\\/en\\\/the-shadow-of-the-psychedelic-movement-an-interview-with-eric-davis\\\/\"},\"wordCount\":272,\"image\":{\"@id\":\"https:\\\/\\\/drogriporter.hu\\\/en\\\/the-shadow-of-the-psychedelic-movement-an-interview-with-eric-davis\\\/#primaryimage\"},\"thumbnailUrl\":\"https:\\\/\\\/drogriporter.hu\\\/wp-content\\\/uploads\\\/sites\\\/8\\\/2025\\\/07\\\/erik-fixed-thumbnail.jpg\",\"articleSection\":[\"Articles\",\"Video Database\"],\"inLanguage\":\"en-US\"},{\"@type\":\"WebPage\",\"@id\":\"https:\\\/\\\/drogriporter.hu\\\/en\\\/the-shadow-of-the-psychedelic-movement-an-interview-with-eric-davis\\\/\",\"url\":\"https:\\\/\\\/drogriporter.hu\\\/en\\\/the-shadow-of-the-psychedelic-movement-an-interview-with-eric-davis\\\/\",\"name\":\"The Shadow of the Psychedelic Movement: An Interview with Erik Davis - Drugreporter\",\"isPartOf\":{\"@id\":\"https:\\\/\\\/drogriporter.hu\\\/en\\\/#website\"},\"primaryImageOfPage\":{\"@id\":\"https:\\\/\\\/drogriporter.hu\\\/en\\\/the-shadow-of-the-psychedelic-movement-an-interview-with-eric-davis\\\/#primaryimage\"},\"image\":{\"@id\":\"https:\\\/\\\/drogriporter.hu\\\/en\\\/the-shadow-of-the-psychedelic-movement-an-interview-with-eric-davis\\\/#primaryimage\"},\"thumbnailUrl\":\"https:\\\/\\\/drogriporter.hu\\\/wp-content\\\/uploads\\\/sites\\\/8\\\/2025\\\/07\\\/erik-fixed-thumbnail.jpg\",\"datePublished\":\"2025-07-23T09:23:41+00:00\",\"dateModified\":\"2025-08-13T10:56:17+00:00\",\"author\":{\"@id\":\"https:\\\/\\\/drogriporter.hu\\\/en\\\/#\\\/schema\\\/person\\\/fb6cc5151784cb72290e136439b8cfbf\"},\"description\":\"In this interview, we talk with Eric Davis about the forgotten shadows of psychedelic history, the need for cultural memory, and the deeper meanings hidden within blotter art.\",\"breadcrumb\":{\"@id\":\"https:\\\/\\\/drogriporter.hu\\\/en\\\/the-shadow-of-the-psychedelic-movement-an-interview-with-eric-davis\\\/#breadcrumb\"},\"inLanguage\":\"en-US\",\"potentialAction\":[{\"@type\":\"ReadAction\",\"target\":[\"https:\\\/\\\/drogriporter.hu\\\/en\\\/the-shadow-of-the-psychedelic-movement-an-interview-with-eric-davis\\\/\"]}]},{\"@type\":\"ImageObject\",\"inLanguage\":\"en-US\",\"@id\":\"https:\\\/\\\/drogriporter.hu\\\/en\\\/the-shadow-of-the-psychedelic-movement-an-interview-with-eric-davis\\\/#primaryimage\",\"url\":\"https:\\\/\\\/drogriporter.hu\\\/wp-content\\\/uploads\\\/sites\\\/8\\\/2025\\\/07\\\/erik-fixed-thumbnail.jpg\",\"contentUrl\":\"https:\\\/\\\/drogriporter.hu\\\/wp-content\\\/uploads\\\/sites\\\/8\\\/2025\\\/07\\\/erik-fixed-thumbnail.jpg\",\"width\":1920,\"height\":1080,\"caption\":\"Erik\"},{\"@type\":\"BreadcrumbList\",\"@id\":\"https:\\\/\\\/drogriporter.hu\\\/en\\\/the-shadow-of-the-psychedelic-movement-an-interview-with-eric-davis\\\/#breadcrumb\",\"itemListElement\":[{\"@type\":\"ListItem\",\"position\":1,\"name\":\"Home\",\"item\":\"https:\\\/\\\/drogriporter.hu\\\/en\\\/\"},{\"@type\":\"ListItem\",\"position\":2,\"name\":\"The Shadow of the Psychedelic Movement: An Interview with Erik Davis\"}]},{\"@type\":\"WebSite\",\"@id\":\"https:\\\/\\\/drogriporter.hu\\\/en\\\/#website\",\"url\":\"https:\\\/\\\/drogriporter.hu\\\/en\\\/\",\"name\":\"Drugreporter\",\"description\":\"News and Films from the Frontline of the War on Drugs\",\"potentialAction\":[{\"@type\":\"SearchAction\",\"target\":{\"@type\":\"EntryPoint\",\"urlTemplate\":\"https:\\\/\\\/drogriporter.hu\\\/en\\\/?s={search_term_string}\"},\"query-input\":{\"@type\":\"PropertyValueSpecification\",\"valueRequired\":true,\"valueName\":\"search_term_string\"}}],\"inLanguage\":\"en-US\"},{\"@type\":\"Person\",\"@id\":\"https:\\\/\\\/drogriporter.hu\\\/en\\\/#\\\/schema\\\/person\\\/fb6cc5151784cb72290e136439b8cfbf\",\"name\":\"P\u00e9ter S\u00e1rosi\",\"image\":{\"@type\":\"ImageObject\",\"inLanguage\":\"en-US\",\"@id\":\"https:\\\/\\\/secure.gravatar.com\\\/avatar\\\/b0d99f928865d28655d1d76062ad4e267f8cdb42a281930f70dd9a875b94be0b?s=96&d=mm&r=g\",\"url\":\"https:\\\/\\\/secure.gravatar.com\\\/avatar\\\/b0d99f928865d28655d1d76062ad4e267f8cdb42a281930f70dd9a875b94be0b?s=96&d=mm&r=g\",\"contentUrl\":\"https:\\\/\\\/secure.gravatar.com\\\/avatar\\\/b0d99f928865d28655d1d76062ad4e267f8cdb42a281930f70dd9a875b94be0b?s=96&d=mm&r=g\",\"caption\":\"P\u00e9ter S\u00e1rosi\"},\"description\":\"P\u00e9ter S\u00e1rosi is the Executive Director of the Rights Reporter Foundation. He is a human rights activist and drug policy expert, the founder and editor of the Drugreporter website since 2004, the author of countless articles, co-author of books and director of films about harm reduction and drug policy reform. He was the Director of the Drug Policy Program at the Hungarian Civil Liberties Union between 2004 and 2015. He is experienced in working at international drug policy forums such as the Commission on Narcotic Drugs. He was twice elected to the Core Group of the EU Civil Society Forum on Drugs. He is the co-chair of the Eurasian Harm Reduction Network. He has been representing the Hungarian Harm Reduction Network at the government\u2019s drug advisory body in Hungary since 2007. Peter also contributed to building a network of advocacy NGOs in Europe: the European Drug Policy Initiative. He provided technical assistance to several NGOs, and launched several campaigns on drug policy reform. As a member of the Drugreporter video advocacy team, he has produced videos about drug policy issues in a number of countries. These videos are now part of a unique online drug policy video library.\",\"url\":\"https:\\\/\\\/drogriporter.hu\\\/en\\\/author\\\/sarosip-2\\\/\"}]}<\/script>\n<!-- \/ Yoast SEO Premium plugin. -->","yoast_head_json":{"title":"The Shadow of the Psychedelic Movement: An Interview with Erik Davis - Drugreporter","description":"In this interview, we talk with Eric Davis about the forgotten shadows of psychedelic history, the need for cultural memory, and the deeper meanings hidden within blotter art.","robots":{"index":"index","follow":"follow","max-snippet":"max-snippet:-1","max-image-preview":"max-image-preview:large","max-video-preview":"max-video-preview:-1"},"canonical":"https:\/\/drogriporter.hu\/en\/the-shadow-of-the-psychedelic-movement-an-interview-with-eric-davis\/","og_locale":"en_US","og_type":"article","og_title":"The Shadow of the Psychedelic Movement: An Interview with Erik Davis","og_description":"In this interview, we talk with Eric Davis about the forgotten shadows of psychedelic history, the need for cultural memory, and the deeper meanings hidden within blotter art.","og_url":"https:\/\/drogriporter.hu\/en\/the-shadow-of-the-psychedelic-movement-an-interview-with-eric-davis\/","og_site_name":"Drugreporter","article_published_time":"2025-07-23T09:23:41+00:00","article_modified_time":"2025-08-13T10:56:17+00:00","og_image":[{"width":1920,"height":1080,"url":"https:\/\/drogriporter.hu\/wp-content\/uploads\/sites\/8\/2025\/07\/erik-fixed-thumbnail.jpg","type":"image\/jpeg"}],"author":"P\u00e9ter S\u00e1rosi","twitter_card":"summary_large_image","twitter_misc":{"Written by":"P\u00e9ter S\u00e1rosi","Est. reading time":"2 minutes"},"schema":{"@context":"https:\/\/schema.org","@graph":[{"@type":"Article","@id":"https:\/\/drogriporter.hu\/en\/the-shadow-of-the-psychedelic-movement-an-interview-with-eric-davis\/#article","isPartOf":{"@id":"https:\/\/drogriporter.hu\/en\/the-shadow-of-the-psychedelic-movement-an-interview-with-eric-davis\/"},"author":{"name":"P\u00e9ter S\u00e1rosi","@id":"https:\/\/drogriporter.hu\/en\/#\/schema\/person\/fb6cc5151784cb72290e136439b8cfbf"},"headline":"The Shadow of the Psychedelic Movement: An Interview with Erik Davis","datePublished":"2025-07-23T09:23:41+00:00","dateModified":"2025-08-13T10:56:17+00:00","mainEntityOfPage":{"@id":"https:\/\/drogriporter.hu\/en\/the-shadow-of-the-psychedelic-movement-an-interview-with-eric-davis\/"},"wordCount":272,"image":{"@id":"https:\/\/drogriporter.hu\/en\/the-shadow-of-the-psychedelic-movement-an-interview-with-eric-davis\/#primaryimage"},"thumbnailUrl":"https:\/\/drogriporter.hu\/wp-content\/uploads\/sites\/8\/2025\/07\/erik-fixed-thumbnail.jpg","articleSection":["Articles","Video Database"],"inLanguage":"en-US"},{"@type":"WebPage","@id":"https:\/\/drogriporter.hu\/en\/the-shadow-of-the-psychedelic-movement-an-interview-with-eric-davis\/","url":"https:\/\/drogriporter.hu\/en\/the-shadow-of-the-psychedelic-movement-an-interview-with-eric-davis\/","name":"The Shadow of the Psychedelic Movement: An Interview with Erik Davis - Drugreporter","isPartOf":{"@id":"https:\/\/drogriporter.hu\/en\/#website"},"primaryImageOfPage":{"@id":"https:\/\/drogriporter.hu\/en\/the-shadow-of-the-psychedelic-movement-an-interview-with-eric-davis\/#primaryimage"},"image":{"@id":"https:\/\/drogriporter.hu\/en\/the-shadow-of-the-psychedelic-movement-an-interview-with-eric-davis\/#primaryimage"},"thumbnailUrl":"https:\/\/drogriporter.hu\/wp-content\/uploads\/sites\/8\/2025\/07\/erik-fixed-thumbnail.jpg","datePublished":"2025-07-23T09:23:41+00:00","dateModified":"2025-08-13T10:56:17+00:00","author":{"@id":"https:\/\/drogriporter.hu\/en\/#\/schema\/person\/fb6cc5151784cb72290e136439b8cfbf"},"description":"In this interview, we talk with Eric Davis about the forgotten shadows of psychedelic history, the need for cultural memory, and the deeper meanings hidden within blotter art.","breadcrumb":{"@id":"https:\/\/drogriporter.hu\/en\/the-shadow-of-the-psychedelic-movement-an-interview-with-eric-davis\/#breadcrumb"},"inLanguage":"en-US","potentialAction":[{"@type":"ReadAction","target":["https:\/\/drogriporter.hu\/en\/the-shadow-of-the-psychedelic-movement-an-interview-with-eric-davis\/"]}]},{"@type":"ImageObject","inLanguage":"en-US","@id":"https:\/\/drogriporter.hu\/en\/the-shadow-of-the-psychedelic-movement-an-interview-with-eric-davis\/#primaryimage","url":"https:\/\/drogriporter.hu\/wp-content\/uploads\/sites\/8\/2025\/07\/erik-fixed-thumbnail.jpg","contentUrl":"https:\/\/drogriporter.hu\/wp-content\/uploads\/sites\/8\/2025\/07\/erik-fixed-thumbnail.jpg","width":1920,"height":1080,"caption":"Erik"},{"@type":"BreadcrumbList","@id":"https:\/\/drogriporter.hu\/en\/the-shadow-of-the-psychedelic-movement-an-interview-with-eric-davis\/#breadcrumb","itemListElement":[{"@type":"ListItem","position":1,"name":"Home","item":"https:\/\/drogriporter.hu\/en\/"},{"@type":"ListItem","position":2,"name":"The Shadow of the Psychedelic Movement: An Interview with Erik Davis"}]},{"@type":"WebSite","@id":"https:\/\/drogriporter.hu\/en\/#website","url":"https:\/\/drogriporter.hu\/en\/","name":"Drugreporter","description":"News and Films from the Frontline of the War on Drugs","potentialAction":[{"@type":"SearchAction","target":{"@type":"EntryPoint","urlTemplate":"https:\/\/drogriporter.hu\/en\/?s={search_term_string}"},"query-input":{"@type":"PropertyValueSpecification","valueRequired":true,"valueName":"search_term_string"}}],"inLanguage":"en-US"},{"@type":"Person","@id":"https:\/\/drogriporter.hu\/en\/#\/schema\/person\/fb6cc5151784cb72290e136439b8cfbf","name":"P\u00e9ter S\u00e1rosi","image":{"@type":"ImageObject","inLanguage":"en-US","@id":"https:\/\/secure.gravatar.com\/avatar\/b0d99f928865d28655d1d76062ad4e267f8cdb42a281930f70dd9a875b94be0b?s=96&d=mm&r=g","url":"https:\/\/secure.gravatar.com\/avatar\/b0d99f928865d28655d1d76062ad4e267f8cdb42a281930f70dd9a875b94be0b?s=96&d=mm&r=g","contentUrl":"https:\/\/secure.gravatar.com\/avatar\/b0d99f928865d28655d1d76062ad4e267f8cdb42a281930f70dd9a875b94be0b?s=96&d=mm&r=g","caption":"P\u00e9ter S\u00e1rosi"},"description":"P\u00e9ter S\u00e1rosi is the Executive Director of the Rights Reporter Foundation. He is a human rights activist and drug policy expert, the founder and editor of the Drugreporter website since 2004, the author of countless articles, co-author of books and director of films about harm reduction and drug policy reform. He was the Director of the Drug Policy Program at the Hungarian Civil Liberties Union between 2004 and 2015. He is experienced in working at international drug policy forums such as the Commission on Narcotic Drugs. He was twice elected to the Core Group of the EU Civil Society Forum on Drugs. He is the co-chair of the Eurasian Harm Reduction Network. He has been representing the Hungarian Harm Reduction Network at the government\u2019s drug advisory body in Hungary since 2007. Peter also contributed to building a network of advocacy NGOs in Europe: the European Drug Policy Initiative. He provided technical assistance to several NGOs, and launched several campaigns on drug policy reform. As a member of the Drugreporter video advocacy team, he has produced videos about drug policy issues in a number of countries. These videos are now part of a unique online drug policy video library.","url":"https:\/\/drogriporter.hu\/en\/author\/sarosip-2\/"}]}},"featured_image_src_square":"https:\/\/drogriporter.hu\/wp-content\/uploads\/sites\/8\/2025\/07\/erik-fixed-thumbnail-600x600.jpg","_links":{"self":[{"href":"https:\/\/drogriporter.hu\/en\/wp-json\/wp\/v2\/posts\/35662","targetHints":{"allow":["GET"]}}],"collection":[{"href":"https:\/\/drogriporter.hu\/en\/wp-json\/wp\/v2\/posts"}],"about":[{"href":"https:\/\/drogriporter.hu\/en\/wp-json\/wp\/v2\/types\/post"}],"author":[{"embeddable":true,"href":"https:\/\/drogriporter.hu\/en\/wp-json\/wp\/v2\/users\/1005"}],"replies":[{"embeddable":true,"href":"https:\/\/drogriporter.hu\/en\/wp-json\/wp\/v2\/comments?post=35662"}],"version-history":[{"count":0,"href":"https:\/\/drogriporter.hu\/en\/wp-json\/wp\/v2\/posts\/35662\/revisions"}],"wp:featuredmedia":[{"embeddable":true,"href":"https:\/\/drogriporter.hu\/en\/wp-json\/wp\/v2\/media\/35789"}],"wp:attachment":[{"href":"https:\/\/drogriporter.hu\/en\/wp-json\/wp\/v2\/media?parent=35662"}],"wp:term":[{"taxonomy":"category","embeddable":true,"href":"https:\/\/drogriporter.hu\/en\/wp-json\/wp\/v2\/categories?post=35662"},{"taxonomy":"post_tag","embeddable":true,"href":"https:\/\/drogriporter.hu\/en\/wp-json\/wp\/v2\/tags?post=35662"},{"taxonomy":"countries","embeddable":true,"href":"https:\/\/drogriporter.hu\/en\/wp-json\/wp\/v2\/countries?post=35662"},{"taxonomy":"section","embeddable":true,"href":"https:\/\/drogriporter.hu\/en\/wp-json\/wp\/v2\/section?post=35662"},{"taxonomy":"video-author","embeddable":true,"href":"https:\/\/drogriporter.hu\/en\/wp-json\/wp\/v2\/video-author?post=35662"},{"taxonomy":"drug","embeddable":true,"href":"https:\/\/drogriporter.hu\/en\/wp-json\/wp\/v2\/drug?post=35662"},{"taxonomy":"archive","embeddable":true,"href":"https:\/\/drogriporter.hu\/en\/wp-json\/wp\/v2\/archive?post=35662"},{"taxonomy":"video-series","embeddable":true,"href":"https:\/\/drogriporter.hu\/en\/wp-json\/wp\/v2\/video-series?post=35662"}],"curies":[{"name":"wp","href":"https:\/\/api.w.org\/{rel}","templated":true}]}}