{"id":35777,"date":"2025-08-09T20:03:14","date_gmt":"2025-08-09T18:03:14","guid":{"rendered":"https:\/\/drogriporter.hu\/?p=35777"},"modified":"2025-09-26T10:18:37","modified_gmt":"2025-09-26T08:18:37","slug":"the-need-for-a-conscioussness-culture-interview-with-thomas-metzinger","status":"publish","type":"post","link":"https:\/\/drogriporter.hu\/en\/the-need-for-a-conscioussness-culture-interview-with-thomas-metzinger\/","title":{"rendered":"The Need for a Consciousness Culture: Interview with Thomas Metzinger"},"content":{"rendered":"\n<p>In this thought-provoking conversation, Prof. Dr. Thomas Metzinger, a leading philosopher of mind and consciousness, examines the profound potential \u2014 and serious risks \u2014 of psychedelics.<\/p>\n\n\n\n<!--more-->\n\n\n\n<p>Consciousness is like a tunnel &#8211; at least according to Thomas Metzinger. It gives us access to only a narrow slice of reality. What we &#8220;see&#8221; is not the world, but it is a representation of reality created by our brains. If you are in a well-lit room, you feel bathed in light but it is pitch dark inside your skull. In ordinary state of consciousness, the tunnel is stable and its walls are transparent, that is: we don&#8217;t even recognise them. When you consume psychedelics, the tunnel expands, dissolves or warps. The constructed nature of reality, that is not conceivable for us most of the time, becomes noticeable. You see your reality as it is: a constructed reality. How can psychedelics transform our understanding of the human mind? What are the potentials for scientific research and what are the risks of what his calls the lack of intellectual honesty in psychedelic culture? How can we develop what he call Bewusstseinkultur (consciousness culture)? Watch the video interview we filmed at the International Conference on Psychedelic Research in Haarlem, the Netherlands! <\/p>\n\n\n<iframe loading=\"lazy\" src=\"https:\/\/www.youtube.com\/embed\/aMZLd-CNEjM?si=hkp5aeiGbGNO6Wp8\" width=\"560\" height=\"315\" frameborder=\"0\" style=\"\" allowfullscreen><\/iframe>\n\n\n\n<p><\/p>\n\n\n\n<p>Also available in podcast format:<\/p>\n\n\n\n<figure class=\"wp-block-embed is-type-rich is-provider-spotify wp-block-embed-spotify wp-embed-aspect-21-9 wp-has-aspect-ratio no-fitvids\"><div class=\"wp-block-embed__wrapper\">\n<iframe title=\"Spotify Embed: The Need for a Consciousness Culture - Interview with Prof. Dr. Thomas Metzinger | ICPR2024\" style=\"border-radius: 12px\" width=\"100%\" height=\"152\" frameborder=\"0\" allowfullscreen allow=\"autoplay; clipboard-write; encrypted-media; fullscreen; picture-in-picture\" loading=\"lazy\" src=\"https:\/\/open.spotify.com\/embed\/episode\/6WTKqQIeA64KEWn9itFuDE?si=2119d56d9bd34084&#038;utm_source=oembed\"><\/iframe>\n<\/div><\/figure>\n\n\n\n<p>Reporter: P\u00e9ter S\u00e1rosi<br>Video: Istv\u00e1n G\u00e1bor Tak\u00e1cs<br><br>Filmed at the&nbsp;<a href=\"https:\/\/drogriporter.hu\/en\/psychedelics-the-catalysts-for-change\/\">Interdisciplinary Conference on Psychedelic Research<\/a>&nbsp;(<a href=\"https:\/\/open-foundation.org\/events\/icpr\/\">ICPR<\/a>) 2024 in Haarlem, The Netherlands.<\/p>\n","protected":false},"excerpt":{"rendered":"<p>In this thought-provoking conversation, Prof. Dr. Thomas Metzinger, a leading philosopher of mind and consciousness, examines the profound potential \u2014 and serious risks \u2014 of psychedelics.<\/p>\n","protected":false},"author":1005,"featured_media":35778,"comment_status":"closed","ping_status":"closed","sticky":false,"template":"","format":"standard","meta":{"_genesis_hide_title":false,"_genesis_hide_breadcrumbs":false,"_genesis_hide_singular_image":false,"_genesis_hide_footer_widgets":false,"_genesis_custom_body_class":"","_genesis_custom_post_class":"","_genesis_layout":"","footnotes":""},"categories":[2900,2894],"tags":[],"countries":[2736,2693],"section":[],"video-author":[2921],"drug":[],"archive":[3239],"video-series":[3217],"class_list":{"0":"post-35777","1":"post","2":"type-post","3":"status-publish","4":"format-standard","5":"has-post-thumbnail","7":"category-articles","8":"category-video-database","9":"countries-germany-en","10":"countries-netherlands-en","11":"video-author-drugreporter","12":"archive-psychedelic-medicines","13":"video-series-drugreporter-cafe","14":"entry"},"featured_image_src":"https:\/\/drogriporter.hu\/wp-content\/uploads\/sites\/8\/2025\/08\/icpr2024-thomas-600x400.jpg","author_info":{"display_name":"P\u00e9ter S\u00e1rosi","author_link":"https:\/\/drogriporter.hu\/en\/author\/sarosip-2\/"},"yoast_head":"<!-- This site is optimized with the Yoast SEO Premium plugin  - https:\/\/yoast.com\/product\/yoast-seo-premium-wordpress\/ -->\n<title>The Need for a Consciousness Culture: Interview with Thomas Metzinger - Drugreporter<\/title>\n<meta name=\"description\" content=\"In this thought-provoking conversation, Prof. Dr. Thomas Metzinger, a leading philosopher of mind and consciousness, examines the profound potential \u2014 and serious risks \u2014 of psychedelics.\" \/>\n<meta name=\"robots\" content=\"index, follow, max-snippet:-1, max-image-preview:large, max-video-preview:-1\" \/>\n<link rel=\"canonical\" href=\"https:\/\/drogriporter.hu\/en\/the-need-for-a-conscioussness-culture-interview-with-thomas-metzinger\/\" \/>\n<meta property=\"og:locale\" content=\"en_US\" \/>\n<meta property=\"og:type\" content=\"article\" \/>\n<meta property=\"og:title\" content=\"The Need for a Consciousness Culture: Interview with Thomas Metzinger\" \/>\n<meta property=\"og:description\" content=\"In this thought-provoking conversation, Prof. Dr. Thomas Metzinger, a leading philosopher of mind and consciousness, examines the profound potential \u2014 and serious risks \u2014 of psychedelics.\" \/>\n<meta property=\"og:url\" content=\"https:\/\/drogriporter.hu\/en\/the-need-for-a-conscioussness-culture-interview-with-thomas-metzinger\/\" \/>\n<meta property=\"og:site_name\" content=\"Drugreporter\" \/>\n<meta property=\"article:published_time\" content=\"2025-08-09T18:03:14+00:00\" \/>\n<meta property=\"article:modified_time\" content=\"2025-09-26T08:18:37+00:00\" \/>\n<meta property=\"og:image\" content=\"https:\/\/drogriporter.hu\/wp-content\/uploads\/sites\/8\/2025\/08\/icpr2024-thomas.jpg\" \/>\n\t<meta property=\"og:image:width\" content=\"1920\" \/>\n\t<meta property=\"og:image:height\" content=\"1080\" \/>\n\t<meta property=\"og:image:type\" content=\"image\/jpeg\" \/>\n<meta name=\"author\" content=\"P\u00e9ter S\u00e1rosi\" \/>\n<meta name=\"twitter:card\" content=\"summary_large_image\" \/>\n<meta name=\"twitter:label1\" content=\"Written by\" \/>\n\t<meta name=\"twitter:data1\" content=\"P\u00e9ter S\u00e1rosi\" \/>\n\t<meta name=\"twitter:label2\" content=\"Est. reading time\" \/>\n\t<meta name=\"twitter:data2\" content=\"2 minutes\" \/>\n<script type=\"application\/ld+json\" class=\"yoast-schema-graph\">{\"@context\":\"https:\\\/\\\/schema.org\",\"@graph\":[{\"@type\":\"Article\",\"@id\":\"https:\\\/\\\/drogriporter.hu\\\/en\\\/the-need-for-a-conscioussness-culture-interview-with-thomas-metzinger\\\/#article\",\"isPartOf\":{\"@id\":\"https:\\\/\\\/drogriporter.hu\\\/en\\\/the-need-for-a-conscioussness-culture-interview-with-thomas-metzinger\\\/\"},\"author\":{\"name\":\"P\u00e9ter S\u00e1rosi\",\"@id\":\"https:\\\/\\\/drogriporter.hu\\\/en\\\/#\\\/schema\\\/person\\\/fb6cc5151784cb72290e136439b8cfbf\"},\"headline\":\"The Need for a Consciousness Culture: Interview with Thomas Metzinger\",\"datePublished\":\"2025-08-09T18:03:14+00:00\",\"dateModified\":\"2025-09-26T08:18:37+00:00\",\"mainEntityOfPage\":{\"@id\":\"https:\\\/\\\/drogriporter.hu\\\/en\\\/the-need-for-a-conscioussness-culture-interview-with-thomas-metzinger\\\/\"},\"wordCount\":265,\"image\":{\"@id\":\"https:\\\/\\\/drogriporter.hu\\\/en\\\/the-need-for-a-conscioussness-culture-interview-with-thomas-metzinger\\\/#primaryimage\"},\"thumbnailUrl\":\"https:\\\/\\\/drogriporter.hu\\\/wp-content\\\/uploads\\\/sites\\\/8\\\/2025\\\/08\\\/icpr2024-thomas.jpg\",\"articleSection\":[\"Articles\",\"Video Database\"],\"inLanguage\":\"en-US\"},{\"@type\":\"WebPage\",\"@id\":\"https:\\\/\\\/drogriporter.hu\\\/en\\\/the-need-for-a-conscioussness-culture-interview-with-thomas-metzinger\\\/\",\"url\":\"https:\\\/\\\/drogriporter.hu\\\/en\\\/the-need-for-a-conscioussness-culture-interview-with-thomas-metzinger\\\/\",\"name\":\"The Need for a Consciousness Culture: Interview with Thomas Metzinger - Drugreporter\",\"isPartOf\":{\"@id\":\"https:\\\/\\\/drogriporter.hu\\\/en\\\/#website\"},\"primaryImageOfPage\":{\"@id\":\"https:\\\/\\\/drogriporter.hu\\\/en\\\/the-need-for-a-conscioussness-culture-interview-with-thomas-metzinger\\\/#primaryimage\"},\"image\":{\"@id\":\"https:\\\/\\\/drogriporter.hu\\\/en\\\/the-need-for-a-conscioussness-culture-interview-with-thomas-metzinger\\\/#primaryimage\"},\"thumbnailUrl\":\"https:\\\/\\\/drogriporter.hu\\\/wp-content\\\/uploads\\\/sites\\\/8\\\/2025\\\/08\\\/icpr2024-thomas.jpg\",\"datePublished\":\"2025-08-09T18:03:14+00:00\",\"dateModified\":\"2025-09-26T08:18:37+00:00\",\"author\":{\"@id\":\"https:\\\/\\\/drogriporter.hu\\\/en\\\/#\\\/schema\\\/person\\\/fb6cc5151784cb72290e136439b8cfbf\"},\"description\":\"In this thought-provoking conversation, Prof. Dr. Thomas Metzinger, a leading philosopher of mind and consciousness, examines the profound potential \u2014 and serious risks \u2014 of psychedelics.\",\"breadcrumb\":{\"@id\":\"https:\\\/\\\/drogriporter.hu\\\/en\\\/the-need-for-a-conscioussness-culture-interview-with-thomas-metzinger\\\/#breadcrumb\"},\"inLanguage\":\"en-US\",\"potentialAction\":[{\"@type\":\"ReadAction\",\"target\":[\"https:\\\/\\\/drogriporter.hu\\\/en\\\/the-need-for-a-conscioussness-culture-interview-with-thomas-metzinger\\\/\"]}]},{\"@type\":\"ImageObject\",\"inLanguage\":\"en-US\",\"@id\":\"https:\\\/\\\/drogriporter.hu\\\/en\\\/the-need-for-a-conscioussness-culture-interview-with-thomas-metzinger\\\/#primaryimage\",\"url\":\"https:\\\/\\\/drogriporter.hu\\\/wp-content\\\/uploads\\\/sites\\\/8\\\/2025\\\/08\\\/icpr2024-thomas.jpg\",\"contentUrl\":\"https:\\\/\\\/drogriporter.hu\\\/wp-content\\\/uploads\\\/sites\\\/8\\\/2025\\\/08\\\/icpr2024-thomas.jpg\",\"width\":1920,\"height\":1080},{\"@type\":\"BreadcrumbList\",\"@id\":\"https:\\\/\\\/drogriporter.hu\\\/en\\\/the-need-for-a-conscioussness-culture-interview-with-thomas-metzinger\\\/#breadcrumb\",\"itemListElement\":[{\"@type\":\"ListItem\",\"position\":1,\"name\":\"Home\",\"item\":\"https:\\\/\\\/drogriporter.hu\\\/en\\\/\"},{\"@type\":\"ListItem\",\"position\":2,\"name\":\"The Need for a Consciousness Culture: Interview with Thomas Metzinger\"}]},{\"@type\":\"WebSite\",\"@id\":\"https:\\\/\\\/drogriporter.hu\\\/en\\\/#website\",\"url\":\"https:\\\/\\\/drogriporter.hu\\\/en\\\/\",\"name\":\"Drugreporter\",\"description\":\"News and Films from the Frontline of the War on Drugs\",\"potentialAction\":[{\"@type\":\"SearchAction\",\"target\":{\"@type\":\"EntryPoint\",\"urlTemplate\":\"https:\\\/\\\/drogriporter.hu\\\/en\\\/?s={search_term_string}\"},\"query-input\":{\"@type\":\"PropertyValueSpecification\",\"valueRequired\":true,\"valueName\":\"search_term_string\"}}],\"inLanguage\":\"en-US\"},{\"@type\":\"Person\",\"@id\":\"https:\\\/\\\/drogriporter.hu\\\/en\\\/#\\\/schema\\\/person\\\/fb6cc5151784cb72290e136439b8cfbf\",\"name\":\"P\u00e9ter S\u00e1rosi\",\"image\":{\"@type\":\"ImageObject\",\"inLanguage\":\"en-US\",\"@id\":\"https:\\\/\\\/secure.gravatar.com\\\/avatar\\\/b0d99f928865d28655d1d76062ad4e267f8cdb42a281930f70dd9a875b94be0b?s=96&d=mm&r=g\",\"url\":\"https:\\\/\\\/secure.gravatar.com\\\/avatar\\\/b0d99f928865d28655d1d76062ad4e267f8cdb42a281930f70dd9a875b94be0b?s=96&d=mm&r=g\",\"contentUrl\":\"https:\\\/\\\/secure.gravatar.com\\\/avatar\\\/b0d99f928865d28655d1d76062ad4e267f8cdb42a281930f70dd9a875b94be0b?s=96&d=mm&r=g\",\"caption\":\"P\u00e9ter S\u00e1rosi\"},\"description\":\"P\u00e9ter S\u00e1rosi is the Executive Director of the Rights Reporter Foundation. He is a human rights activist and drug policy expert, the founder and editor of the Drugreporter website since 2004, the author of countless articles, co-author of books and director of films about harm reduction and drug policy reform. He was the Director of the Drug Policy Program at the Hungarian Civil Liberties Union between 2004 and 2015. He is experienced in working at international drug policy forums such as the Commission on Narcotic Drugs. He was twice elected to the Core Group of the EU Civil Society Forum on Drugs. He is the co-chair of the Eurasian Harm Reduction Network. He has been representing the Hungarian Harm Reduction Network at the government\u2019s drug advisory body in Hungary since 2007. Peter also contributed to building a network of advocacy NGOs in Europe: the European Drug Policy Initiative. He provided technical assistance to several NGOs, and launched several campaigns on drug policy reform. As a member of the Drugreporter video advocacy team, he has produced videos about drug policy issues in a number of countries. These videos are now part of a unique online drug policy video library.\",\"url\":\"https:\\\/\\\/drogriporter.hu\\\/en\\\/author\\\/sarosip-2\\\/\"}]}<\/script>\n<!-- \/ Yoast SEO Premium plugin. -->","yoast_head_json":{"title":"The Need for a Consciousness Culture: Interview with Thomas Metzinger - Drugreporter","description":"In this thought-provoking conversation, Prof. Dr. Thomas Metzinger, a leading philosopher of mind and consciousness, examines the profound potential \u2014 and serious risks \u2014 of psychedelics.","robots":{"index":"index","follow":"follow","max-snippet":"max-snippet:-1","max-image-preview":"max-image-preview:large","max-video-preview":"max-video-preview:-1"},"canonical":"https:\/\/drogriporter.hu\/en\/the-need-for-a-conscioussness-culture-interview-with-thomas-metzinger\/","og_locale":"en_US","og_type":"article","og_title":"The Need for a Consciousness Culture: Interview with Thomas Metzinger","og_description":"In this thought-provoking conversation, Prof. Dr. Thomas Metzinger, a leading philosopher of mind and consciousness, examines the profound potential \u2014 and serious risks \u2014 of psychedelics.","og_url":"https:\/\/drogriporter.hu\/en\/the-need-for-a-conscioussness-culture-interview-with-thomas-metzinger\/","og_site_name":"Drugreporter","article_published_time":"2025-08-09T18:03:14+00:00","article_modified_time":"2025-09-26T08:18:37+00:00","og_image":[{"width":1920,"height":1080,"url":"https:\/\/drogriporter.hu\/wp-content\/uploads\/sites\/8\/2025\/08\/icpr2024-thomas.jpg","type":"image\/jpeg"}],"author":"P\u00e9ter S\u00e1rosi","twitter_card":"summary_large_image","twitter_misc":{"Written by":"P\u00e9ter S\u00e1rosi","Est. reading time":"2 minutes"},"schema":{"@context":"https:\/\/schema.org","@graph":[{"@type":"Article","@id":"https:\/\/drogriporter.hu\/en\/the-need-for-a-conscioussness-culture-interview-with-thomas-metzinger\/#article","isPartOf":{"@id":"https:\/\/drogriporter.hu\/en\/the-need-for-a-conscioussness-culture-interview-with-thomas-metzinger\/"},"author":{"name":"P\u00e9ter S\u00e1rosi","@id":"https:\/\/drogriporter.hu\/en\/#\/schema\/person\/fb6cc5151784cb72290e136439b8cfbf"},"headline":"The Need for a Consciousness Culture: Interview with Thomas Metzinger","datePublished":"2025-08-09T18:03:14+00:00","dateModified":"2025-09-26T08:18:37+00:00","mainEntityOfPage":{"@id":"https:\/\/drogriporter.hu\/en\/the-need-for-a-conscioussness-culture-interview-with-thomas-metzinger\/"},"wordCount":265,"image":{"@id":"https:\/\/drogriporter.hu\/en\/the-need-for-a-conscioussness-culture-interview-with-thomas-metzinger\/#primaryimage"},"thumbnailUrl":"https:\/\/drogriporter.hu\/wp-content\/uploads\/sites\/8\/2025\/08\/icpr2024-thomas.jpg","articleSection":["Articles","Video Database"],"inLanguage":"en-US"},{"@type":"WebPage","@id":"https:\/\/drogriporter.hu\/en\/the-need-for-a-conscioussness-culture-interview-with-thomas-metzinger\/","url":"https:\/\/drogriporter.hu\/en\/the-need-for-a-conscioussness-culture-interview-with-thomas-metzinger\/","name":"The Need for a Consciousness Culture: Interview with Thomas Metzinger - Drugreporter","isPartOf":{"@id":"https:\/\/drogriporter.hu\/en\/#website"},"primaryImageOfPage":{"@id":"https:\/\/drogriporter.hu\/en\/the-need-for-a-conscioussness-culture-interview-with-thomas-metzinger\/#primaryimage"},"image":{"@id":"https:\/\/drogriporter.hu\/en\/the-need-for-a-conscioussness-culture-interview-with-thomas-metzinger\/#primaryimage"},"thumbnailUrl":"https:\/\/drogriporter.hu\/wp-content\/uploads\/sites\/8\/2025\/08\/icpr2024-thomas.jpg","datePublished":"2025-08-09T18:03:14+00:00","dateModified":"2025-09-26T08:18:37+00:00","author":{"@id":"https:\/\/drogriporter.hu\/en\/#\/schema\/person\/fb6cc5151784cb72290e136439b8cfbf"},"description":"In this thought-provoking conversation, Prof. Dr. Thomas Metzinger, a leading philosopher of mind and consciousness, examines the profound potential \u2014 and serious risks \u2014 of psychedelics.","breadcrumb":{"@id":"https:\/\/drogriporter.hu\/en\/the-need-for-a-conscioussness-culture-interview-with-thomas-metzinger\/#breadcrumb"},"inLanguage":"en-US","potentialAction":[{"@type":"ReadAction","target":["https:\/\/drogriporter.hu\/en\/the-need-for-a-conscioussness-culture-interview-with-thomas-metzinger\/"]}]},{"@type":"ImageObject","inLanguage":"en-US","@id":"https:\/\/drogriporter.hu\/en\/the-need-for-a-conscioussness-culture-interview-with-thomas-metzinger\/#primaryimage","url":"https:\/\/drogriporter.hu\/wp-content\/uploads\/sites\/8\/2025\/08\/icpr2024-thomas.jpg","contentUrl":"https:\/\/drogriporter.hu\/wp-content\/uploads\/sites\/8\/2025\/08\/icpr2024-thomas.jpg","width":1920,"height":1080},{"@type":"BreadcrumbList","@id":"https:\/\/drogriporter.hu\/en\/the-need-for-a-conscioussness-culture-interview-with-thomas-metzinger\/#breadcrumb","itemListElement":[{"@type":"ListItem","position":1,"name":"Home","item":"https:\/\/drogriporter.hu\/en\/"},{"@type":"ListItem","position":2,"name":"The Need for a Consciousness Culture: Interview with Thomas Metzinger"}]},{"@type":"WebSite","@id":"https:\/\/drogriporter.hu\/en\/#website","url":"https:\/\/drogriporter.hu\/en\/","name":"Drugreporter","description":"News and Films from the Frontline of the War on Drugs","potentialAction":[{"@type":"SearchAction","target":{"@type":"EntryPoint","urlTemplate":"https:\/\/drogriporter.hu\/en\/?s={search_term_string}"},"query-input":{"@type":"PropertyValueSpecification","valueRequired":true,"valueName":"search_term_string"}}],"inLanguage":"en-US"},{"@type":"Person","@id":"https:\/\/drogriporter.hu\/en\/#\/schema\/person\/fb6cc5151784cb72290e136439b8cfbf","name":"P\u00e9ter S\u00e1rosi","image":{"@type":"ImageObject","inLanguage":"en-US","@id":"https:\/\/secure.gravatar.com\/avatar\/b0d99f928865d28655d1d76062ad4e267f8cdb42a281930f70dd9a875b94be0b?s=96&d=mm&r=g","url":"https:\/\/secure.gravatar.com\/avatar\/b0d99f928865d28655d1d76062ad4e267f8cdb42a281930f70dd9a875b94be0b?s=96&d=mm&r=g","contentUrl":"https:\/\/secure.gravatar.com\/avatar\/b0d99f928865d28655d1d76062ad4e267f8cdb42a281930f70dd9a875b94be0b?s=96&d=mm&r=g","caption":"P\u00e9ter S\u00e1rosi"},"description":"P\u00e9ter S\u00e1rosi is the Executive Director of the Rights Reporter Foundation. He is a human rights activist and drug policy expert, the founder and editor of the Drugreporter website since 2004, the author of countless articles, co-author of books and director of films about harm reduction and drug policy reform. He was the Director of the Drug Policy Program at the Hungarian Civil Liberties Union between 2004 and 2015. He is experienced in working at international drug policy forums such as the Commission on Narcotic Drugs. He was twice elected to the Core Group of the EU Civil Society Forum on Drugs. He is the co-chair of the Eurasian Harm Reduction Network. He has been representing the Hungarian Harm Reduction Network at the government\u2019s drug advisory body in Hungary since 2007. Peter also contributed to building a network of advocacy NGOs in Europe: the European Drug Policy Initiative. He provided technical assistance to several NGOs, and launched several campaigns on drug policy reform. As a member of the Drugreporter video advocacy team, he has produced videos about drug policy issues in a number of countries. These videos are now part of a unique online drug policy video library.","url":"https:\/\/drogriporter.hu\/en\/author\/sarosip-2\/"}]}},"featured_image_src_square":"https:\/\/drogriporter.hu\/wp-content\/uploads\/sites\/8\/2025\/08\/icpr2024-thomas-600x600.jpg","_links":{"self":[{"href":"https:\/\/drogriporter.hu\/en\/wp-json\/wp\/v2\/posts\/35777","targetHints":{"allow":["GET"]}}],"collection":[{"href":"https:\/\/drogriporter.hu\/en\/wp-json\/wp\/v2\/posts"}],"about":[{"href":"https:\/\/drogriporter.hu\/en\/wp-json\/wp\/v2\/types\/post"}],"author":[{"embeddable":true,"href":"https:\/\/drogriporter.hu\/en\/wp-json\/wp\/v2\/users\/1005"}],"replies":[{"embeddable":true,"href":"https:\/\/drogriporter.hu\/en\/wp-json\/wp\/v2\/comments?post=35777"}],"version-history":[{"count":0,"href":"https:\/\/drogriporter.hu\/en\/wp-json\/wp\/v2\/posts\/35777\/revisions"}],"wp:featuredmedia":[{"embeddable":true,"href":"https:\/\/drogriporter.hu\/en\/wp-json\/wp\/v2\/media\/35778"}],"wp:attachment":[{"href":"https:\/\/drogriporter.hu\/en\/wp-json\/wp\/v2\/media?parent=35777"}],"wp:term":[{"taxonomy":"category","embeddable":true,"href":"https:\/\/drogriporter.hu\/en\/wp-json\/wp\/v2\/categories?post=35777"},{"taxonomy":"post_tag","embeddable":true,"href":"https:\/\/drogriporter.hu\/en\/wp-json\/wp\/v2\/tags?post=35777"},{"taxonomy":"countries","embeddable":true,"href":"https:\/\/drogriporter.hu\/en\/wp-json\/wp\/v2\/countries?post=35777"},{"taxonomy":"section","embeddable":true,"href":"https:\/\/drogriporter.hu\/en\/wp-json\/wp\/v2\/section?post=35777"},{"taxonomy":"video-author","embeddable":true,"href":"https:\/\/drogriporter.hu\/en\/wp-json\/wp\/v2\/video-author?post=35777"},{"taxonomy":"drug","embeddable":true,"href":"https:\/\/drogriporter.hu\/en\/wp-json\/wp\/v2\/drug?post=35777"},{"taxonomy":"archive","embeddable":true,"href":"https:\/\/drogriporter.hu\/en\/wp-json\/wp\/v2\/archive?post=35777"},{"taxonomy":"video-series","embeddable":true,"href":"https:\/\/drogriporter.hu\/en\/wp-json\/wp\/v2\/video-series?post=35777"}],"curies":[{"name":"wp","href":"https:\/\/api.w.org\/{rel}","templated":true}]}}