{"id":36432,"date":"2025-11-17T14:54:33","date_gmt":"2025-11-17T13:54:33","guid":{"rendered":"https:\/\/drogriporter.hu\/?p=36432"},"modified":"2026-01-12T10:10:44","modified_gmt":"2026-01-12T09:10:44","slug":"trauma-and-psychedelic-therapy-bessel-van-der-kolk","status":"publish","type":"post","link":"https:\/\/drogriporter.hu\/en\/trauma-and-psychedelic-therapy-bessel-van-der-kolk\/","title":{"rendered":"Trauma and Psychedelic Therapy: Why Integration Matters \u2013 Interview with Bessel van der Kolk, MD"},"content":{"rendered":"\n<p>In Drugreporter&#8217;s new interview, trauma expert Bessel van der Kolk, MD explores how the body stores trauma and why integration is essential for healing in psychedelic therapy.<\/p>\n\n\n\n<!--more-->\n\n\n\n<p><a href=\"https:\/\/www.besselvanderkolk.com\/\">Bessel van der Kolk<\/a>, MD, is a world-renowned trauma expert and the author of the groundbreaking book The Body Keeps the Score. As a principal investigator in MAPS\u2019 MDMA-assisted therapy trial for PTSD, he bridges neuroscience, somatic therapies, and psychedelics. In this interview, filmed at the Psychedelic Science 2025 conference in Denver, we discuss how trauma is stored in the body, how psychedelics can unlock healing, and what an ideal trauma-informed psychedelic therapy could look like.<\/p>\n\n\n<iframe loading=\"lazy\" src=\"https:\/\/www.youtube.com\/embed\/ZbuyS-5ebUs\" width=\"560\" height=\"315\" frameborder=\"0\" style=\"\" allowfullscreen><\/iframe>\n\n\n\n<p><\/p>\n\n\n\n<p>Also available in podcast format:<\/p>\n\n\n\n<figure class=\"wp-block-embed is-type-rich is-provider-spotify wp-block-embed-spotify wp-embed-aspect-21-9 wp-has-aspect-ratio no-fitvids\"><div class=\"wp-block-embed__wrapper\">\n<iframe title=\"Spotify Embed: Trauma and Psychedelic Therapy: Why Integration Matters \u2013 Interview with Bessel van der Kolk, MD\" style=\"border-radius: 12px\" width=\"100%\" height=\"152\" frameborder=\"0\" allowfullscreen allow=\"autoplay; clipboard-write; encrypted-media; fullscreen; picture-in-picture\" loading=\"lazy\" src=\"https:\/\/open.spotify.com\/embed\/episode\/0WLZ1ur69fjKuULGNlXWKb?si=c03bb66e4df544f4&amp;utm_source=oembed\"><\/iframe>\n<\/div><\/figure>\n\n\n\n<p><\/p>\n\n\n\n<p>Find more inspiring stories and articles about <a href=\"https:\/\/drogriporter.hu\/en\/archive\/psychedelic-medicines\/\">psychedelic science<\/a> here! This video is part of our <a href=\"https:\/\/drogriporter.hu\/en\/video-series\/drugreporter-cafe\/\">Drugreporter Caf\u00e9 <\/a>series, where we discuss new developments in drug policy with professionals, activists, and decision makers.<\/p>\n\n\n\n<p>It was an absolute honour to attend and film the world\u2019s largest gathering of the psychedelic science community \u2014 Psychedelic Science 2025 in Denver, Colorado. We are grateful to the many outstanding scientists, healers, and activists who shared their wisdom with us. Watch our short documentary <em>\u201c<a href=\"https:\/\/drogriporter.hu\/en\/the-psychedelic-renaissance-is-alive-and-well\/\">The Psychedelic Renaissance is Alive and Well<\/a>\u201d<\/em> to learn more!<\/p>\n\n\n\n<p>Interview: P\u00e9ter S\u00e1rosi<br>Video: Istv\u00e1n G\u00e1bor Tak\u00e1cs<\/p>\n","protected":false},"excerpt":{"rendered":"<p>In Drugreporter&#8217;s new interview, trauma expert Bessel van der Kolk, MD explores how the body stores trauma and why integration is essential for healing in psychedelic therapy.<\/p>\n","protected":false},"author":1002,"featured_media":36436,"comment_status":"closed","ping_status":"closed","sticky":false,"template":"","format":"standard","meta":{"_genesis_hide_title":false,"_genesis_hide_breadcrumbs":false,"_genesis_hide_singular_image":false,"_genesis_hide_footer_widgets":false,"_genesis_custom_body_class":"","_genesis_custom_post_class":"","_genesis_layout":"","footnotes":""},"categories":[2900,2894],"tags":[],"countries":[2687],"section":[],"video-author":[2921],"drug":[],"archive":[3214,3239],"video-series":[3217],"class_list":{"0":"post-36432","1":"post","2":"type-post","3":"status-publish","4":"format-standard","5":"has-post-thumbnail","7":"category-articles","8":"category-video-database","9":"countries-usa-en","10":"video-author-drugreporter","11":"archive-drug-policy-and-law","12":"archive-psychedelic-medicines","13":"video-series-drugreporter-cafe","14":"entry"},"featured_image_src":"https:\/\/drogriporter.hu\/wp-content\/uploads\/sites\/8\/2025\/11\/ps25-thumbnails-kolk-hd-600x400.jpg","author_info":{"display_name":"Istv\u00e1n G\u00e1bor Tak\u00e1cs","author_link":"https:\/\/drogriporter.hu\/en\/author\/idoru\/"},"yoast_head":"<!-- This site is optimized with the Yoast SEO Premium plugin  - https:\/\/yoast.com\/product\/yoast-seo-premium-wordpress\/ -->\n<title>Trauma and Psychedelic Therapy: Why Integration Matters \u2013 Interview with Bessel van der Kolk, MD - Drugreporter<\/title>\n<meta name=\"description\" content=\"Bessel van der Kolk, MD explores how the body stores trauma and why integration is essential for healing in psychedelic therapy.\" \/>\n<meta name=\"robots\" content=\"index, follow, max-snippet:-1, max-image-preview:large, max-video-preview:-1\" \/>\n<link rel=\"canonical\" href=\"https:\/\/drogriporter.hu\/en\/trauma-and-psychedelic-therapy-bessel-van-der-kolk\/\" \/>\n<meta property=\"og:locale\" content=\"en_US\" \/>\n<meta property=\"og:type\" content=\"article\" \/>\n<meta property=\"og:title\" content=\"Trauma and Psychedelic Therapy: Why Integration Matters \u2013 Interview with Bessel van der Kolk, MD\" \/>\n<meta property=\"og:description\" content=\"Bessel van der Kolk, MD explores how the body stores trauma and why integration is essential for healing in psychedelic therapy.\" \/>\n<meta property=\"og:url\" content=\"https:\/\/drogriporter.hu\/en\/trauma-and-psychedelic-therapy-bessel-van-der-kolk\/\" \/>\n<meta property=\"og:site_name\" content=\"Drugreporter\" \/>\n<meta property=\"article:published_time\" content=\"2025-11-17T13:54:33+00:00\" \/>\n<meta property=\"article:modified_time\" content=\"2026-01-12T09:10:44+00:00\" \/>\n<meta property=\"og:image\" content=\"https:\/\/drogriporter.hu\/wp-content\/uploads\/sites\/8\/2025\/11\/ps25-thumbnails-kolk-hd.jpg\" \/>\n\t<meta property=\"og:image:width\" content=\"1920\" \/>\n\t<meta property=\"og:image:height\" content=\"1080\" \/>\n\t<meta property=\"og:image:type\" content=\"image\/jpeg\" \/>\n<meta name=\"author\" content=\"Istv\u00e1n G\u00e1bor Tak\u00e1cs\" \/>\n<meta name=\"twitter:card\" content=\"summary_large_image\" \/>\n<meta name=\"twitter:label1\" content=\"Written by\" \/>\n\t<meta name=\"twitter:data1\" content=\"Istv\u00e1n G\u00e1bor Tak\u00e1cs\" \/>\n\t<meta name=\"twitter:label2\" content=\"Est. reading time\" \/>\n\t<meta name=\"twitter:data2\" content=\"2 minutes\" \/>\n<script type=\"application\/ld+json\" class=\"yoast-schema-graph\">{\"@context\":\"https:\\\/\\\/schema.org\",\"@graph\":[{\"@type\":\"Article\",\"@id\":\"https:\\\/\\\/drogriporter.hu\\\/en\\\/trauma-and-psychedelic-therapy-bessel-van-der-kolk\\\/#article\",\"isPartOf\":{\"@id\":\"https:\\\/\\\/drogriporter.hu\\\/en\\\/trauma-and-psychedelic-therapy-bessel-van-der-kolk\\\/\"},\"author\":{\"name\":\"Istv\u00e1n G\u00e1bor Tak\u00e1cs\",\"@id\":\"https:\\\/\\\/drogriporter.hu\\\/en\\\/#\\\/schema\\\/person\\\/aaf6e356ecdcc3c9a6172aeb58a1c524\"},\"headline\":\"Trauma and Psychedelic Therapy: Why Integration Matters \u2013 Interview with Bessel van der Kolk, MD\",\"datePublished\":\"2025-11-17T13:54:33+00:00\",\"dateModified\":\"2026-01-12T09:10:44+00:00\",\"mainEntityOfPage\":{\"@id\":\"https:\\\/\\\/drogriporter.hu\\\/en\\\/trauma-and-psychedelic-therapy-bessel-van-der-kolk\\\/\"},\"wordCount\":239,\"image\":{\"@id\":\"https:\\\/\\\/drogriporter.hu\\\/en\\\/trauma-and-psychedelic-therapy-bessel-van-der-kolk\\\/#primaryimage\"},\"thumbnailUrl\":\"https:\\\/\\\/drogriporter.hu\\\/wp-content\\\/uploads\\\/sites\\\/8\\\/2025\\\/11\\\/ps25-thumbnails-kolk-hd.jpg\",\"articleSection\":[\"Articles\",\"Video Database\"],\"inLanguage\":\"en-US\"},{\"@type\":\"WebPage\",\"@id\":\"https:\\\/\\\/drogriporter.hu\\\/en\\\/trauma-and-psychedelic-therapy-bessel-van-der-kolk\\\/\",\"url\":\"https:\\\/\\\/drogriporter.hu\\\/en\\\/trauma-and-psychedelic-therapy-bessel-van-der-kolk\\\/\",\"name\":\"Trauma and Psychedelic Therapy: Why Integration Matters \u2013 Interview with Bessel van der Kolk, MD - Drugreporter\",\"isPartOf\":{\"@id\":\"https:\\\/\\\/drogriporter.hu\\\/en\\\/#website\"},\"primaryImageOfPage\":{\"@id\":\"https:\\\/\\\/drogriporter.hu\\\/en\\\/trauma-and-psychedelic-therapy-bessel-van-der-kolk\\\/#primaryimage\"},\"image\":{\"@id\":\"https:\\\/\\\/drogriporter.hu\\\/en\\\/trauma-and-psychedelic-therapy-bessel-van-der-kolk\\\/#primaryimage\"},\"thumbnailUrl\":\"https:\\\/\\\/drogriporter.hu\\\/wp-content\\\/uploads\\\/sites\\\/8\\\/2025\\\/11\\\/ps25-thumbnails-kolk-hd.jpg\",\"datePublished\":\"2025-11-17T13:54:33+00:00\",\"dateModified\":\"2026-01-12T09:10:44+00:00\",\"author\":{\"@id\":\"https:\\\/\\\/drogriporter.hu\\\/en\\\/#\\\/schema\\\/person\\\/aaf6e356ecdcc3c9a6172aeb58a1c524\"},\"description\":\"Bessel van der Kolk, MD explores how the body stores trauma and why integration is essential for healing in psychedelic therapy.\",\"breadcrumb\":{\"@id\":\"https:\\\/\\\/drogriporter.hu\\\/en\\\/trauma-and-psychedelic-therapy-bessel-van-der-kolk\\\/#breadcrumb\"},\"inLanguage\":\"en-US\",\"potentialAction\":[{\"@type\":\"ReadAction\",\"target\":[\"https:\\\/\\\/drogriporter.hu\\\/en\\\/trauma-and-psychedelic-therapy-bessel-van-der-kolk\\\/\"]}]},{\"@type\":\"ImageObject\",\"inLanguage\":\"en-US\",\"@id\":\"https:\\\/\\\/drogriporter.hu\\\/en\\\/trauma-and-psychedelic-therapy-bessel-van-der-kolk\\\/#primaryimage\",\"url\":\"https:\\\/\\\/drogriporter.hu\\\/wp-content\\\/uploads\\\/sites\\\/8\\\/2025\\\/11\\\/ps25-thumbnails-kolk-hd.jpg\",\"contentUrl\":\"https:\\\/\\\/drogriporter.hu\\\/wp-content\\\/uploads\\\/sites\\\/8\\\/2025\\\/11\\\/ps25-thumbnails-kolk-hd.jpg\",\"width\":1920,\"height\":1080,\"caption\":\"Trauma and Psychedelic Therapy: Why Integration Matters \u2013 Interview with Bessel van der Kolk, MD\"},{\"@type\":\"BreadcrumbList\",\"@id\":\"https:\\\/\\\/drogriporter.hu\\\/en\\\/trauma-and-psychedelic-therapy-bessel-van-der-kolk\\\/#breadcrumb\",\"itemListElement\":[{\"@type\":\"ListItem\",\"position\":1,\"name\":\"Home\",\"item\":\"https:\\\/\\\/drogriporter.hu\\\/en\\\/\"},{\"@type\":\"ListItem\",\"position\":2,\"name\":\"Trauma and Psychedelic Therapy: Why Integration Matters \u2013 Interview with Bessel van der Kolk, MD\"}]},{\"@type\":\"WebSite\",\"@id\":\"https:\\\/\\\/drogriporter.hu\\\/en\\\/#website\",\"url\":\"https:\\\/\\\/drogriporter.hu\\\/en\\\/\",\"name\":\"Drugreporter\",\"description\":\"News and Films from the Frontline of the War on Drugs\",\"potentialAction\":[{\"@type\":\"SearchAction\",\"target\":{\"@type\":\"EntryPoint\",\"urlTemplate\":\"https:\\\/\\\/drogriporter.hu\\\/en\\\/?s={search_term_string}\"},\"query-input\":{\"@type\":\"PropertyValueSpecification\",\"valueRequired\":true,\"valueName\":\"search_term_string\"}}],\"inLanguage\":\"en-US\"},{\"@type\":\"Person\",\"@id\":\"https:\\\/\\\/drogriporter.hu\\\/en\\\/#\\\/schema\\\/person\\\/aaf6e356ecdcc3c9a6172aeb58a1c524\",\"name\":\"Istv\u00e1n G\u00e1bor Tak\u00e1cs\",\"image\":{\"@type\":\"ImageObject\",\"inLanguage\":\"en-US\",\"@id\":\"https:\\\/\\\/secure.gravatar.com\\\/avatar\\\/658e7317f4c0b7ad030de0732edc52bd87a40097c378d9f945212f914567946c?s=96&d=mm&r=g\",\"url\":\"https:\\\/\\\/secure.gravatar.com\\\/avatar\\\/658e7317f4c0b7ad030de0732edc52bd87a40097c378d9f945212f914567946c?s=96&d=mm&r=g\",\"contentUrl\":\"https:\\\/\\\/secure.gravatar.com\\\/avatar\\\/658e7317f4c0b7ad030de0732edc52bd87a40097c378d9f945212f914567946c?s=96&d=mm&r=g\",\"caption\":\"Istv\u00e1n G\u00e1bor Tak\u00e1cs\"},\"description\":\"Istv\u00e1n G\u00e1bor Tak\u00e1cs is a human rights activist, videographer and trainer. He ran the Video Advocacy Program of the Hungarian Civil Liberties Union between 2007-2015. He worked as a needle exchange program counselor for 5 years. He is author of several articles on harm reduction and cameraman, editor, director and co-director of more than 700 online videos, among them longer documentaries, such as \u201cKostya Proletarsky\u201d (2020), \u201cTaking Back What\u2019s Ours: An Oral History of the Movement of People who Use Drugs\u201d (2020) \u201dA Day in the Life: The World of Humans Who Use Drugs\u201d (2016), \u201cWithout Rights\u201d (2009), \u201cWithout a Chance\u201d (2014), \u201cRoom in the 8th District\u201d (2014) and \u201cThe Invisible\u201d (2011). Since 2016 he works at the Rights Reporter Foundation, where besides producing films, he is training activists in video advocacy.\",\"sameAs\":[\"takacsistvangabor@rightsreporter.net\"],\"url\":\"https:\\\/\\\/drogriporter.hu\\\/en\\\/author\\\/idoru\\\/\"}]}<\/script>\n<!-- \/ Yoast SEO Premium plugin. -->","yoast_head_json":{"title":"Trauma and Psychedelic Therapy: Why Integration Matters \u2013 Interview with Bessel van der Kolk, MD - Drugreporter","description":"Bessel van der Kolk, MD explores how the body stores trauma and why integration is essential for healing in psychedelic therapy.","robots":{"index":"index","follow":"follow","max-snippet":"max-snippet:-1","max-image-preview":"max-image-preview:large","max-video-preview":"max-video-preview:-1"},"canonical":"https:\/\/drogriporter.hu\/en\/trauma-and-psychedelic-therapy-bessel-van-der-kolk\/","og_locale":"en_US","og_type":"article","og_title":"Trauma and Psychedelic Therapy: Why Integration Matters \u2013 Interview with Bessel van der Kolk, MD","og_description":"Bessel van der Kolk, MD explores how the body stores trauma and why integration is essential for healing in psychedelic therapy.","og_url":"https:\/\/drogriporter.hu\/en\/trauma-and-psychedelic-therapy-bessel-van-der-kolk\/","og_site_name":"Drugreporter","article_published_time":"2025-11-17T13:54:33+00:00","article_modified_time":"2026-01-12T09:10:44+00:00","og_image":[{"width":1920,"height":1080,"url":"https:\/\/drogriporter.hu\/wp-content\/uploads\/sites\/8\/2025\/11\/ps25-thumbnails-kolk-hd.jpg","type":"image\/jpeg"}],"author":"Istv\u00e1n G\u00e1bor Tak\u00e1cs","twitter_card":"summary_large_image","twitter_misc":{"Written by":"Istv\u00e1n G\u00e1bor Tak\u00e1cs","Est. reading time":"2 minutes"},"schema":{"@context":"https:\/\/schema.org","@graph":[{"@type":"Article","@id":"https:\/\/drogriporter.hu\/en\/trauma-and-psychedelic-therapy-bessel-van-der-kolk\/#article","isPartOf":{"@id":"https:\/\/drogriporter.hu\/en\/trauma-and-psychedelic-therapy-bessel-van-der-kolk\/"},"author":{"name":"Istv\u00e1n G\u00e1bor Tak\u00e1cs","@id":"https:\/\/drogriporter.hu\/en\/#\/schema\/person\/aaf6e356ecdcc3c9a6172aeb58a1c524"},"headline":"Trauma and Psychedelic Therapy: Why Integration Matters \u2013 Interview with Bessel van der Kolk, MD","datePublished":"2025-11-17T13:54:33+00:00","dateModified":"2026-01-12T09:10:44+00:00","mainEntityOfPage":{"@id":"https:\/\/drogriporter.hu\/en\/trauma-and-psychedelic-therapy-bessel-van-der-kolk\/"},"wordCount":239,"image":{"@id":"https:\/\/drogriporter.hu\/en\/trauma-and-psychedelic-therapy-bessel-van-der-kolk\/#primaryimage"},"thumbnailUrl":"https:\/\/drogriporter.hu\/wp-content\/uploads\/sites\/8\/2025\/11\/ps25-thumbnails-kolk-hd.jpg","articleSection":["Articles","Video Database"],"inLanguage":"en-US"},{"@type":"WebPage","@id":"https:\/\/drogriporter.hu\/en\/trauma-and-psychedelic-therapy-bessel-van-der-kolk\/","url":"https:\/\/drogriporter.hu\/en\/trauma-and-psychedelic-therapy-bessel-van-der-kolk\/","name":"Trauma and Psychedelic Therapy: Why Integration Matters \u2013 Interview with Bessel van der Kolk, MD - Drugreporter","isPartOf":{"@id":"https:\/\/drogriporter.hu\/en\/#website"},"primaryImageOfPage":{"@id":"https:\/\/drogriporter.hu\/en\/trauma-and-psychedelic-therapy-bessel-van-der-kolk\/#primaryimage"},"image":{"@id":"https:\/\/drogriporter.hu\/en\/trauma-and-psychedelic-therapy-bessel-van-der-kolk\/#primaryimage"},"thumbnailUrl":"https:\/\/drogriporter.hu\/wp-content\/uploads\/sites\/8\/2025\/11\/ps25-thumbnails-kolk-hd.jpg","datePublished":"2025-11-17T13:54:33+00:00","dateModified":"2026-01-12T09:10:44+00:00","author":{"@id":"https:\/\/drogriporter.hu\/en\/#\/schema\/person\/aaf6e356ecdcc3c9a6172aeb58a1c524"},"description":"Bessel van der Kolk, MD explores how the body stores trauma and why integration is essential for healing in psychedelic therapy.","breadcrumb":{"@id":"https:\/\/drogriporter.hu\/en\/trauma-and-psychedelic-therapy-bessel-van-der-kolk\/#breadcrumb"},"inLanguage":"en-US","potentialAction":[{"@type":"ReadAction","target":["https:\/\/drogriporter.hu\/en\/trauma-and-psychedelic-therapy-bessel-van-der-kolk\/"]}]},{"@type":"ImageObject","inLanguage":"en-US","@id":"https:\/\/drogriporter.hu\/en\/trauma-and-psychedelic-therapy-bessel-van-der-kolk\/#primaryimage","url":"https:\/\/drogriporter.hu\/wp-content\/uploads\/sites\/8\/2025\/11\/ps25-thumbnails-kolk-hd.jpg","contentUrl":"https:\/\/drogriporter.hu\/wp-content\/uploads\/sites\/8\/2025\/11\/ps25-thumbnails-kolk-hd.jpg","width":1920,"height":1080,"caption":"Trauma and Psychedelic Therapy: Why Integration Matters \u2013 Interview with Bessel van der Kolk, MD"},{"@type":"BreadcrumbList","@id":"https:\/\/drogriporter.hu\/en\/trauma-and-psychedelic-therapy-bessel-van-der-kolk\/#breadcrumb","itemListElement":[{"@type":"ListItem","position":1,"name":"Home","item":"https:\/\/drogriporter.hu\/en\/"},{"@type":"ListItem","position":2,"name":"Trauma and Psychedelic Therapy: Why Integration Matters \u2013 Interview with Bessel van der Kolk, MD"}]},{"@type":"WebSite","@id":"https:\/\/drogriporter.hu\/en\/#website","url":"https:\/\/drogriporter.hu\/en\/","name":"Drugreporter","description":"News and Films from the Frontline of the War on Drugs","potentialAction":[{"@type":"SearchAction","target":{"@type":"EntryPoint","urlTemplate":"https:\/\/drogriporter.hu\/en\/?s={search_term_string}"},"query-input":{"@type":"PropertyValueSpecification","valueRequired":true,"valueName":"search_term_string"}}],"inLanguage":"en-US"},{"@type":"Person","@id":"https:\/\/drogriporter.hu\/en\/#\/schema\/person\/aaf6e356ecdcc3c9a6172aeb58a1c524","name":"Istv\u00e1n G\u00e1bor Tak\u00e1cs","image":{"@type":"ImageObject","inLanguage":"en-US","@id":"https:\/\/secure.gravatar.com\/avatar\/658e7317f4c0b7ad030de0732edc52bd87a40097c378d9f945212f914567946c?s=96&d=mm&r=g","url":"https:\/\/secure.gravatar.com\/avatar\/658e7317f4c0b7ad030de0732edc52bd87a40097c378d9f945212f914567946c?s=96&d=mm&r=g","contentUrl":"https:\/\/secure.gravatar.com\/avatar\/658e7317f4c0b7ad030de0732edc52bd87a40097c378d9f945212f914567946c?s=96&d=mm&r=g","caption":"Istv\u00e1n G\u00e1bor Tak\u00e1cs"},"description":"Istv\u00e1n G\u00e1bor Tak\u00e1cs is a human rights activist, videographer and trainer. He ran the Video Advocacy Program of the Hungarian Civil Liberties Union between 2007-2015. He worked as a needle exchange program counselor for 5 years. He is author of several articles on harm reduction and cameraman, editor, director and co-director of more than 700 online videos, among them longer documentaries, such as \u201cKostya Proletarsky\u201d (2020), \u201cTaking Back What\u2019s Ours: An Oral History of the Movement of People who Use Drugs\u201d (2020) \u201dA Day in the Life: The World of Humans Who Use Drugs\u201d (2016), \u201cWithout Rights\u201d (2009), \u201cWithout a Chance\u201d (2014), \u201cRoom in the 8th District\u201d (2014) and \u201cThe Invisible\u201d (2011). Since 2016 he works at the Rights Reporter Foundation, where besides producing films, he is training activists in video advocacy.","sameAs":["takacsistvangabor@rightsreporter.net"],"url":"https:\/\/drogriporter.hu\/en\/author\/idoru\/"}]}},"featured_image_src_square":"https:\/\/drogriporter.hu\/wp-content\/uploads\/sites\/8\/2025\/11\/ps25-thumbnails-kolk-hd-600x600.jpg","_links":{"self":[{"href":"https:\/\/drogriporter.hu\/en\/wp-json\/wp\/v2\/posts\/36432","targetHints":{"allow":["GET"]}}],"collection":[{"href":"https:\/\/drogriporter.hu\/en\/wp-json\/wp\/v2\/posts"}],"about":[{"href":"https:\/\/drogriporter.hu\/en\/wp-json\/wp\/v2\/types\/post"}],"author":[{"embeddable":true,"href":"https:\/\/drogriporter.hu\/en\/wp-json\/wp\/v2\/users\/1002"}],"replies":[{"embeddable":true,"href":"https:\/\/drogriporter.hu\/en\/wp-json\/wp\/v2\/comments?post=36432"}],"version-history":[{"count":1,"href":"https:\/\/drogriporter.hu\/en\/wp-json\/wp\/v2\/posts\/36432\/revisions"}],"predecessor-version":[{"id":36734,"href":"https:\/\/drogriporter.hu\/en\/wp-json\/wp\/v2\/posts\/36432\/revisions\/36734"}],"wp:featuredmedia":[{"embeddable":true,"href":"https:\/\/drogriporter.hu\/en\/wp-json\/wp\/v2\/media\/36436"}],"wp:attachment":[{"href":"https:\/\/drogriporter.hu\/en\/wp-json\/wp\/v2\/media?parent=36432"}],"wp:term":[{"taxonomy":"category","embeddable":true,"href":"https:\/\/drogriporter.hu\/en\/wp-json\/wp\/v2\/categories?post=36432"},{"taxonomy":"post_tag","embeddable":true,"href":"https:\/\/drogriporter.hu\/en\/wp-json\/wp\/v2\/tags?post=36432"},{"taxonomy":"countries","embeddable":true,"href":"https:\/\/drogriporter.hu\/en\/wp-json\/wp\/v2\/countries?post=36432"},{"taxonomy":"section","embeddable":true,"href":"https:\/\/drogriporter.hu\/en\/wp-json\/wp\/v2\/section?post=36432"},{"taxonomy":"video-author","embeddable":true,"href":"https:\/\/drogriporter.hu\/en\/wp-json\/wp\/v2\/video-author?post=36432"},{"taxonomy":"drug","embeddable":true,"href":"https:\/\/drogriporter.hu\/en\/wp-json\/wp\/v2\/drug?post=36432"},{"taxonomy":"archive","embeddable":true,"href":"https:\/\/drogriporter.hu\/en\/wp-json\/wp\/v2\/archive?post=36432"},{"taxonomy":"video-series","embeddable":true,"href":"https:\/\/drogriporter.hu\/en\/wp-json\/wp\/v2\/video-series?post=36432"}],"curies":[{"name":"wp","href":"https:\/\/api.w.org\/{rel}","templated":true}]}}