{"id":36540,"date":"2025-12-16T12:05:22","date_gmt":"2025-12-16T11:05:22","guid":{"rendered":"https:\/\/drogriporter.hu\/?p=36540"},"modified":"2025-12-16T12:13:55","modified_gmt":"2025-12-16T11:13:55","slug":"core-paris-meeting-videos","status":"publish","type":"post","link":"https:\/\/drogriporter.hu\/en\/core-paris-meeting-videos\/","title":{"rendered":"Depuis les marges jusqu\u2019\u00e0 l\u2019int\u00e9gration dans la soci\u00e9t\u00e9 : Strat\u00e9gies communautaires pour une sant\u00e9 et une politique inclusives pour les travailleurs du sexe en France"},"content":{"rendered":"\n<p>Regardez les enregistrements vid\u00e9o des sessions de la rencontre organis\u00e9e dans le cadre du projet CORE par la F\u00e9d\u00e9ration Parapluie Rouge et M\u00e9decins du Monde, en collaboration avec le European AIDS Treatment Group et la European Sex Workers\u2019 Rights Alliance.<\/p>\n\n\n\n<!--more-->\n\n\n\n<p>Bienvenue &amp; Introduction + SESSION 1 : Acc\u00e8s des travailleurs du sexe au d\u00e9pistage du VIH, \u00e0 l\u2019orientation et \u00e0 l\u2019accompagnement vers les soins : Vers une mise en \u0153uvre compl\u00e8te du r\u00e9f\u00e9rentiel national de 2017 sur la r\u00e9duction des risques pour les travailleurs du sexe afin d\u2019\u00e9liminer les obstacles structurels<\/p>\n\n\n<iframe loading=\"lazy\" src=\"https:\/\/www.youtube.com\/embed\/BJEH5sQUWO0\" width=\"560\" height=\"315\" frameborder=\"0\" style=\"\" allowfullscreen><\/iframe>\n\n\n\n<p><\/p>\n\n\n\n<p>SESSION 2 : Le r\u00f4le des d\u00e9put\u00e9s nationaux et europ\u00e9ens dans le soutien aux r\u00e9ponses communautaires<\/p>\n\n\n<iframe loading=\"lazy\" src=\"https:\/\/www.youtube.com\/embed\/UBr1OlM_oZ4\" width=\"560\" height=\"315\" frameborder=\"0\" style=\"\" allowfullscreen><\/iframe>\n\n\n\n<p><\/p>\n\n\n\n<p>SESSION 3 : Le r\u00f4le des travailleurs du sexe dans l\u2019\u00e9laboration de r\u00e9cits dans les m\u00e9dias<\/p>\n\n\n<iframe loading=\"lazy\" src=\"https:\/\/www.youtube.com\/embed\/0izHDIxiB_s\" width=\"560\" height=\"315\" frameborder=\"0\" style=\"\" allowfullscreen><\/iframe>\n\n\n\n<p><\/p>\n\n\n\n<p>Cette vid\u00e9o a \u00e9t\u00e9 produite dans le cadre du projet europ\u00e9en <a href=\"https:\/\/core-action.eu\/core-home\">CORE \u2013 COmmunity Response to End Inequalities<\/a>. CORE est une action financ\u00e9e par l\u2019Union europ\u00e9enne sur une p\u00e9riode de 36 mois, du 1er janvier 2023 au 31 d\u00e9cembre 2025, r\u00e9unissant 24 partenaires issus de 16 \u00c9tats membres de l\u2019UE. Le projet vise \u00e0 r\u00e9duire les in\u00e9galit\u00e9s dans la r\u00e9ponse au VIH, \u00e0 la tuberculose et aux h\u00e9patites virales, en promouvant, renfor\u00e7ant et int\u00e9grant les r\u00e9ponses communautaires, essentielles pour atteindre les populations traditionnellement mal desservies par les services de pr\u00e9vention et de sant\u00e9 publique. Financ\u00e9 par le programme EU4Health, ce projet est particuli\u00e8rement crucial dans les pays o\u00f9 ces r\u00e9ponses demeurent insuffisantes par rapport \u00e0 la moyenne europ\u00e9enne.<\/p>\n\n\n\n<p>Texte et vid\u00e9o :<\/p>\n\n\n\n<p>Istv\u00e1n G\u00e1bor Tak\u00e1cs<\/p>\n\n\n\n<p><\/p>\n\n\n<div class=\"wp-block-image\">\n<figure class=\"alignleft size-large is-resized\"><img loading=\"lazy\" decoding=\"async\" width=\"1024\" height=\"215\" src=\"https:\/\/drogriporter.hu\/wp-content\/uploads\/sites\/8\/2024\/02\/en-co-funded-by-th-eu-pos-1024x215.png\" alt=\"\" class=\"wp-image-32050\" style=\"width:300px\" srcset=\"https:\/\/drogriporter.hu\/wp-content\/uploads\/sites\/8\/2024\/02\/en-co-funded-by-th-eu-pos-1024x215.png 1024w, https:\/\/drogriporter.hu\/wp-content\/uploads\/sites\/8\/2024\/02\/en-co-funded-by-th-eu-pos-300x63.png 300w, https:\/\/drogriporter.hu\/wp-content\/uploads\/sites\/8\/2024\/02\/en-co-funded-by-th-eu-pos-768x161.png 768w, https:\/\/drogriporter.hu\/wp-content\/uploads\/sites\/8\/2024\/02\/en-co-funded-by-th-eu-pos-1536x322.png 1536w, https:\/\/drogriporter.hu\/wp-content\/uploads\/sites\/8\/2024\/02\/en-co-funded-by-th-eu-pos-2048x430.png 2048w\" sizes=\"auto, (max-width: 1024px) 100vw, 1024px\" \/><\/figure>\n<\/div>\n\n\n<p class=\"has-small-font-size\">Les points de vue et opinions exprim\u00e9s n\u2019engagent que leur(s) auteur(s) et ne refl\u00e8tent pas n\u00e9cessairement ceux de l\u2019Union europ\u00e9enne. Ni l\u2019Union europ\u00e9enne ni l\u2019autorit\u00e9 ayant accord\u00e9 la subvention ne peuvent \u00eatre tenues pour responsables de ces contenus.<\/p>\n\n\n\n<p><\/p>\n","protected":false},"excerpt":{"rendered":"<p>Regardez les enregistrements vid\u00e9o des sessions de la rencontre organis\u00e9e dans le cadre du projet CORE par la F\u00e9d\u00e9ration Parapluie Rouge et M\u00e9decins du Monde, en collaboration avec le European AIDS Treatment Group et la European Sex Workers\u2019 Rights Alliance.<\/p>\n","protected":false},"author":1002,"featured_media":36541,"comment_status":"closed","ping_status":"closed","sticky":false,"template":"","format":"standard","meta":{"_genesis_hide_title":false,"_genesis_hide_breadcrumbs":false,"_genesis_hide_singular_image":false,"_genesis_hide_footer_widgets":false,"_genesis_custom_body_class":"","_genesis_custom_post_class":"","_genesis_layout":"","footnotes":""},"categories":[2900,2894],"tags":[],"countries":[2722],"section":[],"video-author":[2921],"drug":[],"archive":[3244],"video-series":[3305],"class_list":{"0":"post-36540","1":"post","2":"type-post","3":"status-publish","4":"format-standard","5":"has-post-thumbnail","7":"category-articles","8":"category-video-database","9":"countries-france-en","10":"video-author-drugreporter","11":"archive-sex-work","12":"video-series-core","13":"entry"},"featured_image_src":"https:\/\/drogriporter.hu\/wp-content\/uploads\/sites\/8\/2025\/12\/paris-session-1-600x400.jpg","author_info":{"display_name":"Istv\u00e1n G\u00e1bor Tak\u00e1cs","author_link":"https:\/\/drogriporter.hu\/en\/author\/idoru\/"},"yoast_head":"<!-- This site is optimized with the Yoast SEO Premium plugin  - https:\/\/yoast.com\/product\/yoast-seo-premium-wordpress\/ -->\n<title>Depuis les marges jusqu\u2019\u00e0 l\u2019int\u00e9gration dans la soci\u00e9t\u00e9 : Strat\u00e9gies communautaires pour une sant\u00e9 et une politique inclusives pour les travailleurs du sexe en France - Drugreporter<\/title>\n<meta name=\"robots\" content=\"index, follow, max-snippet:-1, max-image-preview:large, max-video-preview:-1\" \/>\n<link rel=\"canonical\" href=\"https:\/\/drogriporter.hu\/en\/core-paris-meeting-videos\/\" \/>\n<meta property=\"og:locale\" content=\"en_US\" \/>\n<meta property=\"og:type\" content=\"article\" \/>\n<meta property=\"og:title\" content=\"Depuis les marges jusqu\u2019\u00e0 l\u2019int\u00e9gration dans la soci\u00e9t\u00e9 : Strat\u00e9gies communautaires pour une sant\u00e9 et une politique inclusives pour les travailleurs du sexe en France\" \/>\n<meta property=\"og:description\" content=\"Regardez les enregistrements vid\u00e9o des sessions de la rencontre organis\u00e9e dans le cadre du projet CORE par la F\u00e9d\u00e9ration Parapluie Rouge et M\u00e9decins du Monde, en collaboration avec le European AIDS Treatment Group et la European Sex Workers\u2019 Rights Alliance.\" \/>\n<meta property=\"og:url\" content=\"https:\/\/drogriporter.hu\/en\/core-paris-meeting-videos\/\" \/>\n<meta property=\"og:site_name\" content=\"Drugreporter\" \/>\n<meta property=\"article:published_time\" content=\"2025-12-16T11:05:22+00:00\" \/>\n<meta property=\"article:modified_time\" content=\"2025-12-16T11:13:55+00:00\" \/>\n<meta property=\"og:image\" content=\"https:\/\/drogriporter.hu\/wp-content\/uploads\/sites\/8\/2025\/12\/paris-session-1.jpg\" \/>\n\t<meta property=\"og:image:width\" content=\"1920\" \/>\n\t<meta property=\"og:image:height\" content=\"1080\" \/>\n\t<meta property=\"og:image:type\" content=\"image\/jpeg\" \/>\n<meta name=\"author\" content=\"Istv\u00e1n G\u00e1bor Tak\u00e1cs\" \/>\n<meta name=\"twitter:card\" content=\"summary_large_image\" \/>\n<meta name=\"twitter:label1\" content=\"Written by\" \/>\n\t<meta name=\"twitter:data1\" content=\"Istv\u00e1n G\u00e1bor Tak\u00e1cs\" \/>\n\t<meta name=\"twitter:label2\" content=\"Est. reading time\" \/>\n\t<meta name=\"twitter:data2\" content=\"2 minutes\" \/>\n<script type=\"application\/ld+json\" class=\"yoast-schema-graph\">{\"@context\":\"https:\\\/\\\/schema.org\",\"@graph\":[{\"@type\":\"Article\",\"@id\":\"https:\\\/\\\/drogriporter.hu\\\/en\\\/core-paris-meeting-videos\\\/#article\",\"isPartOf\":{\"@id\":\"https:\\\/\\\/drogriporter.hu\\\/en\\\/core-paris-meeting-videos\\\/\"},\"author\":{\"name\":\"Istv\u00e1n G\u00e1bor Tak\u00e1cs\",\"@id\":\"https:\\\/\\\/drogriporter.hu\\\/en\\\/#\\\/schema\\\/person\\\/aaf6e356ecdcc3c9a6172aeb58a1c524\"},\"headline\":\"Depuis les marges jusqu\u2019\u00e0 l\u2019int\u00e9gration dans la soci\u00e9t\u00e9 : Strat\u00e9gies communautaires pour une sant\u00e9 et une politique inclusives pour les travailleurs du sexe en France\",\"datePublished\":\"2025-12-16T11:05:22+00:00\",\"dateModified\":\"2025-12-16T11:13:55+00:00\",\"mainEntityOfPage\":{\"@id\":\"https:\\\/\\\/drogriporter.hu\\\/en\\\/core-paris-meeting-videos\\\/\"},\"wordCount\":365,\"image\":{\"@id\":\"https:\\\/\\\/drogriporter.hu\\\/en\\\/core-paris-meeting-videos\\\/#primaryimage\"},\"thumbnailUrl\":\"https:\\\/\\\/drogriporter.hu\\\/wp-content\\\/uploads\\\/sites\\\/8\\\/2025\\\/12\\\/paris-session-1.jpg\",\"articleSection\":[\"Articles\",\"Video Database\"],\"inLanguage\":\"en-US\"},{\"@type\":\"WebPage\",\"@id\":\"https:\\\/\\\/drogriporter.hu\\\/en\\\/core-paris-meeting-videos\\\/\",\"url\":\"https:\\\/\\\/drogriporter.hu\\\/en\\\/core-paris-meeting-videos\\\/\",\"name\":\"Depuis les marges jusqu\u2019\u00e0 l\u2019int\u00e9gration dans la soci\u00e9t\u00e9 : Strat\u00e9gies communautaires pour une sant\u00e9 et une politique inclusives pour les travailleurs du sexe en France - Drugreporter\",\"isPartOf\":{\"@id\":\"https:\\\/\\\/drogriporter.hu\\\/en\\\/#website\"},\"primaryImageOfPage\":{\"@id\":\"https:\\\/\\\/drogriporter.hu\\\/en\\\/core-paris-meeting-videos\\\/#primaryimage\"},\"image\":{\"@id\":\"https:\\\/\\\/drogriporter.hu\\\/en\\\/core-paris-meeting-videos\\\/#primaryimage\"},\"thumbnailUrl\":\"https:\\\/\\\/drogriporter.hu\\\/wp-content\\\/uploads\\\/sites\\\/8\\\/2025\\\/12\\\/paris-session-1.jpg\",\"datePublished\":\"2025-12-16T11:05:22+00:00\",\"dateModified\":\"2025-12-16T11:13:55+00:00\",\"author\":{\"@id\":\"https:\\\/\\\/drogriporter.hu\\\/en\\\/#\\\/schema\\\/person\\\/aaf6e356ecdcc3c9a6172aeb58a1c524\"},\"breadcrumb\":{\"@id\":\"https:\\\/\\\/drogriporter.hu\\\/en\\\/core-paris-meeting-videos\\\/#breadcrumb\"},\"inLanguage\":\"en-US\",\"potentialAction\":[{\"@type\":\"ReadAction\",\"target\":[\"https:\\\/\\\/drogriporter.hu\\\/en\\\/core-paris-meeting-videos\\\/\"]}]},{\"@type\":\"ImageObject\",\"inLanguage\":\"en-US\",\"@id\":\"https:\\\/\\\/drogriporter.hu\\\/en\\\/core-paris-meeting-videos\\\/#primaryimage\",\"url\":\"https:\\\/\\\/drogriporter.hu\\\/wp-content\\\/uploads\\\/sites\\\/8\\\/2025\\\/12\\\/paris-session-1.jpg\",\"contentUrl\":\"https:\\\/\\\/drogriporter.hu\\\/wp-content\\\/uploads\\\/sites\\\/8\\\/2025\\\/12\\\/paris-session-1.jpg\",\"width\":1920,\"height\":1080,\"caption\":\"Depuis les marges jusqu\u2019\u00e0 l\u2019int\u00e9gration dans la soci\u00e9t\u00e9 : Strat\u00e9gies communautaires pour une sant\u00e9 et une politique inclusives pour les travailleurs du sexe en France\"},{\"@type\":\"BreadcrumbList\",\"@id\":\"https:\\\/\\\/drogriporter.hu\\\/en\\\/core-paris-meeting-videos\\\/#breadcrumb\",\"itemListElement\":[{\"@type\":\"ListItem\",\"position\":1,\"name\":\"Home\",\"item\":\"https:\\\/\\\/drogriporter.hu\\\/en\\\/\"},{\"@type\":\"ListItem\",\"position\":2,\"name\":\"Depuis les marges jusqu\u2019\u00e0 l\u2019int\u00e9gration dans la soci\u00e9t\u00e9 : Strat\u00e9gies communautaires pour une sant\u00e9 et une politique inclusives pour les travailleurs du sexe en France\"}]},{\"@type\":\"WebSite\",\"@id\":\"https:\\\/\\\/drogriporter.hu\\\/en\\\/#website\",\"url\":\"https:\\\/\\\/drogriporter.hu\\\/en\\\/\",\"name\":\"Drugreporter\",\"description\":\"News and Films from the Frontline of the War on Drugs\",\"potentialAction\":[{\"@type\":\"SearchAction\",\"target\":{\"@type\":\"EntryPoint\",\"urlTemplate\":\"https:\\\/\\\/drogriporter.hu\\\/en\\\/?s={search_term_string}\"},\"query-input\":{\"@type\":\"PropertyValueSpecification\",\"valueRequired\":true,\"valueName\":\"search_term_string\"}}],\"inLanguage\":\"en-US\"},{\"@type\":\"Person\",\"@id\":\"https:\\\/\\\/drogriporter.hu\\\/en\\\/#\\\/schema\\\/person\\\/aaf6e356ecdcc3c9a6172aeb58a1c524\",\"name\":\"Istv\u00e1n G\u00e1bor Tak\u00e1cs\",\"image\":{\"@type\":\"ImageObject\",\"inLanguage\":\"en-US\",\"@id\":\"https:\\\/\\\/secure.gravatar.com\\\/avatar\\\/658e7317f4c0b7ad030de0732edc52bd87a40097c378d9f945212f914567946c?s=96&d=mm&r=g\",\"url\":\"https:\\\/\\\/secure.gravatar.com\\\/avatar\\\/658e7317f4c0b7ad030de0732edc52bd87a40097c378d9f945212f914567946c?s=96&d=mm&r=g\",\"contentUrl\":\"https:\\\/\\\/secure.gravatar.com\\\/avatar\\\/658e7317f4c0b7ad030de0732edc52bd87a40097c378d9f945212f914567946c?s=96&d=mm&r=g\",\"caption\":\"Istv\u00e1n G\u00e1bor Tak\u00e1cs\"},\"description\":\"Istv\u00e1n G\u00e1bor Tak\u00e1cs is a human rights activist, videographer and trainer. He ran the Video Advocacy Program of the Hungarian Civil Liberties Union between 2007-2015. He worked as a needle exchange program counselor for 5 years. He is author of several articles on harm reduction and cameraman, editor, director and co-director of more than 700 online videos, among them longer documentaries, such as \u201cKostya Proletarsky\u201d (2020), \u201cTaking Back What\u2019s Ours: An Oral History of the Movement of People who Use Drugs\u201d (2020) \u201dA Day in the Life: The World of Humans Who Use Drugs\u201d (2016), \u201cWithout Rights\u201d (2009), \u201cWithout a Chance\u201d (2014), \u201cRoom in the 8th District\u201d (2014) and \u201cThe Invisible\u201d (2011). Since 2016 he works at the Rights Reporter Foundation, where besides producing films, he is training activists in video advocacy.\",\"sameAs\":[\"takacsistvangabor@rightsreporter.net\"],\"url\":\"https:\\\/\\\/drogriporter.hu\\\/en\\\/author\\\/idoru\\\/\"}]}<\/script>\n<!-- \/ Yoast SEO Premium plugin. -->","yoast_head_json":{"title":"Depuis les marges jusqu\u2019\u00e0 l\u2019int\u00e9gration dans la soci\u00e9t\u00e9 : Strat\u00e9gies communautaires pour une sant\u00e9 et une politique inclusives pour les travailleurs du sexe en France - Drugreporter","robots":{"index":"index","follow":"follow","max-snippet":"max-snippet:-1","max-image-preview":"max-image-preview:large","max-video-preview":"max-video-preview:-1"},"canonical":"https:\/\/drogriporter.hu\/en\/core-paris-meeting-videos\/","og_locale":"en_US","og_type":"article","og_title":"Depuis les marges jusqu\u2019\u00e0 l\u2019int\u00e9gration dans la soci\u00e9t\u00e9 : Strat\u00e9gies communautaires pour une sant\u00e9 et une politique inclusives pour les travailleurs du sexe en France","og_description":"Regardez les enregistrements vid\u00e9o des sessions de la rencontre organis\u00e9e dans le cadre du projet CORE par la F\u00e9d\u00e9ration Parapluie Rouge et M\u00e9decins du Monde, en collaboration avec le European AIDS Treatment Group et la European Sex Workers\u2019 Rights Alliance.","og_url":"https:\/\/drogriporter.hu\/en\/core-paris-meeting-videos\/","og_site_name":"Drugreporter","article_published_time":"2025-12-16T11:05:22+00:00","article_modified_time":"2025-12-16T11:13:55+00:00","og_image":[{"width":1920,"height":1080,"url":"https:\/\/drogriporter.hu\/wp-content\/uploads\/sites\/8\/2025\/12\/paris-session-1.jpg","type":"image\/jpeg"}],"author":"Istv\u00e1n G\u00e1bor Tak\u00e1cs","twitter_card":"summary_large_image","twitter_misc":{"Written by":"Istv\u00e1n G\u00e1bor Tak\u00e1cs","Est. reading time":"2 minutes"},"schema":{"@context":"https:\/\/schema.org","@graph":[{"@type":"Article","@id":"https:\/\/drogriporter.hu\/en\/core-paris-meeting-videos\/#article","isPartOf":{"@id":"https:\/\/drogriporter.hu\/en\/core-paris-meeting-videos\/"},"author":{"name":"Istv\u00e1n G\u00e1bor Tak\u00e1cs","@id":"https:\/\/drogriporter.hu\/en\/#\/schema\/person\/aaf6e356ecdcc3c9a6172aeb58a1c524"},"headline":"Depuis les marges jusqu\u2019\u00e0 l\u2019int\u00e9gration dans la soci\u00e9t\u00e9 : Strat\u00e9gies communautaires pour une sant\u00e9 et une politique inclusives pour les travailleurs du sexe en France","datePublished":"2025-12-16T11:05:22+00:00","dateModified":"2025-12-16T11:13:55+00:00","mainEntityOfPage":{"@id":"https:\/\/drogriporter.hu\/en\/core-paris-meeting-videos\/"},"wordCount":365,"image":{"@id":"https:\/\/drogriporter.hu\/en\/core-paris-meeting-videos\/#primaryimage"},"thumbnailUrl":"https:\/\/drogriporter.hu\/wp-content\/uploads\/sites\/8\/2025\/12\/paris-session-1.jpg","articleSection":["Articles","Video Database"],"inLanguage":"en-US"},{"@type":"WebPage","@id":"https:\/\/drogriporter.hu\/en\/core-paris-meeting-videos\/","url":"https:\/\/drogriporter.hu\/en\/core-paris-meeting-videos\/","name":"Depuis les marges jusqu\u2019\u00e0 l\u2019int\u00e9gration dans la soci\u00e9t\u00e9 : Strat\u00e9gies communautaires pour une sant\u00e9 et une politique inclusives pour les travailleurs du sexe en France - Drugreporter","isPartOf":{"@id":"https:\/\/drogriporter.hu\/en\/#website"},"primaryImageOfPage":{"@id":"https:\/\/drogriporter.hu\/en\/core-paris-meeting-videos\/#primaryimage"},"image":{"@id":"https:\/\/drogriporter.hu\/en\/core-paris-meeting-videos\/#primaryimage"},"thumbnailUrl":"https:\/\/drogriporter.hu\/wp-content\/uploads\/sites\/8\/2025\/12\/paris-session-1.jpg","datePublished":"2025-12-16T11:05:22+00:00","dateModified":"2025-12-16T11:13:55+00:00","author":{"@id":"https:\/\/drogriporter.hu\/en\/#\/schema\/person\/aaf6e356ecdcc3c9a6172aeb58a1c524"},"breadcrumb":{"@id":"https:\/\/drogriporter.hu\/en\/core-paris-meeting-videos\/#breadcrumb"},"inLanguage":"en-US","potentialAction":[{"@type":"ReadAction","target":["https:\/\/drogriporter.hu\/en\/core-paris-meeting-videos\/"]}]},{"@type":"ImageObject","inLanguage":"en-US","@id":"https:\/\/drogriporter.hu\/en\/core-paris-meeting-videos\/#primaryimage","url":"https:\/\/drogriporter.hu\/wp-content\/uploads\/sites\/8\/2025\/12\/paris-session-1.jpg","contentUrl":"https:\/\/drogriporter.hu\/wp-content\/uploads\/sites\/8\/2025\/12\/paris-session-1.jpg","width":1920,"height":1080,"caption":"Depuis les marges jusqu\u2019\u00e0 l\u2019int\u00e9gration dans la soci\u00e9t\u00e9 : Strat\u00e9gies communautaires pour une sant\u00e9 et une politique inclusives pour les travailleurs du sexe en France"},{"@type":"BreadcrumbList","@id":"https:\/\/drogriporter.hu\/en\/core-paris-meeting-videos\/#breadcrumb","itemListElement":[{"@type":"ListItem","position":1,"name":"Home","item":"https:\/\/drogriporter.hu\/en\/"},{"@type":"ListItem","position":2,"name":"Depuis les marges jusqu\u2019\u00e0 l\u2019int\u00e9gration dans la soci\u00e9t\u00e9 : Strat\u00e9gies communautaires pour une sant\u00e9 et une politique inclusives pour les travailleurs du sexe en France"}]},{"@type":"WebSite","@id":"https:\/\/drogriporter.hu\/en\/#website","url":"https:\/\/drogriporter.hu\/en\/","name":"Drugreporter","description":"News and Films from the Frontline of the War on Drugs","potentialAction":[{"@type":"SearchAction","target":{"@type":"EntryPoint","urlTemplate":"https:\/\/drogriporter.hu\/en\/?s={search_term_string}"},"query-input":{"@type":"PropertyValueSpecification","valueRequired":true,"valueName":"search_term_string"}}],"inLanguage":"en-US"},{"@type":"Person","@id":"https:\/\/drogriporter.hu\/en\/#\/schema\/person\/aaf6e356ecdcc3c9a6172aeb58a1c524","name":"Istv\u00e1n G\u00e1bor Tak\u00e1cs","image":{"@type":"ImageObject","inLanguage":"en-US","@id":"https:\/\/secure.gravatar.com\/avatar\/658e7317f4c0b7ad030de0732edc52bd87a40097c378d9f945212f914567946c?s=96&d=mm&r=g","url":"https:\/\/secure.gravatar.com\/avatar\/658e7317f4c0b7ad030de0732edc52bd87a40097c378d9f945212f914567946c?s=96&d=mm&r=g","contentUrl":"https:\/\/secure.gravatar.com\/avatar\/658e7317f4c0b7ad030de0732edc52bd87a40097c378d9f945212f914567946c?s=96&d=mm&r=g","caption":"Istv\u00e1n G\u00e1bor Tak\u00e1cs"},"description":"Istv\u00e1n G\u00e1bor Tak\u00e1cs is a human rights activist, videographer and trainer. He ran the Video Advocacy Program of the Hungarian Civil Liberties Union between 2007-2015. He worked as a needle exchange program counselor for 5 years. He is author of several articles on harm reduction and cameraman, editor, director and co-director of more than 700 online videos, among them longer documentaries, such as \u201cKostya Proletarsky\u201d (2020), \u201cTaking Back What\u2019s Ours: An Oral History of the Movement of People who Use Drugs\u201d (2020) \u201dA Day in the Life: The World of Humans Who Use Drugs\u201d (2016), \u201cWithout Rights\u201d (2009), \u201cWithout a Chance\u201d (2014), \u201cRoom in the 8th District\u201d (2014) and \u201cThe Invisible\u201d (2011). Since 2016 he works at the Rights Reporter Foundation, where besides producing films, he is training activists in video advocacy.","sameAs":["takacsistvangabor@rightsreporter.net"],"url":"https:\/\/drogriporter.hu\/en\/author\/idoru\/"}]}},"featured_image_src_square":"https:\/\/drogriporter.hu\/wp-content\/uploads\/sites\/8\/2025\/12\/paris-session-1-600x600.jpg","_links":{"self":[{"href":"https:\/\/drogriporter.hu\/en\/wp-json\/wp\/v2\/posts\/36540","targetHints":{"allow":["GET"]}}],"collection":[{"href":"https:\/\/drogriporter.hu\/en\/wp-json\/wp\/v2\/posts"}],"about":[{"href":"https:\/\/drogriporter.hu\/en\/wp-json\/wp\/v2\/types\/post"}],"author":[{"embeddable":true,"href":"https:\/\/drogriporter.hu\/en\/wp-json\/wp\/v2\/users\/1002"}],"replies":[{"embeddable":true,"href":"https:\/\/drogriporter.hu\/en\/wp-json\/wp\/v2\/comments?post=36540"}],"version-history":[{"count":2,"href":"https:\/\/drogriporter.hu\/en\/wp-json\/wp\/v2\/posts\/36540\/revisions"}],"predecessor-version":[{"id":36547,"href":"https:\/\/drogriporter.hu\/en\/wp-json\/wp\/v2\/posts\/36540\/revisions\/36547"}],"wp:featuredmedia":[{"embeddable":true,"href":"https:\/\/drogriporter.hu\/en\/wp-json\/wp\/v2\/media\/36541"}],"wp:attachment":[{"href":"https:\/\/drogriporter.hu\/en\/wp-json\/wp\/v2\/media?parent=36540"}],"wp:term":[{"taxonomy":"category","embeddable":true,"href":"https:\/\/drogriporter.hu\/en\/wp-json\/wp\/v2\/categories?post=36540"},{"taxonomy":"post_tag","embeddable":true,"href":"https:\/\/drogriporter.hu\/en\/wp-json\/wp\/v2\/tags?post=36540"},{"taxonomy":"countries","embeddable":true,"href":"https:\/\/drogriporter.hu\/en\/wp-json\/wp\/v2\/countries?post=36540"},{"taxonomy":"section","embeddable":true,"href":"https:\/\/drogriporter.hu\/en\/wp-json\/wp\/v2\/section?post=36540"},{"taxonomy":"video-author","embeddable":true,"href":"https:\/\/drogriporter.hu\/en\/wp-json\/wp\/v2\/video-author?post=36540"},{"taxonomy":"drug","embeddable":true,"href":"https:\/\/drogriporter.hu\/en\/wp-json\/wp\/v2\/drug?post=36540"},{"taxonomy":"archive","embeddable":true,"href":"https:\/\/drogriporter.hu\/en\/wp-json\/wp\/v2\/archive?post=36540"},{"taxonomy":"video-series","embeddable":true,"href":"https:\/\/drogriporter.hu\/en\/wp-json\/wp\/v2\/video-series?post=36540"}],"curies":[{"name":"wp","href":"https:\/\/api.w.org\/{rel}","templated":true}]}}