{"id":36975,"date":"2026-03-31T12:35:24","date_gmt":"2026-03-31T10:35:24","guid":{"rendered":"https:\/\/drogriporter.hu\/?p=36975"},"modified":"2026-03-31T13:13:06","modified_gmt":"2026-03-31T11:13:06","slug":"decriminalization-of-drug-use-in-the-context-of-hiv-a-guidance-note","status":"publish","type":"post","link":"https:\/\/drogriporter.hu\/en\/decriminalization-of-drug-use-in-the-context-of-hiv-a-guidance-note\/","title":{"rendered":"Decriminalization of drug use in the context of HIV: a guidance note"},"content":{"rendered":"\n<p>A new guidance note by UNAIDS, UNDP, INPUD, Release and HRDP outlines how decriminalizing drug use and possession for personal use can strengthen the global HIV response through more effective, rights-based drug policies.<\/p>\n\n\n\n<!--more-->\n\n\n<div class=\"wp-block-image\">\n<figure class=\"alignleft size-large is-resized\"><a href=\"https:\/\/www.unaids.org\/en\/resources\/documents\/2026\/20260310_Decriminalization-drug-use-HIV\"><img loading=\"lazy\" decoding=\"async\" width=\"724\" height=\"1024\" src=\"https:\/\/drogriporter.hu\/wp-content\/uploads\/sites\/8\/2026\/03\/20260310-decriminalization-drug-use-hiv-1-724x1024.jpg\" alt=\"\" class=\"wp-image-36978\" style=\"width:300px\" srcset=\"https:\/\/drogriporter.hu\/wp-content\/uploads\/sites\/8\/2026\/03\/20260310-decriminalization-drug-use-hiv-1-724x1024.jpg 724w, https:\/\/drogriporter.hu\/wp-content\/uploads\/sites\/8\/2026\/03\/20260310-decriminalization-drug-use-hiv-1-212x300.jpg 212w, https:\/\/drogriporter.hu\/wp-content\/uploads\/sites\/8\/2026\/03\/20260310-decriminalization-drug-use-hiv-1-768x1086.jpg 768w, https:\/\/drogriporter.hu\/wp-content\/uploads\/sites\/8\/2026\/03\/20260310-decriminalization-drug-use-hiv-1-1086x1536.jpg 1086w, https:\/\/drogriporter.hu\/wp-content\/uploads\/sites\/8\/2026\/03\/20260310-decriminalization-drug-use-hiv-1-1448x2048.jpg 1448w, https:\/\/drogriporter.hu\/wp-content\/uploads\/sites\/8\/2026\/03\/20260310-decriminalization-drug-use-hiv-1-scaled.jpg 1810w\" sizes=\"auto, (max-width: 724px) 100vw, 724px\" \/><\/a><\/figure>\n<\/div>\n\n\n<p>Based on lessons from countries that have already moved away from punitive approaches, <a href=\"https:\/\/www.unaids.org\/en\/resources\/documents\/2026\/20260310_Decriminalization-drug-use-HIV\">the document examines<\/a> how criminalization undermines access to health services, increases stigma, and worsens HIV outcomes among people who use drugs. It highlights practical policy options and \u201cpromising practices\u201d to help governments design decriminalization models that better protect the right to health while supporting evidence-based HIV prevention and care.  <\/p>\n\n\n\n<p>At the 69th UN Commission on Drugs, we sat down with the panelists of side event that introduced the guidance note, to learn more about this important new tool.<\/p>\n\n\n\n<p><\/p>\n\n\n\n<div style=\"clear: both;\"><\/div>\n\n\n\n<p><\/p>\n\n\n<iframe loading=\"lazy\" src=\"https:\/\/www.youtube.com\/embed\/8RKGz27BPGY\" width=\"560\" height=\"315\" frameborder=\"0\" style=\"\" allowfullscreen><\/iframe>\n\n\n\n<p><\/p>\n\n\n\n<div style=\"clear: both;\"><\/div>\n\n\n\n<p>You van also watch the side event, &#8220;Decriminalizing Drug Use, Improving HIV Responses in Countries &#8211; Meeting the Goals of Global Aids Strategy 2026-2031&#8221; below:<\/p>\n\n\n<iframe loading=\"lazy\" src=\"https:\/\/www.youtube.com\/embed\/3JqS7g7u2gA\" width=\"560\" height=\"315\" frameborder=\"0\" style=\"\" allowfullscreen><\/iframe>\n\n\n\n<p><\/p>\n\n\n\n<p>Moderator: Julie Hannah, University of Essex, Opening: Prof. Michel Kazatchkine, GCDP, Keynote Speaker: Eamonn Murphy, UNAIDS, Panel discussion: Niamh Eastwood, Release UK, Anton Basenko, INPUD, Tracie Keesee, EMLER (UN), Aniedi Akpan, DHRAN, Nigeria, Boyan Konstantinov, UNDP, Ehab Salah, UNODC, Country interventions: Colombia &#8211; H.E. Ambassador Marcela Tovar South Africa<\/p>\n\n\n\n<p>Video: Istv\u00e1n G\u00e1bor Tak\u00e1cs<\/p>\n","protected":false},"excerpt":{"rendered":"<p>A new guidance note by UNAIDS, UNDP and INPUD outlines how decriminalizing drug use and possession for personal use can strengthen the global HIV response through more effective, rights-based drug policies.<\/p>\n","protected":false},"author":1002,"featured_media":36976,"comment_status":"closed","ping_status":"closed","sticky":false,"template":"","format":"standard","meta":{"_genesis_hide_title":false,"_genesis_hide_breadcrumbs":false,"_genesis_hide_singular_image":false,"_genesis_hide_footer_widgets":false,"_genesis_custom_body_class":"","_genesis_custom_post_class":"","_genesis_layout":"","footnotes":""},"categories":[2900],"tags":[],"countries":[],"section":[],"video-author":[],"drug":[],"archive":[],"video-series":[],"class_list":{"0":"post-36975","1":"post","2":"type-post","3":"status-publish","4":"format-standard","5":"has-post-thumbnail","7":"category-articles","8":"entry"},"featured_image_src":"https:\/\/drogriporter.hu\/wp-content\/uploads\/sites\/8\/2026\/03\/2026-guidance-note-session-hd-600x400.jpg","author_info":{"display_name":"Istv\u00e1n G\u00e1bor Tak\u00e1cs","author_link":"https:\/\/drogriporter.hu\/en\/author\/idoru\/"},"yoast_head":"<!-- This site is optimized with the Yoast SEO Premium plugin  - https:\/\/yoast.com\/product\/yoast-seo-premium-wordpress\/ -->\n<title>Decriminalization of drug use in the context of HIV: a guidance note - Drugreporter<\/title>\n<meta name=\"robots\" content=\"index, follow, max-snippet:-1, max-image-preview:large, max-video-preview:-1\" \/>\n<link rel=\"canonical\" href=\"https:\/\/drogriporter.hu\/en\/decriminalization-of-drug-use-in-the-context-of-hiv-a-guidance-note\/\" \/>\n<meta property=\"og:locale\" content=\"en_US\" \/>\n<meta property=\"og:type\" content=\"article\" \/>\n<meta property=\"og:title\" content=\"Decriminalization of drug use in the context of HIV: a guidance note\" \/>\n<meta property=\"og:description\" content=\"A new guidance note by UNAIDS, UNDP and INPUD outlines how decriminalizing drug use and possession for personal use can strengthen the global HIV response through more effective, rights-based drug policies.\" \/>\n<meta property=\"og:url\" content=\"https:\/\/drogriporter.hu\/en\/decriminalization-of-drug-use-in-the-context-of-hiv-a-guidance-note\/\" \/>\n<meta property=\"og:site_name\" content=\"Drugreporter\" \/>\n<meta property=\"article:published_time\" content=\"2026-03-31T10:35:24+00:00\" \/>\n<meta property=\"article:modified_time\" content=\"2026-03-31T11:13:06+00:00\" \/>\n<meta property=\"og:image\" content=\"https:\/\/drogriporter.hu\/wp-content\/uploads\/sites\/8\/2026\/03\/2026-guidance-note-session-hd.jpg\" \/>\n\t<meta property=\"og:image:width\" content=\"1920\" \/>\n\t<meta property=\"og:image:height\" content=\"1080\" \/>\n\t<meta property=\"og:image:type\" content=\"image\/jpeg\" \/>\n<meta name=\"author\" content=\"Istv\u00e1n G\u00e1bor Tak\u00e1cs\" \/>\n<meta name=\"twitter:card\" content=\"summary_large_image\" \/>\n<meta name=\"twitter:label1\" content=\"Written by\" \/>\n\t<meta name=\"twitter:data1\" content=\"Istv\u00e1n G\u00e1bor Tak\u00e1cs\" \/>\n\t<meta name=\"twitter:label2\" content=\"Est. reading time\" \/>\n\t<meta name=\"twitter:data2\" content=\"2 minutes\" \/>\n<script type=\"application\/ld+json\" class=\"yoast-schema-graph\">{\"@context\":\"https:\\\/\\\/schema.org\",\"@graph\":[{\"@type\":\"Article\",\"@id\":\"https:\\\/\\\/drogriporter.hu\\\/en\\\/decriminalization-of-drug-use-in-the-context-of-hiv-a-guidance-note\\\/#article\",\"isPartOf\":{\"@id\":\"https:\\\/\\\/drogriporter.hu\\\/en\\\/decriminalization-of-drug-use-in-the-context-of-hiv-a-guidance-note\\\/\"},\"author\":{\"name\":\"Istv\u00e1n G\u00e1bor Tak\u00e1cs\",\"@id\":\"https:\\\/\\\/drogriporter.hu\\\/en\\\/#\\\/schema\\\/person\\\/aaf6e356ecdcc3c9a6172aeb58a1c524\"},\"headline\":\"Decriminalization of drug use in the context of HIV: a guidance note\",\"datePublished\":\"2026-03-31T10:35:24+00:00\",\"dateModified\":\"2026-03-31T11:13:06+00:00\",\"mainEntityOfPage\":{\"@id\":\"https:\\\/\\\/drogriporter.hu\\\/en\\\/decriminalization-of-drug-use-in-the-context-of-hiv-a-guidance-note\\\/\"},\"wordCount\":228,\"image\":{\"@id\":\"https:\\\/\\\/drogriporter.hu\\\/en\\\/decriminalization-of-drug-use-in-the-context-of-hiv-a-guidance-note\\\/#primaryimage\"},\"thumbnailUrl\":\"https:\\\/\\\/drogriporter.hu\\\/wp-content\\\/uploads\\\/sites\\\/8\\\/2026\\\/03\\\/2026-guidance-note-session-hd.jpg\",\"articleSection\":[\"Articles\"],\"inLanguage\":\"en-US\"},{\"@type\":\"WebPage\",\"@id\":\"https:\\\/\\\/drogriporter.hu\\\/en\\\/decriminalization-of-drug-use-in-the-context-of-hiv-a-guidance-note\\\/\",\"url\":\"https:\\\/\\\/drogriporter.hu\\\/en\\\/decriminalization-of-drug-use-in-the-context-of-hiv-a-guidance-note\\\/\",\"name\":\"Decriminalization of drug use in the context of HIV: a guidance note - Drugreporter\",\"isPartOf\":{\"@id\":\"https:\\\/\\\/drogriporter.hu\\\/en\\\/#website\"},\"primaryImageOfPage\":{\"@id\":\"https:\\\/\\\/drogriporter.hu\\\/en\\\/decriminalization-of-drug-use-in-the-context-of-hiv-a-guidance-note\\\/#primaryimage\"},\"image\":{\"@id\":\"https:\\\/\\\/drogriporter.hu\\\/en\\\/decriminalization-of-drug-use-in-the-context-of-hiv-a-guidance-note\\\/#primaryimage\"},\"thumbnailUrl\":\"https:\\\/\\\/drogriporter.hu\\\/wp-content\\\/uploads\\\/sites\\\/8\\\/2026\\\/03\\\/2026-guidance-note-session-hd.jpg\",\"datePublished\":\"2026-03-31T10:35:24+00:00\",\"dateModified\":\"2026-03-31T11:13:06+00:00\",\"author\":{\"@id\":\"https:\\\/\\\/drogriporter.hu\\\/en\\\/#\\\/schema\\\/person\\\/aaf6e356ecdcc3c9a6172aeb58a1c524\"},\"breadcrumb\":{\"@id\":\"https:\\\/\\\/drogriporter.hu\\\/en\\\/decriminalization-of-drug-use-in-the-context-of-hiv-a-guidance-note\\\/#breadcrumb\"},\"inLanguage\":\"en-US\",\"potentialAction\":[{\"@type\":\"ReadAction\",\"target\":[\"https:\\\/\\\/drogriporter.hu\\\/en\\\/decriminalization-of-drug-use-in-the-context-of-hiv-a-guidance-note\\\/\"]}]},{\"@type\":\"ImageObject\",\"inLanguage\":\"en-US\",\"@id\":\"https:\\\/\\\/drogriporter.hu\\\/en\\\/decriminalization-of-drug-use-in-the-context-of-hiv-a-guidance-note\\\/#primaryimage\",\"url\":\"https:\\\/\\\/drogriporter.hu\\\/wp-content\\\/uploads\\\/sites\\\/8\\\/2026\\\/03\\\/2026-guidance-note-session-hd.jpg\",\"contentUrl\":\"https:\\\/\\\/drogriporter.hu\\\/wp-content\\\/uploads\\\/sites\\\/8\\\/2026\\\/03\\\/2026-guidance-note-session-hd.jpg\",\"width\":1920,\"height\":1080,\"caption\":\"Decriminalization of drug use in the context of HIV: a guidance note\"},{\"@type\":\"BreadcrumbList\",\"@id\":\"https:\\\/\\\/drogriporter.hu\\\/en\\\/decriminalization-of-drug-use-in-the-context-of-hiv-a-guidance-note\\\/#breadcrumb\",\"itemListElement\":[{\"@type\":\"ListItem\",\"position\":1,\"name\":\"Home\",\"item\":\"https:\\\/\\\/drogriporter.hu\\\/en\\\/\"},{\"@type\":\"ListItem\",\"position\":2,\"name\":\"Decriminalization of drug use in the context of HIV: a guidance note\"}]},{\"@type\":\"WebSite\",\"@id\":\"https:\\\/\\\/drogriporter.hu\\\/en\\\/#website\",\"url\":\"https:\\\/\\\/drogriporter.hu\\\/en\\\/\",\"name\":\"Drugreporter\",\"description\":\"News and Films from the Frontline of the War on Drugs\",\"potentialAction\":[{\"@type\":\"SearchAction\",\"target\":{\"@type\":\"EntryPoint\",\"urlTemplate\":\"https:\\\/\\\/drogriporter.hu\\\/en\\\/?s={search_term_string}\"},\"query-input\":{\"@type\":\"PropertyValueSpecification\",\"valueRequired\":true,\"valueName\":\"search_term_string\"}}],\"inLanguage\":\"en-US\"},{\"@type\":\"Person\",\"@id\":\"https:\\\/\\\/drogriporter.hu\\\/en\\\/#\\\/schema\\\/person\\\/aaf6e356ecdcc3c9a6172aeb58a1c524\",\"name\":\"Istv\u00e1n G\u00e1bor Tak\u00e1cs\",\"image\":{\"@type\":\"ImageObject\",\"inLanguage\":\"en-US\",\"@id\":\"https:\\\/\\\/secure.gravatar.com\\\/avatar\\\/658e7317f4c0b7ad030de0732edc52bd87a40097c378d9f945212f914567946c?s=96&d=mm&r=g\",\"url\":\"https:\\\/\\\/secure.gravatar.com\\\/avatar\\\/658e7317f4c0b7ad030de0732edc52bd87a40097c378d9f945212f914567946c?s=96&d=mm&r=g\",\"contentUrl\":\"https:\\\/\\\/secure.gravatar.com\\\/avatar\\\/658e7317f4c0b7ad030de0732edc52bd87a40097c378d9f945212f914567946c?s=96&d=mm&r=g\",\"caption\":\"Istv\u00e1n G\u00e1bor Tak\u00e1cs\"},\"description\":\"Istv\u00e1n G\u00e1bor Tak\u00e1cs is a human rights activist, videographer and trainer. He ran the Video Advocacy Program of the Hungarian Civil Liberties Union between 2007-2015. He worked as a needle exchange program counselor for 5 years. He is author of several articles on harm reduction and cameraman, editor, director and co-director of more than 700 online videos, among them longer documentaries, such as \u201cKostya Proletarsky\u201d (2020), \u201cTaking Back What\u2019s Ours: An Oral History of the Movement of People who Use Drugs\u201d (2020) \u201dA Day in the Life: The World of Humans Who Use Drugs\u201d (2016), \u201cWithout Rights\u201d (2009), \u201cWithout a Chance\u201d (2014), \u201cRoom in the 8th District\u201d (2014) and \u201cThe Invisible\u201d (2011). Since 2016 he works at the Rights Reporter Foundation, where besides producing films, he is training activists in video advocacy.\",\"sameAs\":[\"takacsistvangabor@rightsreporter.net\"],\"url\":\"https:\\\/\\\/drogriporter.hu\\\/en\\\/author\\\/idoru\\\/\"}]}<\/script>\n<!-- \/ Yoast SEO Premium plugin. -->","yoast_head_json":{"title":"Decriminalization of drug use in the context of HIV: a guidance note - Drugreporter","robots":{"index":"index","follow":"follow","max-snippet":"max-snippet:-1","max-image-preview":"max-image-preview:large","max-video-preview":"max-video-preview:-1"},"canonical":"https:\/\/drogriporter.hu\/en\/decriminalization-of-drug-use-in-the-context-of-hiv-a-guidance-note\/","og_locale":"en_US","og_type":"article","og_title":"Decriminalization of drug use in the context of HIV: a guidance note","og_description":"A new guidance note by UNAIDS, UNDP and INPUD outlines how decriminalizing drug use and possession for personal use can strengthen the global HIV response through more effective, rights-based drug policies.","og_url":"https:\/\/drogriporter.hu\/en\/decriminalization-of-drug-use-in-the-context-of-hiv-a-guidance-note\/","og_site_name":"Drugreporter","article_published_time":"2026-03-31T10:35:24+00:00","article_modified_time":"2026-03-31T11:13:06+00:00","og_image":[{"width":1920,"height":1080,"url":"https:\/\/drogriporter.hu\/wp-content\/uploads\/sites\/8\/2026\/03\/2026-guidance-note-session-hd.jpg","type":"image\/jpeg"}],"author":"Istv\u00e1n G\u00e1bor Tak\u00e1cs","twitter_card":"summary_large_image","twitter_misc":{"Written by":"Istv\u00e1n G\u00e1bor Tak\u00e1cs","Est. reading time":"2 minutes"},"schema":{"@context":"https:\/\/schema.org","@graph":[{"@type":"Article","@id":"https:\/\/drogriporter.hu\/en\/decriminalization-of-drug-use-in-the-context-of-hiv-a-guidance-note\/#article","isPartOf":{"@id":"https:\/\/drogriporter.hu\/en\/decriminalization-of-drug-use-in-the-context-of-hiv-a-guidance-note\/"},"author":{"name":"Istv\u00e1n G\u00e1bor Tak\u00e1cs","@id":"https:\/\/drogriporter.hu\/en\/#\/schema\/person\/aaf6e356ecdcc3c9a6172aeb58a1c524"},"headline":"Decriminalization of drug use in the context of HIV: a guidance note","datePublished":"2026-03-31T10:35:24+00:00","dateModified":"2026-03-31T11:13:06+00:00","mainEntityOfPage":{"@id":"https:\/\/drogriporter.hu\/en\/decriminalization-of-drug-use-in-the-context-of-hiv-a-guidance-note\/"},"wordCount":228,"image":{"@id":"https:\/\/drogriporter.hu\/en\/decriminalization-of-drug-use-in-the-context-of-hiv-a-guidance-note\/#primaryimage"},"thumbnailUrl":"https:\/\/drogriporter.hu\/wp-content\/uploads\/sites\/8\/2026\/03\/2026-guidance-note-session-hd.jpg","articleSection":["Articles"],"inLanguage":"en-US"},{"@type":"WebPage","@id":"https:\/\/drogriporter.hu\/en\/decriminalization-of-drug-use-in-the-context-of-hiv-a-guidance-note\/","url":"https:\/\/drogriporter.hu\/en\/decriminalization-of-drug-use-in-the-context-of-hiv-a-guidance-note\/","name":"Decriminalization of drug use in the context of HIV: a guidance note - Drugreporter","isPartOf":{"@id":"https:\/\/drogriporter.hu\/en\/#website"},"primaryImageOfPage":{"@id":"https:\/\/drogriporter.hu\/en\/decriminalization-of-drug-use-in-the-context-of-hiv-a-guidance-note\/#primaryimage"},"image":{"@id":"https:\/\/drogriporter.hu\/en\/decriminalization-of-drug-use-in-the-context-of-hiv-a-guidance-note\/#primaryimage"},"thumbnailUrl":"https:\/\/drogriporter.hu\/wp-content\/uploads\/sites\/8\/2026\/03\/2026-guidance-note-session-hd.jpg","datePublished":"2026-03-31T10:35:24+00:00","dateModified":"2026-03-31T11:13:06+00:00","author":{"@id":"https:\/\/drogriporter.hu\/en\/#\/schema\/person\/aaf6e356ecdcc3c9a6172aeb58a1c524"},"breadcrumb":{"@id":"https:\/\/drogriporter.hu\/en\/decriminalization-of-drug-use-in-the-context-of-hiv-a-guidance-note\/#breadcrumb"},"inLanguage":"en-US","potentialAction":[{"@type":"ReadAction","target":["https:\/\/drogriporter.hu\/en\/decriminalization-of-drug-use-in-the-context-of-hiv-a-guidance-note\/"]}]},{"@type":"ImageObject","inLanguage":"en-US","@id":"https:\/\/drogriporter.hu\/en\/decriminalization-of-drug-use-in-the-context-of-hiv-a-guidance-note\/#primaryimage","url":"https:\/\/drogriporter.hu\/wp-content\/uploads\/sites\/8\/2026\/03\/2026-guidance-note-session-hd.jpg","contentUrl":"https:\/\/drogriporter.hu\/wp-content\/uploads\/sites\/8\/2026\/03\/2026-guidance-note-session-hd.jpg","width":1920,"height":1080,"caption":"Decriminalization of drug use in the context of HIV: a guidance note"},{"@type":"BreadcrumbList","@id":"https:\/\/drogriporter.hu\/en\/decriminalization-of-drug-use-in-the-context-of-hiv-a-guidance-note\/#breadcrumb","itemListElement":[{"@type":"ListItem","position":1,"name":"Home","item":"https:\/\/drogriporter.hu\/en\/"},{"@type":"ListItem","position":2,"name":"Decriminalization of drug use in the context of HIV: a guidance note"}]},{"@type":"WebSite","@id":"https:\/\/drogriporter.hu\/en\/#website","url":"https:\/\/drogriporter.hu\/en\/","name":"Drugreporter","description":"News and Films from the Frontline of the War on Drugs","potentialAction":[{"@type":"SearchAction","target":{"@type":"EntryPoint","urlTemplate":"https:\/\/drogriporter.hu\/en\/?s={search_term_string}"},"query-input":{"@type":"PropertyValueSpecification","valueRequired":true,"valueName":"search_term_string"}}],"inLanguage":"en-US"},{"@type":"Person","@id":"https:\/\/drogriporter.hu\/en\/#\/schema\/person\/aaf6e356ecdcc3c9a6172aeb58a1c524","name":"Istv\u00e1n G\u00e1bor Tak\u00e1cs","image":{"@type":"ImageObject","inLanguage":"en-US","@id":"https:\/\/secure.gravatar.com\/avatar\/658e7317f4c0b7ad030de0732edc52bd87a40097c378d9f945212f914567946c?s=96&d=mm&r=g","url":"https:\/\/secure.gravatar.com\/avatar\/658e7317f4c0b7ad030de0732edc52bd87a40097c378d9f945212f914567946c?s=96&d=mm&r=g","contentUrl":"https:\/\/secure.gravatar.com\/avatar\/658e7317f4c0b7ad030de0732edc52bd87a40097c378d9f945212f914567946c?s=96&d=mm&r=g","caption":"Istv\u00e1n G\u00e1bor Tak\u00e1cs"},"description":"Istv\u00e1n G\u00e1bor Tak\u00e1cs is a human rights activist, videographer and trainer. He ran the Video Advocacy Program of the Hungarian Civil Liberties Union between 2007-2015. He worked as a needle exchange program counselor for 5 years. He is author of several articles on harm reduction and cameraman, editor, director and co-director of more than 700 online videos, among them longer documentaries, such as \u201cKostya Proletarsky\u201d (2020), \u201cTaking Back What\u2019s Ours: An Oral History of the Movement of People who Use Drugs\u201d (2020) \u201dA Day in the Life: The World of Humans Who Use Drugs\u201d (2016), \u201cWithout Rights\u201d (2009), \u201cWithout a Chance\u201d (2014), \u201cRoom in the 8th District\u201d (2014) and \u201cThe Invisible\u201d (2011). Since 2016 he works at the Rights Reporter Foundation, where besides producing films, he is training activists in video advocacy.","sameAs":["takacsistvangabor@rightsreporter.net"],"url":"https:\/\/drogriporter.hu\/en\/author\/idoru\/"}]}},"featured_image_src_square":"https:\/\/drogriporter.hu\/wp-content\/uploads\/sites\/8\/2026\/03\/2026-guidance-note-session-hd-600x600.jpg","_links":{"self":[{"href":"https:\/\/drogriporter.hu\/en\/wp-json\/wp\/v2\/posts\/36975","targetHints":{"allow":["GET"]}}],"collection":[{"href":"https:\/\/drogriporter.hu\/en\/wp-json\/wp\/v2\/posts"}],"about":[{"href":"https:\/\/drogriporter.hu\/en\/wp-json\/wp\/v2\/types\/post"}],"author":[{"embeddable":true,"href":"https:\/\/drogriporter.hu\/en\/wp-json\/wp\/v2\/users\/1002"}],"replies":[{"embeddable":true,"href":"https:\/\/drogriporter.hu\/en\/wp-json\/wp\/v2\/comments?post=36975"}],"version-history":[{"count":2,"href":"https:\/\/drogriporter.hu\/en\/wp-json\/wp\/v2\/posts\/36975\/revisions"}],"predecessor-version":[{"id":36999,"href":"https:\/\/drogriporter.hu\/en\/wp-json\/wp\/v2\/posts\/36975\/revisions\/36999"}],"wp:featuredmedia":[{"embeddable":true,"href":"https:\/\/drogriporter.hu\/en\/wp-json\/wp\/v2\/media\/36976"}],"wp:attachment":[{"href":"https:\/\/drogriporter.hu\/en\/wp-json\/wp\/v2\/media?parent=36975"}],"wp:term":[{"taxonomy":"category","embeddable":true,"href":"https:\/\/drogriporter.hu\/en\/wp-json\/wp\/v2\/categories?post=36975"},{"taxonomy":"post_tag","embeddable":true,"href":"https:\/\/drogriporter.hu\/en\/wp-json\/wp\/v2\/tags?post=36975"},{"taxonomy":"countries","embeddable":true,"href":"https:\/\/drogriporter.hu\/en\/wp-json\/wp\/v2\/countries?post=36975"},{"taxonomy":"section","embeddable":true,"href":"https:\/\/drogriporter.hu\/en\/wp-json\/wp\/v2\/section?post=36975"},{"taxonomy":"video-author","embeddable":true,"href":"https:\/\/drogriporter.hu\/en\/wp-json\/wp\/v2\/video-author?post=36975"},{"taxonomy":"drug","embeddable":true,"href":"https:\/\/drogriporter.hu\/en\/wp-json\/wp\/v2\/drug?post=36975"},{"taxonomy":"archive","embeddable":true,"href":"https:\/\/drogriporter.hu\/en\/wp-json\/wp\/v2\/archive?post=36975"},{"taxonomy":"video-series","embeddable":true,"href":"https:\/\/drogriporter.hu\/en\/wp-json\/wp\/v2\/video-series?post=36975"}],"curies":[{"name":"wp","href":"https:\/\/api.w.org\/{rel}","templated":true}]}}