{"id":6369,"date":"2016-11-02T11:22:30","date_gmt":"2016-11-02T11:22:30","guid":{"rendered":"https:\/\/drogriporter.hu\/a-day-in-the-life-the-world-of-humans-who-use-drugs-trailer-and-screening-dates\/"},"modified":"2022-07-04T14:33:21","modified_gmt":"2022-07-04T12:33:21","slug":"a-day-in-the-life-the-world-of-humans-who-use-drugs-trailer-and-screening-dates","status":"publish","type":"post","link":"https:\/\/drogriporter.hu\/en\/a-day-in-the-life-the-world-of-humans-who-use-drugs-trailer-and-screening-dates\/","title":{"rendered":"A DAY IN THE LIFE: The World of Humans Who Use Drugs &#8211; Trailer and screening dates!"},"content":{"rendered":"<p>We proudly present Drugreporter&#8217;s new feature documentary: A Day in the Life. Produced by drug users and activists, the movie features the different realities of the global war on drugs by guiding us through one day in the life of people who use drugs in seven cities of the world. Watch the new trailer and check out screening dates and news about the film!<\/p>\n<p><!--more--><\/p>\n<p>The feature length documentary takes us through one day of eight people, from seven cities, in different countries of the world, from morning until night.They all have something in common &#8211; all of them use drugs. But these people are not defined by their drug use. All of them have their unique \u00a0personalities, stories and social networks. And the environment in which they live, the attitudes they face, the laws that regulate drug use and the health services available to them have an enormous impact on their lives. This film strives to challenge our common myths and preconceptions about drugs and people who use them. It gives a voice to those representing one of the most marginalised communities of our world to tell stories untold about hate, love, suffering and happiness. It shows how they engage in social activism to break the silence and fight the stigma that shadows their days.<\/p>\n<p><strong>Watch the trailer of the movie:<\/strong><\/p>\n<p><iframe loading=\"lazy\" src=\"https:\/\/www.youtube.com\/embed\/nR1XbcJLB4I\" width=\"640\" height=\"360\" frameborder=\"0\" allowfullscreen=\"allowfullscreen\"><\/iframe><\/p>\n<p>The movie will be made public at the end of 2016. Until then you can catch it at the following festivals:<\/p>\n<p><strong>&#8211; Harm Reduction Film Festival at the 11th National Harm Reduction Conference in San Diego, California, November 3\u20136, 2016. Saturday 05.11.2016 at 16:00.<\/strong><\/p>\n<p><strong>&#8211; VERZIO International Human Rights Film Festival in Budapest. 12.11.2016. 12:00 Toldi Mozi<\/strong><\/p>\n<p>The film was produced by an international group of activists and people who use drugs, members of the Video for Drug Policy Reform Network, by the Rights Reporter Foundation.<\/p>\n<p>Cast:<\/p>\n<p>Berlin: <strong>Claudia Schieren<\/strong><br \/>\nBudapest: <strong>\u00c9va and Oszk\u00e1r<\/strong><br \/>\nJakarta: <strong>Edo Agustian<\/strong><br \/>\nLagos: <strong>Diana Joseph<\/strong><br \/>\nMexico <strong>City: Brun Gonz\u00e1lez<\/strong><br \/>\nNew York: <strong>Jimmy Ruiz<\/strong><br \/>\nSimferopol: <strong>Alexey Kurmanaevskii<\/strong><\/p>\n<p>Co-directors and film crews:<\/p>\n<p>Berlin: <strong>Alexandra Gurinova, \u00c1gnes P\u00e1kozdi<\/strong><br \/>\nBudapest: <strong>Istv\u00e1n G\u00e1bor Tak\u00e1cs<\/strong><br \/>\nJakarta: <strong>Fazrie Permana, PKNI<\/strong><br \/>\nLagos: <strong>Kolawole Oreoluwa, Akeem Lukman, Muritala Raheemat Module\u00a0<\/strong><br \/>\nMexico City: <strong>Karina Muscarina<\/strong><br \/>\nNew York: <strong>Taeko Frost, Matt Curtis<\/strong><br \/>\nSimferopol:<strong> Igor Kuzmenko\u00a0<\/strong><\/p>\n<p>Music: <strong>R\u00f3ka Alap\u00fa T\u00e1rsadalom<\/strong><br \/>\nSound engineering: <strong>P\u00e9ter Wagner-Pusk\u00e1s<\/strong><br \/>\nProof-reader: <strong>Jerry Dorey<\/strong><br \/>\nTrailer narration: <strong>Karina Worku<\/strong><br \/>\nProducer: <strong>P\u00e9ter S\u00e1rosi and Istv\u00e1n G\u00e1bor Tak\u00e1cs<\/strong><br \/>\nEdited by: <strong>Istv\u00e1n G\u00e1bor Tak\u00e1cs<\/strong><br \/>\nDirected by: <strong>Istv\u00e1n G\u00e1bor Tak\u00e1cs<\/strong><\/p>\n<p>Produced by the Rights Reporter Foundation<\/p>\n<p>Supported by the <strong>International Network of People Who Use Drugs<\/strong> and the <strong>Open Society Foundations<\/strong>.<\/p>\n","protected":false},"excerpt":{"rendered":"<p>We proudly present Drugreporter&#8217;s new feature documentary: A Day in the Life. Produced by drug users and activists, the movie features the different realities of the global war on drugs by guiding us through one day in the life of people who use drugs in seven cities of the world. Watch the new trailer and <a href=\"https:\/\/drogriporter.hu\/en\/a-day-in-the-life-the-world-of-humans-who-use-drugs-trailer-and-screening-dates\/\"> [&hellip;]<\/a><\/p>\n","protected":false},"author":1002,"featured_media":6361,"comment_status":"open","ping_status":"open","sticky":false,"template":"","format":"standard","meta":{"_genesis_hide_title":false,"_genesis_hide_breadcrumbs":false,"_genesis_hide_singular_image":false,"_genesis_hide_footer_widgets":false,"_genesis_custom_body_class":"","_genesis_custom_post_class":"","_genesis_layout":"","footnotes":""},"categories":[2900,2896,2894],"tags":[],"countries":[2736,2688,2697,2717,2737,2689,2712,2687],"section":[],"video-author":[2921],"drug":[],"archive":[3210,3214,3222,3240],"video-series":[],"class_list":{"0":"post-6369","1":"post","2":"type-post","3":"status-publish","4":"format-standard","5":"has-post-thumbnail","7":"category-articles","8":"category-drugreporter-video-advocacy-network","9":"category-video-database","10":"countries-germany-en","11":"countries-hungary-en","12":"countries-indonesia-en","13":"countries-mexico-en","14":"countries-nigeria-en","15":"countries-russia-en","16":"countries-ukraine-en","17":"countries-usa-en","18":"video-author-drugreporter","19":"archive-activism","20":"archive-drug-policy-and-law","21":"archive-harm-reduction","22":"archive-regulation-and-control","23":"entry"},"featured_image_src":"https:\/\/drogriporter.hu\/wp-content\/uploads\/sites\/8\/2016\/11\/web_trailerhez_plakat_640.jpg","author_info":{"display_name":"Istv\u00e1n G\u00e1bor Tak\u00e1cs","author_link":"https:\/\/drogriporter.hu\/en\/author\/idoru\/"},"yoast_head":"<!-- This site is optimized with the Yoast SEO Premium plugin  - https:\/\/yoast.com\/product\/yoast-seo-premium-wordpress\/ -->\n<title>A DAY IN THE LIFE: The World of Humans Who Use Drugs - Trailer and screening dates! - Drugreporter<\/title>\n<meta name=\"robots\" content=\"index, follow, max-snippet:-1, max-image-preview:large, max-video-preview:-1\" \/>\n<link rel=\"canonical\" href=\"https:\/\/drogriporter.hu\/en\/a-day-in-the-life-the-world-of-humans-who-use-drugs-trailer-and-screening-dates\/\" \/>\n<meta property=\"og:locale\" content=\"en_US\" \/>\n<meta property=\"og:type\" content=\"article\" \/>\n<meta property=\"og:title\" content=\"A DAY IN THE LIFE: The World of Humans Who Use Drugs - Trailer and screening dates!\" \/>\n<meta property=\"og:description\" content=\"We proudly present Drugreporter&#8217;s new feature documentary: A Day in the Life. Produced by drug users and activists, the movie features the different realities of the global war on drugs by guiding us through one day in the life of people who use drugs in seven cities of the world. Watch the new trailer and [&hellip;]\" \/>\n<meta property=\"og:url\" content=\"https:\/\/drogriporter.hu\/en\/a-day-in-the-life-the-world-of-humans-who-use-drugs-trailer-and-screening-dates\/\" \/>\n<meta property=\"og:site_name\" content=\"Drugreporter\" \/>\n<meta property=\"article:published_time\" content=\"2016-11-02T11:22:30+00:00\" \/>\n<meta property=\"article:modified_time\" content=\"2022-07-04T12:33:21+00:00\" \/>\n<meta property=\"og:image\" content=\"https:\/\/drogriporter.hu\/wp-content\/uploads\/sites\/8\/2016\/11\/web_trailerhez_plakat_640.jpg\" \/>\n\t<meta property=\"og:image:width\" content=\"640\" \/>\n\t<meta property=\"og:image:height\" content=\"360\" \/>\n\t<meta property=\"og:image:type\" content=\"image\/jpeg\" \/>\n<meta name=\"author\" content=\"Istv\u00e1n G\u00e1bor Tak\u00e1cs\" \/>\n<meta name=\"twitter:card\" content=\"summary_large_image\" \/>\n<meta name=\"twitter:label1\" content=\"Written by\" \/>\n\t<meta name=\"twitter:data1\" content=\"Istv\u00e1n G\u00e1bor Tak\u00e1cs\" \/>\n\t<meta name=\"twitter:label2\" content=\"Est. reading time\" \/>\n\t<meta name=\"twitter:data2\" content=\"2 minutes\" \/>\n<script type=\"application\/ld+json\" class=\"yoast-schema-graph\">{\"@context\":\"https:\\\/\\\/schema.org\",\"@graph\":[{\"@type\":\"Article\",\"@id\":\"https:\\\/\\\/drogriporter.hu\\\/en\\\/a-day-in-the-life-the-world-of-humans-who-use-drugs-trailer-and-screening-dates\\\/#article\",\"isPartOf\":{\"@id\":\"https:\\\/\\\/drogriporter.hu\\\/en\\\/a-day-in-the-life-the-world-of-humans-who-use-drugs-trailer-and-screening-dates\\\/\"},\"author\":{\"name\":\"Istv\u00e1n G\u00e1bor Tak\u00e1cs\",\"@id\":\"https:\\\/\\\/drogriporter.hu\\\/en\\\/#\\\/schema\\\/person\\\/aaf6e356ecdcc3c9a6172aeb58a1c524\"},\"headline\":\"A DAY IN THE LIFE: The World of Humans Who Use Drugs &#8211; Trailer and screening dates!\",\"datePublished\":\"2016-11-02T11:22:30+00:00\",\"dateModified\":\"2022-07-04T12:33:21+00:00\",\"mainEntityOfPage\":{\"@id\":\"https:\\\/\\\/drogriporter.hu\\\/en\\\/a-day-in-the-life-the-world-of-humans-who-use-drugs-trailer-and-screening-dates\\\/\"},\"wordCount\":456,\"commentCount\":0,\"image\":{\"@id\":\"https:\\\/\\\/drogriporter.hu\\\/en\\\/a-day-in-the-life-the-world-of-humans-who-use-drugs-trailer-and-screening-dates\\\/#primaryimage\"},\"thumbnailUrl\":\"https:\\\/\\\/drogriporter.hu\\\/wp-content\\\/uploads\\\/sites\\\/8\\\/2016\\\/11\\\/web_trailerhez_plakat_640.jpg\",\"articleSection\":[\"Articles\",\"Drugreporter Video Advocacy Network\",\"Video Database\"],\"inLanguage\":\"en-US\"},{\"@type\":\"WebPage\",\"@id\":\"https:\\\/\\\/drogriporter.hu\\\/en\\\/a-day-in-the-life-the-world-of-humans-who-use-drugs-trailer-and-screening-dates\\\/\",\"url\":\"https:\\\/\\\/drogriporter.hu\\\/en\\\/a-day-in-the-life-the-world-of-humans-who-use-drugs-trailer-and-screening-dates\\\/\",\"name\":\"A DAY IN THE LIFE: The World of Humans Who Use Drugs - Trailer and screening dates! - Drugreporter\",\"isPartOf\":{\"@id\":\"https:\\\/\\\/drogriporter.hu\\\/en\\\/#website\"},\"primaryImageOfPage\":{\"@id\":\"https:\\\/\\\/drogriporter.hu\\\/en\\\/a-day-in-the-life-the-world-of-humans-who-use-drugs-trailer-and-screening-dates\\\/#primaryimage\"},\"image\":{\"@id\":\"https:\\\/\\\/drogriporter.hu\\\/en\\\/a-day-in-the-life-the-world-of-humans-who-use-drugs-trailer-and-screening-dates\\\/#primaryimage\"},\"thumbnailUrl\":\"https:\\\/\\\/drogriporter.hu\\\/wp-content\\\/uploads\\\/sites\\\/8\\\/2016\\\/11\\\/web_trailerhez_plakat_640.jpg\",\"datePublished\":\"2016-11-02T11:22:30+00:00\",\"dateModified\":\"2022-07-04T12:33:21+00:00\",\"author\":{\"@id\":\"https:\\\/\\\/drogriporter.hu\\\/en\\\/#\\\/schema\\\/person\\\/aaf6e356ecdcc3c9a6172aeb58a1c524\"},\"breadcrumb\":{\"@id\":\"https:\\\/\\\/drogriporter.hu\\\/en\\\/a-day-in-the-life-the-world-of-humans-who-use-drugs-trailer-and-screening-dates\\\/#breadcrumb\"},\"inLanguage\":\"en-US\",\"potentialAction\":[{\"@type\":\"ReadAction\",\"target\":[\"https:\\\/\\\/drogriporter.hu\\\/en\\\/a-day-in-the-life-the-world-of-humans-who-use-drugs-trailer-and-screening-dates\\\/\"]}]},{\"@type\":\"ImageObject\",\"inLanguage\":\"en-US\",\"@id\":\"https:\\\/\\\/drogriporter.hu\\\/en\\\/a-day-in-the-life-the-world-of-humans-who-use-drugs-trailer-and-screening-dates\\\/#primaryimage\",\"url\":\"https:\\\/\\\/drogriporter.hu\\\/wp-content\\\/uploads\\\/sites\\\/8\\\/2016\\\/11\\\/web_trailerhez_plakat_640.jpg\",\"contentUrl\":\"https:\\\/\\\/drogriporter.hu\\\/wp-content\\\/uploads\\\/sites\\\/8\\\/2016\\\/11\\\/web_trailerhez_plakat_640.jpg\",\"width\":640,\"height\":360},{\"@type\":\"BreadcrumbList\",\"@id\":\"https:\\\/\\\/drogriporter.hu\\\/en\\\/a-day-in-the-life-the-world-of-humans-who-use-drugs-trailer-and-screening-dates\\\/#breadcrumb\",\"itemListElement\":[{\"@type\":\"ListItem\",\"position\":1,\"name\":\"Home\",\"item\":\"https:\\\/\\\/drogriporter.hu\\\/en\\\/\"},{\"@type\":\"ListItem\",\"position\":2,\"name\":\"A DAY IN THE LIFE: The World of Humans Who Use Drugs &#8211; Trailer and screening dates!\"}]},{\"@type\":\"WebSite\",\"@id\":\"https:\\\/\\\/drogriporter.hu\\\/en\\\/#website\",\"url\":\"https:\\\/\\\/drogriporter.hu\\\/en\\\/\",\"name\":\"Drugreporter\",\"description\":\"News and Films from the Frontline of the War on Drugs\",\"potentialAction\":[{\"@type\":\"SearchAction\",\"target\":{\"@type\":\"EntryPoint\",\"urlTemplate\":\"https:\\\/\\\/drogriporter.hu\\\/en\\\/?s={search_term_string}\"},\"query-input\":{\"@type\":\"PropertyValueSpecification\",\"valueRequired\":true,\"valueName\":\"search_term_string\"}}],\"inLanguage\":\"en-US\"},{\"@type\":\"Person\",\"@id\":\"https:\\\/\\\/drogriporter.hu\\\/en\\\/#\\\/schema\\\/person\\\/aaf6e356ecdcc3c9a6172aeb58a1c524\",\"name\":\"Istv\u00e1n G\u00e1bor Tak\u00e1cs\",\"image\":{\"@type\":\"ImageObject\",\"inLanguage\":\"en-US\",\"@id\":\"https:\\\/\\\/secure.gravatar.com\\\/avatar\\\/658e7317f4c0b7ad030de0732edc52bd87a40097c378d9f945212f914567946c?s=96&d=mm&r=g\",\"url\":\"https:\\\/\\\/secure.gravatar.com\\\/avatar\\\/658e7317f4c0b7ad030de0732edc52bd87a40097c378d9f945212f914567946c?s=96&d=mm&r=g\",\"contentUrl\":\"https:\\\/\\\/secure.gravatar.com\\\/avatar\\\/658e7317f4c0b7ad030de0732edc52bd87a40097c378d9f945212f914567946c?s=96&d=mm&r=g\",\"caption\":\"Istv\u00e1n G\u00e1bor Tak\u00e1cs\"},\"description\":\"Istv\u00e1n G\u00e1bor Tak\u00e1cs is a human rights activist, videographer and trainer. He ran the Video Advocacy Program of the Hungarian Civil Liberties Union between 2007-2015. He worked as a needle exchange program counselor for 5 years. He is author of several articles on harm reduction and cameraman, editor, director and co-director of more than 700 online videos, among them longer documentaries, such as \u201cKostya Proletarsky\u201d (2020), \u201cTaking Back What\u2019s Ours: An Oral History of the Movement of People who Use Drugs\u201d (2020) \u201dA Day in the Life: The World of Humans Who Use Drugs\u201d (2016), \u201cWithout Rights\u201d (2009), \u201cWithout a Chance\u201d (2014), \u201cRoom in the 8th District\u201d (2014) and \u201cThe Invisible\u201d (2011). Since 2016 he works at the Rights Reporter Foundation, where besides producing films, he is training activists in video advocacy.\",\"sameAs\":[\"takacsistvangabor@rightsreporter.net\"],\"url\":\"https:\\\/\\\/drogriporter.hu\\\/en\\\/author\\\/idoru\\\/\"}]}<\/script>\n<!-- \/ Yoast SEO Premium plugin. -->","yoast_head_json":{"title":"A DAY IN THE LIFE: The World of Humans Who Use Drugs - Trailer and screening dates! - Drugreporter","robots":{"index":"index","follow":"follow","max-snippet":"max-snippet:-1","max-image-preview":"max-image-preview:large","max-video-preview":"max-video-preview:-1"},"canonical":"https:\/\/drogriporter.hu\/en\/a-day-in-the-life-the-world-of-humans-who-use-drugs-trailer-and-screening-dates\/","og_locale":"en_US","og_type":"article","og_title":"A DAY IN THE LIFE: The World of Humans Who Use Drugs - Trailer and screening dates!","og_description":"We proudly present Drugreporter&#8217;s new feature documentary: A Day in the Life. Produced by drug users and activists, the movie features the different realities of the global war on drugs by guiding us through one day in the life of people who use drugs in seven cities of the world. Watch the new trailer and [&hellip;]","og_url":"https:\/\/drogriporter.hu\/en\/a-day-in-the-life-the-world-of-humans-who-use-drugs-trailer-and-screening-dates\/","og_site_name":"Drugreporter","article_published_time":"2016-11-02T11:22:30+00:00","article_modified_time":"2022-07-04T12:33:21+00:00","og_image":[{"width":640,"height":360,"url":"https:\/\/drogriporter.hu\/wp-content\/uploads\/sites\/8\/2016\/11\/web_trailerhez_plakat_640.jpg","type":"image\/jpeg"}],"author":"Istv\u00e1n G\u00e1bor Tak\u00e1cs","twitter_card":"summary_large_image","twitter_misc":{"Written by":"Istv\u00e1n G\u00e1bor Tak\u00e1cs","Est. reading time":"2 minutes"},"schema":{"@context":"https:\/\/schema.org","@graph":[{"@type":"Article","@id":"https:\/\/drogriporter.hu\/en\/a-day-in-the-life-the-world-of-humans-who-use-drugs-trailer-and-screening-dates\/#article","isPartOf":{"@id":"https:\/\/drogriporter.hu\/en\/a-day-in-the-life-the-world-of-humans-who-use-drugs-trailer-and-screening-dates\/"},"author":{"name":"Istv\u00e1n G\u00e1bor Tak\u00e1cs","@id":"https:\/\/drogriporter.hu\/en\/#\/schema\/person\/aaf6e356ecdcc3c9a6172aeb58a1c524"},"headline":"A DAY IN THE LIFE: The World of Humans Who Use Drugs &#8211; Trailer and screening dates!","datePublished":"2016-11-02T11:22:30+00:00","dateModified":"2022-07-04T12:33:21+00:00","mainEntityOfPage":{"@id":"https:\/\/drogriporter.hu\/en\/a-day-in-the-life-the-world-of-humans-who-use-drugs-trailer-and-screening-dates\/"},"wordCount":456,"commentCount":0,"image":{"@id":"https:\/\/drogriporter.hu\/en\/a-day-in-the-life-the-world-of-humans-who-use-drugs-trailer-and-screening-dates\/#primaryimage"},"thumbnailUrl":"https:\/\/drogriporter.hu\/wp-content\/uploads\/sites\/8\/2016\/11\/web_trailerhez_plakat_640.jpg","articleSection":["Articles","Drugreporter Video Advocacy Network","Video Database"],"inLanguage":"en-US"},{"@type":"WebPage","@id":"https:\/\/drogriporter.hu\/en\/a-day-in-the-life-the-world-of-humans-who-use-drugs-trailer-and-screening-dates\/","url":"https:\/\/drogriporter.hu\/en\/a-day-in-the-life-the-world-of-humans-who-use-drugs-trailer-and-screening-dates\/","name":"A DAY IN THE LIFE: The World of Humans Who Use Drugs - Trailer and screening dates! - Drugreporter","isPartOf":{"@id":"https:\/\/drogriporter.hu\/en\/#website"},"primaryImageOfPage":{"@id":"https:\/\/drogriporter.hu\/en\/a-day-in-the-life-the-world-of-humans-who-use-drugs-trailer-and-screening-dates\/#primaryimage"},"image":{"@id":"https:\/\/drogriporter.hu\/en\/a-day-in-the-life-the-world-of-humans-who-use-drugs-trailer-and-screening-dates\/#primaryimage"},"thumbnailUrl":"https:\/\/drogriporter.hu\/wp-content\/uploads\/sites\/8\/2016\/11\/web_trailerhez_plakat_640.jpg","datePublished":"2016-11-02T11:22:30+00:00","dateModified":"2022-07-04T12:33:21+00:00","author":{"@id":"https:\/\/drogriporter.hu\/en\/#\/schema\/person\/aaf6e356ecdcc3c9a6172aeb58a1c524"},"breadcrumb":{"@id":"https:\/\/drogriporter.hu\/en\/a-day-in-the-life-the-world-of-humans-who-use-drugs-trailer-and-screening-dates\/#breadcrumb"},"inLanguage":"en-US","potentialAction":[{"@type":"ReadAction","target":["https:\/\/drogriporter.hu\/en\/a-day-in-the-life-the-world-of-humans-who-use-drugs-trailer-and-screening-dates\/"]}]},{"@type":"ImageObject","inLanguage":"en-US","@id":"https:\/\/drogriporter.hu\/en\/a-day-in-the-life-the-world-of-humans-who-use-drugs-trailer-and-screening-dates\/#primaryimage","url":"https:\/\/drogriporter.hu\/wp-content\/uploads\/sites\/8\/2016\/11\/web_trailerhez_plakat_640.jpg","contentUrl":"https:\/\/drogriporter.hu\/wp-content\/uploads\/sites\/8\/2016\/11\/web_trailerhez_plakat_640.jpg","width":640,"height":360},{"@type":"BreadcrumbList","@id":"https:\/\/drogriporter.hu\/en\/a-day-in-the-life-the-world-of-humans-who-use-drugs-trailer-and-screening-dates\/#breadcrumb","itemListElement":[{"@type":"ListItem","position":1,"name":"Home","item":"https:\/\/drogriporter.hu\/en\/"},{"@type":"ListItem","position":2,"name":"A DAY IN THE LIFE: The World of Humans Who Use Drugs &#8211; Trailer and screening dates!"}]},{"@type":"WebSite","@id":"https:\/\/drogriporter.hu\/en\/#website","url":"https:\/\/drogriporter.hu\/en\/","name":"Drugreporter","description":"News and Films from the Frontline of the War on Drugs","potentialAction":[{"@type":"SearchAction","target":{"@type":"EntryPoint","urlTemplate":"https:\/\/drogriporter.hu\/en\/?s={search_term_string}"},"query-input":{"@type":"PropertyValueSpecification","valueRequired":true,"valueName":"search_term_string"}}],"inLanguage":"en-US"},{"@type":"Person","@id":"https:\/\/drogriporter.hu\/en\/#\/schema\/person\/aaf6e356ecdcc3c9a6172aeb58a1c524","name":"Istv\u00e1n G\u00e1bor Tak\u00e1cs","image":{"@type":"ImageObject","inLanguage":"en-US","@id":"https:\/\/secure.gravatar.com\/avatar\/658e7317f4c0b7ad030de0732edc52bd87a40097c378d9f945212f914567946c?s=96&d=mm&r=g","url":"https:\/\/secure.gravatar.com\/avatar\/658e7317f4c0b7ad030de0732edc52bd87a40097c378d9f945212f914567946c?s=96&d=mm&r=g","contentUrl":"https:\/\/secure.gravatar.com\/avatar\/658e7317f4c0b7ad030de0732edc52bd87a40097c378d9f945212f914567946c?s=96&d=mm&r=g","caption":"Istv\u00e1n G\u00e1bor Tak\u00e1cs"},"description":"Istv\u00e1n G\u00e1bor Tak\u00e1cs is a human rights activist, videographer and trainer. He ran the Video Advocacy Program of the Hungarian Civil Liberties Union between 2007-2015. He worked as a needle exchange program counselor for 5 years. He is author of several articles on harm reduction and cameraman, editor, director and co-director of more than 700 online videos, among them longer documentaries, such as \u201cKostya Proletarsky\u201d (2020), \u201cTaking Back What\u2019s Ours: An Oral History of the Movement of People who Use Drugs\u201d (2020) \u201dA Day in the Life: The World of Humans Who Use Drugs\u201d (2016), \u201cWithout Rights\u201d (2009), \u201cWithout a Chance\u201d (2014), \u201cRoom in the 8th District\u201d (2014) and \u201cThe Invisible\u201d (2011). Since 2016 he works at the Rights Reporter Foundation, where besides producing films, he is training activists in video advocacy.","sameAs":["takacsistvangabor@rightsreporter.net"],"url":"https:\/\/drogriporter.hu\/en\/author\/idoru\/"}]}},"featured_image_src_square":"https:\/\/drogriporter.hu\/wp-content\/uploads\/sites\/8\/2016\/11\/web_trailerhez_plakat_640.jpg","_links":{"self":[{"href":"https:\/\/drogriporter.hu\/en\/wp-json\/wp\/v2\/posts\/6369","targetHints":{"allow":["GET"]}}],"collection":[{"href":"https:\/\/drogriporter.hu\/en\/wp-json\/wp\/v2\/posts"}],"about":[{"href":"https:\/\/drogriporter.hu\/en\/wp-json\/wp\/v2\/types\/post"}],"author":[{"embeddable":true,"href":"https:\/\/drogriporter.hu\/en\/wp-json\/wp\/v2\/users\/1002"}],"replies":[{"embeddable":true,"href":"https:\/\/drogriporter.hu\/en\/wp-json\/wp\/v2\/comments?post=6369"}],"version-history":[{"count":0,"href":"https:\/\/drogriporter.hu\/en\/wp-json\/wp\/v2\/posts\/6369\/revisions"}],"wp:featuredmedia":[{"embeddable":true,"href":"https:\/\/drogriporter.hu\/en\/wp-json\/wp\/v2\/media\/6361"}],"wp:attachment":[{"href":"https:\/\/drogriporter.hu\/en\/wp-json\/wp\/v2\/media?parent=6369"}],"wp:term":[{"taxonomy":"category","embeddable":true,"href":"https:\/\/drogriporter.hu\/en\/wp-json\/wp\/v2\/categories?post=6369"},{"taxonomy":"post_tag","embeddable":true,"href":"https:\/\/drogriporter.hu\/en\/wp-json\/wp\/v2\/tags?post=6369"},{"taxonomy":"countries","embeddable":true,"href":"https:\/\/drogriporter.hu\/en\/wp-json\/wp\/v2\/countries?post=6369"},{"taxonomy":"section","embeddable":true,"href":"https:\/\/drogriporter.hu\/en\/wp-json\/wp\/v2\/section?post=6369"},{"taxonomy":"video-author","embeddable":true,"href":"https:\/\/drogriporter.hu\/en\/wp-json\/wp\/v2\/video-author?post=6369"},{"taxonomy":"drug","embeddable":true,"href":"https:\/\/drogriporter.hu\/en\/wp-json\/wp\/v2\/drug?post=6369"},{"taxonomy":"archive","embeddable":true,"href":"https:\/\/drogriporter.hu\/en\/wp-json\/wp\/v2\/archive?post=6369"},{"taxonomy":"video-series","embeddable":true,"href":"https:\/\/drogriporter.hu\/en\/wp-json\/wp\/v2\/video-series?post=6369"}],"curies":[{"name":"wp","href":"https:\/\/api.w.org\/{rel}","templated":true}]}}