{"id":6411,"date":"2016-04-26T13:04:18","date_gmt":"2016-04-26T13:04:18","guid":{"rendered":"https:\/\/drogriporter.hu\/living-and-dealing-with-stigma\/"},"modified":"2022-07-04T13:47:42","modified_gmt":"2022-07-04T11:47:42","slug":"living-and-dealing-with-stigma","status":"publish","type":"post","link":"https:\/\/drogriporter.hu\/en\/living-and-dealing-with-stigma\/","title":{"rendered":"Living and Dealing with Stigma"},"content":{"rendered":"<p>A study conducted by the Portuguese harm reduction NGO, APDES, presents how stigma affects the daily lives of drug users.<\/p>\n<p><!--more--><\/p>\n<p><em>A little while ago, there was a company hiring drivers. I went there, talked to\u00a0them, and they said \u201cJoaquim, do you really think I\u2019d hire a junkie?!\u201d<\/em><br \/>\n<em>They always get suspicious when I ask to take the methadone away with\u00a0me. They think, \u201cThis guy wants to get money to buy drugs.\u201d It\u2019s always the\u00a0same, it\u2019s not even worthy it.<\/em><\/p>\n<p>Based on humanistic and pragmatic principles, the Portuguese Model of Drug Policy introduced a structural change in the way the State dealt with drug use. For several reasons, however, society as a whole does not always follow these developments. Outreach teams working with people who use drugs (PWUD) frequently refer to the existence of stigma directed at this group.<br \/>\nIn order to increase understanding of this phenomenon, APDES led an exploratory and qualitative study that &#8211; among other things \u2013 aimed to understand those processes of stigma that still persist. Stigma has been analysed as a quality granted to an individual or a group that is deeply derogatory (Goffman, 1986), involving both cognitive reduction processes (which means that the stigmatised identity prevails over other possible identities); and experiential avoidance processes (meaning that the attributed qualities are not confronted) (Fernandes, 1998).<br \/>\nThe study involved twenty beneficiaries of GiruGaia, GiruBarcelos and GiruSet\u00fabal<a title=\"\" href=\"#_ftn1\" name=\"_ftnref1\">[1]<\/a>, APDES\u2019s harm reduction teams. A critical analysis of their daily work was conducted and linked with data from an earlier ethnographic study, carried out between 2014 and 2015, in the very same outreach settings (R\u00eago, 2015). The results were presented recently by APDES at the 11th National Congress of Health Psychology (CNPS), held in Lisbon on January 27th.<\/p>\n<p>This population is generally characterised by economic and social precariousness and a long history of use of legal and illegal substances, as well as high-risk practices, family disruption, long-term unemployment, low levels of formal education, and a certain distance from the traditional social and healthcare services.<br \/>\nThe main conclusions of the research show that these preconditions favour the emergence, occurrence and reproduction of stigma, thus influencing different aspects of the lives of PWUD, and influencing the work of harm reduction professionals. There are several processes of stigmatisation:<\/p>\n<p>1) Blaming\/incriminating PWUD for their health status.<br \/>\n2) Paternalism and secrecy on the part of healthcare services regarding treatment, dosage and urine tests (in contrast to normal practice in terms of other conditions); obstacles presented to dealing with users\u2019 illiteracy, or restrictive criteria applied to the access to certain treatments.<br \/>\n3) Negative treatment, which hinders patients\u2019 access to services; professional staff tend to refuse\/present obstacles to health\/social care (the main reason why teams choose to accompany their beneficiaries).<br \/>\n4) Difficulty in combining part-time\/full-time work with methadone intake, due to the services\u2019 lack of \u201ctrust\u201d towards patients, especially in cases where patients ask to take the methadone away with them.<br \/>\n5) The treatment services tend to encompass the teams\u2019 work in the sphere of harm reduction. (I have no idea what this means &#8211; jld)<\/p>\n<p>Stigma maintains a distance between the services and the streets, and between normality and deviance, leaving PWUD vulnerable by making them responsible for managing all the risk on their own. Understanding and reporting these processes is a way to give PWUD a voice.<\/p>\n<p>Author:<br \/>\nResearch Department-APDES<br \/>\nTranslation:<br \/>\nFrancisco Azevedo-APDES<\/p>\n<div><br clear=\"all\" \/><\/p>\n<hr align=\"left\" size=\"1\" width=\"33%\" \/>\n<div id=\"ftn1\">\n<p><a title=\"\" href=\"#_ftnref1\" name=\"_ftn1\">[1]<\/a>Rodrigues, Cl\u00e1udia; R\u00eago, Ximene; Costa, Catarina; Vilares, Joana; Fi\u00e3es, Alexandra; Homem, Mariana (2016) <em>O Estigma das popula\u00e7\u00f5es que utilizam drogas: um estudo explorat\u00f3rio a partir do trabalho das equipas de proximidade- <\/em>Poster apresentado no 11\u00ba congresso de Psicologia da Sa\u00fade-ISCTE<\/p>\n<p>&nbsp;<\/p>\n<p>&nbsp;<\/p>\n<\/div>\n<\/div>\n<p>&nbsp;<\/p>\n","protected":false},"excerpt":{"rendered":"<p>A study conducted by the Portuguese harm reduction NGO, APDES, presents how stigma affects the daily lives of drug users.<\/p>\n","protected":false},"author":1002,"featured_media":6232,"comment_status":"open","ping_status":"open","sticky":false,"template":"","format":"standard","meta":{"_genesis_hide_title":false,"_genesis_hide_breadcrumbs":false,"_genesis_hide_singular_image":false,"_genesis_hide_footer_widgets":false,"_genesis_custom_body_class":"","_genesis_custom_post_class":"","_genesis_layout":"","footnotes":""},"categories":[2900],"tags":[],"countries":[],"section":[],"video-author":[],"drug":[],"archive":[3214,3219],"video-series":[],"class_list":{"0":"post-6411","1":"post","2":"type-post","3":"status-publish","4":"format-standard","5":"has-post-thumbnail","7":"category-articles","8":"archive-drug-policy-and-law","9":"archive-european-drug-policy","10":"entry"},"featured_image_src":"https:\/\/drogriporter.hu\/wp-content\/uploads\/sites\/8\/2016\/04\/porto_0.jpg","author_info":{"display_name":"Istv\u00e1n G\u00e1bor Tak\u00e1cs","author_link":"https:\/\/drogriporter.hu\/en\/author\/idoru\/"},"yoast_head":"<!-- This site is optimized with the Yoast SEO Premium plugin  - https:\/\/yoast.com\/product\/yoast-seo-premium-wordpress\/ -->\n<title>Living and Dealing with Stigma - Drugreporter<\/title>\n<meta name=\"robots\" content=\"index, follow, max-snippet:-1, max-image-preview:large, max-video-preview:-1\" \/>\n<link rel=\"canonical\" href=\"https:\/\/drogriporter.hu\/en\/living-and-dealing-with-stigma\/\" \/>\n<meta property=\"og:locale\" content=\"en_US\" \/>\n<meta property=\"og:type\" content=\"article\" \/>\n<meta property=\"og:title\" content=\"Living and Dealing with Stigma\" \/>\n<meta property=\"og:description\" content=\"A study conducted by the Portuguese harm reduction NGO, APDES, presents how stigma affects the daily lives of drug users.\" \/>\n<meta property=\"og:url\" content=\"https:\/\/drogriporter.hu\/en\/living-and-dealing-with-stigma\/\" \/>\n<meta property=\"og:site_name\" content=\"Drugreporter\" \/>\n<meta property=\"article:published_time\" content=\"2016-04-26T13:04:18+00:00\" \/>\n<meta property=\"article:modified_time\" content=\"2022-07-04T11:47:42+00:00\" \/>\n<meta property=\"og:image\" content=\"https:\/\/drogriporter.hu\/wp-content\/uploads\/sites\/8\/2016\/04\/porto_0.jpg\" \/>\n\t<meta property=\"og:image:width\" content=\"640\" \/>\n\t<meta property=\"og:image:height\" content=\"360\" \/>\n\t<meta property=\"og:image:type\" content=\"image\/jpeg\" \/>\n<meta name=\"author\" content=\"Istv\u00e1n G\u00e1bor Tak\u00e1cs\" \/>\n<meta name=\"twitter:card\" content=\"summary_large_image\" \/>\n<meta name=\"twitter:label1\" content=\"Written by\" \/>\n\t<meta name=\"twitter:data1\" content=\"Istv\u00e1n G\u00e1bor Tak\u00e1cs\" \/>\n\t<meta name=\"twitter:label2\" content=\"Est. reading time\" \/>\n\t<meta name=\"twitter:data2\" content=\"3 minutes\" \/>\n<script type=\"application\/ld+json\" class=\"yoast-schema-graph\">{\"@context\":\"https:\\\/\\\/schema.org\",\"@graph\":[{\"@type\":\"Article\",\"@id\":\"https:\\\/\\\/drogriporter.hu\\\/en\\\/living-and-dealing-with-stigma\\\/#article\",\"isPartOf\":{\"@id\":\"https:\\\/\\\/drogriporter.hu\\\/en\\\/living-and-dealing-with-stigma\\\/\"},\"author\":{\"name\":\"Istv\u00e1n G\u00e1bor Tak\u00e1cs\",\"@id\":\"https:\\\/\\\/drogriporter.hu\\\/en\\\/#\\\/schema\\\/person\\\/aaf6e356ecdcc3c9a6172aeb58a1c524\"},\"headline\":\"Living and Dealing with Stigma\",\"datePublished\":\"2016-04-26T13:04:18+00:00\",\"dateModified\":\"2022-07-04T11:47:42+00:00\",\"mainEntityOfPage\":{\"@id\":\"https:\\\/\\\/drogriporter.hu\\\/en\\\/living-and-dealing-with-stigma\\\/\"},\"wordCount\":611,\"commentCount\":0,\"image\":{\"@id\":\"https:\\\/\\\/drogriporter.hu\\\/en\\\/living-and-dealing-with-stigma\\\/#primaryimage\"},\"thumbnailUrl\":\"https:\\\/\\\/drogriporter.hu\\\/wp-content\\\/uploads\\\/sites\\\/8\\\/2016\\\/04\\\/porto_0.jpg\",\"articleSection\":[\"Articles\"],\"inLanguage\":\"en-US\"},{\"@type\":\"WebPage\",\"@id\":\"https:\\\/\\\/drogriporter.hu\\\/en\\\/living-and-dealing-with-stigma\\\/\",\"url\":\"https:\\\/\\\/drogriporter.hu\\\/en\\\/living-and-dealing-with-stigma\\\/\",\"name\":\"Living and Dealing with Stigma - Drugreporter\",\"isPartOf\":{\"@id\":\"https:\\\/\\\/drogriporter.hu\\\/en\\\/#website\"},\"primaryImageOfPage\":{\"@id\":\"https:\\\/\\\/drogriporter.hu\\\/en\\\/living-and-dealing-with-stigma\\\/#primaryimage\"},\"image\":{\"@id\":\"https:\\\/\\\/drogriporter.hu\\\/en\\\/living-and-dealing-with-stigma\\\/#primaryimage\"},\"thumbnailUrl\":\"https:\\\/\\\/drogriporter.hu\\\/wp-content\\\/uploads\\\/sites\\\/8\\\/2016\\\/04\\\/porto_0.jpg\",\"datePublished\":\"2016-04-26T13:04:18+00:00\",\"dateModified\":\"2022-07-04T11:47:42+00:00\",\"author\":{\"@id\":\"https:\\\/\\\/drogriporter.hu\\\/en\\\/#\\\/schema\\\/person\\\/aaf6e356ecdcc3c9a6172aeb58a1c524\"},\"breadcrumb\":{\"@id\":\"https:\\\/\\\/drogriporter.hu\\\/en\\\/living-and-dealing-with-stigma\\\/#breadcrumb\"},\"inLanguage\":\"en-US\",\"potentialAction\":[{\"@type\":\"ReadAction\",\"target\":[\"https:\\\/\\\/drogriporter.hu\\\/en\\\/living-and-dealing-with-stigma\\\/\"]}]},{\"@type\":\"ImageObject\",\"inLanguage\":\"en-US\",\"@id\":\"https:\\\/\\\/drogriporter.hu\\\/en\\\/living-and-dealing-with-stigma\\\/#primaryimage\",\"url\":\"https:\\\/\\\/drogriporter.hu\\\/wp-content\\\/uploads\\\/sites\\\/8\\\/2016\\\/04\\\/porto_0.jpg\",\"contentUrl\":\"https:\\\/\\\/drogriporter.hu\\\/wp-content\\\/uploads\\\/sites\\\/8\\\/2016\\\/04\\\/porto_0.jpg\",\"width\":640,\"height\":360},{\"@type\":\"BreadcrumbList\",\"@id\":\"https:\\\/\\\/drogriporter.hu\\\/en\\\/living-and-dealing-with-stigma\\\/#breadcrumb\",\"itemListElement\":[{\"@type\":\"ListItem\",\"position\":1,\"name\":\"Home\",\"item\":\"https:\\\/\\\/drogriporter.hu\\\/en\\\/\"},{\"@type\":\"ListItem\",\"position\":2,\"name\":\"Living and Dealing with Stigma\"}]},{\"@type\":\"WebSite\",\"@id\":\"https:\\\/\\\/drogriporter.hu\\\/en\\\/#website\",\"url\":\"https:\\\/\\\/drogriporter.hu\\\/en\\\/\",\"name\":\"Drugreporter\",\"description\":\"News and Films from the Frontline of the War on Drugs\",\"potentialAction\":[{\"@type\":\"SearchAction\",\"target\":{\"@type\":\"EntryPoint\",\"urlTemplate\":\"https:\\\/\\\/drogriporter.hu\\\/en\\\/?s={search_term_string}\"},\"query-input\":{\"@type\":\"PropertyValueSpecification\",\"valueRequired\":true,\"valueName\":\"search_term_string\"}}],\"inLanguage\":\"en-US\"},{\"@type\":\"Person\",\"@id\":\"https:\\\/\\\/drogriporter.hu\\\/en\\\/#\\\/schema\\\/person\\\/aaf6e356ecdcc3c9a6172aeb58a1c524\",\"name\":\"Istv\u00e1n G\u00e1bor Tak\u00e1cs\",\"image\":{\"@type\":\"ImageObject\",\"inLanguage\":\"en-US\",\"@id\":\"https:\\\/\\\/secure.gravatar.com\\\/avatar\\\/658e7317f4c0b7ad030de0732edc52bd87a40097c378d9f945212f914567946c?s=96&d=mm&r=g\",\"url\":\"https:\\\/\\\/secure.gravatar.com\\\/avatar\\\/658e7317f4c0b7ad030de0732edc52bd87a40097c378d9f945212f914567946c?s=96&d=mm&r=g\",\"contentUrl\":\"https:\\\/\\\/secure.gravatar.com\\\/avatar\\\/658e7317f4c0b7ad030de0732edc52bd87a40097c378d9f945212f914567946c?s=96&d=mm&r=g\",\"caption\":\"Istv\u00e1n G\u00e1bor Tak\u00e1cs\"},\"description\":\"Istv\u00e1n G\u00e1bor Tak\u00e1cs is a human rights activist, videographer and trainer. He ran the Video Advocacy Program of the Hungarian Civil Liberties Union between 2007-2015. He worked as a needle exchange program counselor for 5 years. He is author of several articles on harm reduction and cameraman, editor, director and co-director of more than 700 online videos, among them longer documentaries, such as \u201cKostya Proletarsky\u201d (2020), \u201cTaking Back What\u2019s Ours: An Oral History of the Movement of People who Use Drugs\u201d (2020) \u201dA Day in the Life: The World of Humans Who Use Drugs\u201d (2016), \u201cWithout Rights\u201d (2009), \u201cWithout a Chance\u201d (2014), \u201cRoom in the 8th District\u201d (2014) and \u201cThe Invisible\u201d (2011). Since 2016 he works at the Rights Reporter Foundation, where besides producing films, he is training activists in video advocacy.\",\"sameAs\":[\"takacsistvangabor@rightsreporter.net\"],\"url\":\"https:\\\/\\\/drogriporter.hu\\\/en\\\/author\\\/idoru\\\/\"}]}<\/script>\n<!-- \/ Yoast SEO Premium plugin. -->","yoast_head_json":{"title":"Living and Dealing with Stigma - Drugreporter","robots":{"index":"index","follow":"follow","max-snippet":"max-snippet:-1","max-image-preview":"max-image-preview:large","max-video-preview":"max-video-preview:-1"},"canonical":"https:\/\/drogriporter.hu\/en\/living-and-dealing-with-stigma\/","og_locale":"en_US","og_type":"article","og_title":"Living and Dealing with Stigma","og_description":"A study conducted by the Portuguese harm reduction NGO, APDES, presents how stigma affects the daily lives of drug users.","og_url":"https:\/\/drogriporter.hu\/en\/living-and-dealing-with-stigma\/","og_site_name":"Drugreporter","article_published_time":"2016-04-26T13:04:18+00:00","article_modified_time":"2022-07-04T11:47:42+00:00","og_image":[{"width":640,"height":360,"url":"https:\/\/drogriporter.hu\/wp-content\/uploads\/sites\/8\/2016\/04\/porto_0.jpg","type":"image\/jpeg"}],"author":"Istv\u00e1n G\u00e1bor Tak\u00e1cs","twitter_card":"summary_large_image","twitter_misc":{"Written by":"Istv\u00e1n G\u00e1bor Tak\u00e1cs","Est. reading time":"3 minutes"},"schema":{"@context":"https:\/\/schema.org","@graph":[{"@type":"Article","@id":"https:\/\/drogriporter.hu\/en\/living-and-dealing-with-stigma\/#article","isPartOf":{"@id":"https:\/\/drogriporter.hu\/en\/living-and-dealing-with-stigma\/"},"author":{"name":"Istv\u00e1n G\u00e1bor Tak\u00e1cs","@id":"https:\/\/drogriporter.hu\/en\/#\/schema\/person\/aaf6e356ecdcc3c9a6172aeb58a1c524"},"headline":"Living and Dealing with Stigma","datePublished":"2016-04-26T13:04:18+00:00","dateModified":"2022-07-04T11:47:42+00:00","mainEntityOfPage":{"@id":"https:\/\/drogriporter.hu\/en\/living-and-dealing-with-stigma\/"},"wordCount":611,"commentCount":0,"image":{"@id":"https:\/\/drogriporter.hu\/en\/living-and-dealing-with-stigma\/#primaryimage"},"thumbnailUrl":"https:\/\/drogriporter.hu\/wp-content\/uploads\/sites\/8\/2016\/04\/porto_0.jpg","articleSection":["Articles"],"inLanguage":"en-US"},{"@type":"WebPage","@id":"https:\/\/drogriporter.hu\/en\/living-and-dealing-with-stigma\/","url":"https:\/\/drogriporter.hu\/en\/living-and-dealing-with-stigma\/","name":"Living and Dealing with Stigma - Drugreporter","isPartOf":{"@id":"https:\/\/drogriporter.hu\/en\/#website"},"primaryImageOfPage":{"@id":"https:\/\/drogriporter.hu\/en\/living-and-dealing-with-stigma\/#primaryimage"},"image":{"@id":"https:\/\/drogriporter.hu\/en\/living-and-dealing-with-stigma\/#primaryimage"},"thumbnailUrl":"https:\/\/drogriporter.hu\/wp-content\/uploads\/sites\/8\/2016\/04\/porto_0.jpg","datePublished":"2016-04-26T13:04:18+00:00","dateModified":"2022-07-04T11:47:42+00:00","author":{"@id":"https:\/\/drogriporter.hu\/en\/#\/schema\/person\/aaf6e356ecdcc3c9a6172aeb58a1c524"},"breadcrumb":{"@id":"https:\/\/drogriporter.hu\/en\/living-and-dealing-with-stigma\/#breadcrumb"},"inLanguage":"en-US","potentialAction":[{"@type":"ReadAction","target":["https:\/\/drogriporter.hu\/en\/living-and-dealing-with-stigma\/"]}]},{"@type":"ImageObject","inLanguage":"en-US","@id":"https:\/\/drogriporter.hu\/en\/living-and-dealing-with-stigma\/#primaryimage","url":"https:\/\/drogriporter.hu\/wp-content\/uploads\/sites\/8\/2016\/04\/porto_0.jpg","contentUrl":"https:\/\/drogriporter.hu\/wp-content\/uploads\/sites\/8\/2016\/04\/porto_0.jpg","width":640,"height":360},{"@type":"BreadcrumbList","@id":"https:\/\/drogriporter.hu\/en\/living-and-dealing-with-stigma\/#breadcrumb","itemListElement":[{"@type":"ListItem","position":1,"name":"Home","item":"https:\/\/drogriporter.hu\/en\/"},{"@type":"ListItem","position":2,"name":"Living and Dealing with Stigma"}]},{"@type":"WebSite","@id":"https:\/\/drogriporter.hu\/en\/#website","url":"https:\/\/drogriporter.hu\/en\/","name":"Drugreporter","description":"News and Films from the Frontline of the War on Drugs","potentialAction":[{"@type":"SearchAction","target":{"@type":"EntryPoint","urlTemplate":"https:\/\/drogriporter.hu\/en\/?s={search_term_string}"},"query-input":{"@type":"PropertyValueSpecification","valueRequired":true,"valueName":"search_term_string"}}],"inLanguage":"en-US"},{"@type":"Person","@id":"https:\/\/drogriporter.hu\/en\/#\/schema\/person\/aaf6e356ecdcc3c9a6172aeb58a1c524","name":"Istv\u00e1n G\u00e1bor Tak\u00e1cs","image":{"@type":"ImageObject","inLanguage":"en-US","@id":"https:\/\/secure.gravatar.com\/avatar\/658e7317f4c0b7ad030de0732edc52bd87a40097c378d9f945212f914567946c?s=96&d=mm&r=g","url":"https:\/\/secure.gravatar.com\/avatar\/658e7317f4c0b7ad030de0732edc52bd87a40097c378d9f945212f914567946c?s=96&d=mm&r=g","contentUrl":"https:\/\/secure.gravatar.com\/avatar\/658e7317f4c0b7ad030de0732edc52bd87a40097c378d9f945212f914567946c?s=96&d=mm&r=g","caption":"Istv\u00e1n G\u00e1bor Tak\u00e1cs"},"description":"Istv\u00e1n G\u00e1bor Tak\u00e1cs is a human rights activist, videographer and trainer. He ran the Video Advocacy Program of the Hungarian Civil Liberties Union between 2007-2015. He worked as a needle exchange program counselor for 5 years. He is author of several articles on harm reduction and cameraman, editor, director and co-director of more than 700 online videos, among them longer documentaries, such as \u201cKostya Proletarsky\u201d (2020), \u201cTaking Back What\u2019s Ours: An Oral History of the Movement of People who Use Drugs\u201d (2020) \u201dA Day in the Life: The World of Humans Who Use Drugs\u201d (2016), \u201cWithout Rights\u201d (2009), \u201cWithout a Chance\u201d (2014), \u201cRoom in the 8th District\u201d (2014) and \u201cThe Invisible\u201d (2011). Since 2016 he works at the Rights Reporter Foundation, where besides producing films, he is training activists in video advocacy.","sameAs":["takacsistvangabor@rightsreporter.net"],"url":"https:\/\/drogriporter.hu\/en\/author\/idoru\/"}]}},"featured_image_src_square":"https:\/\/drogriporter.hu\/wp-content\/uploads\/sites\/8\/2016\/04\/porto_0.jpg","_links":{"self":[{"href":"https:\/\/drogriporter.hu\/en\/wp-json\/wp\/v2\/posts\/6411","targetHints":{"allow":["GET"]}}],"collection":[{"href":"https:\/\/drogriporter.hu\/en\/wp-json\/wp\/v2\/posts"}],"about":[{"href":"https:\/\/drogriporter.hu\/en\/wp-json\/wp\/v2\/types\/post"}],"author":[{"embeddable":true,"href":"https:\/\/drogriporter.hu\/en\/wp-json\/wp\/v2\/users\/1002"}],"replies":[{"embeddable":true,"href":"https:\/\/drogriporter.hu\/en\/wp-json\/wp\/v2\/comments?post=6411"}],"version-history":[{"count":0,"href":"https:\/\/drogriporter.hu\/en\/wp-json\/wp\/v2\/posts\/6411\/revisions"}],"wp:featuredmedia":[{"embeddable":true,"href":"https:\/\/drogriporter.hu\/en\/wp-json\/wp\/v2\/media\/6232"}],"wp:attachment":[{"href":"https:\/\/drogriporter.hu\/en\/wp-json\/wp\/v2\/media?parent=6411"}],"wp:term":[{"taxonomy":"category","embeddable":true,"href":"https:\/\/drogriporter.hu\/en\/wp-json\/wp\/v2\/categories?post=6411"},{"taxonomy":"post_tag","embeddable":true,"href":"https:\/\/drogriporter.hu\/en\/wp-json\/wp\/v2\/tags?post=6411"},{"taxonomy":"countries","embeddable":true,"href":"https:\/\/drogriporter.hu\/en\/wp-json\/wp\/v2\/countries?post=6411"},{"taxonomy":"section","embeddable":true,"href":"https:\/\/drogriporter.hu\/en\/wp-json\/wp\/v2\/section?post=6411"},{"taxonomy":"video-author","embeddable":true,"href":"https:\/\/drogriporter.hu\/en\/wp-json\/wp\/v2\/video-author?post=6411"},{"taxonomy":"drug","embeddable":true,"href":"https:\/\/drogriporter.hu\/en\/wp-json\/wp\/v2\/drug?post=6411"},{"taxonomy":"archive","embeddable":true,"href":"https:\/\/drogriporter.hu\/en\/wp-json\/wp\/v2\/archive?post=6411"},{"taxonomy":"video-series","embeddable":true,"href":"https:\/\/drogriporter.hu\/en\/wp-json\/wp\/v2\/video-series?post=6411"}],"curies":[{"name":"wp","href":"https:\/\/api.w.org\/{rel}","templated":true}]}}