{"id":6443,"date":"2016-02-09T10:15:48","date_gmt":"2016-02-09T10:15:48","guid":{"rendered":"https:\/\/drogriporter.hu\/report-on-the-criminalisation-of-cannabis-users-in-slovenia\/"},"modified":"2022-07-04T14:23:37","modified_gmt":"2022-07-04T12:23:37","slug":"report-on-the-criminalisation-of-cannabis-users-in-slovenia","status":"publish","type":"post","link":"https:\/\/drogriporter.hu\/en\/report-on-the-criminalisation-of-cannabis-users-in-slovenia\/","title":{"rendered":"Report on the Criminalisation of Cannabis Users in Slovenia"},"content":{"rendered":"<p><span style=\"font-family: arial, sans-serif; font-size: 12.8px;\">ONEJ, a<\/span>&nbsp;Slovenian cannabis reform NGO, has published a report on the criminalisation of cannabis users in Slovenia &#8211; a country which will soon see its first legal supervised injection room. The report also highlights the need to reform the country&#39;s drug laws!<\/p>\n<p><!--more--><\/p>\n<p>The purpose of the report was to determine the situation regarding the penalisation of drug users in Slovenia, in both major and minor cases, and to compare it with the situation in the European Union.<br \/>&nbsp;<\/p>\n<div class=\"issuuembed\" data-configid=\"23559802\/33337031\" style=\"width:400px; height:300px;\">&nbsp;<\/div>\n<p>&nbsp;<\/p>\n<p><script type=\"text\/javascript\" src=\"\/\/e.issuu.com\/embed.js\" async=\"true\"><\/script>As early as 2000, the Republic of Slovenia adopted a law intended to decriminalise the personal possession and use of all drugs. Unfortunately, the law has remained a dead letter; while in practice, the situation in Slovenia has escalated to such an extent that the level of drug-related crime per capita is among the highest in the EU. A closer analysis of the statistics, however, shows that some Police Directorates (and in consequence, the public prosecutor and the courts) have simply adjusted the low number of actual crimes, by treating as crimes, acts which should have been dealt with as minor offences. As a result, drug users have for several years been criminalised by the judiciary, the police and the public prosecutor, which effectively constitutes a high level of systemic corruption in this sphere.&nbsp;<\/p>\n<p>&nbsp;<\/p>\n<p>&nbsp;<\/p>\n<p>&nbsp;<\/p>\n<p><img decoding=\"async\" alt=\"\" src=\"\/wp-content\/uploads\/sites\/8\/drogriporter\/imce\/screen_shot_2016-02-09_at_09.56.24.png\" style=\"width: 475px; height: 337px;\" \/><br \/><img decoding=\"async\" alt=\"\" src=\"\/wp-content\/uploads\/sites\/8\/drogriporter\/imce\/screen_shot_2016-02-09_at_09.56.31.png\" style=\"width: 494px; height: 363px;\" \/><\/p>\n<p>This report is being presented to the international public, as a result of the fact that the Ministry of Health of the RS continues to state, in official publications and reports to the EU, that it is impossible in the Republic of Slovenia to pass a prison sentence for possession of any drug for personal use &ndash; an assertion which is not factual. By so doing, the ministry has for years been misleading the European and other international institutionss.&nbsp;<\/p>\n<p><img decoding=\"async\" alt=\"\" src=\"\/wp-content\/uploads\/sites\/8\/drogriporter\/imce\/screen_shot_2016-02-09_at_09.56.42.png\" style=\"width: 688px; height: 493px;\" \/><\/p>\n<p>Official police crime statistics indicate significant unintended consequences of the drug control policy, including criminal cases related to cannabis use , both regionally and nationally. These statistics can also indicate, and subsequently influence, the workload and performance level of police forces throughout a country. As a result, the published findings could be misused, in order to mislead people into believing that treating personal cannabis use as a crime is an indicator of cannabis-related public health problems. Also, the police surely have better things to do than arrest people for getting high . In any case, sending drug users to jail is usually an expensive waste of time.&nbsp;<\/p>\n<p>The limited impact of repressive ( &raquo;decriminalisation&laquo;) cannabis polices on reducing drug markets, as well as the increased harms caused by these policies, need to be acknowledged. The fact is, that the socioeconomic deprivation of the majority of Slovenian people is associated with greater levels of public health problems, including drug-related harms, and can exacerbate the situation.<\/p>\n<p>Bo\u017eidar Radi\u0161i\u010d<br \/><a href=\"https:\/\/onej.info\/\">ONEJ<\/a><\/p>\n","protected":false},"excerpt":{"rendered":"<p>ONEJ, a&nbsp;Slovenian cannabis reform NGO, has published a report on the criminalisation of cannabis users in Slovenia &#8211; a country which will soon see its first legal supervised injection room. The report also highlights the need to reform the country&#39;s drug laws!<\/p>\n","protected":false},"author":1005,"featured_media":6194,"comment_status":"open","ping_status":"open","sticky":false,"template":"","format":"standard","meta":{"_genesis_hide_title":false,"_genesis_hide_breadcrumbs":false,"_genesis_hide_singular_image":false,"_genesis_hide_footer_widgets":false,"_genesis_custom_body_class":"","_genesis_custom_post_class":"","_genesis_layout":"","footnotes":""},"categories":[2900],"tags":[],"countries":[],"section":[],"video-author":[],"drug":[],"archive":[3212,3214,3219,3236],"video-series":[],"class_list":{"0":"post-6443","1":"post","2":"type-post","3":"status-publish","4":"format-standard","5":"has-post-thumbnail","7":"category-articles","8":"archive-criminalisation","9":"archive-drug-policy-and-law","10":"archive-european-drug-policy","11":"archive-marijuana-policies","12":"entry"},"featured_image_src":"https:\/\/drogriporter.hu\/wp-content\/uploads\/sites\/8\/2016\/02\/handcuffmarijuana.jpg","author_info":{"display_name":"P\u00e9ter S\u00e1rosi","author_link":"https:\/\/drogriporter.hu\/en\/author\/sarosip-2\/"},"yoast_head":"<!-- This site is optimized with the Yoast SEO Premium plugin  - https:\/\/yoast.com\/product\/yoast-seo-premium-wordpress\/ -->\n<title>Report on the Criminalisation of Cannabis Users in Slovenia - Drugreporter<\/title>\n<meta name=\"robots\" content=\"index, follow, max-snippet:-1, max-image-preview:large, max-video-preview:-1\" \/>\n<link rel=\"canonical\" href=\"https:\/\/drogriporter.hu\/en\/report-on-the-criminalisation-of-cannabis-users-in-slovenia\/\" \/>\n<meta property=\"og:locale\" content=\"en_US\" \/>\n<meta property=\"og:type\" content=\"article\" \/>\n<meta property=\"og:title\" content=\"Report on the Criminalisation of Cannabis Users in Slovenia\" \/>\n<meta property=\"og:description\" content=\"ONEJ, a&nbsp;Slovenian cannabis reform NGO, has published a report on the criminalisation of cannabis users in Slovenia &#8211; a country which will soon see its first legal supervised injection room. The report also highlights the need to reform the country&#039;s drug laws!\" \/>\n<meta property=\"og:url\" content=\"https:\/\/drogriporter.hu\/en\/report-on-the-criminalisation-of-cannabis-users-in-slovenia\/\" \/>\n<meta property=\"og:site_name\" content=\"Drugreporter\" \/>\n<meta property=\"article:published_time\" content=\"2016-02-09T10:15:48+00:00\" \/>\n<meta property=\"article:modified_time\" content=\"2022-07-04T12:23:37+00:00\" \/>\n<meta property=\"og:image\" content=\"https:\/\/drogriporter.hu\/wp-content\/uploads\/sites\/8\/2016\/02\/handcuffmarijuana.jpg\" \/>\n\t<meta property=\"og:image:width\" content=\"640\" \/>\n\t<meta property=\"og:image:height\" content=\"360\" \/>\n\t<meta property=\"og:image:type\" content=\"image\/jpeg\" \/>\n<meta name=\"author\" content=\"P\u00e9ter S\u00e1rosi\" \/>\n<meta name=\"twitter:card\" content=\"summary_large_image\" \/>\n<meta name=\"twitter:label1\" content=\"Written by\" \/>\n\t<meta name=\"twitter:data1\" content=\"P\u00e9ter S\u00e1rosi\" \/>\n\t<meta name=\"twitter:label2\" content=\"Est. reading time\" \/>\n\t<meta name=\"twitter:data2\" content=\"2 minutes\" \/>\n<script type=\"application\/ld+json\" class=\"yoast-schema-graph\">{\"@context\":\"https:\\\/\\\/schema.org\",\"@graph\":[{\"@type\":\"Article\",\"@id\":\"https:\\\/\\\/drogriporter.hu\\\/en\\\/report-on-the-criminalisation-of-cannabis-users-in-slovenia\\\/#article\",\"isPartOf\":{\"@id\":\"https:\\\/\\\/drogriporter.hu\\\/en\\\/report-on-the-criminalisation-of-cannabis-users-in-slovenia\\\/\"},\"author\":{\"name\":\"P\u00e9ter S\u00e1rosi\",\"@id\":\"https:\\\/\\\/drogriporter.hu\\\/en\\\/#\\\/schema\\\/person\\\/fb6cc5151784cb72290e136439b8cfbf\"},\"headline\":\"Report on the Criminalisation of Cannabis Users in Slovenia\",\"datePublished\":\"2016-02-09T10:15:48+00:00\",\"dateModified\":\"2022-07-04T12:23:37+00:00\",\"mainEntityOfPage\":{\"@id\":\"https:\\\/\\\/drogriporter.hu\\\/en\\\/report-on-the-criminalisation-of-cannabis-users-in-slovenia\\\/\"},\"wordCount\":478,\"commentCount\":0,\"image\":{\"@id\":\"https:\\\/\\\/drogriporter.hu\\\/en\\\/report-on-the-criminalisation-of-cannabis-users-in-slovenia\\\/#primaryimage\"},\"thumbnailUrl\":\"https:\\\/\\\/drogriporter.hu\\\/wp-content\\\/uploads\\\/sites\\\/8\\\/2016\\\/02\\\/handcuffmarijuana.jpg\",\"articleSection\":[\"Articles\"],\"inLanguage\":\"en-US\"},{\"@type\":\"WebPage\",\"@id\":\"https:\\\/\\\/drogriporter.hu\\\/en\\\/report-on-the-criminalisation-of-cannabis-users-in-slovenia\\\/\",\"url\":\"https:\\\/\\\/drogriporter.hu\\\/en\\\/report-on-the-criminalisation-of-cannabis-users-in-slovenia\\\/\",\"name\":\"Report on the Criminalisation of Cannabis Users in Slovenia - Drugreporter\",\"isPartOf\":{\"@id\":\"https:\\\/\\\/drogriporter.hu\\\/en\\\/#website\"},\"primaryImageOfPage\":{\"@id\":\"https:\\\/\\\/drogriporter.hu\\\/en\\\/report-on-the-criminalisation-of-cannabis-users-in-slovenia\\\/#primaryimage\"},\"image\":{\"@id\":\"https:\\\/\\\/drogriporter.hu\\\/en\\\/report-on-the-criminalisation-of-cannabis-users-in-slovenia\\\/#primaryimage\"},\"thumbnailUrl\":\"https:\\\/\\\/drogriporter.hu\\\/wp-content\\\/uploads\\\/sites\\\/8\\\/2016\\\/02\\\/handcuffmarijuana.jpg\",\"datePublished\":\"2016-02-09T10:15:48+00:00\",\"dateModified\":\"2022-07-04T12:23:37+00:00\",\"author\":{\"@id\":\"https:\\\/\\\/drogriporter.hu\\\/en\\\/#\\\/schema\\\/person\\\/fb6cc5151784cb72290e136439b8cfbf\"},\"breadcrumb\":{\"@id\":\"https:\\\/\\\/drogriporter.hu\\\/en\\\/report-on-the-criminalisation-of-cannabis-users-in-slovenia\\\/#breadcrumb\"},\"inLanguage\":\"en-US\",\"potentialAction\":[{\"@type\":\"ReadAction\",\"target\":[\"https:\\\/\\\/drogriporter.hu\\\/en\\\/report-on-the-criminalisation-of-cannabis-users-in-slovenia\\\/\"]}]},{\"@type\":\"ImageObject\",\"inLanguage\":\"en-US\",\"@id\":\"https:\\\/\\\/drogriporter.hu\\\/en\\\/report-on-the-criminalisation-of-cannabis-users-in-slovenia\\\/#primaryimage\",\"url\":\"https:\\\/\\\/drogriporter.hu\\\/wp-content\\\/uploads\\\/sites\\\/8\\\/2016\\\/02\\\/handcuffmarijuana.jpg\",\"contentUrl\":\"https:\\\/\\\/drogriporter.hu\\\/wp-content\\\/uploads\\\/sites\\\/8\\\/2016\\\/02\\\/handcuffmarijuana.jpg\",\"width\":640,\"height\":360},{\"@type\":\"BreadcrumbList\",\"@id\":\"https:\\\/\\\/drogriporter.hu\\\/en\\\/report-on-the-criminalisation-of-cannabis-users-in-slovenia\\\/#breadcrumb\",\"itemListElement\":[{\"@type\":\"ListItem\",\"position\":1,\"name\":\"Home\",\"item\":\"https:\\\/\\\/drogriporter.hu\\\/en\\\/\"},{\"@type\":\"ListItem\",\"position\":2,\"name\":\"Report on the Criminalisation of Cannabis Users in Slovenia\"}]},{\"@type\":\"WebSite\",\"@id\":\"https:\\\/\\\/drogriporter.hu\\\/en\\\/#website\",\"url\":\"https:\\\/\\\/drogriporter.hu\\\/en\\\/\",\"name\":\"Drugreporter\",\"description\":\"News and Films from the Frontline of the War on Drugs\",\"potentialAction\":[{\"@type\":\"SearchAction\",\"target\":{\"@type\":\"EntryPoint\",\"urlTemplate\":\"https:\\\/\\\/drogriporter.hu\\\/en\\\/?s={search_term_string}\"},\"query-input\":{\"@type\":\"PropertyValueSpecification\",\"valueRequired\":true,\"valueName\":\"search_term_string\"}}],\"inLanguage\":\"en-US\"},{\"@type\":\"Person\",\"@id\":\"https:\\\/\\\/drogriporter.hu\\\/en\\\/#\\\/schema\\\/person\\\/fb6cc5151784cb72290e136439b8cfbf\",\"name\":\"P\u00e9ter S\u00e1rosi\",\"image\":{\"@type\":\"ImageObject\",\"inLanguage\":\"en-US\",\"@id\":\"https:\\\/\\\/secure.gravatar.com\\\/avatar\\\/b0d99f928865d28655d1d76062ad4e267f8cdb42a281930f70dd9a875b94be0b?s=96&d=mm&r=g\",\"url\":\"https:\\\/\\\/secure.gravatar.com\\\/avatar\\\/b0d99f928865d28655d1d76062ad4e267f8cdb42a281930f70dd9a875b94be0b?s=96&d=mm&r=g\",\"contentUrl\":\"https:\\\/\\\/secure.gravatar.com\\\/avatar\\\/b0d99f928865d28655d1d76062ad4e267f8cdb42a281930f70dd9a875b94be0b?s=96&d=mm&r=g\",\"caption\":\"P\u00e9ter S\u00e1rosi\"},\"description\":\"P\u00e9ter S\u00e1rosi is the Executive Director of the Rights Reporter Foundation. He is a human rights activist and drug policy expert, the founder and editor of the Drugreporter website since 2004, the author of countless articles, co-author of books and director of films about harm reduction and drug policy reform. He was the Director of the Drug Policy Program at the Hungarian Civil Liberties Union between 2004 and 2015. He is experienced in working at international drug policy forums such as the Commission on Narcotic Drugs. He was twice elected to the Core Group of the EU Civil Society Forum on Drugs. He is the co-chair of the Eurasian Harm Reduction Network. He has been representing the Hungarian Harm Reduction Network at the government\u2019s drug advisory body in Hungary since 2007. Peter also contributed to building a network of advocacy NGOs in Europe: the European Drug Policy Initiative. He provided technical assistance to several NGOs, and launched several campaigns on drug policy reform. As a member of the Drugreporter video advocacy team, he has produced videos about drug policy issues in a number of countries. These videos are now part of a unique online drug policy video library.\",\"url\":\"https:\\\/\\\/drogriporter.hu\\\/en\\\/author\\\/sarosip-2\\\/\"}]}<\/script>\n<!-- \/ Yoast SEO Premium plugin. -->","yoast_head_json":{"title":"Report on the Criminalisation of Cannabis Users in Slovenia - Drugreporter","robots":{"index":"index","follow":"follow","max-snippet":"max-snippet:-1","max-image-preview":"max-image-preview:large","max-video-preview":"max-video-preview:-1"},"canonical":"https:\/\/drogriporter.hu\/en\/report-on-the-criminalisation-of-cannabis-users-in-slovenia\/","og_locale":"en_US","og_type":"article","og_title":"Report on the Criminalisation of Cannabis Users in Slovenia","og_description":"ONEJ, a&nbsp;Slovenian cannabis reform NGO, has published a report on the criminalisation of cannabis users in Slovenia &#8211; a country which will soon see its first legal supervised injection room. The report also highlights the need to reform the country&#39;s drug laws!","og_url":"https:\/\/drogriporter.hu\/en\/report-on-the-criminalisation-of-cannabis-users-in-slovenia\/","og_site_name":"Drugreporter","article_published_time":"2016-02-09T10:15:48+00:00","article_modified_time":"2022-07-04T12:23:37+00:00","og_image":[{"width":640,"height":360,"url":"https:\/\/drogriporter.hu\/wp-content\/uploads\/sites\/8\/2016\/02\/handcuffmarijuana.jpg","type":"image\/jpeg"}],"author":"P\u00e9ter S\u00e1rosi","twitter_card":"summary_large_image","twitter_misc":{"Written by":"P\u00e9ter S\u00e1rosi","Est. reading time":"2 minutes"},"schema":{"@context":"https:\/\/schema.org","@graph":[{"@type":"Article","@id":"https:\/\/drogriporter.hu\/en\/report-on-the-criminalisation-of-cannabis-users-in-slovenia\/#article","isPartOf":{"@id":"https:\/\/drogriporter.hu\/en\/report-on-the-criminalisation-of-cannabis-users-in-slovenia\/"},"author":{"name":"P\u00e9ter S\u00e1rosi","@id":"https:\/\/drogriporter.hu\/en\/#\/schema\/person\/fb6cc5151784cb72290e136439b8cfbf"},"headline":"Report on the Criminalisation of Cannabis Users in Slovenia","datePublished":"2016-02-09T10:15:48+00:00","dateModified":"2022-07-04T12:23:37+00:00","mainEntityOfPage":{"@id":"https:\/\/drogriporter.hu\/en\/report-on-the-criminalisation-of-cannabis-users-in-slovenia\/"},"wordCount":478,"commentCount":0,"image":{"@id":"https:\/\/drogriporter.hu\/en\/report-on-the-criminalisation-of-cannabis-users-in-slovenia\/#primaryimage"},"thumbnailUrl":"https:\/\/drogriporter.hu\/wp-content\/uploads\/sites\/8\/2016\/02\/handcuffmarijuana.jpg","articleSection":["Articles"],"inLanguage":"en-US"},{"@type":"WebPage","@id":"https:\/\/drogriporter.hu\/en\/report-on-the-criminalisation-of-cannabis-users-in-slovenia\/","url":"https:\/\/drogriporter.hu\/en\/report-on-the-criminalisation-of-cannabis-users-in-slovenia\/","name":"Report on the Criminalisation of Cannabis Users in Slovenia - Drugreporter","isPartOf":{"@id":"https:\/\/drogriporter.hu\/en\/#website"},"primaryImageOfPage":{"@id":"https:\/\/drogriporter.hu\/en\/report-on-the-criminalisation-of-cannabis-users-in-slovenia\/#primaryimage"},"image":{"@id":"https:\/\/drogriporter.hu\/en\/report-on-the-criminalisation-of-cannabis-users-in-slovenia\/#primaryimage"},"thumbnailUrl":"https:\/\/drogriporter.hu\/wp-content\/uploads\/sites\/8\/2016\/02\/handcuffmarijuana.jpg","datePublished":"2016-02-09T10:15:48+00:00","dateModified":"2022-07-04T12:23:37+00:00","author":{"@id":"https:\/\/drogriporter.hu\/en\/#\/schema\/person\/fb6cc5151784cb72290e136439b8cfbf"},"breadcrumb":{"@id":"https:\/\/drogriporter.hu\/en\/report-on-the-criminalisation-of-cannabis-users-in-slovenia\/#breadcrumb"},"inLanguage":"en-US","potentialAction":[{"@type":"ReadAction","target":["https:\/\/drogriporter.hu\/en\/report-on-the-criminalisation-of-cannabis-users-in-slovenia\/"]}]},{"@type":"ImageObject","inLanguage":"en-US","@id":"https:\/\/drogriporter.hu\/en\/report-on-the-criminalisation-of-cannabis-users-in-slovenia\/#primaryimage","url":"https:\/\/drogriporter.hu\/wp-content\/uploads\/sites\/8\/2016\/02\/handcuffmarijuana.jpg","contentUrl":"https:\/\/drogriporter.hu\/wp-content\/uploads\/sites\/8\/2016\/02\/handcuffmarijuana.jpg","width":640,"height":360},{"@type":"BreadcrumbList","@id":"https:\/\/drogriporter.hu\/en\/report-on-the-criminalisation-of-cannabis-users-in-slovenia\/#breadcrumb","itemListElement":[{"@type":"ListItem","position":1,"name":"Home","item":"https:\/\/drogriporter.hu\/en\/"},{"@type":"ListItem","position":2,"name":"Report on the Criminalisation of Cannabis Users in Slovenia"}]},{"@type":"WebSite","@id":"https:\/\/drogriporter.hu\/en\/#website","url":"https:\/\/drogriporter.hu\/en\/","name":"Drugreporter","description":"News and Films from the Frontline of the War on Drugs","potentialAction":[{"@type":"SearchAction","target":{"@type":"EntryPoint","urlTemplate":"https:\/\/drogriporter.hu\/en\/?s={search_term_string}"},"query-input":{"@type":"PropertyValueSpecification","valueRequired":true,"valueName":"search_term_string"}}],"inLanguage":"en-US"},{"@type":"Person","@id":"https:\/\/drogriporter.hu\/en\/#\/schema\/person\/fb6cc5151784cb72290e136439b8cfbf","name":"P\u00e9ter S\u00e1rosi","image":{"@type":"ImageObject","inLanguage":"en-US","@id":"https:\/\/secure.gravatar.com\/avatar\/b0d99f928865d28655d1d76062ad4e267f8cdb42a281930f70dd9a875b94be0b?s=96&d=mm&r=g","url":"https:\/\/secure.gravatar.com\/avatar\/b0d99f928865d28655d1d76062ad4e267f8cdb42a281930f70dd9a875b94be0b?s=96&d=mm&r=g","contentUrl":"https:\/\/secure.gravatar.com\/avatar\/b0d99f928865d28655d1d76062ad4e267f8cdb42a281930f70dd9a875b94be0b?s=96&d=mm&r=g","caption":"P\u00e9ter S\u00e1rosi"},"description":"P\u00e9ter S\u00e1rosi is the Executive Director of the Rights Reporter Foundation. He is a human rights activist and drug policy expert, the founder and editor of the Drugreporter website since 2004, the author of countless articles, co-author of books and director of films about harm reduction and drug policy reform. He was the Director of the Drug Policy Program at the Hungarian Civil Liberties Union between 2004 and 2015. He is experienced in working at international drug policy forums such as the Commission on Narcotic Drugs. He was twice elected to the Core Group of the EU Civil Society Forum on Drugs. He is the co-chair of the Eurasian Harm Reduction Network. He has been representing the Hungarian Harm Reduction Network at the government\u2019s drug advisory body in Hungary since 2007. Peter also contributed to building a network of advocacy NGOs in Europe: the European Drug Policy Initiative. He provided technical assistance to several NGOs, and launched several campaigns on drug policy reform. As a member of the Drugreporter video advocacy team, he has produced videos about drug policy issues in a number of countries. These videos are now part of a unique online drug policy video library.","url":"https:\/\/drogriporter.hu\/en\/author\/sarosip-2\/"}]}},"featured_image_src_square":"https:\/\/drogriporter.hu\/wp-content\/uploads\/sites\/8\/2016\/02\/handcuffmarijuana.jpg","_links":{"self":[{"href":"https:\/\/drogriporter.hu\/en\/wp-json\/wp\/v2\/posts\/6443","targetHints":{"allow":["GET"]}}],"collection":[{"href":"https:\/\/drogriporter.hu\/en\/wp-json\/wp\/v2\/posts"}],"about":[{"href":"https:\/\/drogriporter.hu\/en\/wp-json\/wp\/v2\/types\/post"}],"author":[{"embeddable":true,"href":"https:\/\/drogriporter.hu\/en\/wp-json\/wp\/v2\/users\/1005"}],"replies":[{"embeddable":true,"href":"https:\/\/drogriporter.hu\/en\/wp-json\/wp\/v2\/comments?post=6443"}],"version-history":[{"count":0,"href":"https:\/\/drogriporter.hu\/en\/wp-json\/wp\/v2\/posts\/6443\/revisions"}],"wp:featuredmedia":[{"embeddable":true,"href":"https:\/\/drogriporter.hu\/en\/wp-json\/wp\/v2\/media\/6194"}],"wp:attachment":[{"href":"https:\/\/drogriporter.hu\/en\/wp-json\/wp\/v2\/media?parent=6443"}],"wp:term":[{"taxonomy":"category","embeddable":true,"href":"https:\/\/drogriporter.hu\/en\/wp-json\/wp\/v2\/categories?post=6443"},{"taxonomy":"post_tag","embeddable":true,"href":"https:\/\/drogriporter.hu\/en\/wp-json\/wp\/v2\/tags?post=6443"},{"taxonomy":"countries","embeddable":true,"href":"https:\/\/drogriporter.hu\/en\/wp-json\/wp\/v2\/countries?post=6443"},{"taxonomy":"section","embeddable":true,"href":"https:\/\/drogriporter.hu\/en\/wp-json\/wp\/v2\/section?post=6443"},{"taxonomy":"video-author","embeddable":true,"href":"https:\/\/drogriporter.hu\/en\/wp-json\/wp\/v2\/video-author?post=6443"},{"taxonomy":"drug","embeddable":true,"href":"https:\/\/drogriporter.hu\/en\/wp-json\/wp\/v2\/drug?post=6443"},{"taxonomy":"archive","embeddable":true,"href":"https:\/\/drogriporter.hu\/en\/wp-json\/wp\/v2\/archive?post=6443"},{"taxonomy":"video-series","embeddable":true,"href":"https:\/\/drogriporter.hu\/en\/wp-json\/wp\/v2\/video-series?post=6443"}],"curies":[{"name":"wp","href":"https:\/\/api.w.org\/{rel}","templated":true}]}}