{"id":6460,"date":"2015-11-22T16:59:55","date_gmt":"2015-11-22T16:59:55","guid":{"rendered":"https:\/\/drogriporter.hu\/we-are-a-movement-for-freedom-drug-policy-reform-conference-2015\/"},"modified":"2022-07-04T14:54:44","modified_gmt":"2022-07-04T12:54:44","slug":"we-are-a-movement-for-freedom-drug-policy-reform-conference-2015","status":"publish","type":"post","link":"https:\/\/drogriporter.hu\/en\/we-are-a-movement-for-freedom-drug-policy-reform-conference-2015\/","title":{"rendered":"We Are a Movement for Freedom &#8211; Drug Policy Reform Conference 2015"},"content":{"rendered":"\n<p>Progress should not cause us to lose sight of our core values. Please watch our video and read our article about the 2015 International Drug Policy Reform Conference, which was held in Washington DC between 18-21 November!<\/p>\n\n\n\n<!--more-->\n\n\n\n<p>The biannual International Drug Policy Reform Conferences, organised by the Drug Policy Alliance, have always had a special place in my heart. The first time I attended a DPA conference \u2013 thanks to an Open Society Foundations scholarship &#8211; was in New Jersey, 2003. At that time, I was a newly-graduated history student, uncertain how to proceed with my career. I was interested in the history of drug prohibition, but my knowledge was limited to a few books and articles I had read at the university library. It was the DPA conference that opened my eyes and changed my way of thinking. A new world was unfolding in front of me, full of exciting issues and wonderful activists \u2013 among whom, Ethan Nadelmann was the most inspiring. I was caught up in this new world, and have been working in the drug policy reform movement ever since.<\/p>\n\n\n\n<figure class=\"wp-block-embed is-type-video is-provider-youtube wp-block-embed-youtube wp-embed-aspect-16-9 wp-has-aspect-ratio\"><div class=\"wp-block-embed__wrapper\">\n<iframe loading=\"lazy\" title=\"WE ARE A MOVEMENT FOR FREEDOM:  International Drug Policy Reform Conference 2015\" width=\"500\" height=\"281\" src=\"https:\/\/www.youtube.com\/embed\/uvv9WYQAlJQ?feature=oembed\" frameborder=\"0\" allow=\"accelerometer; autoplay; clipboard-write; encrypted-media; gyroscope; picture-in-picture; web-share\" referrerpolicy=\"strict-origin-when-cross-origin\" allowfullscreen><\/iframe>\n<\/div><\/figure>\n\n\n\n<p><strong>This year Drugreporter was again the official film maker of the event &#8211; please watch this short movie to get a taste of the conference!\u00a0<\/strong><\/p>\n\n\n\n<p>Perhaps it was scholarly interest that led me to the world of drug policy reform &#8211; but it was its strong connection to social justice and personal freedom that appealed to me the most. I had never previously realised the sheer number of ways in which the so-called War on Drugs affects vulnerable communities and ruins lives around the world, including racial discrimination, mass incarceration, social exclusion, the global HIV and hepatitis C epidemics, overdose deaths, and violent crime. I came to realise that most of the harms I had previously attributed to drug use per se, should instead more properly be attributed to punitive drug policies. I recognised the insanity of policies which seek to eradicate human behaviours which are as old as human civilisation &#8211; and I learned about the alternative harm reduction strategies for dealing with risky behaviour. The DPA conference was the best school I could find. As we European participants, often whisper among ourselves, it is a very American conference. Sometimes, it even resembles a cult. But make no mistake: it is much more than preaching to the converted. It is a learning ground, where many people can confront the realities of the drug war. It energises those who have lost faith after continual struggles with prejudice and hate.<\/p>\n\n\n\n<p><strong><img decoding=\"async\" style=\"width: 750px;\" src=\"\/wp-content\/uploads\/sites\/8\/drogriporter\/imce\/final_edit.00_08_15_09.still003.jpg\" alt=\"\"><\/strong><\/p>\n\n\n\n<p><strong>Members of <a href=\"https:\/\/www.vocal-ny.org\/\">VOCAL New York<\/a> are interviewed by Drugreporter at the conference<\/strong><\/p>\n\n\n\n<p><img decoding=\"async\" style=\"width: 750px;\" src=\"\/wp-content\/uploads\/sites\/8\/drogriporter\/imce\/final_edit.00_08_00_06.still004.jpg\" alt=\"\"><strong>\u00a0<\/strong><\/p>\n\n\n\n<p><strong>Dan Bigg, head of the <a href=\"https:\/\/www.anypositivechange.org\/menu.html\">Chicago Recovery Alliance<\/a>, winner of the <a href=\"https:\/\/www.drugpolicy.org\/news\/2015\/11\/dan-bigg-receive-award-international-drug-policy-reform-conference-life-saving-work-nal\">Normann E. Zinberg Award<\/a> is interviewed by Drugreporter<\/strong><\/p>\n\n\n\n<p>America was quite a different place then. Those were the dark years of the Bush administration, when\u00a0the War on Drugs was being waged in earnest, and the US acted like the anti-drug policeman of the world, exporting its punitive approach to other countries. It is incredible how much progress the drug policy reform movement has made since then. Public opinion has shifted in the US towards legalising a plant which has been banned and demonised since 1937. 23 states have legalised the medical use of marijuana, and four have also legalised its recreational use. Federal prohibition is on the back foot, with more and more legislators joining the bipartisan fight to end it. And it is not just marijuana. The movement itself has become incredibly colourful, and has matured. It has recognised the voice of the communities most heavily affected by the drug war, but which had hitherto been voiceless \u2013 African-Americans and Latinos. It has embraced psychedelic researchers, environmentalists, LGBTQ people, injecting drug users and feminists \u2013 progressives and conservatives, professionals and community activists, harm reducers and recovery service providers &#8211; groups with little in common, beyond their desire to end the War on Drugs.<\/p>\n\n\n\n<p>As Ethan Nadelmann said in his opening speech, progress entails a risk of losing sight of the core values we started to fight for in the first place. This new hybrid movement is now struggling with self-definition, manifold divisions and tensions. Now that the end of federal prohibition is nigh, there are debates about what comes next. Many people fear that their ideals will be sacrificed on the altar of big business; the case of Ohio is a good example. Many people fear that vulnerable communities will be left behind by those who are only interested in middle-class white guys smoking marijuana legally. After all, is it not Black and Latino people who have suffered the most from racial profiling and mass incarceration? The legalisation of marijuana goes nowhere close to to easing their suffering. Moreover, international participants at the conference are concerned about the lack of interest shown by far too many Americans, in any sort of global perspective. How can an injecting drug user, detained in a boot camp in Vietnam, benefit from the end of marijuana prohibition in the US? There are parts of the world where no progress is being made &#8211; just the dark reality of abuse and punishment.<\/p>\n\n\n\n<p>Ethan was right to remind us that this movement is first and foremost about freedom and social justice &#8211; for all. I hope that the next DPA conference will see more celebration of success &#8211; but even more inclusion and openness to the problems of those who feel left behind.<\/p>\n\n\n\n<p>Blog: Peter Sarosi<br>Video: Istvan Gabor Takacs and Peter Sarosi<\/p>\n","protected":false},"excerpt":{"rendered":"<p>Progress should not cause us to lose sight of our core values. Please watch our video and read our article about the 2015 International Drug Policy Reform Conference, which was held in Washington DC between 18-21 November!<\/p>\n","protected":false},"author":1005,"featured_media":6168,"comment_status":"open","ping_status":"open","sticky":false,"template":"","format":"standard","meta":{"_genesis_hide_title":false,"_genesis_hide_breadcrumbs":false,"_genesis_hide_singular_image":false,"_genesis_hide_footer_widgets":false,"_genesis_custom_body_class":"","_genesis_custom_post_class":"","_genesis_layout":"","footnotes":""},"categories":[2900,2894],"tags":[],"countries":[2761,2687],"section":[],"video-author":[2921],"drug":[],"archive":[3214,3222,3236,3237,3228,3239,3240,3247,3250],"video-series":[3251],"class_list":{"0":"post-6460","1":"post","2":"type-post","3":"status-publish","4":"format-standard","5":"has-post-thumbnail","7":"category-articles","8":"category-video-database","9":"countries-global-drug-policy-related-films","10":"countries-usa-en","11":"video-author-drugreporter","12":"archive-drug-policy-and-law","13":"archive-harm-reduction","14":"archive-marijuana-policies","15":"archive-medical-marijuana","16":"archive-overdose-prevention","17":"archive-psychedelic-medicines","18":"archive-regulation-and-control","19":"archive-united-nations-drug-policy","20":"archive-us-drug-policy","21":"video-series-drug-policy-alliance-conferences","22":"entry"},"featured_image_src":"https:\/\/drogriporter.hu\/wp-content\/uploads\/sites\/8\/2015\/12\/screen_shot_2015-12-01_at_11.51.09.png","author_info":{"display_name":"P\u00e9ter S\u00e1rosi","author_link":"https:\/\/drogriporter.hu\/en\/author\/sarosip-2\/"},"yoast_head":"<!-- This site is optimized with the Yoast SEO Premium plugin  - https:\/\/yoast.com\/product\/yoast-seo-premium-wordpress\/ -->\n<title>We Are a Movement for Freedom - Drug Policy Reform Conference 2015 - Drugreporter<\/title>\n<meta name=\"robots\" content=\"index, follow, max-snippet:-1, max-image-preview:large, max-video-preview:-1\" \/>\n<link rel=\"canonical\" href=\"https:\/\/drogriporter.hu\/en\/we-are-a-movement-for-freedom-drug-policy-reform-conference-2015\/\" \/>\n<meta property=\"og:locale\" content=\"en_US\" \/>\n<meta property=\"og:type\" content=\"article\" \/>\n<meta property=\"og:title\" content=\"We Are a Movement for Freedom - Drug Policy Reform Conference 2015\" \/>\n<meta property=\"og:description\" content=\"Progress should not cause us to lose sight of our core values. Please watch our video and read our article about the 2015 International Drug Policy Reform Conference, which was held in Washington DC between 18-21 November!\" \/>\n<meta property=\"og:url\" content=\"https:\/\/drogriporter.hu\/en\/we-are-a-movement-for-freedom-drug-policy-reform-conference-2015\/\" \/>\n<meta property=\"og:site_name\" content=\"Drugreporter\" \/>\n<meta property=\"article:published_time\" content=\"2015-11-22T16:59:55+00:00\" \/>\n<meta property=\"article:modified_time\" content=\"2022-07-04T12:54:44+00:00\" \/>\n<meta property=\"og:image\" content=\"https:\/\/drogriporter.hu\/wp-content\/uploads\/sites\/8\/2015\/12\/screen_shot_2015-12-01_at_11.51.09.png\" \/>\n\t<meta property=\"og:image:width\" content=\"640\" \/>\n\t<meta property=\"og:image:height\" content=\"360\" \/>\n\t<meta property=\"og:image:type\" content=\"image\/png\" \/>\n<meta name=\"author\" content=\"P\u00e9ter S\u00e1rosi\" \/>\n<meta name=\"twitter:card\" content=\"summary_large_image\" \/>\n<meta name=\"twitter:label1\" content=\"Written by\" \/>\n\t<meta name=\"twitter:data1\" content=\"P\u00e9ter S\u00e1rosi\" \/>\n\t<meta name=\"twitter:label2\" content=\"Est. reading time\" \/>\n\t<meta name=\"twitter:data2\" content=\"5 minutes\" \/>\n<script type=\"application\/ld+json\" class=\"yoast-schema-graph\">{\"@context\":\"https:\\\/\\\/schema.org\",\"@graph\":[{\"@type\":\"Article\",\"@id\":\"https:\\\/\\\/drogriporter.hu\\\/en\\\/we-are-a-movement-for-freedom-drug-policy-reform-conference-2015\\\/#article\",\"isPartOf\":{\"@id\":\"https:\\\/\\\/drogriporter.hu\\\/en\\\/we-are-a-movement-for-freedom-drug-policy-reform-conference-2015\\\/\"},\"author\":{\"name\":\"P\u00e9ter S\u00e1rosi\",\"@id\":\"https:\\\/\\\/drogriporter.hu\\\/en\\\/#\\\/schema\\\/person\\\/fb6cc5151784cb72290e136439b8cfbf\"},\"headline\":\"We Are a Movement for Freedom &#8211; Drug Policy Reform Conference 2015\",\"datePublished\":\"2015-11-22T16:59:55+00:00\",\"dateModified\":\"2022-07-04T12:54:44+00:00\",\"mainEntityOfPage\":{\"@id\":\"https:\\\/\\\/drogriporter.hu\\\/en\\\/we-are-a-movement-for-freedom-drug-policy-reform-conference-2015\\\/\"},\"wordCount\":925,\"commentCount\":0,\"image\":{\"@id\":\"https:\\\/\\\/drogriporter.hu\\\/en\\\/we-are-a-movement-for-freedom-drug-policy-reform-conference-2015\\\/#primaryimage\"},\"thumbnailUrl\":\"https:\\\/\\\/drogriporter.hu\\\/wp-content\\\/uploads\\\/sites\\\/8\\\/2015\\\/12\\\/screen_shot_2015-12-01_at_11.51.09.png\",\"articleSection\":[\"Articles\",\"Video Database\"],\"inLanguage\":\"en-US\"},{\"@type\":\"WebPage\",\"@id\":\"https:\\\/\\\/drogriporter.hu\\\/en\\\/we-are-a-movement-for-freedom-drug-policy-reform-conference-2015\\\/\",\"url\":\"https:\\\/\\\/drogriporter.hu\\\/en\\\/we-are-a-movement-for-freedom-drug-policy-reform-conference-2015\\\/\",\"name\":\"We Are a Movement for Freedom - Drug Policy Reform Conference 2015 - Drugreporter\",\"isPartOf\":{\"@id\":\"https:\\\/\\\/drogriporter.hu\\\/en\\\/#website\"},\"primaryImageOfPage\":{\"@id\":\"https:\\\/\\\/drogriporter.hu\\\/en\\\/we-are-a-movement-for-freedom-drug-policy-reform-conference-2015\\\/#primaryimage\"},\"image\":{\"@id\":\"https:\\\/\\\/drogriporter.hu\\\/en\\\/we-are-a-movement-for-freedom-drug-policy-reform-conference-2015\\\/#primaryimage\"},\"thumbnailUrl\":\"https:\\\/\\\/drogriporter.hu\\\/wp-content\\\/uploads\\\/sites\\\/8\\\/2015\\\/12\\\/screen_shot_2015-12-01_at_11.51.09.png\",\"datePublished\":\"2015-11-22T16:59:55+00:00\",\"dateModified\":\"2022-07-04T12:54:44+00:00\",\"author\":{\"@id\":\"https:\\\/\\\/drogriporter.hu\\\/en\\\/#\\\/schema\\\/person\\\/fb6cc5151784cb72290e136439b8cfbf\"},\"breadcrumb\":{\"@id\":\"https:\\\/\\\/drogriporter.hu\\\/en\\\/we-are-a-movement-for-freedom-drug-policy-reform-conference-2015\\\/#breadcrumb\"},\"inLanguage\":\"en-US\",\"potentialAction\":[{\"@type\":\"ReadAction\",\"target\":[\"https:\\\/\\\/drogriporter.hu\\\/en\\\/we-are-a-movement-for-freedom-drug-policy-reform-conference-2015\\\/\"]}]},{\"@type\":\"ImageObject\",\"inLanguage\":\"en-US\",\"@id\":\"https:\\\/\\\/drogriporter.hu\\\/en\\\/we-are-a-movement-for-freedom-drug-policy-reform-conference-2015\\\/#primaryimage\",\"url\":\"https:\\\/\\\/drogriporter.hu\\\/wp-content\\\/uploads\\\/sites\\\/8\\\/2015\\\/12\\\/screen_shot_2015-12-01_at_11.51.09.png\",\"contentUrl\":\"https:\\\/\\\/drogriporter.hu\\\/wp-content\\\/uploads\\\/sites\\\/8\\\/2015\\\/12\\\/screen_shot_2015-12-01_at_11.51.09.png\",\"width\":640,\"height\":360},{\"@type\":\"BreadcrumbList\",\"@id\":\"https:\\\/\\\/drogriporter.hu\\\/en\\\/we-are-a-movement-for-freedom-drug-policy-reform-conference-2015\\\/#breadcrumb\",\"itemListElement\":[{\"@type\":\"ListItem\",\"position\":1,\"name\":\"Home\",\"item\":\"https:\\\/\\\/drogriporter.hu\\\/en\\\/\"},{\"@type\":\"ListItem\",\"position\":2,\"name\":\"We Are a Movement for Freedom &#8211; Drug Policy Reform Conference 2015\"}]},{\"@type\":\"WebSite\",\"@id\":\"https:\\\/\\\/drogriporter.hu\\\/en\\\/#website\",\"url\":\"https:\\\/\\\/drogriporter.hu\\\/en\\\/\",\"name\":\"Drugreporter\",\"description\":\"News and Films from the Frontline of the War on Drugs\",\"potentialAction\":[{\"@type\":\"SearchAction\",\"target\":{\"@type\":\"EntryPoint\",\"urlTemplate\":\"https:\\\/\\\/drogriporter.hu\\\/en\\\/?s={search_term_string}\"},\"query-input\":{\"@type\":\"PropertyValueSpecification\",\"valueRequired\":true,\"valueName\":\"search_term_string\"}}],\"inLanguage\":\"en-US\"},{\"@type\":\"Person\",\"@id\":\"https:\\\/\\\/drogriporter.hu\\\/en\\\/#\\\/schema\\\/person\\\/fb6cc5151784cb72290e136439b8cfbf\",\"name\":\"P\u00e9ter S\u00e1rosi\",\"image\":{\"@type\":\"ImageObject\",\"inLanguage\":\"en-US\",\"@id\":\"https:\\\/\\\/secure.gravatar.com\\\/avatar\\\/b0d99f928865d28655d1d76062ad4e267f8cdb42a281930f70dd9a875b94be0b?s=96&d=mm&r=g\",\"url\":\"https:\\\/\\\/secure.gravatar.com\\\/avatar\\\/b0d99f928865d28655d1d76062ad4e267f8cdb42a281930f70dd9a875b94be0b?s=96&d=mm&r=g\",\"contentUrl\":\"https:\\\/\\\/secure.gravatar.com\\\/avatar\\\/b0d99f928865d28655d1d76062ad4e267f8cdb42a281930f70dd9a875b94be0b?s=96&d=mm&r=g\",\"caption\":\"P\u00e9ter S\u00e1rosi\"},\"description\":\"P\u00e9ter S\u00e1rosi is the Executive Director of the Rights Reporter Foundation. He is a human rights activist and drug policy expert, the founder and editor of the Drugreporter website since 2004, the author of countless articles, co-author of books and director of films about harm reduction and drug policy reform. He was the Director of the Drug Policy Program at the Hungarian Civil Liberties Union between 2004 and 2015. He is experienced in working at international drug policy forums such as the Commission on Narcotic Drugs. He was twice elected to the Core Group of the EU Civil Society Forum on Drugs. He is the co-chair of the Eurasian Harm Reduction Network. He has been representing the Hungarian Harm Reduction Network at the government\u2019s drug advisory body in Hungary since 2007. Peter also contributed to building a network of advocacy NGOs in Europe: the European Drug Policy Initiative. He provided technical assistance to several NGOs, and launched several campaigns on drug policy reform. As a member of the Drugreporter video advocacy team, he has produced videos about drug policy issues in a number of countries. These videos are now part of a unique online drug policy video library.\",\"url\":\"https:\\\/\\\/drogriporter.hu\\\/en\\\/author\\\/sarosip-2\\\/\"}]}<\/script>\n<!-- \/ Yoast SEO Premium plugin. -->","yoast_head_json":{"title":"We Are a Movement for Freedom - Drug Policy Reform Conference 2015 - Drugreporter","robots":{"index":"index","follow":"follow","max-snippet":"max-snippet:-1","max-image-preview":"max-image-preview:large","max-video-preview":"max-video-preview:-1"},"canonical":"https:\/\/drogriporter.hu\/en\/we-are-a-movement-for-freedom-drug-policy-reform-conference-2015\/","og_locale":"en_US","og_type":"article","og_title":"We Are a Movement for Freedom - Drug Policy Reform Conference 2015","og_description":"Progress should not cause us to lose sight of our core values. Please watch our video and read our article about the 2015 International Drug Policy Reform Conference, which was held in Washington DC between 18-21 November!","og_url":"https:\/\/drogriporter.hu\/en\/we-are-a-movement-for-freedom-drug-policy-reform-conference-2015\/","og_site_name":"Drugreporter","article_published_time":"2015-11-22T16:59:55+00:00","article_modified_time":"2022-07-04T12:54:44+00:00","og_image":[{"width":640,"height":360,"url":"https:\/\/drogriporter.hu\/wp-content\/uploads\/sites\/8\/2015\/12\/screen_shot_2015-12-01_at_11.51.09.png","type":"image\/png"}],"author":"P\u00e9ter S\u00e1rosi","twitter_card":"summary_large_image","twitter_misc":{"Written by":"P\u00e9ter S\u00e1rosi","Est. reading time":"5 minutes"},"schema":{"@context":"https:\/\/schema.org","@graph":[{"@type":"Article","@id":"https:\/\/drogriporter.hu\/en\/we-are-a-movement-for-freedom-drug-policy-reform-conference-2015\/#article","isPartOf":{"@id":"https:\/\/drogriporter.hu\/en\/we-are-a-movement-for-freedom-drug-policy-reform-conference-2015\/"},"author":{"name":"P\u00e9ter S\u00e1rosi","@id":"https:\/\/drogriporter.hu\/en\/#\/schema\/person\/fb6cc5151784cb72290e136439b8cfbf"},"headline":"We Are a Movement for Freedom &#8211; Drug Policy Reform Conference 2015","datePublished":"2015-11-22T16:59:55+00:00","dateModified":"2022-07-04T12:54:44+00:00","mainEntityOfPage":{"@id":"https:\/\/drogriporter.hu\/en\/we-are-a-movement-for-freedom-drug-policy-reform-conference-2015\/"},"wordCount":925,"commentCount":0,"image":{"@id":"https:\/\/drogriporter.hu\/en\/we-are-a-movement-for-freedom-drug-policy-reform-conference-2015\/#primaryimage"},"thumbnailUrl":"https:\/\/drogriporter.hu\/wp-content\/uploads\/sites\/8\/2015\/12\/screen_shot_2015-12-01_at_11.51.09.png","articleSection":["Articles","Video Database"],"inLanguage":"en-US"},{"@type":"WebPage","@id":"https:\/\/drogriporter.hu\/en\/we-are-a-movement-for-freedom-drug-policy-reform-conference-2015\/","url":"https:\/\/drogriporter.hu\/en\/we-are-a-movement-for-freedom-drug-policy-reform-conference-2015\/","name":"We Are a Movement for Freedom - Drug Policy Reform Conference 2015 - Drugreporter","isPartOf":{"@id":"https:\/\/drogriporter.hu\/en\/#website"},"primaryImageOfPage":{"@id":"https:\/\/drogriporter.hu\/en\/we-are-a-movement-for-freedom-drug-policy-reform-conference-2015\/#primaryimage"},"image":{"@id":"https:\/\/drogriporter.hu\/en\/we-are-a-movement-for-freedom-drug-policy-reform-conference-2015\/#primaryimage"},"thumbnailUrl":"https:\/\/drogriporter.hu\/wp-content\/uploads\/sites\/8\/2015\/12\/screen_shot_2015-12-01_at_11.51.09.png","datePublished":"2015-11-22T16:59:55+00:00","dateModified":"2022-07-04T12:54:44+00:00","author":{"@id":"https:\/\/drogriporter.hu\/en\/#\/schema\/person\/fb6cc5151784cb72290e136439b8cfbf"},"breadcrumb":{"@id":"https:\/\/drogriporter.hu\/en\/we-are-a-movement-for-freedom-drug-policy-reform-conference-2015\/#breadcrumb"},"inLanguage":"en-US","potentialAction":[{"@type":"ReadAction","target":["https:\/\/drogriporter.hu\/en\/we-are-a-movement-for-freedom-drug-policy-reform-conference-2015\/"]}]},{"@type":"ImageObject","inLanguage":"en-US","@id":"https:\/\/drogriporter.hu\/en\/we-are-a-movement-for-freedom-drug-policy-reform-conference-2015\/#primaryimage","url":"https:\/\/drogriporter.hu\/wp-content\/uploads\/sites\/8\/2015\/12\/screen_shot_2015-12-01_at_11.51.09.png","contentUrl":"https:\/\/drogriporter.hu\/wp-content\/uploads\/sites\/8\/2015\/12\/screen_shot_2015-12-01_at_11.51.09.png","width":640,"height":360},{"@type":"BreadcrumbList","@id":"https:\/\/drogriporter.hu\/en\/we-are-a-movement-for-freedom-drug-policy-reform-conference-2015\/#breadcrumb","itemListElement":[{"@type":"ListItem","position":1,"name":"Home","item":"https:\/\/drogriporter.hu\/en\/"},{"@type":"ListItem","position":2,"name":"We Are a Movement for Freedom &#8211; Drug Policy Reform Conference 2015"}]},{"@type":"WebSite","@id":"https:\/\/drogriporter.hu\/en\/#website","url":"https:\/\/drogriporter.hu\/en\/","name":"Drugreporter","description":"News and Films from the Frontline of the War on Drugs","potentialAction":[{"@type":"SearchAction","target":{"@type":"EntryPoint","urlTemplate":"https:\/\/drogriporter.hu\/en\/?s={search_term_string}"},"query-input":{"@type":"PropertyValueSpecification","valueRequired":true,"valueName":"search_term_string"}}],"inLanguage":"en-US"},{"@type":"Person","@id":"https:\/\/drogriporter.hu\/en\/#\/schema\/person\/fb6cc5151784cb72290e136439b8cfbf","name":"P\u00e9ter S\u00e1rosi","image":{"@type":"ImageObject","inLanguage":"en-US","@id":"https:\/\/secure.gravatar.com\/avatar\/b0d99f928865d28655d1d76062ad4e267f8cdb42a281930f70dd9a875b94be0b?s=96&d=mm&r=g","url":"https:\/\/secure.gravatar.com\/avatar\/b0d99f928865d28655d1d76062ad4e267f8cdb42a281930f70dd9a875b94be0b?s=96&d=mm&r=g","contentUrl":"https:\/\/secure.gravatar.com\/avatar\/b0d99f928865d28655d1d76062ad4e267f8cdb42a281930f70dd9a875b94be0b?s=96&d=mm&r=g","caption":"P\u00e9ter S\u00e1rosi"},"description":"P\u00e9ter S\u00e1rosi is the Executive Director of the Rights Reporter Foundation. He is a human rights activist and drug policy expert, the founder and editor of the Drugreporter website since 2004, the author of countless articles, co-author of books and director of films about harm reduction and drug policy reform. He was the Director of the Drug Policy Program at the Hungarian Civil Liberties Union between 2004 and 2015. He is experienced in working at international drug policy forums such as the Commission on Narcotic Drugs. He was twice elected to the Core Group of the EU Civil Society Forum on Drugs. He is the co-chair of the Eurasian Harm Reduction Network. He has been representing the Hungarian Harm Reduction Network at the government\u2019s drug advisory body in Hungary since 2007. Peter also contributed to building a network of advocacy NGOs in Europe: the European Drug Policy Initiative. He provided technical assistance to several NGOs, and launched several campaigns on drug policy reform. As a member of the Drugreporter video advocacy team, he has produced videos about drug policy issues in a number of countries. These videos are now part of a unique online drug policy video library.","url":"https:\/\/drogriporter.hu\/en\/author\/sarosip-2\/"}]}},"featured_image_src_square":"https:\/\/drogriporter.hu\/wp-content\/uploads\/sites\/8\/2015\/12\/screen_shot_2015-12-01_at_11.51.09.png","_links":{"self":[{"href":"https:\/\/drogriporter.hu\/en\/wp-json\/wp\/v2\/posts\/6460","targetHints":{"allow":["GET"]}}],"collection":[{"href":"https:\/\/drogriporter.hu\/en\/wp-json\/wp\/v2\/posts"}],"about":[{"href":"https:\/\/drogriporter.hu\/en\/wp-json\/wp\/v2\/types\/post"}],"author":[{"embeddable":true,"href":"https:\/\/drogriporter.hu\/en\/wp-json\/wp\/v2\/users\/1005"}],"replies":[{"embeddable":true,"href":"https:\/\/drogriporter.hu\/en\/wp-json\/wp\/v2\/comments?post=6460"}],"version-history":[{"count":0,"href":"https:\/\/drogriporter.hu\/en\/wp-json\/wp\/v2\/posts\/6460\/revisions"}],"wp:featuredmedia":[{"embeddable":true,"href":"https:\/\/drogriporter.hu\/en\/wp-json\/wp\/v2\/media\/6168"}],"wp:attachment":[{"href":"https:\/\/drogriporter.hu\/en\/wp-json\/wp\/v2\/media?parent=6460"}],"wp:term":[{"taxonomy":"category","embeddable":true,"href":"https:\/\/drogriporter.hu\/en\/wp-json\/wp\/v2\/categories?post=6460"},{"taxonomy":"post_tag","embeddable":true,"href":"https:\/\/drogriporter.hu\/en\/wp-json\/wp\/v2\/tags?post=6460"},{"taxonomy":"countries","embeddable":true,"href":"https:\/\/drogriporter.hu\/en\/wp-json\/wp\/v2\/countries?post=6460"},{"taxonomy":"section","embeddable":true,"href":"https:\/\/drogriporter.hu\/en\/wp-json\/wp\/v2\/section?post=6460"},{"taxonomy":"video-author","embeddable":true,"href":"https:\/\/drogriporter.hu\/en\/wp-json\/wp\/v2\/video-author?post=6460"},{"taxonomy":"drug","embeddable":true,"href":"https:\/\/drogriporter.hu\/en\/wp-json\/wp\/v2\/drug?post=6460"},{"taxonomy":"archive","embeddable":true,"href":"https:\/\/drogriporter.hu\/en\/wp-json\/wp\/v2\/archive?post=6460"},{"taxonomy":"video-series","embeddable":true,"href":"https:\/\/drogriporter.hu\/en\/wp-json\/wp\/v2\/video-series?post=6460"}],"curies":[{"name":"wp","href":"https:\/\/api.w.org\/{rel}","templated":true}]}}