{"id":6473,"date":"2015-10-07T11:50:10","date_gmt":"2015-10-07T11:50:10","guid":{"rendered":"https:\/\/drogriporter.hu\/the-new-civil-society-forum-on-drugs-meets-in-brussels\/"},"modified":"2022-07-04T14:47:34","modified_gmt":"2022-07-04T12:47:34","slug":"the-new-civil-society-forum-on-drugs-meets-in-brussels","status":"publish","type":"post","link":"https:\/\/drogriporter.hu\/en\/the-new-civil-society-forum-on-drugs-meets-in-brussels\/","title":{"rendered":"The New Civil Society Forum on Drugs Meets in Brussels"},"content":{"rendered":"<p>45 professionals representing civil society organisations working in the drug field gathered in Brussels to prepare advice for the European Commission and member states.<\/p>\n<p><!--more--><\/p>\n<p>The Civil Society Forum, an expert group of the European Commission, held its first annual meeting since its re-election this year. The Forum represents a diverse group of NGOs working in various fields, such as prevention, treatment, rehabilitation, harm reduction, and advocacy. Members are selected by the EU Commission based on their expertise and networking ability, and their mandate is for a two-year period. Although members are not paid for their work, and the Commission only provides a limited budget, sufficient to cover just one meeting a year, the Forum has achieved a lot in the past two years. It provided advice for the EU institutions and member states on several drug-policy-related issues, including the impact of the financial crisis on services, new psychoactive substances, quality standards within demand reduction, and preparations for the UN General Assembly Special Session on Drugs, which will be held in New York in April, 2016.<\/p>\n<p><img decoding=\"async\" alt=\"\" src=\"\/wp-content\/uploads\/sites\/8\/drogriporter\/imce\/20151005_154110.jpg\" style=\"width: 600px; height: 338px;\" \/><br \/><strong>The outgoing chair, Raminta Stuikyte is presenting the report of the previous Core Group<\/strong><\/p>\n<p>The Forum elected a new chair (Maria Phelan, <a href=\"https:\/\/www.ihra.net\/\">Harm Reduction International<\/a>) and vice-chair (Fay Watson, <a href=\"https:\/\/www.eurad.net\/\">Europe Against Drugs<\/a>) and a Core Group composed of the leadersn of the five thematic working groups. The first working group, led by David Liddle from the <a href=\"https:\/\/www.sdf.org.uk\/\">Scottish Drug Forum<\/a>, will work on minimum quality standards for demand reduction, a topic on which the previous Forum produced a paper with a set of recommendations, which were reflected in the EU Council&rsquo;s conclusions. The <a href=\"https:\/\/data.consilium.europa.eu\/doc\/document\/ST-10118-2015-INIT\/en\/pdf\">20 minimum standards<\/a> were adopted by the EU this year, to help bridge the gap between science and practice, and guide service providers and policy makers alike on how to implement effective interventions. This technical tool provides an opportunity to measure the quality of services and to design new, effective programs. The working group hopes to monitor the practical implementation of these standards in member states.<\/p>\n<p><img decoding=\"async\" alt=\"\" src=\"\/wp-content\/uploads\/sites\/8\/drogriporter\/imce\/12109090_10153735681998793_5972058985763824361_n_0.jpg\" style=\"width: 600px; height: 338px;\" \/><br \/><strong>The newly elected Core Group of the Civil Society Forum on Drugs (from left to right): Marcus Keane, Marie Nougier, Dave Liddel, Fay Watson, Maria Phelan and Peter Sarosi&nbsp;<\/strong><\/p>\n<p>The second working group, headed by Marcus Keane from the <a href=\"https:\/\/www.aldp.ie\/\">Ana Liffey Drug Project<\/a>, Ireland, focuses on civil society engagement at the national level &ndash; that is, it aims to map existing strategies and mechanisms, in order to meaningfully involve civil society in decision-making in member states. The working group will conduct a survey and produce a paper, with a set of recommendations for best practice.<\/p>\n<p>The third working group, led by the author of this article, is working on civil society input in the mid-term evaluation of the <a href=\"https:\/\/eur-lex.europa.eu\/legal-content\/EN\/TXT\/HTML\/?uri=CELEX:52012XG1229(01)&amp;from=EN\">Drug Strategy<\/a> (2013-2020) and its <a href=\"https:\/\/eur-lex.europa.eu\/legal-content\/EN\/TXT\/HTML\/?uri=CELEX:52013XG1130(01)&amp;from=EN\">Action Plan<\/a> (2013-16), as well as preparation of the new Action Plan on Drugs (2017-2020). The EU Commission is currently undertaking an exercise, with the help of an external evaluator, to assess the existing drug strategy and action plan. This process was outlined in a roadmap published in July, which anticipates a meeting between the external evaluator and the Forum. In 2012, the Forum produced a <a href=\"https:\/\/www.correlation-net.org\/images\/stories\/pdfs\/pdf_forum\/csf_drugs_recom_ec_edit_%20vers_april12_1.pdf\">paper<\/a>, with recommendations which were partly reflected in the current Action Plan. Learning from that experience, the working group decided to review which recommendations were accepted, and where we needed to do more advocacy. Our new paper will assess trends from the perspectives of service providers, as well as providing examples of best and worst practice on the ground.<\/p>\n<p>The last working group, coordinated by Marie Nougier, <a href=\"https:\/\/idpc.net\/\">International Drug Policy Consortium<\/a>, is overseeing communication between the Forum and the institutions of the EU and the UN, in order to ensure that civil society voices get heard by decision-makers. This year, the main focus of the group will be on UNGASS, the principal decision-making forum of the United Nations, which aims to discuss drug policies for the first time since 1998 (<a href=\"https:\/\/drogriporter.hu\/en\/ungasschances\">read our article!<\/a>). The Forum has <a href=\"https:\/\/drogriporter.hu\/en\/HDG_dec\">already presented<\/a> its views and recommendations on this subject several times, at the monthly governmental meetings of the Horizontal Working Party on Drugs (HDG). This time, NGOs discussed what recommendations they can propose to the EU, regarding its position paper on UNGASS, to be accepted by the HDG next month. The recommendations followed the five thematic areas of UNGASS: drugs and health, drugs and crime, drugs and human rights &amp; communities, new challenges (new psychoactive substances) and development (problems in producer countries).<\/p>\n<p>The EU Action Plan on Drugs (2013-2016) requires the European Council to organise a timely dialogue between the Forum and HDG. Altough NGOs asked the Council to give them observer status at the meetings, this request was rejected by member states. At least twice a year, the EU presidencies invite the Forum&rsquo;s representatives to deliver presentations on selected issues. On Tuesday, the EU Commission facilitated a joint meeting between the Forum and the HDG, where the EU presidency (currently Luxembourg), government officials, and civil society representatives could discuss burning issues, under Chatham House rules. At the meeting, the vice-chair of the Forum presented the findings of the <a href=\"https:\/\/vngoc.org\/details.php?id_cat=28&amp;id_cnt=107\">Global Civil Society Survey<\/a> conducted by the Vienna and New York NGO Committees, which was completed by 758 NGOs from all over the world. Representatives of the current and future EU Presidencies outlined their working plan, and discussed how the Forum and its working groups might provide input. Forum members asked the Presidencies to invite them to relevant HDG meetings, and to the conferences of national drug coordinators, to inform them about ongoing processes, and to provide ongoing access to documents.<\/p>\n<p>Peter Sarosi<\/p>\n","protected":false},"excerpt":{"rendered":"<p>45 professionals representing civil society organisations working in the drug field gathered in Brussels to prepare advice for the European Commission and member states.<\/p>\n","protected":false},"author":1005,"featured_media":6150,"comment_status":"open","ping_status":"open","sticky":false,"template":"","format":"standard","meta":{"_genesis_hide_title":false,"_genesis_hide_breadcrumbs":false,"_genesis_hide_singular_image":false,"_genesis_hide_footer_widgets":false,"_genesis_custom_body_class":"","_genesis_custom_post_class":"","_genesis_layout":"","footnotes":""},"categories":[2900],"tags":[],"countries":[],"section":[],"video-author":[],"drug":[],"archive":[3214,3219,3222,3240,3247],"video-series":[],"class_list":{"0":"post-6473","1":"post","2":"type-post","3":"status-publish","4":"format-standard","5":"has-post-thumbnail","7":"category-articles","8":"archive-drug-policy-and-law","9":"archive-european-drug-policy","10":"archive-harm-reduction","11":"archive-regulation-and-control","12":"archive-united-nations-drug-policy","13":"entry"},"featured_image_src":"https:\/\/drogriporter.hu\/wp-content\/uploads\/sites\/8\/2015\/10\/coregroup.jpg","author_info":{"display_name":"P\u00e9ter S\u00e1rosi","author_link":"https:\/\/drogriporter.hu\/en\/author\/sarosip-2\/"},"yoast_head":"<!-- This site is optimized with the Yoast SEO Premium plugin  - https:\/\/yoast.com\/product\/yoast-seo-premium-wordpress\/ -->\n<title>The New Civil Society Forum on Drugs Meets in Brussels - Drugreporter<\/title>\n<meta name=\"robots\" content=\"index, follow, max-snippet:-1, max-image-preview:large, max-video-preview:-1\" \/>\n<link rel=\"canonical\" href=\"https:\/\/drogriporter.hu\/en\/the-new-civil-society-forum-on-drugs-meets-in-brussels\/\" \/>\n<meta property=\"og:locale\" content=\"en_US\" \/>\n<meta property=\"og:type\" content=\"article\" \/>\n<meta property=\"og:title\" content=\"The New Civil Society Forum on Drugs Meets in Brussels\" \/>\n<meta property=\"og:description\" content=\"45 professionals representing civil society organisations working in the drug field gathered in Brussels to prepare advice for the European Commission and member states.\" \/>\n<meta property=\"og:url\" content=\"https:\/\/drogriporter.hu\/en\/the-new-civil-society-forum-on-drugs-meets-in-brussels\/\" \/>\n<meta property=\"og:site_name\" content=\"Drugreporter\" \/>\n<meta property=\"article:published_time\" content=\"2015-10-07T11:50:10+00:00\" \/>\n<meta property=\"article:modified_time\" content=\"2022-07-04T12:47:34+00:00\" \/>\n<meta property=\"og:image\" content=\"https:\/\/drogriporter.hu\/wp-content\/uploads\/sites\/8\/2015\/10\/coregroup.jpg\" \/>\n\t<meta property=\"og:image:width\" content=\"640\" \/>\n\t<meta property=\"og:image:height\" content=\"360\" \/>\n\t<meta property=\"og:image:type\" content=\"image\/jpeg\" \/>\n<meta name=\"author\" content=\"P\u00e9ter S\u00e1rosi\" \/>\n<meta name=\"twitter:card\" content=\"summary_large_image\" \/>\n<meta name=\"twitter:label1\" content=\"Written by\" \/>\n\t<meta name=\"twitter:data1\" content=\"P\u00e9ter S\u00e1rosi\" \/>\n\t<meta name=\"twitter:label2\" content=\"Est. reading time\" \/>\n\t<meta name=\"twitter:data2\" content=\"5 minutes\" \/>\n<script type=\"application\/ld+json\" class=\"yoast-schema-graph\">{\"@context\":\"https:\\\/\\\/schema.org\",\"@graph\":[{\"@type\":\"Article\",\"@id\":\"https:\\\/\\\/drogriporter.hu\\\/en\\\/the-new-civil-society-forum-on-drugs-meets-in-brussels\\\/#article\",\"isPartOf\":{\"@id\":\"https:\\\/\\\/drogriporter.hu\\\/en\\\/the-new-civil-society-forum-on-drugs-meets-in-brussels\\\/\"},\"author\":{\"name\":\"P\u00e9ter S\u00e1rosi\",\"@id\":\"https:\\\/\\\/drogriporter.hu\\\/en\\\/#\\\/schema\\\/person\\\/fb6cc5151784cb72290e136439b8cfbf\"},\"headline\":\"The New Civil Society Forum on Drugs Meets in Brussels\",\"datePublished\":\"2015-10-07T11:50:10+00:00\",\"dateModified\":\"2022-07-04T12:47:34+00:00\",\"mainEntityOfPage\":{\"@id\":\"https:\\\/\\\/drogriporter.hu\\\/en\\\/the-new-civil-society-forum-on-drugs-meets-in-brussels\\\/\"},\"wordCount\":939,\"commentCount\":0,\"image\":{\"@id\":\"https:\\\/\\\/drogriporter.hu\\\/en\\\/the-new-civil-society-forum-on-drugs-meets-in-brussels\\\/#primaryimage\"},\"thumbnailUrl\":\"https:\\\/\\\/drogriporter.hu\\\/wp-content\\\/uploads\\\/sites\\\/8\\\/2015\\\/10\\\/coregroup.jpg\",\"articleSection\":[\"Articles\"],\"inLanguage\":\"en-US\"},{\"@type\":\"WebPage\",\"@id\":\"https:\\\/\\\/drogriporter.hu\\\/en\\\/the-new-civil-society-forum-on-drugs-meets-in-brussels\\\/\",\"url\":\"https:\\\/\\\/drogriporter.hu\\\/en\\\/the-new-civil-society-forum-on-drugs-meets-in-brussels\\\/\",\"name\":\"The New Civil Society Forum on Drugs Meets in Brussels - Drugreporter\",\"isPartOf\":{\"@id\":\"https:\\\/\\\/drogriporter.hu\\\/en\\\/#website\"},\"primaryImageOfPage\":{\"@id\":\"https:\\\/\\\/drogriporter.hu\\\/en\\\/the-new-civil-society-forum-on-drugs-meets-in-brussels\\\/#primaryimage\"},\"image\":{\"@id\":\"https:\\\/\\\/drogriporter.hu\\\/en\\\/the-new-civil-society-forum-on-drugs-meets-in-brussels\\\/#primaryimage\"},\"thumbnailUrl\":\"https:\\\/\\\/drogriporter.hu\\\/wp-content\\\/uploads\\\/sites\\\/8\\\/2015\\\/10\\\/coregroup.jpg\",\"datePublished\":\"2015-10-07T11:50:10+00:00\",\"dateModified\":\"2022-07-04T12:47:34+00:00\",\"author\":{\"@id\":\"https:\\\/\\\/drogriporter.hu\\\/en\\\/#\\\/schema\\\/person\\\/fb6cc5151784cb72290e136439b8cfbf\"},\"breadcrumb\":{\"@id\":\"https:\\\/\\\/drogriporter.hu\\\/en\\\/the-new-civil-society-forum-on-drugs-meets-in-brussels\\\/#breadcrumb\"},\"inLanguage\":\"en-US\",\"potentialAction\":[{\"@type\":\"ReadAction\",\"target\":[\"https:\\\/\\\/drogriporter.hu\\\/en\\\/the-new-civil-society-forum-on-drugs-meets-in-brussels\\\/\"]}]},{\"@type\":\"ImageObject\",\"inLanguage\":\"en-US\",\"@id\":\"https:\\\/\\\/drogriporter.hu\\\/en\\\/the-new-civil-society-forum-on-drugs-meets-in-brussels\\\/#primaryimage\",\"url\":\"https:\\\/\\\/drogriporter.hu\\\/wp-content\\\/uploads\\\/sites\\\/8\\\/2015\\\/10\\\/coregroup.jpg\",\"contentUrl\":\"https:\\\/\\\/drogriporter.hu\\\/wp-content\\\/uploads\\\/sites\\\/8\\\/2015\\\/10\\\/coregroup.jpg\",\"width\":640,\"height\":360},{\"@type\":\"BreadcrumbList\",\"@id\":\"https:\\\/\\\/drogriporter.hu\\\/en\\\/the-new-civil-society-forum-on-drugs-meets-in-brussels\\\/#breadcrumb\",\"itemListElement\":[{\"@type\":\"ListItem\",\"position\":1,\"name\":\"Home\",\"item\":\"https:\\\/\\\/drogriporter.hu\\\/en\\\/\"},{\"@type\":\"ListItem\",\"position\":2,\"name\":\"The New Civil Society Forum on Drugs Meets in Brussels\"}]},{\"@type\":\"WebSite\",\"@id\":\"https:\\\/\\\/drogriporter.hu\\\/en\\\/#website\",\"url\":\"https:\\\/\\\/drogriporter.hu\\\/en\\\/\",\"name\":\"Drugreporter\",\"description\":\"News and Films from the Frontline of the War on Drugs\",\"potentialAction\":[{\"@type\":\"SearchAction\",\"target\":{\"@type\":\"EntryPoint\",\"urlTemplate\":\"https:\\\/\\\/drogriporter.hu\\\/en\\\/?s={search_term_string}\"},\"query-input\":{\"@type\":\"PropertyValueSpecification\",\"valueRequired\":true,\"valueName\":\"search_term_string\"}}],\"inLanguage\":\"en-US\"},{\"@type\":\"Person\",\"@id\":\"https:\\\/\\\/drogriporter.hu\\\/en\\\/#\\\/schema\\\/person\\\/fb6cc5151784cb72290e136439b8cfbf\",\"name\":\"P\u00e9ter S\u00e1rosi\",\"image\":{\"@type\":\"ImageObject\",\"inLanguage\":\"en-US\",\"@id\":\"https:\\\/\\\/secure.gravatar.com\\\/avatar\\\/b0d99f928865d28655d1d76062ad4e267f8cdb42a281930f70dd9a875b94be0b?s=96&d=mm&r=g\",\"url\":\"https:\\\/\\\/secure.gravatar.com\\\/avatar\\\/b0d99f928865d28655d1d76062ad4e267f8cdb42a281930f70dd9a875b94be0b?s=96&d=mm&r=g\",\"contentUrl\":\"https:\\\/\\\/secure.gravatar.com\\\/avatar\\\/b0d99f928865d28655d1d76062ad4e267f8cdb42a281930f70dd9a875b94be0b?s=96&d=mm&r=g\",\"caption\":\"P\u00e9ter S\u00e1rosi\"},\"description\":\"P\u00e9ter S\u00e1rosi is the Executive Director of the Rights Reporter Foundation. He is a human rights activist and drug policy expert, the founder and editor of the Drugreporter website since 2004, the author of countless articles, co-author of books and director of films about harm reduction and drug policy reform. He was the Director of the Drug Policy Program at the Hungarian Civil Liberties Union between 2004 and 2015. He is experienced in working at international drug policy forums such as the Commission on Narcotic Drugs. He was twice elected to the Core Group of the EU Civil Society Forum on Drugs. He is the co-chair of the Eurasian Harm Reduction Network. He has been representing the Hungarian Harm Reduction Network at the government\u2019s drug advisory body in Hungary since 2007. Peter also contributed to building a network of advocacy NGOs in Europe: the European Drug Policy Initiative. He provided technical assistance to several NGOs, and launched several campaigns on drug policy reform. As a member of the Drugreporter video advocacy team, he has produced videos about drug policy issues in a number of countries. These videos are now part of a unique online drug policy video library.\",\"url\":\"https:\\\/\\\/drogriporter.hu\\\/en\\\/author\\\/sarosip-2\\\/\"}]}<\/script>\n<!-- \/ Yoast SEO Premium plugin. -->","yoast_head_json":{"title":"The New Civil Society Forum on Drugs Meets in Brussels - Drugreporter","robots":{"index":"index","follow":"follow","max-snippet":"max-snippet:-1","max-image-preview":"max-image-preview:large","max-video-preview":"max-video-preview:-1"},"canonical":"https:\/\/drogriporter.hu\/en\/the-new-civil-society-forum-on-drugs-meets-in-brussels\/","og_locale":"en_US","og_type":"article","og_title":"The New Civil Society Forum on Drugs Meets in Brussels","og_description":"45 professionals representing civil society organisations working in the drug field gathered in Brussels to prepare advice for the European Commission and member states.","og_url":"https:\/\/drogriporter.hu\/en\/the-new-civil-society-forum-on-drugs-meets-in-brussels\/","og_site_name":"Drugreporter","article_published_time":"2015-10-07T11:50:10+00:00","article_modified_time":"2022-07-04T12:47:34+00:00","og_image":[{"width":640,"height":360,"url":"https:\/\/drogriporter.hu\/wp-content\/uploads\/sites\/8\/2015\/10\/coregroup.jpg","type":"image\/jpeg"}],"author":"P\u00e9ter S\u00e1rosi","twitter_card":"summary_large_image","twitter_misc":{"Written by":"P\u00e9ter S\u00e1rosi","Est. reading time":"5 minutes"},"schema":{"@context":"https:\/\/schema.org","@graph":[{"@type":"Article","@id":"https:\/\/drogriporter.hu\/en\/the-new-civil-society-forum-on-drugs-meets-in-brussels\/#article","isPartOf":{"@id":"https:\/\/drogriporter.hu\/en\/the-new-civil-society-forum-on-drugs-meets-in-brussels\/"},"author":{"name":"P\u00e9ter S\u00e1rosi","@id":"https:\/\/drogriporter.hu\/en\/#\/schema\/person\/fb6cc5151784cb72290e136439b8cfbf"},"headline":"The New Civil Society Forum on Drugs Meets in Brussels","datePublished":"2015-10-07T11:50:10+00:00","dateModified":"2022-07-04T12:47:34+00:00","mainEntityOfPage":{"@id":"https:\/\/drogriporter.hu\/en\/the-new-civil-society-forum-on-drugs-meets-in-brussels\/"},"wordCount":939,"commentCount":0,"image":{"@id":"https:\/\/drogriporter.hu\/en\/the-new-civil-society-forum-on-drugs-meets-in-brussels\/#primaryimage"},"thumbnailUrl":"https:\/\/drogriporter.hu\/wp-content\/uploads\/sites\/8\/2015\/10\/coregroup.jpg","articleSection":["Articles"],"inLanguage":"en-US"},{"@type":"WebPage","@id":"https:\/\/drogriporter.hu\/en\/the-new-civil-society-forum-on-drugs-meets-in-brussels\/","url":"https:\/\/drogriporter.hu\/en\/the-new-civil-society-forum-on-drugs-meets-in-brussels\/","name":"The New Civil Society Forum on Drugs Meets in Brussels - Drugreporter","isPartOf":{"@id":"https:\/\/drogriporter.hu\/en\/#website"},"primaryImageOfPage":{"@id":"https:\/\/drogriporter.hu\/en\/the-new-civil-society-forum-on-drugs-meets-in-brussels\/#primaryimage"},"image":{"@id":"https:\/\/drogriporter.hu\/en\/the-new-civil-society-forum-on-drugs-meets-in-brussels\/#primaryimage"},"thumbnailUrl":"https:\/\/drogriporter.hu\/wp-content\/uploads\/sites\/8\/2015\/10\/coregroup.jpg","datePublished":"2015-10-07T11:50:10+00:00","dateModified":"2022-07-04T12:47:34+00:00","author":{"@id":"https:\/\/drogriporter.hu\/en\/#\/schema\/person\/fb6cc5151784cb72290e136439b8cfbf"},"breadcrumb":{"@id":"https:\/\/drogriporter.hu\/en\/the-new-civil-society-forum-on-drugs-meets-in-brussels\/#breadcrumb"},"inLanguage":"en-US","potentialAction":[{"@type":"ReadAction","target":["https:\/\/drogriporter.hu\/en\/the-new-civil-society-forum-on-drugs-meets-in-brussels\/"]}]},{"@type":"ImageObject","inLanguage":"en-US","@id":"https:\/\/drogriporter.hu\/en\/the-new-civil-society-forum-on-drugs-meets-in-brussels\/#primaryimage","url":"https:\/\/drogriporter.hu\/wp-content\/uploads\/sites\/8\/2015\/10\/coregroup.jpg","contentUrl":"https:\/\/drogriporter.hu\/wp-content\/uploads\/sites\/8\/2015\/10\/coregroup.jpg","width":640,"height":360},{"@type":"BreadcrumbList","@id":"https:\/\/drogriporter.hu\/en\/the-new-civil-society-forum-on-drugs-meets-in-brussels\/#breadcrumb","itemListElement":[{"@type":"ListItem","position":1,"name":"Home","item":"https:\/\/drogriporter.hu\/en\/"},{"@type":"ListItem","position":2,"name":"The New Civil Society Forum on Drugs Meets in Brussels"}]},{"@type":"WebSite","@id":"https:\/\/drogriporter.hu\/en\/#website","url":"https:\/\/drogriporter.hu\/en\/","name":"Drugreporter","description":"News and Films from the Frontline of the War on Drugs","potentialAction":[{"@type":"SearchAction","target":{"@type":"EntryPoint","urlTemplate":"https:\/\/drogriporter.hu\/en\/?s={search_term_string}"},"query-input":{"@type":"PropertyValueSpecification","valueRequired":true,"valueName":"search_term_string"}}],"inLanguage":"en-US"},{"@type":"Person","@id":"https:\/\/drogriporter.hu\/en\/#\/schema\/person\/fb6cc5151784cb72290e136439b8cfbf","name":"P\u00e9ter S\u00e1rosi","image":{"@type":"ImageObject","inLanguage":"en-US","@id":"https:\/\/secure.gravatar.com\/avatar\/b0d99f928865d28655d1d76062ad4e267f8cdb42a281930f70dd9a875b94be0b?s=96&d=mm&r=g","url":"https:\/\/secure.gravatar.com\/avatar\/b0d99f928865d28655d1d76062ad4e267f8cdb42a281930f70dd9a875b94be0b?s=96&d=mm&r=g","contentUrl":"https:\/\/secure.gravatar.com\/avatar\/b0d99f928865d28655d1d76062ad4e267f8cdb42a281930f70dd9a875b94be0b?s=96&d=mm&r=g","caption":"P\u00e9ter S\u00e1rosi"},"description":"P\u00e9ter S\u00e1rosi is the Executive Director of the Rights Reporter Foundation. He is a human rights activist and drug policy expert, the founder and editor of the Drugreporter website since 2004, the author of countless articles, co-author of books and director of films about harm reduction and drug policy reform. He was the Director of the Drug Policy Program at the Hungarian Civil Liberties Union between 2004 and 2015. He is experienced in working at international drug policy forums such as the Commission on Narcotic Drugs. He was twice elected to the Core Group of the EU Civil Society Forum on Drugs. He is the co-chair of the Eurasian Harm Reduction Network. He has been representing the Hungarian Harm Reduction Network at the government\u2019s drug advisory body in Hungary since 2007. Peter also contributed to building a network of advocacy NGOs in Europe: the European Drug Policy Initiative. He provided technical assistance to several NGOs, and launched several campaigns on drug policy reform. As a member of the Drugreporter video advocacy team, he has produced videos about drug policy issues in a number of countries. These videos are now part of a unique online drug policy video library.","url":"https:\/\/drogriporter.hu\/en\/author\/sarosip-2\/"}]}},"featured_image_src_square":"https:\/\/drogriporter.hu\/wp-content\/uploads\/sites\/8\/2015\/10\/coregroup.jpg","_links":{"self":[{"href":"https:\/\/drogriporter.hu\/en\/wp-json\/wp\/v2\/posts\/6473","targetHints":{"allow":["GET"]}}],"collection":[{"href":"https:\/\/drogriporter.hu\/en\/wp-json\/wp\/v2\/posts"}],"about":[{"href":"https:\/\/drogriporter.hu\/en\/wp-json\/wp\/v2\/types\/post"}],"author":[{"embeddable":true,"href":"https:\/\/drogriporter.hu\/en\/wp-json\/wp\/v2\/users\/1005"}],"replies":[{"embeddable":true,"href":"https:\/\/drogriporter.hu\/en\/wp-json\/wp\/v2\/comments?post=6473"}],"version-history":[{"count":0,"href":"https:\/\/drogriporter.hu\/en\/wp-json\/wp\/v2\/posts\/6473\/revisions"}],"wp:featuredmedia":[{"embeddable":true,"href":"https:\/\/drogriporter.hu\/en\/wp-json\/wp\/v2\/media\/6150"}],"wp:attachment":[{"href":"https:\/\/drogriporter.hu\/en\/wp-json\/wp\/v2\/media?parent=6473"}],"wp:term":[{"taxonomy":"category","embeddable":true,"href":"https:\/\/drogriporter.hu\/en\/wp-json\/wp\/v2\/categories?post=6473"},{"taxonomy":"post_tag","embeddable":true,"href":"https:\/\/drogriporter.hu\/en\/wp-json\/wp\/v2\/tags?post=6473"},{"taxonomy":"countries","embeddable":true,"href":"https:\/\/drogriporter.hu\/en\/wp-json\/wp\/v2\/countries?post=6473"},{"taxonomy":"section","embeddable":true,"href":"https:\/\/drogriporter.hu\/en\/wp-json\/wp\/v2\/section?post=6473"},{"taxonomy":"video-author","embeddable":true,"href":"https:\/\/drogriporter.hu\/en\/wp-json\/wp\/v2\/video-author?post=6473"},{"taxonomy":"drug","embeddable":true,"href":"https:\/\/drogriporter.hu\/en\/wp-json\/wp\/v2\/drug?post=6473"},{"taxonomy":"archive","embeddable":true,"href":"https:\/\/drogriporter.hu\/en\/wp-json\/wp\/v2\/archive?post=6473"},{"taxonomy":"video-series","embeddable":true,"href":"https:\/\/drogriporter.hu\/en\/wp-json\/wp\/v2\/video-series?post=6473"}],"curies":[{"name":"wp","href":"https:\/\/api.w.org\/{rel}","templated":true}]}}