{"id":6517,"date":"2014-12-15T11:26:32","date_gmt":"2014-12-15T11:26:32","guid":{"rendered":"https:\/\/drogriporter.hu\/high-hopes-in-serbia-for-regulated-medical-marijuana\/"},"modified":"2022-07-04T14:31:16","modified_gmt":"2022-07-04T12:31:16","slug":"high-hopes-in-serbia-for-regulated-medical-marijuana","status":"publish","type":"post","link":"https:\/\/drogriporter.hu\/en\/high-hopes-in-serbia-for-regulated-medical-marijuana\/","title":{"rendered":"High Hopes in Serbia for Regulated Medical Marijuana"},"content":{"rendered":"<p><strong>Regulated medical marijuana has come out of the blue as a feasible alternative in Serbia, where overwhelming public support favours regulating hemp-based medicines. The promised draft law is still awaited, however, and will then require the approval of the national parliament.<\/strong><\/p>\n<p><!--more--><\/p>\n<p>This September, we felt like Europeans, as in the space of a single week, the long-awaited gay parade took place, and the first public debate and workshop regarding cannabis regulation for medical purposes. Living in an ex-socialist country with an extremely right-wing government at the moment, I wasn\u2019t anticipating such quick developments in freedom rights.<\/p>\n<p>Serbia unfortunately doesn\u2019t have armies of drug policy advocates and sufficient funds to support the efforts of cannabis regulation. The situation developed rather quickly and suddenly, when a small group of young activists decided to speak to the Minister of Health regarding the decriminalisation of cannabis use for medical purposes, and received a positive response. \u201cWe did not expect to be supported by the Minister of Health, Zlatibor Lonar &#8211; but fortunately, he was aware of the possibility of using cannabis for medical purposes,\u201d said the instigator of the debate, Vladan Golubovic.<\/p>\n<p>Within a week, all the newspapers, TV and radio stations were talking about cannabis regulation for medical purposes. To the surprise of many experts in the country, there was no real opposition to the idea, with even the Serbian Orthodox Church, despite its reputation for being vocally in favour of prohibition, not arguing against it.<\/p>\n<p>Minister Lonar publicly supported the idea: \u201cAnything that brings results in treatment, even if it&#8217;s marijuana, enjoys the support of\u00a0 the Ministry of Health. There are a number of studies providing evidence that cannabis has medical value.\u201d All the other ministries within the Serbian government stayed unusually quiet throughout the public debate.<\/p>\n<p><img decoding=\"async\" style=\"width: 640px; height: 346px; border-width: 2px; border-style: solid; margin: 4px 2px;\" src=\"\/wp-content\/uploads\/sites\/8\/drogriporter\/imce\/screen_shot_2014-12-15_at_11.20.38.png\" alt=\"\" \/><\/p>\n<p>The State Secretary from the Ministry of Health stated, \u201cThe Minister has courageously stepped forward to give public support to this idea, because the law is supposed to serve the people, not the other way around. I think that no great fuss should be caused by legalisation\u201d. It definitely took courage to support such a progressive, politically delicate initiative for drug policy reform in Serbia, since none of the other government officials were willing to comment on the subject.<\/p>\n<p>The concept of cannabis regulation, moreover, turned out to have majority support. Results from a short survey conducted by the largest daily newspaper, \u201cBlic\u201d, concluded that the majority of those questioned were in favour of\u00a0 what Serbians are calling a \u201crevolutionary drug policy reform\u201d.\u00a0 Almost 11,000 people took part in the survey, and the results show that 59.6% support the legalisation of cannabis for recreational use, while 23.9% think it should be decriminalised for medical purposes only, and another 9.8% believe it should be regulated, but subject to strict controls. If we add up those numbers, 93.3% of respondents supported the idea of cannabis regulation in some form.<\/p>\n<p><img decoding=\"async\" style=\"width: 370px; height: 276px; border-width: 2px; border-style: solid; margin: 4px 2px; float: left;\" src=\"\/wp-content\/uploads\/sites\/8\/drogriporter\/imce\/publicdebatecannabis-1.jpg\" alt=\"\" \/>A public debate, entitled, \u201cHemp in Serbia &#8211; then and now\u201d was held recently, hosted by a well-known medical marijuana activist, <a href=\"mailto:https:\/\/phoenixtears.ca\/\">Rick Simpson<\/a>, founder of the Phoenix Tears Foundation. He was joined by Robert J. Melamede, PhD, Associate Professor, Department of Biology, University of Colorado, President and CEO of Cannabis Science Paul Hornby PhD, researcher, president of Hedron Analytical Inc.,\u00a0as well as medical specialists and lawyers from Serbia. The public debate was held amid high levels of public interest. Contrary to expectations, participants in the public debate were, in the main, not young people who use cannabis for recreational purposes, but worried patients in need, accompanied by their families. Numerous public figures spoke publicly about their experiences with the still-illegal treatment with cannabis. The extremely lively, loud and emotional discussion took more than two hours. Individual patients and patient organisations demanded that cannabis be regulated for medical use, with personal life stories of arrests and incarceration related to the possession and\/or production of cannabis.<\/p>\n<p>Organisers were very optimistic, announcing, \u201cIf the government agrees, it is realistic to expect that we will work on changing the law in November, legalise cannabis use for medical purposes by the spring, and harvest our first crop of cannabis next September!\u201d The estimate turned out to be unrealistic: Three months passed by, and not much has happened since. Public debate still continues, especially in the media. Coverage is mainly focussed on progressive drug policies in other counties, the benefits of medical marijuana, the pros and cons of cannabis legalisation, and patient stories. Students are organising public debates on numerous faculties in the country, while the Law on Psychoactive Substances remains as yet untouched. During the same week when the debate was held, Serbian police proudly announced that they had arrested a young man for possession of couple of cannabis seeds, because the Law on Psychoactive Substances prohibits possession of any part of a scheduled psychoactive plant, from the root to the top. Obviously there is a long way to go before full decriminalisation of medical cannabis use in Serbia. On the other hand, the debate has started, and patient advocacy efforts will be crucial for completing the task.<\/p>\n<p>All in all, it turns out that grass always seems to be greener on the other side of the fence.<\/p>\n<p><em><strong>Jovana Arsenijevi\u0107, Re Generation<\/strong><\/em><\/p>\n","protected":false},"excerpt":{"rendered":"<p>Regulated medical marijuana has come out of the blue as a feasible alternative in Serbia, where overwhelming public support favours regulating hemp-based medicines. The promised draft law is still awaited, however, and will then require the approval of the national parliament.<\/p>\n","protected":false},"author":1002,"featured_media":6033,"comment_status":"open","ping_status":"open","sticky":false,"template":"","format":"standard","meta":{"_genesis_hide_title":false,"_genesis_hide_breadcrumbs":false,"_genesis_hide_singular_image":false,"_genesis_hide_footer_widgets":false,"_genesis_custom_body_class":"","_genesis_custom_post_class":"","_genesis_layout":"","footnotes":""},"categories":[2900],"tags":[],"countries":[],"section":[],"video-author":[],"drug":[],"archive":[3212,3214,3219,3236,3239],"video-series":[],"class_list":{"0":"post-6517","1":"post","2":"type-post","3":"status-publish","4":"format-standard","5":"has-post-thumbnail","7":"category-articles","8":"archive-criminalisation","9":"archive-drug-policy-and-law","10":"archive-european-drug-policy","11":"archive-marijuana-policies","12":"archive-psychedelic-medicines","13":"entry"},"featured_image_src":"https:\/\/drogriporter.hu\/wp-content\/uploads\/sites\/8\/2014\/12\/ministerloncar_sourceblic.jpg","author_info":{"display_name":"Istv\u00e1n G\u00e1bor Tak\u00e1cs","author_link":"https:\/\/drogriporter.hu\/en\/author\/idoru\/"},"yoast_head":"<!-- This site is optimized with the Yoast SEO Premium plugin  - https:\/\/yoast.com\/product\/yoast-seo-premium-wordpress\/ -->\n<title>High Hopes in Serbia for Regulated Medical Marijuana - Drugreporter<\/title>\n<meta name=\"robots\" content=\"index, follow, max-snippet:-1, max-image-preview:large, max-video-preview:-1\" \/>\n<link rel=\"canonical\" href=\"https:\/\/drogriporter.hu\/en\/high-hopes-in-serbia-for-regulated-medical-marijuana\/\" \/>\n<meta property=\"og:locale\" content=\"en_US\" \/>\n<meta property=\"og:type\" content=\"article\" \/>\n<meta property=\"og:title\" content=\"High Hopes in Serbia for Regulated Medical Marijuana\" \/>\n<meta property=\"og:description\" content=\"Regulated medical marijuana has come out of the blue as a feasible alternative in Serbia, where overwhelming public support favours regulating hemp-based medicines. The promised draft law is still awaited, however, and will then require the approval of the national parliament.\" \/>\n<meta property=\"og:url\" content=\"https:\/\/drogriporter.hu\/en\/high-hopes-in-serbia-for-regulated-medical-marijuana\/\" \/>\n<meta property=\"og:site_name\" content=\"Drugreporter\" \/>\n<meta property=\"article:published_time\" content=\"2014-12-15T11:26:32+00:00\" \/>\n<meta property=\"article:modified_time\" content=\"2022-07-04T12:31:16+00:00\" \/>\n<meta property=\"og:image\" content=\"https:\/\/drogriporter.hu\/wp-content\/uploads\/sites\/8\/2014\/12\/ministerloncar_sourceblic.jpg\" \/>\n\t<meta property=\"og:image:width\" content=\"470\" \/>\n\t<meta property=\"og:image:height\" content=\"341\" \/>\n\t<meta property=\"og:image:type\" content=\"image\/jpeg\" \/>\n<meta name=\"author\" content=\"Istv\u00e1n G\u00e1bor Tak\u00e1cs\" \/>\n<meta name=\"twitter:card\" content=\"summary_large_image\" \/>\n<meta name=\"twitter:label1\" content=\"Written by\" \/>\n\t<meta name=\"twitter:data1\" content=\"Istv\u00e1n G\u00e1bor Tak\u00e1cs\" \/>\n\t<meta name=\"twitter:label2\" content=\"Est. reading time\" \/>\n\t<meta name=\"twitter:data2\" content=\"4 minutes\" \/>\n<script type=\"application\/ld+json\" class=\"yoast-schema-graph\">{\"@context\":\"https:\\\/\\\/schema.org\",\"@graph\":[{\"@type\":\"Article\",\"@id\":\"https:\\\/\\\/drogriporter.hu\\\/en\\\/high-hopes-in-serbia-for-regulated-medical-marijuana\\\/#article\",\"isPartOf\":{\"@id\":\"https:\\\/\\\/drogriporter.hu\\\/en\\\/high-hopes-in-serbia-for-regulated-medical-marijuana\\\/\"},\"author\":{\"name\":\"Istv\u00e1n G\u00e1bor Tak\u00e1cs\",\"@id\":\"https:\\\/\\\/drogriporter.hu\\\/en\\\/#\\\/schema\\\/person\\\/aaf6e356ecdcc3c9a6172aeb58a1c524\"},\"headline\":\"High Hopes in Serbia for Regulated Medical Marijuana\",\"datePublished\":\"2014-12-15T11:26:32+00:00\",\"dateModified\":\"2022-07-04T12:31:16+00:00\",\"mainEntityOfPage\":{\"@id\":\"https:\\\/\\\/drogriporter.hu\\\/en\\\/high-hopes-in-serbia-for-regulated-medical-marijuana\\\/\"},\"wordCount\":877,\"commentCount\":0,\"image\":{\"@id\":\"https:\\\/\\\/drogriporter.hu\\\/en\\\/high-hopes-in-serbia-for-regulated-medical-marijuana\\\/#primaryimage\"},\"thumbnailUrl\":\"https:\\\/\\\/drogriporter.hu\\\/wp-content\\\/uploads\\\/sites\\\/8\\\/2014\\\/12\\\/ministerloncar_sourceblic.jpg\",\"articleSection\":[\"Articles\"],\"inLanguage\":\"en-US\"},{\"@type\":\"WebPage\",\"@id\":\"https:\\\/\\\/drogriporter.hu\\\/en\\\/high-hopes-in-serbia-for-regulated-medical-marijuana\\\/\",\"url\":\"https:\\\/\\\/drogriporter.hu\\\/en\\\/high-hopes-in-serbia-for-regulated-medical-marijuana\\\/\",\"name\":\"High Hopes in Serbia for Regulated Medical Marijuana - Drugreporter\",\"isPartOf\":{\"@id\":\"https:\\\/\\\/drogriporter.hu\\\/en\\\/#website\"},\"primaryImageOfPage\":{\"@id\":\"https:\\\/\\\/drogriporter.hu\\\/en\\\/high-hopes-in-serbia-for-regulated-medical-marijuana\\\/#primaryimage\"},\"image\":{\"@id\":\"https:\\\/\\\/drogriporter.hu\\\/en\\\/high-hopes-in-serbia-for-regulated-medical-marijuana\\\/#primaryimage\"},\"thumbnailUrl\":\"https:\\\/\\\/drogriporter.hu\\\/wp-content\\\/uploads\\\/sites\\\/8\\\/2014\\\/12\\\/ministerloncar_sourceblic.jpg\",\"datePublished\":\"2014-12-15T11:26:32+00:00\",\"dateModified\":\"2022-07-04T12:31:16+00:00\",\"author\":{\"@id\":\"https:\\\/\\\/drogriporter.hu\\\/en\\\/#\\\/schema\\\/person\\\/aaf6e356ecdcc3c9a6172aeb58a1c524\"},\"breadcrumb\":{\"@id\":\"https:\\\/\\\/drogriporter.hu\\\/en\\\/high-hopes-in-serbia-for-regulated-medical-marijuana\\\/#breadcrumb\"},\"inLanguage\":\"en-US\",\"potentialAction\":[{\"@type\":\"ReadAction\",\"target\":[\"https:\\\/\\\/drogriporter.hu\\\/en\\\/high-hopes-in-serbia-for-regulated-medical-marijuana\\\/\"]}]},{\"@type\":\"ImageObject\",\"inLanguage\":\"en-US\",\"@id\":\"https:\\\/\\\/drogriporter.hu\\\/en\\\/high-hopes-in-serbia-for-regulated-medical-marijuana\\\/#primaryimage\",\"url\":\"https:\\\/\\\/drogriporter.hu\\\/wp-content\\\/uploads\\\/sites\\\/8\\\/2014\\\/12\\\/ministerloncar_sourceblic.jpg\",\"contentUrl\":\"https:\\\/\\\/drogriporter.hu\\\/wp-content\\\/uploads\\\/sites\\\/8\\\/2014\\\/12\\\/ministerloncar_sourceblic.jpg\",\"width\":470,\"height\":341},{\"@type\":\"BreadcrumbList\",\"@id\":\"https:\\\/\\\/drogriporter.hu\\\/en\\\/high-hopes-in-serbia-for-regulated-medical-marijuana\\\/#breadcrumb\",\"itemListElement\":[{\"@type\":\"ListItem\",\"position\":1,\"name\":\"Home\",\"item\":\"https:\\\/\\\/drogriporter.hu\\\/en\\\/\"},{\"@type\":\"ListItem\",\"position\":2,\"name\":\"High Hopes in Serbia for Regulated Medical Marijuana\"}]},{\"@type\":\"WebSite\",\"@id\":\"https:\\\/\\\/drogriporter.hu\\\/en\\\/#website\",\"url\":\"https:\\\/\\\/drogriporter.hu\\\/en\\\/\",\"name\":\"Drugreporter\",\"description\":\"News and Films from the Frontline of the War on Drugs\",\"potentialAction\":[{\"@type\":\"SearchAction\",\"target\":{\"@type\":\"EntryPoint\",\"urlTemplate\":\"https:\\\/\\\/drogriporter.hu\\\/en\\\/?s={search_term_string}\"},\"query-input\":{\"@type\":\"PropertyValueSpecification\",\"valueRequired\":true,\"valueName\":\"search_term_string\"}}],\"inLanguage\":\"en-US\"},{\"@type\":\"Person\",\"@id\":\"https:\\\/\\\/drogriporter.hu\\\/en\\\/#\\\/schema\\\/person\\\/aaf6e356ecdcc3c9a6172aeb58a1c524\",\"name\":\"Istv\u00e1n G\u00e1bor Tak\u00e1cs\",\"image\":{\"@type\":\"ImageObject\",\"inLanguage\":\"en-US\",\"@id\":\"https:\\\/\\\/secure.gravatar.com\\\/avatar\\\/658e7317f4c0b7ad030de0732edc52bd87a40097c378d9f945212f914567946c?s=96&d=mm&r=g\",\"url\":\"https:\\\/\\\/secure.gravatar.com\\\/avatar\\\/658e7317f4c0b7ad030de0732edc52bd87a40097c378d9f945212f914567946c?s=96&d=mm&r=g\",\"contentUrl\":\"https:\\\/\\\/secure.gravatar.com\\\/avatar\\\/658e7317f4c0b7ad030de0732edc52bd87a40097c378d9f945212f914567946c?s=96&d=mm&r=g\",\"caption\":\"Istv\u00e1n G\u00e1bor Tak\u00e1cs\"},\"description\":\"Istv\u00e1n G\u00e1bor Tak\u00e1cs is a human rights activist, videographer and trainer. He ran the Video Advocacy Program of the Hungarian Civil Liberties Union between 2007-2015. He worked as a needle exchange program counselor for 5 years. He is author of several articles on harm reduction and cameraman, editor, director and co-director of more than 700 online videos, among them longer documentaries, such as \u201cKostya Proletarsky\u201d (2020), \u201cTaking Back What\u2019s Ours: An Oral History of the Movement of People who Use Drugs\u201d (2020) \u201dA Day in the Life: The World of Humans Who Use Drugs\u201d (2016), \u201cWithout Rights\u201d (2009), \u201cWithout a Chance\u201d (2014), \u201cRoom in the 8th District\u201d (2014) and \u201cThe Invisible\u201d (2011). Since 2016 he works at the Rights Reporter Foundation, where besides producing films, he is training activists in video advocacy.\",\"sameAs\":[\"takacsistvangabor@rightsreporter.net\"],\"url\":\"https:\\\/\\\/drogriporter.hu\\\/en\\\/author\\\/idoru\\\/\"}]}<\/script>\n<!-- \/ Yoast SEO Premium plugin. -->","yoast_head_json":{"title":"High Hopes in Serbia for Regulated Medical Marijuana - Drugreporter","robots":{"index":"index","follow":"follow","max-snippet":"max-snippet:-1","max-image-preview":"max-image-preview:large","max-video-preview":"max-video-preview:-1"},"canonical":"https:\/\/drogriporter.hu\/en\/high-hopes-in-serbia-for-regulated-medical-marijuana\/","og_locale":"en_US","og_type":"article","og_title":"High Hopes in Serbia for Regulated Medical Marijuana","og_description":"Regulated medical marijuana has come out of the blue as a feasible alternative in Serbia, where overwhelming public support favours regulating hemp-based medicines. The promised draft law is still awaited, however, and will then require the approval of the national parliament.","og_url":"https:\/\/drogriporter.hu\/en\/high-hopes-in-serbia-for-regulated-medical-marijuana\/","og_site_name":"Drugreporter","article_published_time":"2014-12-15T11:26:32+00:00","article_modified_time":"2022-07-04T12:31:16+00:00","og_image":[{"width":470,"height":341,"url":"https:\/\/drogriporter.hu\/wp-content\/uploads\/sites\/8\/2014\/12\/ministerloncar_sourceblic.jpg","type":"image\/jpeg"}],"author":"Istv\u00e1n G\u00e1bor Tak\u00e1cs","twitter_card":"summary_large_image","twitter_misc":{"Written by":"Istv\u00e1n G\u00e1bor Tak\u00e1cs","Est. reading time":"4 minutes"},"schema":{"@context":"https:\/\/schema.org","@graph":[{"@type":"Article","@id":"https:\/\/drogriporter.hu\/en\/high-hopes-in-serbia-for-regulated-medical-marijuana\/#article","isPartOf":{"@id":"https:\/\/drogriporter.hu\/en\/high-hopes-in-serbia-for-regulated-medical-marijuana\/"},"author":{"name":"Istv\u00e1n G\u00e1bor Tak\u00e1cs","@id":"https:\/\/drogriporter.hu\/en\/#\/schema\/person\/aaf6e356ecdcc3c9a6172aeb58a1c524"},"headline":"High Hopes in Serbia for Regulated Medical Marijuana","datePublished":"2014-12-15T11:26:32+00:00","dateModified":"2022-07-04T12:31:16+00:00","mainEntityOfPage":{"@id":"https:\/\/drogriporter.hu\/en\/high-hopes-in-serbia-for-regulated-medical-marijuana\/"},"wordCount":877,"commentCount":0,"image":{"@id":"https:\/\/drogriporter.hu\/en\/high-hopes-in-serbia-for-regulated-medical-marijuana\/#primaryimage"},"thumbnailUrl":"https:\/\/drogriporter.hu\/wp-content\/uploads\/sites\/8\/2014\/12\/ministerloncar_sourceblic.jpg","articleSection":["Articles"],"inLanguage":"en-US"},{"@type":"WebPage","@id":"https:\/\/drogriporter.hu\/en\/high-hopes-in-serbia-for-regulated-medical-marijuana\/","url":"https:\/\/drogriporter.hu\/en\/high-hopes-in-serbia-for-regulated-medical-marijuana\/","name":"High Hopes in Serbia for Regulated Medical Marijuana - Drugreporter","isPartOf":{"@id":"https:\/\/drogriporter.hu\/en\/#website"},"primaryImageOfPage":{"@id":"https:\/\/drogriporter.hu\/en\/high-hopes-in-serbia-for-regulated-medical-marijuana\/#primaryimage"},"image":{"@id":"https:\/\/drogriporter.hu\/en\/high-hopes-in-serbia-for-regulated-medical-marijuana\/#primaryimage"},"thumbnailUrl":"https:\/\/drogriporter.hu\/wp-content\/uploads\/sites\/8\/2014\/12\/ministerloncar_sourceblic.jpg","datePublished":"2014-12-15T11:26:32+00:00","dateModified":"2022-07-04T12:31:16+00:00","author":{"@id":"https:\/\/drogriporter.hu\/en\/#\/schema\/person\/aaf6e356ecdcc3c9a6172aeb58a1c524"},"breadcrumb":{"@id":"https:\/\/drogriporter.hu\/en\/high-hopes-in-serbia-for-regulated-medical-marijuana\/#breadcrumb"},"inLanguage":"en-US","potentialAction":[{"@type":"ReadAction","target":["https:\/\/drogriporter.hu\/en\/high-hopes-in-serbia-for-regulated-medical-marijuana\/"]}]},{"@type":"ImageObject","inLanguage":"en-US","@id":"https:\/\/drogriporter.hu\/en\/high-hopes-in-serbia-for-regulated-medical-marijuana\/#primaryimage","url":"https:\/\/drogriporter.hu\/wp-content\/uploads\/sites\/8\/2014\/12\/ministerloncar_sourceblic.jpg","contentUrl":"https:\/\/drogriporter.hu\/wp-content\/uploads\/sites\/8\/2014\/12\/ministerloncar_sourceblic.jpg","width":470,"height":341},{"@type":"BreadcrumbList","@id":"https:\/\/drogriporter.hu\/en\/high-hopes-in-serbia-for-regulated-medical-marijuana\/#breadcrumb","itemListElement":[{"@type":"ListItem","position":1,"name":"Home","item":"https:\/\/drogriporter.hu\/en\/"},{"@type":"ListItem","position":2,"name":"High Hopes in Serbia for Regulated Medical Marijuana"}]},{"@type":"WebSite","@id":"https:\/\/drogriporter.hu\/en\/#website","url":"https:\/\/drogriporter.hu\/en\/","name":"Drugreporter","description":"News and Films from the Frontline of the War on Drugs","potentialAction":[{"@type":"SearchAction","target":{"@type":"EntryPoint","urlTemplate":"https:\/\/drogriporter.hu\/en\/?s={search_term_string}"},"query-input":{"@type":"PropertyValueSpecification","valueRequired":true,"valueName":"search_term_string"}}],"inLanguage":"en-US"},{"@type":"Person","@id":"https:\/\/drogriporter.hu\/en\/#\/schema\/person\/aaf6e356ecdcc3c9a6172aeb58a1c524","name":"Istv\u00e1n G\u00e1bor Tak\u00e1cs","image":{"@type":"ImageObject","inLanguage":"en-US","@id":"https:\/\/secure.gravatar.com\/avatar\/658e7317f4c0b7ad030de0732edc52bd87a40097c378d9f945212f914567946c?s=96&d=mm&r=g","url":"https:\/\/secure.gravatar.com\/avatar\/658e7317f4c0b7ad030de0732edc52bd87a40097c378d9f945212f914567946c?s=96&d=mm&r=g","contentUrl":"https:\/\/secure.gravatar.com\/avatar\/658e7317f4c0b7ad030de0732edc52bd87a40097c378d9f945212f914567946c?s=96&d=mm&r=g","caption":"Istv\u00e1n G\u00e1bor Tak\u00e1cs"},"description":"Istv\u00e1n G\u00e1bor Tak\u00e1cs is a human rights activist, videographer and trainer. He ran the Video Advocacy Program of the Hungarian Civil Liberties Union between 2007-2015. He worked as a needle exchange program counselor for 5 years. He is author of several articles on harm reduction and cameraman, editor, director and co-director of more than 700 online videos, among them longer documentaries, such as \u201cKostya Proletarsky\u201d (2020), \u201cTaking Back What\u2019s Ours: An Oral History of the Movement of People who Use Drugs\u201d (2020) \u201dA Day in the Life: The World of Humans Who Use Drugs\u201d (2016), \u201cWithout Rights\u201d (2009), \u201cWithout a Chance\u201d (2014), \u201cRoom in the 8th District\u201d (2014) and \u201cThe Invisible\u201d (2011). Since 2016 he works at the Rights Reporter Foundation, where besides producing films, he is training activists in video advocacy.","sameAs":["takacsistvangabor@rightsreporter.net"],"url":"https:\/\/drogriporter.hu\/en\/author\/idoru\/"}]}},"featured_image_src_square":"https:\/\/drogriporter.hu\/wp-content\/uploads\/sites\/8\/2014\/12\/ministerloncar_sourceblic.jpg","_links":{"self":[{"href":"https:\/\/drogriporter.hu\/en\/wp-json\/wp\/v2\/posts\/6517","targetHints":{"allow":["GET"]}}],"collection":[{"href":"https:\/\/drogriporter.hu\/en\/wp-json\/wp\/v2\/posts"}],"about":[{"href":"https:\/\/drogriporter.hu\/en\/wp-json\/wp\/v2\/types\/post"}],"author":[{"embeddable":true,"href":"https:\/\/drogriporter.hu\/en\/wp-json\/wp\/v2\/users\/1002"}],"replies":[{"embeddable":true,"href":"https:\/\/drogriporter.hu\/en\/wp-json\/wp\/v2\/comments?post=6517"}],"version-history":[{"count":0,"href":"https:\/\/drogriporter.hu\/en\/wp-json\/wp\/v2\/posts\/6517\/revisions"}],"wp:featuredmedia":[{"embeddable":true,"href":"https:\/\/drogriporter.hu\/en\/wp-json\/wp\/v2\/media\/6033"}],"wp:attachment":[{"href":"https:\/\/drogriporter.hu\/en\/wp-json\/wp\/v2\/media?parent=6517"}],"wp:term":[{"taxonomy":"category","embeddable":true,"href":"https:\/\/drogriporter.hu\/en\/wp-json\/wp\/v2\/categories?post=6517"},{"taxonomy":"post_tag","embeddable":true,"href":"https:\/\/drogriporter.hu\/en\/wp-json\/wp\/v2\/tags?post=6517"},{"taxonomy":"countries","embeddable":true,"href":"https:\/\/drogriporter.hu\/en\/wp-json\/wp\/v2\/countries?post=6517"},{"taxonomy":"section","embeddable":true,"href":"https:\/\/drogriporter.hu\/en\/wp-json\/wp\/v2\/section?post=6517"},{"taxonomy":"video-author","embeddable":true,"href":"https:\/\/drogriporter.hu\/en\/wp-json\/wp\/v2\/video-author?post=6517"},{"taxonomy":"drug","embeddable":true,"href":"https:\/\/drogriporter.hu\/en\/wp-json\/wp\/v2\/drug?post=6517"},{"taxonomy":"archive","embeddable":true,"href":"https:\/\/drogriporter.hu\/en\/wp-json\/wp\/v2\/archive?post=6517"},{"taxonomy":"video-series","embeddable":true,"href":"https:\/\/drogriporter.hu\/en\/wp-json\/wp\/v2\/video-series?post=6517"}],"curies":[{"name":"wp","href":"https:\/\/api.w.org\/{rel}","templated":true}]}}