{"id":6578,"date":"2013-12-06T16:09:16","date_gmt":"2013-12-06T16:09:16","guid":{"rendered":"https:\/\/drogriporter.hu\/party-leader-arrested-for-smoking-a-joint-in-public\/"},"modified":"2022-07-04T14:34:24","modified_gmt":"2022-07-04T12:34:24","slug":"party-leader-arrested-for-smoking-a-joint-in-public","status":"publish","type":"post","link":"https:\/\/drogriporter.hu\/en\/party-leader-arrested-for-smoking-a-joint-in-public\/","title":{"rendered":"Party Leader Arrested for Smoking a Joint In Public"},"content":{"rendered":"<p>Andr\u00e1s Istv\u00e1nffy, leader of a small opposition party, has been arrested by the police for smoking a joint in public, as a protest against marijuana prohibition<\/p>\n<p><!--more--><\/p>\n<p>Mr. Istv\u00e1nffy, the leader of 4K, a small extra-parliamentary social-democratic party, invited the media to witness his action at the office of NAV, the Hungarian tax authority. He paid a symbolic tax of one gramme of marijuana and smoked a joint in public, to protest against the laws that make marijuana illegal. He said he is not a regular marijuana smoker himself, and has only smoked a few joints in the last ten years. &ldquo;I&#39;m not doing this because I&#39;m personally passionate about marijuana, but as an act of civil disobedience, because the hypocrisy has become intolerable,&rdquo; he said. &ldquo;I don&#39;t want to live in a world where, if you drink a glass of spirits on a Friday evening, you can still be considered a good Hungarian citizen, but if my friend smokes a joint he is a criminal.&rdquo;<\/p>\n<p><img decoding=\"async\" alt=\"\" src=\"\/wp-content\/uploads\/sites\/8\/drogriporter\/imce\/istvanffy-andras.jpg\" style=\"width: 400px; height: 306px;\" \/><\/p>\n<p>The party leader was soon arrested by policemen, who escorted him to the police station, where he was required to provide a urine sample. This is routine procedure in drug-related cases. He was released a few hours later. If he tests positive for cannabis use, he will be prosecuted. The law provides for him to be able to attend a six-month outpatient program as an alternative to criminal sanctions. If he completes the program, the criminal charges against him will be dropped. The government amended the Criminal Code in July, making penalties tougher, so if he is arrested again within the next two years, he will become liable to criminal sanctions, including up to two years&#39; imprisonment.<\/p>\n<p>Last month, the party organised a press conference at the Ministry of Home Affairs, where Mr. Istv\u00e1nffy displayed a banner listing seven arguments for legalisation: It generates tax revenue for the state, cuts the profit of the mafia, separates the cannabis market from other drugs, does away with criminal sanctions against people who do no harm to society, enables the police to focus on real criminals, makes cannabis products safer, and makes marijuana available for medical use. The party proposed the introduction of a similar regulatory model to that which has been adopted by the US state of Colorado, where adults can legally purchase cannabis for personal use, with the state controlling the cultivation, procession and distribution of cannabis products. Some professionals, including the HCLU, agree with the agenda to reform drug laws but criticised the party for distributing stickers with the controversial message &ldquo;Pot is not a drug&rdquo;, saying that this argument is simply wrong and misleading.<\/p>\n<p>Posted by Peter Sarosi<\/p>\n","protected":false},"excerpt":{"rendered":"<p>Andr\u00e1s Istv\u00e1nffy, leader of a small opposition party, has been arrested by the police for smoking a joint in public, as a protest against marijuana prohibition<\/p>\n","protected":false},"author":1005,"featured_media":5855,"comment_status":"open","ping_status":"open","sticky":false,"template":"","format":"standard","meta":{"_genesis_hide_title":false,"_genesis_hide_breadcrumbs":false,"_genesis_hide_singular_image":false,"_genesis_hide_footer_widgets":false,"_genesis_custom_body_class":"","_genesis_custom_post_class":"","_genesis_layout":"","footnotes":""},"categories":[2900],"tags":[],"countries":[],"section":[],"video-author":[],"drug":[],"archive":[3214,3219,3236,3240],"video-series":[],"class_list":{"0":"post-6578","1":"post","2":"type-post","3":"status-publish","4":"format-standard","5":"has-post-thumbnail","7":"category-articles","8":"archive-drug-policy-and-law","9":"archive-european-drug-policy","10":"archive-marijuana-policies","11":"archive-regulation-and-control","12":"entry"},"featured_image_src":"https:\/\/drogriporter.hu\/wp-content\/uploads\/sites\/8\/2013\/12\/istvanffy1.jpg","author_info":{"display_name":"P\u00e9ter S\u00e1rosi","author_link":"https:\/\/drogriporter.hu\/en\/author\/sarosip-2\/"},"yoast_head":"<!-- This site is optimized with the Yoast SEO Premium plugin  - https:\/\/yoast.com\/product\/yoast-seo-premium-wordpress\/ -->\n<title>Party Leader Arrested for Smoking a Joint In Public - Drugreporter<\/title>\n<meta name=\"robots\" content=\"index, follow, max-snippet:-1, max-image-preview:large, max-video-preview:-1\" \/>\n<link rel=\"canonical\" href=\"https:\/\/drogriporter.hu\/en\/party-leader-arrested-for-smoking-a-joint-in-public\/\" \/>\n<meta property=\"og:locale\" content=\"en_US\" \/>\n<meta property=\"og:type\" content=\"article\" \/>\n<meta property=\"og:title\" content=\"Party Leader Arrested for Smoking a Joint In Public\" \/>\n<meta property=\"og:description\" content=\"Andr\u00e1s Istv\u00e1nffy, leader of a small opposition party, has been arrested by the police for smoking a joint in public, as a protest against marijuana prohibition\" \/>\n<meta property=\"og:url\" content=\"https:\/\/drogriporter.hu\/en\/party-leader-arrested-for-smoking-a-joint-in-public\/\" \/>\n<meta property=\"og:site_name\" content=\"Drugreporter\" \/>\n<meta property=\"article:published_time\" content=\"2013-12-06T16:09:16+00:00\" \/>\n<meta property=\"article:modified_time\" content=\"2022-07-04T12:34:24+00:00\" \/>\n<meta property=\"og:image\" content=\"https:\/\/drogriporter.hu\/wp-content\/uploads\/sites\/8\/2013\/12\/istvanffy1.jpg\" \/>\n\t<meta property=\"og:image:width\" content=\"640\" \/>\n\t<meta property=\"og:image:height\" content=\"360\" \/>\n\t<meta property=\"og:image:type\" content=\"image\/jpeg\" \/>\n<meta name=\"author\" content=\"P\u00e9ter S\u00e1rosi\" \/>\n<meta name=\"twitter:card\" content=\"summary_large_image\" \/>\n<meta name=\"twitter:label1\" content=\"Written by\" \/>\n\t<meta name=\"twitter:data1\" content=\"P\u00e9ter S\u00e1rosi\" \/>\n\t<meta name=\"twitter:label2\" content=\"Est. reading time\" \/>\n\t<meta name=\"twitter:data2\" content=\"2 minutes\" \/>\n<script type=\"application\/ld+json\" class=\"yoast-schema-graph\">{\"@context\":\"https:\\\/\\\/schema.org\",\"@graph\":[{\"@type\":\"Article\",\"@id\":\"https:\\\/\\\/drogriporter.hu\\\/en\\\/party-leader-arrested-for-smoking-a-joint-in-public\\\/#article\",\"isPartOf\":{\"@id\":\"https:\\\/\\\/drogriporter.hu\\\/en\\\/party-leader-arrested-for-smoking-a-joint-in-public\\\/\"},\"author\":{\"name\":\"P\u00e9ter S\u00e1rosi\",\"@id\":\"https:\\\/\\\/drogriporter.hu\\\/en\\\/#\\\/schema\\\/person\\\/fb6cc5151784cb72290e136439b8cfbf\"},\"headline\":\"Party Leader Arrested for Smoking a Joint In Public\",\"datePublished\":\"2013-12-06T16:09:16+00:00\",\"dateModified\":\"2022-07-04T12:34:24+00:00\",\"mainEntityOfPage\":{\"@id\":\"https:\\\/\\\/drogriporter.hu\\\/en\\\/party-leader-arrested-for-smoking-a-joint-in-public\\\/\"},\"wordCount\":466,\"commentCount\":0,\"image\":{\"@id\":\"https:\\\/\\\/drogriporter.hu\\\/en\\\/party-leader-arrested-for-smoking-a-joint-in-public\\\/#primaryimage\"},\"thumbnailUrl\":\"https:\\\/\\\/drogriporter.hu\\\/wp-content\\\/uploads\\\/sites\\\/8\\\/2013\\\/12\\\/istvanffy1.jpg\",\"articleSection\":[\"Articles\"],\"inLanguage\":\"en-US\"},{\"@type\":\"WebPage\",\"@id\":\"https:\\\/\\\/drogriporter.hu\\\/en\\\/party-leader-arrested-for-smoking-a-joint-in-public\\\/\",\"url\":\"https:\\\/\\\/drogriporter.hu\\\/en\\\/party-leader-arrested-for-smoking-a-joint-in-public\\\/\",\"name\":\"Party Leader Arrested for Smoking a Joint In Public - Drugreporter\",\"isPartOf\":{\"@id\":\"https:\\\/\\\/drogriporter.hu\\\/en\\\/#website\"},\"primaryImageOfPage\":{\"@id\":\"https:\\\/\\\/drogriporter.hu\\\/en\\\/party-leader-arrested-for-smoking-a-joint-in-public\\\/#primaryimage\"},\"image\":{\"@id\":\"https:\\\/\\\/drogriporter.hu\\\/en\\\/party-leader-arrested-for-smoking-a-joint-in-public\\\/#primaryimage\"},\"thumbnailUrl\":\"https:\\\/\\\/drogriporter.hu\\\/wp-content\\\/uploads\\\/sites\\\/8\\\/2013\\\/12\\\/istvanffy1.jpg\",\"datePublished\":\"2013-12-06T16:09:16+00:00\",\"dateModified\":\"2022-07-04T12:34:24+00:00\",\"author\":{\"@id\":\"https:\\\/\\\/drogriporter.hu\\\/en\\\/#\\\/schema\\\/person\\\/fb6cc5151784cb72290e136439b8cfbf\"},\"breadcrumb\":{\"@id\":\"https:\\\/\\\/drogriporter.hu\\\/en\\\/party-leader-arrested-for-smoking-a-joint-in-public\\\/#breadcrumb\"},\"inLanguage\":\"en-US\",\"potentialAction\":[{\"@type\":\"ReadAction\",\"target\":[\"https:\\\/\\\/drogriporter.hu\\\/en\\\/party-leader-arrested-for-smoking-a-joint-in-public\\\/\"]}]},{\"@type\":\"ImageObject\",\"inLanguage\":\"en-US\",\"@id\":\"https:\\\/\\\/drogriporter.hu\\\/en\\\/party-leader-arrested-for-smoking-a-joint-in-public\\\/#primaryimage\",\"url\":\"https:\\\/\\\/drogriporter.hu\\\/wp-content\\\/uploads\\\/sites\\\/8\\\/2013\\\/12\\\/istvanffy1.jpg\",\"contentUrl\":\"https:\\\/\\\/drogriporter.hu\\\/wp-content\\\/uploads\\\/sites\\\/8\\\/2013\\\/12\\\/istvanffy1.jpg\",\"width\":640,\"height\":360},{\"@type\":\"BreadcrumbList\",\"@id\":\"https:\\\/\\\/drogriporter.hu\\\/en\\\/party-leader-arrested-for-smoking-a-joint-in-public\\\/#breadcrumb\",\"itemListElement\":[{\"@type\":\"ListItem\",\"position\":1,\"name\":\"Home\",\"item\":\"https:\\\/\\\/drogriporter.hu\\\/en\\\/\"},{\"@type\":\"ListItem\",\"position\":2,\"name\":\"Party Leader Arrested for Smoking a Joint In Public\"}]},{\"@type\":\"WebSite\",\"@id\":\"https:\\\/\\\/drogriporter.hu\\\/en\\\/#website\",\"url\":\"https:\\\/\\\/drogriporter.hu\\\/en\\\/\",\"name\":\"Drugreporter\",\"description\":\"News and Films from the Frontline of the War on Drugs\",\"potentialAction\":[{\"@type\":\"SearchAction\",\"target\":{\"@type\":\"EntryPoint\",\"urlTemplate\":\"https:\\\/\\\/drogriporter.hu\\\/en\\\/?s={search_term_string}\"},\"query-input\":{\"@type\":\"PropertyValueSpecification\",\"valueRequired\":true,\"valueName\":\"search_term_string\"}}],\"inLanguage\":\"en-US\"},{\"@type\":\"Person\",\"@id\":\"https:\\\/\\\/drogriporter.hu\\\/en\\\/#\\\/schema\\\/person\\\/fb6cc5151784cb72290e136439b8cfbf\",\"name\":\"P\u00e9ter S\u00e1rosi\",\"image\":{\"@type\":\"ImageObject\",\"inLanguage\":\"en-US\",\"@id\":\"https:\\\/\\\/secure.gravatar.com\\\/avatar\\\/b0d99f928865d28655d1d76062ad4e267f8cdb42a281930f70dd9a875b94be0b?s=96&d=mm&r=g\",\"url\":\"https:\\\/\\\/secure.gravatar.com\\\/avatar\\\/b0d99f928865d28655d1d76062ad4e267f8cdb42a281930f70dd9a875b94be0b?s=96&d=mm&r=g\",\"contentUrl\":\"https:\\\/\\\/secure.gravatar.com\\\/avatar\\\/b0d99f928865d28655d1d76062ad4e267f8cdb42a281930f70dd9a875b94be0b?s=96&d=mm&r=g\",\"caption\":\"P\u00e9ter S\u00e1rosi\"},\"description\":\"P\u00e9ter S\u00e1rosi is the Executive Director of the Rights Reporter Foundation. He is a human rights activist and drug policy expert, the founder and editor of the Drugreporter website since 2004, the author of countless articles, co-author of books and director of films about harm reduction and drug policy reform. He was the Director of the Drug Policy Program at the Hungarian Civil Liberties Union between 2004 and 2015. He is experienced in working at international drug policy forums such as the Commission on Narcotic Drugs. He was twice elected to the Core Group of the EU Civil Society Forum on Drugs. He is the co-chair of the Eurasian Harm Reduction Network. He has been representing the Hungarian Harm Reduction Network at the government\u2019s drug advisory body in Hungary since 2007. Peter also contributed to building a network of advocacy NGOs in Europe: the European Drug Policy Initiative. He provided technical assistance to several NGOs, and launched several campaigns on drug policy reform. As a member of the Drugreporter video advocacy team, he has produced videos about drug policy issues in a number of countries. These videos are now part of a unique online drug policy video library.\",\"url\":\"https:\\\/\\\/drogriporter.hu\\\/en\\\/author\\\/sarosip-2\\\/\"}]}<\/script>\n<!-- \/ Yoast SEO Premium plugin. -->","yoast_head_json":{"title":"Party Leader Arrested for Smoking a Joint In Public - Drugreporter","robots":{"index":"index","follow":"follow","max-snippet":"max-snippet:-1","max-image-preview":"max-image-preview:large","max-video-preview":"max-video-preview:-1"},"canonical":"https:\/\/drogriporter.hu\/en\/party-leader-arrested-for-smoking-a-joint-in-public\/","og_locale":"en_US","og_type":"article","og_title":"Party Leader Arrested for Smoking a Joint In Public","og_description":"Andr\u00e1s Istv\u00e1nffy, leader of a small opposition party, has been arrested by the police for smoking a joint in public, as a protest against marijuana prohibition","og_url":"https:\/\/drogriporter.hu\/en\/party-leader-arrested-for-smoking-a-joint-in-public\/","og_site_name":"Drugreporter","article_published_time":"2013-12-06T16:09:16+00:00","article_modified_time":"2022-07-04T12:34:24+00:00","og_image":[{"width":640,"height":360,"url":"https:\/\/drogriporter.hu\/wp-content\/uploads\/sites\/8\/2013\/12\/istvanffy1.jpg","type":"image\/jpeg"}],"author":"P\u00e9ter S\u00e1rosi","twitter_card":"summary_large_image","twitter_misc":{"Written by":"P\u00e9ter S\u00e1rosi","Est. reading time":"2 minutes"},"schema":{"@context":"https:\/\/schema.org","@graph":[{"@type":"Article","@id":"https:\/\/drogriporter.hu\/en\/party-leader-arrested-for-smoking-a-joint-in-public\/#article","isPartOf":{"@id":"https:\/\/drogriporter.hu\/en\/party-leader-arrested-for-smoking-a-joint-in-public\/"},"author":{"name":"P\u00e9ter S\u00e1rosi","@id":"https:\/\/drogriporter.hu\/en\/#\/schema\/person\/fb6cc5151784cb72290e136439b8cfbf"},"headline":"Party Leader Arrested for Smoking a Joint In Public","datePublished":"2013-12-06T16:09:16+00:00","dateModified":"2022-07-04T12:34:24+00:00","mainEntityOfPage":{"@id":"https:\/\/drogriporter.hu\/en\/party-leader-arrested-for-smoking-a-joint-in-public\/"},"wordCount":466,"commentCount":0,"image":{"@id":"https:\/\/drogriporter.hu\/en\/party-leader-arrested-for-smoking-a-joint-in-public\/#primaryimage"},"thumbnailUrl":"https:\/\/drogriporter.hu\/wp-content\/uploads\/sites\/8\/2013\/12\/istvanffy1.jpg","articleSection":["Articles"],"inLanguage":"en-US"},{"@type":"WebPage","@id":"https:\/\/drogriporter.hu\/en\/party-leader-arrested-for-smoking-a-joint-in-public\/","url":"https:\/\/drogriporter.hu\/en\/party-leader-arrested-for-smoking-a-joint-in-public\/","name":"Party Leader Arrested for Smoking a Joint In Public - Drugreporter","isPartOf":{"@id":"https:\/\/drogriporter.hu\/en\/#website"},"primaryImageOfPage":{"@id":"https:\/\/drogriporter.hu\/en\/party-leader-arrested-for-smoking-a-joint-in-public\/#primaryimage"},"image":{"@id":"https:\/\/drogriporter.hu\/en\/party-leader-arrested-for-smoking-a-joint-in-public\/#primaryimage"},"thumbnailUrl":"https:\/\/drogriporter.hu\/wp-content\/uploads\/sites\/8\/2013\/12\/istvanffy1.jpg","datePublished":"2013-12-06T16:09:16+00:00","dateModified":"2022-07-04T12:34:24+00:00","author":{"@id":"https:\/\/drogriporter.hu\/en\/#\/schema\/person\/fb6cc5151784cb72290e136439b8cfbf"},"breadcrumb":{"@id":"https:\/\/drogriporter.hu\/en\/party-leader-arrested-for-smoking-a-joint-in-public\/#breadcrumb"},"inLanguage":"en-US","potentialAction":[{"@type":"ReadAction","target":["https:\/\/drogriporter.hu\/en\/party-leader-arrested-for-smoking-a-joint-in-public\/"]}]},{"@type":"ImageObject","inLanguage":"en-US","@id":"https:\/\/drogriporter.hu\/en\/party-leader-arrested-for-smoking-a-joint-in-public\/#primaryimage","url":"https:\/\/drogriporter.hu\/wp-content\/uploads\/sites\/8\/2013\/12\/istvanffy1.jpg","contentUrl":"https:\/\/drogriporter.hu\/wp-content\/uploads\/sites\/8\/2013\/12\/istvanffy1.jpg","width":640,"height":360},{"@type":"BreadcrumbList","@id":"https:\/\/drogriporter.hu\/en\/party-leader-arrested-for-smoking-a-joint-in-public\/#breadcrumb","itemListElement":[{"@type":"ListItem","position":1,"name":"Home","item":"https:\/\/drogriporter.hu\/en\/"},{"@type":"ListItem","position":2,"name":"Party Leader Arrested for Smoking a Joint In Public"}]},{"@type":"WebSite","@id":"https:\/\/drogriporter.hu\/en\/#website","url":"https:\/\/drogriporter.hu\/en\/","name":"Drugreporter","description":"News and Films from the Frontline of the War on Drugs","potentialAction":[{"@type":"SearchAction","target":{"@type":"EntryPoint","urlTemplate":"https:\/\/drogriporter.hu\/en\/?s={search_term_string}"},"query-input":{"@type":"PropertyValueSpecification","valueRequired":true,"valueName":"search_term_string"}}],"inLanguage":"en-US"},{"@type":"Person","@id":"https:\/\/drogriporter.hu\/en\/#\/schema\/person\/fb6cc5151784cb72290e136439b8cfbf","name":"P\u00e9ter S\u00e1rosi","image":{"@type":"ImageObject","inLanguage":"en-US","@id":"https:\/\/secure.gravatar.com\/avatar\/b0d99f928865d28655d1d76062ad4e267f8cdb42a281930f70dd9a875b94be0b?s=96&d=mm&r=g","url":"https:\/\/secure.gravatar.com\/avatar\/b0d99f928865d28655d1d76062ad4e267f8cdb42a281930f70dd9a875b94be0b?s=96&d=mm&r=g","contentUrl":"https:\/\/secure.gravatar.com\/avatar\/b0d99f928865d28655d1d76062ad4e267f8cdb42a281930f70dd9a875b94be0b?s=96&d=mm&r=g","caption":"P\u00e9ter S\u00e1rosi"},"description":"P\u00e9ter S\u00e1rosi is the Executive Director of the Rights Reporter Foundation. He is a human rights activist and drug policy expert, the founder and editor of the Drugreporter website since 2004, the author of countless articles, co-author of books and director of films about harm reduction and drug policy reform. He was the Director of the Drug Policy Program at the Hungarian Civil Liberties Union between 2004 and 2015. He is experienced in working at international drug policy forums such as the Commission on Narcotic Drugs. He was twice elected to the Core Group of the EU Civil Society Forum on Drugs. He is the co-chair of the Eurasian Harm Reduction Network. He has been representing the Hungarian Harm Reduction Network at the government\u2019s drug advisory body in Hungary since 2007. Peter also contributed to building a network of advocacy NGOs in Europe: the European Drug Policy Initiative. He provided technical assistance to several NGOs, and launched several campaigns on drug policy reform. As a member of the Drugreporter video advocacy team, he has produced videos about drug policy issues in a number of countries. These videos are now part of a unique online drug policy video library.","url":"https:\/\/drogriporter.hu\/en\/author\/sarosip-2\/"}]}},"featured_image_src_square":"https:\/\/drogriporter.hu\/wp-content\/uploads\/sites\/8\/2013\/12\/istvanffy1.jpg","_links":{"self":[{"href":"https:\/\/drogriporter.hu\/en\/wp-json\/wp\/v2\/posts\/6578","targetHints":{"allow":["GET"]}}],"collection":[{"href":"https:\/\/drogriporter.hu\/en\/wp-json\/wp\/v2\/posts"}],"about":[{"href":"https:\/\/drogriporter.hu\/en\/wp-json\/wp\/v2\/types\/post"}],"author":[{"embeddable":true,"href":"https:\/\/drogriporter.hu\/en\/wp-json\/wp\/v2\/users\/1005"}],"replies":[{"embeddable":true,"href":"https:\/\/drogriporter.hu\/en\/wp-json\/wp\/v2\/comments?post=6578"}],"version-history":[{"count":0,"href":"https:\/\/drogriporter.hu\/en\/wp-json\/wp\/v2\/posts\/6578\/revisions"}],"wp:featuredmedia":[{"embeddable":true,"href":"https:\/\/drogriporter.hu\/en\/wp-json\/wp\/v2\/media\/5855"}],"wp:attachment":[{"href":"https:\/\/drogriporter.hu\/en\/wp-json\/wp\/v2\/media?parent=6578"}],"wp:term":[{"taxonomy":"category","embeddable":true,"href":"https:\/\/drogriporter.hu\/en\/wp-json\/wp\/v2\/categories?post=6578"},{"taxonomy":"post_tag","embeddable":true,"href":"https:\/\/drogriporter.hu\/en\/wp-json\/wp\/v2\/tags?post=6578"},{"taxonomy":"countries","embeddable":true,"href":"https:\/\/drogriporter.hu\/en\/wp-json\/wp\/v2\/countries?post=6578"},{"taxonomy":"section","embeddable":true,"href":"https:\/\/drogriporter.hu\/en\/wp-json\/wp\/v2\/section?post=6578"},{"taxonomy":"video-author","embeddable":true,"href":"https:\/\/drogriporter.hu\/en\/wp-json\/wp\/v2\/video-author?post=6578"},{"taxonomy":"drug","embeddable":true,"href":"https:\/\/drogriporter.hu\/en\/wp-json\/wp\/v2\/drug?post=6578"},{"taxonomy":"archive","embeddable":true,"href":"https:\/\/drogriporter.hu\/en\/wp-json\/wp\/v2\/archive?post=6578"},{"taxonomy":"video-series","embeddable":true,"href":"https:\/\/drogriporter.hu\/en\/wp-json\/wp\/v2\/video-series?post=6578"}],"curies":[{"name":"wp","href":"https:\/\/api.w.org\/{rel}","templated":true}]}}