{"id":6598,"date":"2013-07-23T11:30:48","date_gmt":"2013-07-23T11:30:48","guid":{"rendered":"https:\/\/drogriporter.hu\/providing-education-on-harm-reduction-through-the-media\/"},"modified":"2022-07-04T13:57:47","modified_gmt":"2022-07-04T11:57:47","slug":"providing-education-on-harm-reduction-through-the-media","status":"publish","type":"post","link":"https:\/\/drogriporter.hu\/en\/providing-education-on-harm-reduction-through-the-media\/","title":{"rendered":"Providing education on harm reduction through the media"},"content":{"rendered":"<p>HCLU&#39;s European Drug Policy Initiative invited a group of journalists to cover the world&#39;s largest assembly on harm reduction. Find out how they covered the&nbsp;<a href=\"https:\/\/www.ihra.net\/conference\">Harm Reduction International Conference<\/a>&nbsp;in Vilnius.<\/p>\n<p><!--more--><\/p>\n<p><span style=\"font-size: 12px;\">Speaking to a wider audience should always be among the basic priorities of NGOs when they communicate their achievements. And since HCLU&rsquo;s Drug Program has always been keen to deliver its messages to a wider audience than just the experts, we thought it would make great sense to invite professional media workers to cover, at first hand, the largest event dedicated to different aspects of harm reduction.<\/span><\/p>\n<p><span style=\"font-size: 12px;\">The core idea was to generate coverage of the otherwise fairly &ldquo;difficult to sell&rdquo; issue of reducing harms related to the use of legal and illegal psychoactive substances. In making our <\/span><a href=\"https:\/\/drogriporter.hu\/en\/HCLU_EDPI_media_scholarship_call_for_application\" style=\"font-size: 12px;\">call for the media scholarship<\/a><span style=\"font-size: 12px;\"> we decided to direct the invitation to people with a proven record of covering social, health and drug-related issues, in order to make sure that the invited media workers would have the basic background knowledge needed to cover the event.<\/span><\/p>\n<p><span style=\"font-size: 12px;\">After the application deadline arrived, we counted about thirty high-quality applications. Out of those, ten were chosen and invited to join us at the HRIC, held this year in the Lithuanian capital &#8211; though as it turned out, chance played a part, since two of our applicants, from Serbia and Portugal, had to cancel at the last minute.<\/span><\/p>\n<p><span style=\"font-size: 12px;\">Even so, journalists from the United Kingdom, France, Germany, Poland, Slovenia, Slovakia, Hungary and Romania joined us for the three day conference held in the hearth of Vilnius. Among them were journalists specialising in drug issues, and media professionals who were simply enthusiastic about harm reduction. Specifically, the following media outlets were represented: the British daily The Guardian, the pop cult trend site and paper Vice Magazine, the state-run Berlin Brandenburger Radio (BBR), Inter Press Service News Agency (an international civil news provider), the Hungarian economic weekly HVG, the French weekly Politis, the Romanian liberal news site Think out of the Box (totb.ro), Polish Radio TOK FM, and Radio Student FM89.3 Slovenia.<\/span><\/p>\n<p><span style=\"font-size: 12px;\">Besides the practicalities (accommodation, travel costs, expenses), HCLU&#39;s team helped to set up interviews, meetings and recording sessions with representatives of NGOs, politicians, users and ex-users among others.<\/span><\/p>\n<p><span style=\"font-size: 12px;\">As an example, <a href=\"https:\/\/www.drugpolicy.org\/staff-and-board\/staff\/ethan-nadelmann-executive-director\">Ethan Nadelmann, President of the Drug Policy Alliance<\/a>, the largest pro-regulation and decriminalisation NGO in the United States, gave a group interview for our invitees.&nbsp;<\/span><span style=\"font-size: 12px;\">In cooperation with the organisers of HRIC, our scholars had the opportunity to interview former Polish president <\/span><a href=\"https:\/\/www.globalcommissionondrugs.org\/aleksander-kwasniewski\/\" style=\"font-size: 12px;\">Aleksander Kwasniewski<\/a><span style=\"font-size: 12px;\">&nbsp;and former President of Switzerland and Minister of Home Affairs <\/span><a href=\"https:\/\/www.globalcommissionondrugs.org\/ruth-dreifuss\/\" style=\"font-size: 12px;\">Ruth Dreifuss<\/a><span style=\"font-size: 12px;\">.<\/span><\/p>\n<p><span style=\"font-size: 12px;\">The conference also focussed particularly on <a href=\"https:\/\/drogriporter.hu\/en\/node\/2348\">HIV prevalence in the Ukraine<\/a>. <\/span><span style=\"font-size: 12px;\">In this Eastern European country, the number of new HIV infections went down last year, for the first time since 1999, thanks to syringe and needle exchange programs funded entirely by international donors. This issue was also extensively covered by the journalists.<\/span><\/p>\n<p><iframe loading=\"lazy\" allowfullscreen=\"\" frameborder=\"0\" height=\"360\" src=\"\/\/www.youtube.com\/embed\/scJgJri5Atc\" width=\"640\"><\/iframe><\/p>\n<p><span style=\"font-size: 12px;\">In addition to being given access to the high profile interviewees, journalists stressed in their feedback that talking to ex-users, street workers, NGO experts and other professionals gave significant added value to their coverage. Learning about the human side of a drug user&#39;s situation was one of the main advantages, our invited media professionals told us, when they compared HRIC with conferences dedicated to other issues.<\/span><\/p>\n<p><span style=\"font-size: 12px;\">Finally, we&#39;ll let our authors&#39; articles and reportage speak for themselves. But before that, HLCU&#39;s EDPI team wants to take this opportunity to thank our scholars for the passion they showed for the issue, and the great coverage they provided.<\/span><br \/>&nbsp;<\/p>\n<p><strong><span style=\"font-size: 12px;\">Harm Reduction International Conference June 2013, Vilnius<\/span><\/strong><\/p>\n<p><em><span style=\"font-size: 12px;\">European Drug Policy Initiative Media Scholarship<\/span><\/em><\/p>\n<table align=\"left\" border=\"0\" cellpadding=\"1\" cellspacing=\"1\" style=\"width: 500px;\">\n<tbody>\n<tr>\n<td>\n<p><strong style=\"font-size: 12px;\">Max Daly<\/strong><span style=\"font-size: 12px;\">, UK<\/span><br \/><span style=\"font-size: 12px;\">Vice Magazine<\/span><br \/><a href=\"https:\/\/www.vice.com\/en_uk\/read\/drugs-users-international-harm-reduction-conference-vilnius-lithuania\" style=\"font-size: 12px;\">Read more<\/a><\/p>\n<p><a href=\"https:\/\/www.vice.com\/en_uk\/read\/drugs-users-international-harm-reduction-conference-vilnius-lithuania\" style=\"font-size: 12px;\"><img decoding=\"async\" alt=\"\" src=\"\/wp-content\/uploads\/sites\/8\/drogriporter\/imce\/screen_shot_2013-07-22_at_10.52.34.png\" style=\"width: 300px; height: 345px; border-width: 1px; border-style: solid; margin: 2px; float: left;\" \/><\/a><\/p>\n<\/td>\n<\/tr>\n<tr>\n<td>\n<p><strong style=\"font-size: 12px;\">Olivier Doubre<\/strong><span style=\"font-size: 12px;\">, France<\/span><br \/><a href=\"https:\/\/politis.fr\/\" style=\"font-size: 12px;\">Politis.fr<\/a><br \/><span style=\"font-size: 12px;\">Read the&nbsp;<\/span><a href=\"https:\/\/www.politis.fr\/J-ai-fait-voter-une-loi-repressive,22632.html\" style=\"font-size: 12px;\">full interview with Aleksander Kwasniewski<\/a><br \/><span style=\"font-size: 12px;\">You can find the print Pdf edition of the&nbsp;<\/span><a href=\"https:\/\/www.politis.fr\/Punir-c-est-depasse,22667.html\" style=\"font-size: 12px;\">Politis reportage here<\/a><\/p>\n<p><img decoding=\"async\" alt=\"\" src=\"\/wp-content\/uploads\/sites\/8\/drogriporter\/imce\/screen_shot_2013-07-23_at_11.55.26.png\" style=\"width: 300px; height: 398px; border-width: 1px; border-style: solid; margin: 2px; float: left;\" \/><\/p>\n<\/td>\n<\/tr>\n<tr>\n<td><strong style=\"font-size: 12px;\"><span style=\"font-size: 12px;\">Johannes Metzler,&nbsp;<\/span><\/strong><span style=\"font-size: 12px;\">Deutschland<\/span><br \/><span style=\"font-size: 12px;\">Berlin Brandenburg Radio &#8211; RBB<\/span><br \/><span style=\"font-size: 12px;\">Vis-a-Vis radio program, RBB, 2 July 2013<\/span><br \/><span style=\"font-size: 12px;\">Radio Interview with Dirk Sch\u00e4ffer, Deutschen Aidshilfe&nbsp;<br \/><a href=\"https:\/\/mediathek.rbb-online.de\/inforadio\/vis-a-vis\/dirk-schaeffer-zur-reduzierung-von-risiken-beim-drogenkonsum?documentId=15489738\" style=\"font-size: 12px;\">Listen to the&nbsp; full radio interview<\/a><\/span><\/td>\n<\/tr>\n<tr>\n<td>\n<div><strong>Lana Durjava<\/strong>, Slovenia<\/div>\n<div>Radio \u0160tudent<\/div>\n<div>Interview with <a href=\"https:\/\/www.dnevnik.si\/objektiv\/intervjuji\/marihuana-se-ne-bo-legalizirala-sama-od-sebe\">Ethan Nadelmann &#8211; Dnevnik<\/a><br \/>Letters from abroad<\/div>\n<div>Read the full story <a href=\"https:\/\/www.radiostudent.si\/kultura\/pisma-iz-tujine\/s-konvencije-u%C5%BEivalcev-drog\">here<\/a><br \/>&nbsp;<\/div>\n<\/td>\n<\/tr>\n<tr>\n<td><a href=\"https:\/\/www.radiostudent.si\/kultura\/pisma-iz-tujine\/s-konvencije-u%C5%BEivalcev-drog\" style=\"font-size: 12px;\"><strong style=\"font-size: 12px; color: rgb(34, 34, 34);\">Andra Mazal<\/strong><span style=\"font-size: 12px; color: rgb(34, 34, 34);\">,Romania<\/span><\/a><br \/><a href=\"https:\/\/totb.ro\/\" style=\"font-size: 12px;\">Think out of the box<\/a><span style=\"font-size: 12px;\">&nbsp;news site<\/span><br \/><a href=\"https:\/\/totb.ro\/ethan-nadelmann-vocea-numarul-unu-pentru-reforma-drogurilor-marijuana-nu-se-va-legaliza-singura\/\" style=\"font-size: 12px;\">Ethan Nadelmann interview<\/a><br \/><span style=\"font-size: 12px;\">Read&nbsp;<\/span><a href=\"https:\/\/totb.ro\/patru-consumatori-de-droguri-care-lupta-cu-tabuurile-prohibitia-si-abuzurile\/\" style=\"font-size: 12px;\">Totb reportage from the Vilnius conference<\/a><\/td>\n<\/tr>\n<tr>\n<td>\n<p><strong>Mary O&rsquo;Hara<\/strong>, United Kingdom<br \/><span style=\"font-size: 12px;\">Guardian, Observer<\/span><br \/><span style=\"font-size: 12px;\">Prior to the conference:&nbsp;<\/span><a href=\"https:\/\/www.guardian.co.uk\/politics\/2013\/jun\/08\/richard-branson-decriminalise-drugs-votes\" style=\"font-size: 12px;\">Branson on politics and decriminalization<\/a><br \/><span style=\"font-size: 12px;\">After the conference:&nbsp;<\/span><a href=\"https:\/\/www.guardian.co.uk\/society\/2013\/jun\/18\/drugs-policymakers-1980s-knew-score\" style=\"font-size: 12px;\">Drugs policymakers of the 1980s knew the score<\/a><\/p>\n<p><img decoding=\"async\" alt=\"\" src=\"\/wp-content\/uploads\/sites\/8\/drogriporter\/imce\/screen_shot_2013-07-23_at_11.59.49.png\" style=\"width: 300px; height: 422px; border-width: 1px; border-style: solid; margin: 2px; float: left;\" \/><\/p>\n<\/td>\n<\/tr>\n<tr>\n<td>\n<p><strong style=\"font-size: 12px;\">Edward Holt<\/strong><span style=\"font-size: 12px;\">, Slovakia<\/span><br \/><span style=\"font-size: 12px;\">Inter Press Service News Agency<\/span><br \/><a href=\"https:\/\/www.ipsnews.net\/2013\/06\/ukraine-injects-addicts-with-hope\/\" style=\"font-size: 12px;\">Ukraine Injects Addicts With Hope<\/a><\/p>\n<p><img decoding=\"async\" alt=\"\" src=\"\/wp-content\/uploads\/sites\/8\/drogriporter\/imce\/screen_shot_2013-07-22_at_11.39.36.png\" style=\"width: 300px; height: 218px; border-width: 1px; border-style: solid; margin: 2px; float: left;\" \/><\/p>\n<\/td>\n<\/tr>\n<tr>\n<td><strong style=\"font-size: 12px;\">Jakub Janiszewski<\/strong><span style=\"font-size: 12px;\">, Poland<\/span><br \/><span style=\"font-size: 12px;\">TOK FM<\/span><br \/><span style=\"font-size: 12px;\">Radio interview on HIV<\/span><br \/><span style=\"font-size: 12px;\"><a href=\"https:\/\/www.mediafire.com\/download\/puf22yf1nl15dgp\/%5BTOK_FM%5D_POWTO%CC%81RKI_IP_4_lipiec_2013_13_42_14.mp3\">Download the full interview<\/a><\/span><\/td>\n<\/tr>\n<tr>\n<td><strong style=\"font-size: 12px;\">Gy\u00f6rgy Folk<\/strong><span style=\"font-size: 12px;\">, Hungary<\/span><br \/><span style=\"font-size: 12px;\">HVG News site<\/span><br \/><a href=\"https:\/\/hvg.hu\/vilag\/20130613_A_heroin_hozhatja_el_a_droghaboru_veget\" style=\"font-size: 12px;\"><span style=\"font-size: 12px;\">Heroin could bring the end of drug war<\/span><\/a><\/td>\n<\/tr>\n<\/tbody>\n<\/table>\n<p>&nbsp;<\/p>\n","protected":false},"excerpt":{"rendered":"<p>HCLU&#39;s European Drug Policy Initiative invited a group of journalists to cover the world&#39;s largest assembly on harm reduction. Find out how they covered the&nbsp;Harm Reduction International Conference&nbsp;in Vilnius.<\/p>\n","protected":false},"author":1002,"featured_media":5756,"comment_status":"open","ping_status":"open","sticky":false,"template":"","format":"standard","meta":{"_genesis_hide_title":false,"_genesis_hide_breadcrumbs":false,"_genesis_hide_singular_image":false,"_genesis_hide_footer_widgets":false,"_genesis_custom_body_class":"","_genesis_custom_post_class":"","_genesis_layout":"","footnotes":""},"categories":[2900],"tags":[],"countries":[],"section":[],"video-author":[],"drug":[],"archive":[3212,3219,3222],"video-series":[],"class_list":{"0":"post-6598","1":"post","2":"type-post","3":"status-publish","4":"format-standard","5":"has-post-thumbnail","7":"category-articles","8":"archive-criminalisation","9":"archive-european-drug-policy","10":"archive-harm-reduction","11":"entry"},"featured_image_src":"https:\/\/drogriporter.hu\/wp-content\/uploads\/sites\/8\/2013\/10\/eliot1x.jpg","author_info":{"display_name":"Istv\u00e1n G\u00e1bor Tak\u00e1cs","author_link":"https:\/\/drogriporter.hu\/en\/author\/idoru\/"},"yoast_head":"<!-- This site is optimized with the Yoast SEO Premium plugin  - https:\/\/yoast.com\/product\/yoast-seo-premium-wordpress\/ -->\n<title>Providing education on harm reduction through the media - Drugreporter<\/title>\n<meta name=\"robots\" content=\"index, follow, max-snippet:-1, max-image-preview:large, max-video-preview:-1\" \/>\n<link rel=\"canonical\" href=\"https:\/\/drogriporter.hu\/en\/providing-education-on-harm-reduction-through-the-media\/\" \/>\n<meta property=\"og:locale\" content=\"en_US\" \/>\n<meta property=\"og:type\" content=\"article\" \/>\n<meta property=\"og:title\" content=\"Providing education on harm reduction through the media\" \/>\n<meta property=\"og:description\" content=\"HCLU&#039;s European Drug Policy Initiative invited a group of journalists to cover the world&#039;s largest assembly on harm reduction. Find out how they covered the&nbsp;Harm Reduction International Conference&nbsp;in Vilnius.\" \/>\n<meta property=\"og:url\" content=\"https:\/\/drogriporter.hu\/en\/providing-education-on-harm-reduction-through-the-media\/\" \/>\n<meta property=\"og:site_name\" content=\"Drugreporter\" \/>\n<meta property=\"article:published_time\" content=\"2013-07-23T11:30:48+00:00\" \/>\n<meta property=\"article:modified_time\" content=\"2022-07-04T11:57:47+00:00\" \/>\n<meta property=\"og:image\" content=\"https:\/\/drogriporter.hu\/wp-content\/uploads\/sites\/8\/2013\/10\/eliot1x.jpg\" \/>\n\t<meta property=\"og:image:width\" content=\"640\" \/>\n\t<meta property=\"og:image:height\" content=\"360\" \/>\n\t<meta property=\"og:image:type\" content=\"image\/jpeg\" \/>\n<meta name=\"author\" content=\"Istv\u00e1n G\u00e1bor Tak\u00e1cs\" \/>\n<meta name=\"twitter:card\" content=\"summary_large_image\" \/>\n<meta name=\"twitter:label1\" content=\"Written by\" \/>\n\t<meta name=\"twitter:data1\" content=\"Istv\u00e1n G\u00e1bor Tak\u00e1cs\" \/>\n\t<meta name=\"twitter:label2\" content=\"Est. reading time\" \/>\n\t<meta name=\"twitter:data2\" content=\"4 minutes\" \/>\n<script type=\"application\/ld+json\" class=\"yoast-schema-graph\">{\"@context\":\"https:\\\/\\\/schema.org\",\"@graph\":[{\"@type\":\"Article\",\"@id\":\"https:\\\/\\\/drogriporter.hu\\\/en\\\/providing-education-on-harm-reduction-through-the-media\\\/#article\",\"isPartOf\":{\"@id\":\"https:\\\/\\\/drogriporter.hu\\\/en\\\/providing-education-on-harm-reduction-through-the-media\\\/\"},\"author\":{\"name\":\"Istv\u00e1n G\u00e1bor Tak\u00e1cs\",\"@id\":\"https:\\\/\\\/drogriporter.hu\\\/en\\\/#\\\/schema\\\/person\\\/aaf6e356ecdcc3c9a6172aeb58a1c524\"},\"headline\":\"Providing education on harm reduction through the media\",\"datePublished\":\"2013-07-23T11:30:48+00:00\",\"dateModified\":\"2022-07-04T11:57:47+00:00\",\"mainEntityOfPage\":{\"@id\":\"https:\\\/\\\/drogriporter.hu\\\/en\\\/providing-education-on-harm-reduction-through-the-media\\\/\"},\"wordCount\":802,\"commentCount\":0,\"image\":{\"@id\":\"https:\\\/\\\/drogriporter.hu\\\/en\\\/providing-education-on-harm-reduction-through-the-media\\\/#primaryimage\"},\"thumbnailUrl\":\"https:\\\/\\\/drogriporter.hu\\\/wp-content\\\/uploads\\\/sites\\\/8\\\/2013\\\/10\\\/eliot1x.jpg\",\"articleSection\":[\"Articles\"],\"inLanguage\":\"en-US\"},{\"@type\":\"WebPage\",\"@id\":\"https:\\\/\\\/drogriporter.hu\\\/en\\\/providing-education-on-harm-reduction-through-the-media\\\/\",\"url\":\"https:\\\/\\\/drogriporter.hu\\\/en\\\/providing-education-on-harm-reduction-through-the-media\\\/\",\"name\":\"Providing education on harm reduction through the media - Drugreporter\",\"isPartOf\":{\"@id\":\"https:\\\/\\\/drogriporter.hu\\\/en\\\/#website\"},\"primaryImageOfPage\":{\"@id\":\"https:\\\/\\\/drogriporter.hu\\\/en\\\/providing-education-on-harm-reduction-through-the-media\\\/#primaryimage\"},\"image\":{\"@id\":\"https:\\\/\\\/drogriporter.hu\\\/en\\\/providing-education-on-harm-reduction-through-the-media\\\/#primaryimage\"},\"thumbnailUrl\":\"https:\\\/\\\/drogriporter.hu\\\/wp-content\\\/uploads\\\/sites\\\/8\\\/2013\\\/10\\\/eliot1x.jpg\",\"datePublished\":\"2013-07-23T11:30:48+00:00\",\"dateModified\":\"2022-07-04T11:57:47+00:00\",\"author\":{\"@id\":\"https:\\\/\\\/drogriporter.hu\\\/en\\\/#\\\/schema\\\/person\\\/aaf6e356ecdcc3c9a6172aeb58a1c524\"},\"breadcrumb\":{\"@id\":\"https:\\\/\\\/drogriporter.hu\\\/en\\\/providing-education-on-harm-reduction-through-the-media\\\/#breadcrumb\"},\"inLanguage\":\"en-US\",\"potentialAction\":[{\"@type\":\"ReadAction\",\"target\":[\"https:\\\/\\\/drogriporter.hu\\\/en\\\/providing-education-on-harm-reduction-through-the-media\\\/\"]}]},{\"@type\":\"ImageObject\",\"inLanguage\":\"en-US\",\"@id\":\"https:\\\/\\\/drogriporter.hu\\\/en\\\/providing-education-on-harm-reduction-through-the-media\\\/#primaryimage\",\"url\":\"https:\\\/\\\/drogriporter.hu\\\/wp-content\\\/uploads\\\/sites\\\/8\\\/2013\\\/10\\\/eliot1x.jpg\",\"contentUrl\":\"https:\\\/\\\/drogriporter.hu\\\/wp-content\\\/uploads\\\/sites\\\/8\\\/2013\\\/10\\\/eliot1x.jpg\",\"width\":640,\"height\":360},{\"@type\":\"BreadcrumbList\",\"@id\":\"https:\\\/\\\/drogriporter.hu\\\/en\\\/providing-education-on-harm-reduction-through-the-media\\\/#breadcrumb\",\"itemListElement\":[{\"@type\":\"ListItem\",\"position\":1,\"name\":\"Home\",\"item\":\"https:\\\/\\\/drogriporter.hu\\\/en\\\/\"},{\"@type\":\"ListItem\",\"position\":2,\"name\":\"Providing education on harm reduction through the media\"}]},{\"@type\":\"WebSite\",\"@id\":\"https:\\\/\\\/drogriporter.hu\\\/en\\\/#website\",\"url\":\"https:\\\/\\\/drogriporter.hu\\\/en\\\/\",\"name\":\"Drugreporter\",\"description\":\"News and Films from the Frontline of the War on Drugs\",\"potentialAction\":[{\"@type\":\"SearchAction\",\"target\":{\"@type\":\"EntryPoint\",\"urlTemplate\":\"https:\\\/\\\/drogriporter.hu\\\/en\\\/?s={search_term_string}\"},\"query-input\":{\"@type\":\"PropertyValueSpecification\",\"valueRequired\":true,\"valueName\":\"search_term_string\"}}],\"inLanguage\":\"en-US\"},{\"@type\":\"Person\",\"@id\":\"https:\\\/\\\/drogriporter.hu\\\/en\\\/#\\\/schema\\\/person\\\/aaf6e356ecdcc3c9a6172aeb58a1c524\",\"name\":\"Istv\u00e1n G\u00e1bor Tak\u00e1cs\",\"image\":{\"@type\":\"ImageObject\",\"inLanguage\":\"en-US\",\"@id\":\"https:\\\/\\\/secure.gravatar.com\\\/avatar\\\/658e7317f4c0b7ad030de0732edc52bd87a40097c378d9f945212f914567946c?s=96&d=mm&r=g\",\"url\":\"https:\\\/\\\/secure.gravatar.com\\\/avatar\\\/658e7317f4c0b7ad030de0732edc52bd87a40097c378d9f945212f914567946c?s=96&d=mm&r=g\",\"contentUrl\":\"https:\\\/\\\/secure.gravatar.com\\\/avatar\\\/658e7317f4c0b7ad030de0732edc52bd87a40097c378d9f945212f914567946c?s=96&d=mm&r=g\",\"caption\":\"Istv\u00e1n G\u00e1bor Tak\u00e1cs\"},\"description\":\"Istv\u00e1n G\u00e1bor Tak\u00e1cs is a human rights activist, videographer and trainer. He ran the Video Advocacy Program of the Hungarian Civil Liberties Union between 2007-2015. He worked as a needle exchange program counselor for 5 years. He is author of several articles on harm reduction and cameraman, editor, director and co-director of more than 700 online videos, among them longer documentaries, such as \u201cKostya Proletarsky\u201d (2020), \u201cTaking Back What\u2019s Ours: An Oral History of the Movement of People who Use Drugs\u201d (2020) \u201dA Day in the Life: The World of Humans Who Use Drugs\u201d (2016), \u201cWithout Rights\u201d (2009), \u201cWithout a Chance\u201d (2014), \u201cRoom in the 8th District\u201d (2014) and \u201cThe Invisible\u201d (2011). Since 2016 he works at the Rights Reporter Foundation, where besides producing films, he is training activists in video advocacy.\",\"sameAs\":[\"takacsistvangabor@rightsreporter.net\"],\"url\":\"https:\\\/\\\/drogriporter.hu\\\/en\\\/author\\\/idoru\\\/\"}]}<\/script>\n<!-- \/ Yoast SEO Premium plugin. -->","yoast_head_json":{"title":"Providing education on harm reduction through the media - Drugreporter","robots":{"index":"index","follow":"follow","max-snippet":"max-snippet:-1","max-image-preview":"max-image-preview:large","max-video-preview":"max-video-preview:-1"},"canonical":"https:\/\/drogriporter.hu\/en\/providing-education-on-harm-reduction-through-the-media\/","og_locale":"en_US","og_type":"article","og_title":"Providing education on harm reduction through the media","og_description":"HCLU&#39;s European Drug Policy Initiative invited a group of journalists to cover the world&#39;s largest assembly on harm reduction. Find out how they covered the&nbsp;Harm Reduction International Conference&nbsp;in Vilnius.","og_url":"https:\/\/drogriporter.hu\/en\/providing-education-on-harm-reduction-through-the-media\/","og_site_name":"Drugreporter","article_published_time":"2013-07-23T11:30:48+00:00","article_modified_time":"2022-07-04T11:57:47+00:00","og_image":[{"width":640,"height":360,"url":"https:\/\/drogriporter.hu\/wp-content\/uploads\/sites\/8\/2013\/10\/eliot1x.jpg","type":"image\/jpeg"}],"author":"Istv\u00e1n G\u00e1bor Tak\u00e1cs","twitter_card":"summary_large_image","twitter_misc":{"Written by":"Istv\u00e1n G\u00e1bor Tak\u00e1cs","Est. reading time":"4 minutes"},"schema":{"@context":"https:\/\/schema.org","@graph":[{"@type":"Article","@id":"https:\/\/drogriporter.hu\/en\/providing-education-on-harm-reduction-through-the-media\/#article","isPartOf":{"@id":"https:\/\/drogriporter.hu\/en\/providing-education-on-harm-reduction-through-the-media\/"},"author":{"name":"Istv\u00e1n G\u00e1bor Tak\u00e1cs","@id":"https:\/\/drogriporter.hu\/en\/#\/schema\/person\/aaf6e356ecdcc3c9a6172aeb58a1c524"},"headline":"Providing education on harm reduction through the media","datePublished":"2013-07-23T11:30:48+00:00","dateModified":"2022-07-04T11:57:47+00:00","mainEntityOfPage":{"@id":"https:\/\/drogriporter.hu\/en\/providing-education-on-harm-reduction-through-the-media\/"},"wordCount":802,"commentCount":0,"image":{"@id":"https:\/\/drogriporter.hu\/en\/providing-education-on-harm-reduction-through-the-media\/#primaryimage"},"thumbnailUrl":"https:\/\/drogriporter.hu\/wp-content\/uploads\/sites\/8\/2013\/10\/eliot1x.jpg","articleSection":["Articles"],"inLanguage":"en-US"},{"@type":"WebPage","@id":"https:\/\/drogriporter.hu\/en\/providing-education-on-harm-reduction-through-the-media\/","url":"https:\/\/drogriporter.hu\/en\/providing-education-on-harm-reduction-through-the-media\/","name":"Providing education on harm reduction through the media - Drugreporter","isPartOf":{"@id":"https:\/\/drogriporter.hu\/en\/#website"},"primaryImageOfPage":{"@id":"https:\/\/drogriporter.hu\/en\/providing-education-on-harm-reduction-through-the-media\/#primaryimage"},"image":{"@id":"https:\/\/drogriporter.hu\/en\/providing-education-on-harm-reduction-through-the-media\/#primaryimage"},"thumbnailUrl":"https:\/\/drogriporter.hu\/wp-content\/uploads\/sites\/8\/2013\/10\/eliot1x.jpg","datePublished":"2013-07-23T11:30:48+00:00","dateModified":"2022-07-04T11:57:47+00:00","author":{"@id":"https:\/\/drogriporter.hu\/en\/#\/schema\/person\/aaf6e356ecdcc3c9a6172aeb58a1c524"},"breadcrumb":{"@id":"https:\/\/drogriporter.hu\/en\/providing-education-on-harm-reduction-through-the-media\/#breadcrumb"},"inLanguage":"en-US","potentialAction":[{"@type":"ReadAction","target":["https:\/\/drogriporter.hu\/en\/providing-education-on-harm-reduction-through-the-media\/"]}]},{"@type":"ImageObject","inLanguage":"en-US","@id":"https:\/\/drogriporter.hu\/en\/providing-education-on-harm-reduction-through-the-media\/#primaryimage","url":"https:\/\/drogriporter.hu\/wp-content\/uploads\/sites\/8\/2013\/10\/eliot1x.jpg","contentUrl":"https:\/\/drogriporter.hu\/wp-content\/uploads\/sites\/8\/2013\/10\/eliot1x.jpg","width":640,"height":360},{"@type":"BreadcrumbList","@id":"https:\/\/drogriporter.hu\/en\/providing-education-on-harm-reduction-through-the-media\/#breadcrumb","itemListElement":[{"@type":"ListItem","position":1,"name":"Home","item":"https:\/\/drogriporter.hu\/en\/"},{"@type":"ListItem","position":2,"name":"Providing education on harm reduction through the media"}]},{"@type":"WebSite","@id":"https:\/\/drogriporter.hu\/en\/#website","url":"https:\/\/drogriporter.hu\/en\/","name":"Drugreporter","description":"News and Films from the Frontline of the War on Drugs","potentialAction":[{"@type":"SearchAction","target":{"@type":"EntryPoint","urlTemplate":"https:\/\/drogriporter.hu\/en\/?s={search_term_string}"},"query-input":{"@type":"PropertyValueSpecification","valueRequired":true,"valueName":"search_term_string"}}],"inLanguage":"en-US"},{"@type":"Person","@id":"https:\/\/drogriporter.hu\/en\/#\/schema\/person\/aaf6e356ecdcc3c9a6172aeb58a1c524","name":"Istv\u00e1n G\u00e1bor Tak\u00e1cs","image":{"@type":"ImageObject","inLanguage":"en-US","@id":"https:\/\/secure.gravatar.com\/avatar\/658e7317f4c0b7ad030de0732edc52bd87a40097c378d9f945212f914567946c?s=96&d=mm&r=g","url":"https:\/\/secure.gravatar.com\/avatar\/658e7317f4c0b7ad030de0732edc52bd87a40097c378d9f945212f914567946c?s=96&d=mm&r=g","contentUrl":"https:\/\/secure.gravatar.com\/avatar\/658e7317f4c0b7ad030de0732edc52bd87a40097c378d9f945212f914567946c?s=96&d=mm&r=g","caption":"Istv\u00e1n G\u00e1bor Tak\u00e1cs"},"description":"Istv\u00e1n G\u00e1bor Tak\u00e1cs is a human rights activist, videographer and trainer. He ran the Video Advocacy Program of the Hungarian Civil Liberties Union between 2007-2015. He worked as a needle exchange program counselor for 5 years. He is author of several articles on harm reduction and cameraman, editor, director and co-director of more than 700 online videos, among them longer documentaries, such as \u201cKostya Proletarsky\u201d (2020), \u201cTaking Back What\u2019s Ours: An Oral History of the Movement of People who Use Drugs\u201d (2020) \u201dA Day in the Life: The World of Humans Who Use Drugs\u201d (2016), \u201cWithout Rights\u201d (2009), \u201cWithout a Chance\u201d (2014), \u201cRoom in the 8th District\u201d (2014) and \u201cThe Invisible\u201d (2011). Since 2016 he works at the Rights Reporter Foundation, where besides producing films, he is training activists in video advocacy.","sameAs":["takacsistvangabor@rightsreporter.net"],"url":"https:\/\/drogriporter.hu\/en\/author\/idoru\/"}]}},"featured_image_src_square":"https:\/\/drogriporter.hu\/wp-content\/uploads\/sites\/8\/2013\/10\/eliot1x.jpg","_links":{"self":[{"href":"https:\/\/drogriporter.hu\/en\/wp-json\/wp\/v2\/posts\/6598","targetHints":{"allow":["GET"]}}],"collection":[{"href":"https:\/\/drogriporter.hu\/en\/wp-json\/wp\/v2\/posts"}],"about":[{"href":"https:\/\/drogriporter.hu\/en\/wp-json\/wp\/v2\/types\/post"}],"author":[{"embeddable":true,"href":"https:\/\/drogriporter.hu\/en\/wp-json\/wp\/v2\/users\/1002"}],"replies":[{"embeddable":true,"href":"https:\/\/drogriporter.hu\/en\/wp-json\/wp\/v2\/comments?post=6598"}],"version-history":[{"count":0,"href":"https:\/\/drogriporter.hu\/en\/wp-json\/wp\/v2\/posts\/6598\/revisions"}],"wp:featuredmedia":[{"embeddable":true,"href":"https:\/\/drogriporter.hu\/en\/wp-json\/wp\/v2\/media\/5756"}],"wp:attachment":[{"href":"https:\/\/drogriporter.hu\/en\/wp-json\/wp\/v2\/media?parent=6598"}],"wp:term":[{"taxonomy":"category","embeddable":true,"href":"https:\/\/drogriporter.hu\/en\/wp-json\/wp\/v2\/categories?post=6598"},{"taxonomy":"post_tag","embeddable":true,"href":"https:\/\/drogriporter.hu\/en\/wp-json\/wp\/v2\/tags?post=6598"},{"taxonomy":"countries","embeddable":true,"href":"https:\/\/drogriporter.hu\/en\/wp-json\/wp\/v2\/countries?post=6598"},{"taxonomy":"section","embeddable":true,"href":"https:\/\/drogriporter.hu\/en\/wp-json\/wp\/v2\/section?post=6598"},{"taxonomy":"video-author","embeddable":true,"href":"https:\/\/drogriporter.hu\/en\/wp-json\/wp\/v2\/video-author?post=6598"},{"taxonomy":"drug","embeddable":true,"href":"https:\/\/drogriporter.hu\/en\/wp-json\/wp\/v2\/drug?post=6598"},{"taxonomy":"archive","embeddable":true,"href":"https:\/\/drogriporter.hu\/en\/wp-json\/wp\/v2\/archive?post=6598"},{"taxonomy":"video-series","embeddable":true,"href":"https:\/\/drogriporter.hu\/en\/wp-json\/wp\/v2\/video-series?post=6598"}],"curies":[{"name":"wp","href":"https:\/\/api.w.org\/{rel}","templated":true}]}}