{"id":6614,"date":"2013-05-23T10:26:28","date_gmt":"2013-05-23T10:26:28","guid":{"rendered":"https:\/\/drogriporter.hu\/struggles-of-drug-users-in-the-serbian-healthcare-system\/"},"modified":"2022-07-04T13:57:52","modified_gmt":"2022-07-04T11:57:52","slug":"struggles-of-drug-users-in-the-serbian-healthcare-system","status":"publish","type":"post","link":"https:\/\/drogriporter.hu\/en\/struggles-of-drug-users-in-the-serbian-healthcare-system\/","title":{"rendered":"Struggles of drug users in the Serbian healthcare system"},"content":{"rendered":"<p><span style=\"font-size: 12px;\">Injecting drug users in Serbia face serious discrimination, in spite of apparent protection from the country&#39;s legal system, and its ambitions on the EU stage.<\/span><\/p>\n<p><!--more--><\/p>\n<p>Back in the seventies, when diacetylmorphine, known as heroin, first shyly entered the Belgrade underground scene, it was a choice of drug reserved for an &quot;elite&quot; circle of famous musicians, artists, actors, and the children of politicians. The reason for its exclusivity in Serbia was not just its high price, but also issues of availability, and a restricted circle of users.<\/p>\n<p>Later, in the nineties, Yugoslavs had to finance the civil war, while hyperinflation battered the newly-emergent states.&nbsp;<span style=\"font-size: 12px;\">This led to a reduction in prices and quality on the heroin market, and it became available to a much broader range of Serbian society. Today, it represents one of the leading public health issues in the country.<\/span><\/p>\n<p><span style=\"font-size: 12px;\">Along with the increased availability of heroin, user profiles have changed too:&nbsp;<\/span><span style=\"font-size: 12px;\">From being a drug used by the intellectual elite, heroin&#39;s status changed, and it became a substance penetrating into the lives of those on the margins of mainstream society. From the villas on Dedinje, and plush apartments in the city centre, it moved into run-down Roma settlements, bringing with it many intractable problems.<\/span><\/p>\n<p><img decoding=\"async\" alt=\"\" src=\"\/wp-content\/uploads\/sites\/8\/drogriporter\/imce\/justice_435x251.jpg\" style=\"width: 435px; height: 251px; border-width: 1px; border-style: solid; margin: 1px; float: left;\" \/>There is evidence for this, in data from an internal survey conducted in the first, and so far only, needle exchange program in Belgrade. According to the survey, half of all the program beneficiaries are positive for hepatitis C, while among those who are ethnic Roma, virus penetration has reached as high as 90 % . In addition, about 30-35 % of users are illiterate, 75 % unemployed, over 20 % of clients are engaged in commercial sex work and 80 % have a criminal record. More than 35 % of beneficiaries have no valid documents, and therefore no access to health insurance. All of this means that injecting drug users are vulnerable on several interlinked grounds, making them even more susceptible to discrimination at all levels.<\/p>\n<p>Although the Serbian Republic adopted an anti-discrimination law in 2009, almost half of the survey respondents said that during visits to health facilities they are exposed to various forms of discrimination. Most often, this takes the form of verbal disparagement and labelling; medical personnel use excessive protection measures when dealing with them; their HIV and HCV status is highlighted on all health documents; when admitted to hospital, they are isolated from other patients; and in many cases, medical treatment is made conditional on detoxification and abstinence.<\/p>\n<p>Serbia is the only country in the region that has not yet adopted a law on the Protection of Patient Rights, nor ratified the Treaty of Rome \/ European Charter of Patients&#39; Rights. The Treaty of Rome regulates patients&#39; rights, such as the right to preventive measures, the right of access to quality healthcare, freedom of choice, access to information, the right to confidentiality and privacy. The Law on Healthcare, enacted in 2005, created the post of Protector of Patient Rights in Medical Institutions. The function of the Protector is to file complaints and provide assistance to patients who have been denied their right to healthcare, or to patients who have a complaint relating to the health service or health workers. The problem is that citizens, especially drug users, are not aware of the rights they enjoy as patients. More than half of drug users do not know that in each health institution they can seek help from the Protector of Patient Rights. An even bigger problem is that Protectors are not independent, their authority is very limited, and they are also not appropriately trained for the task. They are appointed by the directors and are usually lawyers who have worked for years as heads of legal departments in the same institution, raising doubts as to their real independence. There is no job description for the Protector of Patient Rights, they can be summarily dismissed, and they are not paid for their work. A lack of communication between Protectors and the Serbian Ministry of Health makes the situation even more complex.<\/p>\n<p>Discrimination in healthcare is not the only form of discrimination that drug users face on a daily basis. According to the survey cited above, nearly half of respondents said that during the week preceding the survey they had on at least one occasion been pulled up by law enforcement officers; during a quarter of these encounters, they were exposed to some kind of violence, physical or verbal <em>(95 percent of respondents reported verbal violence &#8211; verbal humiliation, belittling, cursing, insulting family, insults based on ethnicity; while 85 percent reported that they were subjected to physical violence &#8211; forced to disrobe in public places, slapping, kicking, even some torture in police stations &#8211; bag suffocation, beating with truncheons on the soles, use of electric prods, sitting on their back, handcuffing while squatting or hanging, and even pressing testicles in a drawer).<\/em><\/p>\n<p>An Anti-discrimination Law, enacted in 2009, lays down the procedure for the election of an Equality Commissioner. The Commissioner has a duty to receive and consider complaints on violations of this law, and give opinions and recommendations in specific cases to the complainant; s\/he must provide complainants with information on their rights, file accusations on violations of this law, and file misdemeanor charges for violation of rights under the law. The Commissioner must publicise the most common, typical and severe cases of discrimination, and monitor implementation of the relevant laws and regulations designed to provide protection from discrimination. Despite all of this, four-fifths of surveyed drug users never contacted anyone for help despite experiencing severe violence or discrimination. This is not only due to a lack of information on the existence of institutions that could provide them with assistance, but also due to the belief that no one will help them. This belief would seem to be well-grounded: When NGOs or the media have referred complaints Internal Affairs at the Interior Ministry, in most cases the complainants were discredited by police as drug users who are not to be trusted.<\/p>\n<p>Most of those surveyed (82.5 %) had convictions &#8211; and for a drug user coming out of prison, a job is almost impossible to find. After release, they easily return to known patterns of behavior, criminal activity, and drug use, in a vicious circle from which they see no escape.<\/p>\n<p>Finally, the question arises, as to whether a state which aspires to join the European Union is making sufficient efforts to combat discrimination against the most vulnerable groups, and provide the constitutionally guaranteed equal human rights for all citizens?<\/p>\n<p>&nbsp;<\/p>\n<p class=\"p1\"><em><span style=\"font-size: 12px;\">Bojan Arsenijevic, Re Generation,&nbsp;<\/span><em style=\"font-size: 12px;\"><span style=\"font-size: 12px;\">Serbia<\/span><\/em><\/em><\/p>\n","protected":false},"excerpt":{"rendered":"<p>Injecting drug users in Serbia face serious discrimination, in spite of apparent protection from the country&#39;s legal system, and its ambitions on the EU stage.<\/p>\n","protected":false},"author":1002,"featured_media":0,"comment_status":"open","ping_status":"open","sticky":false,"template":"","format":"standard","meta":{"_genesis_hide_title":false,"_genesis_hide_breadcrumbs":false,"_genesis_hide_singular_image":false,"_genesis_hide_footer_widgets":false,"_genesis_custom_body_class":"","_genesis_custom_post_class":"","_genesis_layout":"","footnotes":""},"categories":[2900],"tags":[],"countries":[],"section":[],"video-author":[],"drug":[],"archive":[3214,3219,3222],"video-series":[],"class_list":{"0":"post-6614","1":"post","2":"type-post","3":"status-publish","4":"format-standard","6":"category-articles","7":"archive-drug-policy-and-law","8":"archive-european-drug-policy","9":"archive-harm-reduction","10":"entry"},"featured_image_src":null,"author_info":{"display_name":"Istv\u00e1n G\u00e1bor Tak\u00e1cs","author_link":"https:\/\/drogriporter.hu\/en\/author\/idoru\/"},"yoast_head":"<!-- This site is optimized with the Yoast SEO Premium plugin  - https:\/\/yoast.com\/product\/yoast-seo-premium-wordpress\/ -->\n<title>Struggles of drug users in the Serbian healthcare system - Drugreporter<\/title>\n<meta name=\"robots\" content=\"index, follow, max-snippet:-1, max-image-preview:large, max-video-preview:-1\" \/>\n<link rel=\"canonical\" href=\"https:\/\/drogriporter.hu\/en\/struggles-of-drug-users-in-the-serbian-healthcare-system\/\" \/>\n<meta property=\"og:locale\" content=\"en_US\" \/>\n<meta property=\"og:type\" content=\"article\" \/>\n<meta property=\"og:title\" content=\"Struggles of drug users in the Serbian healthcare system\" \/>\n<meta property=\"og:description\" content=\"Injecting drug users in Serbia face serious discrimination, in spite of apparent protection from the country&#039;s legal system, and its ambitions on the EU stage.\" \/>\n<meta property=\"og:url\" content=\"https:\/\/drogriporter.hu\/en\/struggles-of-drug-users-in-the-serbian-healthcare-system\/\" \/>\n<meta property=\"og:site_name\" content=\"Drugreporter\" \/>\n<meta property=\"article:published_time\" content=\"2013-05-23T10:26:28+00:00\" \/>\n<meta property=\"article:modified_time\" content=\"2022-07-04T11:57:52+00:00\" \/>\n<meta name=\"author\" content=\"Istv\u00e1n G\u00e1bor Tak\u00e1cs\" \/>\n<meta name=\"twitter:card\" content=\"summary_large_image\" \/>\n<meta name=\"twitter:label1\" content=\"Written by\" \/>\n\t<meta name=\"twitter:data1\" content=\"Istv\u00e1n G\u00e1bor Tak\u00e1cs\" \/>\n\t<meta name=\"twitter:label2\" content=\"Est. reading time\" \/>\n\t<meta name=\"twitter:data2\" content=\"5 minutes\" \/>\n<script type=\"application\/ld+json\" class=\"yoast-schema-graph\">{\"@context\":\"https:\\\/\\\/schema.org\",\"@graph\":[{\"@type\":\"Article\",\"@id\":\"https:\\\/\\\/drogriporter.hu\\\/en\\\/struggles-of-drug-users-in-the-serbian-healthcare-system\\\/#article\",\"isPartOf\":{\"@id\":\"https:\\\/\\\/drogriporter.hu\\\/en\\\/struggles-of-drug-users-in-the-serbian-healthcare-system\\\/\"},\"author\":{\"name\":\"Istv\u00e1n G\u00e1bor Tak\u00e1cs\",\"@id\":\"https:\\\/\\\/drogriporter.hu\\\/en\\\/#\\\/schema\\\/person\\\/aaf6e356ecdcc3c9a6172aeb58a1c524\"},\"headline\":\"Struggles of drug users in the Serbian healthcare system\",\"datePublished\":\"2013-05-23T10:26:28+00:00\",\"dateModified\":\"2022-07-04T11:57:52+00:00\",\"mainEntityOfPage\":{\"@id\":\"https:\\\/\\\/drogriporter.hu\\\/en\\\/struggles-of-drug-users-in-the-serbian-healthcare-system\\\/\"},\"wordCount\":1102,\"commentCount\":0,\"articleSection\":[\"Articles\"],\"inLanguage\":\"en-US\"},{\"@type\":\"WebPage\",\"@id\":\"https:\\\/\\\/drogriporter.hu\\\/en\\\/struggles-of-drug-users-in-the-serbian-healthcare-system\\\/\",\"url\":\"https:\\\/\\\/drogriporter.hu\\\/en\\\/struggles-of-drug-users-in-the-serbian-healthcare-system\\\/\",\"name\":\"Struggles of drug users in the Serbian healthcare system - Drugreporter\",\"isPartOf\":{\"@id\":\"https:\\\/\\\/drogriporter.hu\\\/en\\\/#website\"},\"datePublished\":\"2013-05-23T10:26:28+00:00\",\"dateModified\":\"2022-07-04T11:57:52+00:00\",\"author\":{\"@id\":\"https:\\\/\\\/drogriporter.hu\\\/en\\\/#\\\/schema\\\/person\\\/aaf6e356ecdcc3c9a6172aeb58a1c524\"},\"breadcrumb\":{\"@id\":\"https:\\\/\\\/drogriporter.hu\\\/en\\\/struggles-of-drug-users-in-the-serbian-healthcare-system\\\/#breadcrumb\"},\"inLanguage\":\"en-US\",\"potentialAction\":[{\"@type\":\"ReadAction\",\"target\":[\"https:\\\/\\\/drogriporter.hu\\\/en\\\/struggles-of-drug-users-in-the-serbian-healthcare-system\\\/\"]}]},{\"@type\":\"BreadcrumbList\",\"@id\":\"https:\\\/\\\/drogriporter.hu\\\/en\\\/struggles-of-drug-users-in-the-serbian-healthcare-system\\\/#breadcrumb\",\"itemListElement\":[{\"@type\":\"ListItem\",\"position\":1,\"name\":\"Home\",\"item\":\"https:\\\/\\\/drogriporter.hu\\\/en\\\/\"},{\"@type\":\"ListItem\",\"position\":2,\"name\":\"Struggles of drug users in the Serbian healthcare system\"}]},{\"@type\":\"WebSite\",\"@id\":\"https:\\\/\\\/drogriporter.hu\\\/en\\\/#website\",\"url\":\"https:\\\/\\\/drogriporter.hu\\\/en\\\/\",\"name\":\"Drugreporter\",\"description\":\"News and Films from the Frontline of the War on Drugs\",\"potentialAction\":[{\"@type\":\"SearchAction\",\"target\":{\"@type\":\"EntryPoint\",\"urlTemplate\":\"https:\\\/\\\/drogriporter.hu\\\/en\\\/?s={search_term_string}\"},\"query-input\":{\"@type\":\"PropertyValueSpecification\",\"valueRequired\":true,\"valueName\":\"search_term_string\"}}],\"inLanguage\":\"en-US\"},{\"@type\":\"Person\",\"@id\":\"https:\\\/\\\/drogriporter.hu\\\/en\\\/#\\\/schema\\\/person\\\/aaf6e356ecdcc3c9a6172aeb58a1c524\",\"name\":\"Istv\u00e1n G\u00e1bor Tak\u00e1cs\",\"image\":{\"@type\":\"ImageObject\",\"inLanguage\":\"en-US\",\"@id\":\"https:\\\/\\\/secure.gravatar.com\\\/avatar\\\/658e7317f4c0b7ad030de0732edc52bd87a40097c378d9f945212f914567946c?s=96&d=mm&r=g\",\"url\":\"https:\\\/\\\/secure.gravatar.com\\\/avatar\\\/658e7317f4c0b7ad030de0732edc52bd87a40097c378d9f945212f914567946c?s=96&d=mm&r=g\",\"contentUrl\":\"https:\\\/\\\/secure.gravatar.com\\\/avatar\\\/658e7317f4c0b7ad030de0732edc52bd87a40097c378d9f945212f914567946c?s=96&d=mm&r=g\",\"caption\":\"Istv\u00e1n G\u00e1bor Tak\u00e1cs\"},\"description\":\"Istv\u00e1n G\u00e1bor Tak\u00e1cs is a human rights activist, videographer and trainer. He ran the Video Advocacy Program of the Hungarian Civil Liberties Union between 2007-2015. He worked as a needle exchange program counselor for 5 years. He is author of several articles on harm reduction and cameraman, editor, director and co-director of more than 700 online videos, among them longer documentaries, such as \u201cKostya Proletarsky\u201d (2020), \u201cTaking Back What\u2019s Ours: An Oral History of the Movement of People who Use Drugs\u201d (2020) \u201dA Day in the Life: The World of Humans Who Use Drugs\u201d (2016), \u201cWithout Rights\u201d (2009), \u201cWithout a Chance\u201d (2014), \u201cRoom in the 8th District\u201d (2014) and \u201cThe Invisible\u201d (2011). Since 2016 he works at the Rights Reporter Foundation, where besides producing films, he is training activists in video advocacy.\",\"sameAs\":[\"takacsistvangabor@rightsreporter.net\"],\"url\":\"https:\\\/\\\/drogriporter.hu\\\/en\\\/author\\\/idoru\\\/\"}]}<\/script>\n<!-- \/ Yoast SEO Premium plugin. -->","yoast_head_json":{"title":"Struggles of drug users in the Serbian healthcare system - Drugreporter","robots":{"index":"index","follow":"follow","max-snippet":"max-snippet:-1","max-image-preview":"max-image-preview:large","max-video-preview":"max-video-preview:-1"},"canonical":"https:\/\/drogriporter.hu\/en\/struggles-of-drug-users-in-the-serbian-healthcare-system\/","og_locale":"en_US","og_type":"article","og_title":"Struggles of drug users in the Serbian healthcare system","og_description":"Injecting drug users in Serbia face serious discrimination, in spite of apparent protection from the country&#39;s legal system, and its ambitions on the EU stage.","og_url":"https:\/\/drogriporter.hu\/en\/struggles-of-drug-users-in-the-serbian-healthcare-system\/","og_site_name":"Drugreporter","article_published_time":"2013-05-23T10:26:28+00:00","article_modified_time":"2022-07-04T11:57:52+00:00","author":"Istv\u00e1n G\u00e1bor Tak\u00e1cs","twitter_card":"summary_large_image","twitter_misc":{"Written by":"Istv\u00e1n G\u00e1bor Tak\u00e1cs","Est. reading time":"5 minutes"},"schema":{"@context":"https:\/\/schema.org","@graph":[{"@type":"Article","@id":"https:\/\/drogriporter.hu\/en\/struggles-of-drug-users-in-the-serbian-healthcare-system\/#article","isPartOf":{"@id":"https:\/\/drogriporter.hu\/en\/struggles-of-drug-users-in-the-serbian-healthcare-system\/"},"author":{"name":"Istv\u00e1n G\u00e1bor Tak\u00e1cs","@id":"https:\/\/drogriporter.hu\/en\/#\/schema\/person\/aaf6e356ecdcc3c9a6172aeb58a1c524"},"headline":"Struggles of drug users in the Serbian healthcare system","datePublished":"2013-05-23T10:26:28+00:00","dateModified":"2022-07-04T11:57:52+00:00","mainEntityOfPage":{"@id":"https:\/\/drogriporter.hu\/en\/struggles-of-drug-users-in-the-serbian-healthcare-system\/"},"wordCount":1102,"commentCount":0,"articleSection":["Articles"],"inLanguage":"en-US"},{"@type":"WebPage","@id":"https:\/\/drogriporter.hu\/en\/struggles-of-drug-users-in-the-serbian-healthcare-system\/","url":"https:\/\/drogriporter.hu\/en\/struggles-of-drug-users-in-the-serbian-healthcare-system\/","name":"Struggles of drug users in the Serbian healthcare system - Drugreporter","isPartOf":{"@id":"https:\/\/drogriporter.hu\/en\/#website"},"datePublished":"2013-05-23T10:26:28+00:00","dateModified":"2022-07-04T11:57:52+00:00","author":{"@id":"https:\/\/drogriporter.hu\/en\/#\/schema\/person\/aaf6e356ecdcc3c9a6172aeb58a1c524"},"breadcrumb":{"@id":"https:\/\/drogriporter.hu\/en\/struggles-of-drug-users-in-the-serbian-healthcare-system\/#breadcrumb"},"inLanguage":"en-US","potentialAction":[{"@type":"ReadAction","target":["https:\/\/drogriporter.hu\/en\/struggles-of-drug-users-in-the-serbian-healthcare-system\/"]}]},{"@type":"BreadcrumbList","@id":"https:\/\/drogriporter.hu\/en\/struggles-of-drug-users-in-the-serbian-healthcare-system\/#breadcrumb","itemListElement":[{"@type":"ListItem","position":1,"name":"Home","item":"https:\/\/drogriporter.hu\/en\/"},{"@type":"ListItem","position":2,"name":"Struggles of drug users in the Serbian healthcare system"}]},{"@type":"WebSite","@id":"https:\/\/drogriporter.hu\/en\/#website","url":"https:\/\/drogriporter.hu\/en\/","name":"Drugreporter","description":"News and Films from the Frontline of the War on Drugs","potentialAction":[{"@type":"SearchAction","target":{"@type":"EntryPoint","urlTemplate":"https:\/\/drogriporter.hu\/en\/?s={search_term_string}"},"query-input":{"@type":"PropertyValueSpecification","valueRequired":true,"valueName":"search_term_string"}}],"inLanguage":"en-US"},{"@type":"Person","@id":"https:\/\/drogriporter.hu\/en\/#\/schema\/person\/aaf6e356ecdcc3c9a6172aeb58a1c524","name":"Istv\u00e1n G\u00e1bor Tak\u00e1cs","image":{"@type":"ImageObject","inLanguage":"en-US","@id":"https:\/\/secure.gravatar.com\/avatar\/658e7317f4c0b7ad030de0732edc52bd87a40097c378d9f945212f914567946c?s=96&d=mm&r=g","url":"https:\/\/secure.gravatar.com\/avatar\/658e7317f4c0b7ad030de0732edc52bd87a40097c378d9f945212f914567946c?s=96&d=mm&r=g","contentUrl":"https:\/\/secure.gravatar.com\/avatar\/658e7317f4c0b7ad030de0732edc52bd87a40097c378d9f945212f914567946c?s=96&d=mm&r=g","caption":"Istv\u00e1n G\u00e1bor Tak\u00e1cs"},"description":"Istv\u00e1n G\u00e1bor Tak\u00e1cs is a human rights activist, videographer and trainer. He ran the Video Advocacy Program of the Hungarian Civil Liberties Union between 2007-2015. He worked as a needle exchange program counselor for 5 years. He is author of several articles on harm reduction and cameraman, editor, director and co-director of more than 700 online videos, among them longer documentaries, such as \u201cKostya Proletarsky\u201d (2020), \u201cTaking Back What\u2019s Ours: An Oral History of the Movement of People who Use Drugs\u201d (2020) \u201dA Day in the Life: The World of Humans Who Use Drugs\u201d (2016), \u201cWithout Rights\u201d (2009), \u201cWithout a Chance\u201d (2014), \u201cRoom in the 8th District\u201d (2014) and \u201cThe Invisible\u201d (2011). Since 2016 he works at the Rights Reporter Foundation, where besides producing films, he is training activists in video advocacy.","sameAs":["takacsistvangabor@rightsreporter.net"],"url":"https:\/\/drogriporter.hu\/en\/author\/idoru\/"}]}},"featured_image_src_square":null,"_links":{"self":[{"href":"https:\/\/drogriporter.hu\/en\/wp-json\/wp\/v2\/posts\/6614","targetHints":{"allow":["GET"]}}],"collection":[{"href":"https:\/\/drogriporter.hu\/en\/wp-json\/wp\/v2\/posts"}],"about":[{"href":"https:\/\/drogriporter.hu\/en\/wp-json\/wp\/v2\/types\/post"}],"author":[{"embeddable":true,"href":"https:\/\/drogriporter.hu\/en\/wp-json\/wp\/v2\/users\/1002"}],"replies":[{"embeddable":true,"href":"https:\/\/drogriporter.hu\/en\/wp-json\/wp\/v2\/comments?post=6614"}],"version-history":[{"count":0,"href":"https:\/\/drogriporter.hu\/en\/wp-json\/wp\/v2\/posts\/6614\/revisions"}],"wp:attachment":[{"href":"https:\/\/drogriporter.hu\/en\/wp-json\/wp\/v2\/media?parent=6614"}],"wp:term":[{"taxonomy":"category","embeddable":true,"href":"https:\/\/drogriporter.hu\/en\/wp-json\/wp\/v2\/categories?post=6614"},{"taxonomy":"post_tag","embeddable":true,"href":"https:\/\/drogriporter.hu\/en\/wp-json\/wp\/v2\/tags?post=6614"},{"taxonomy":"countries","embeddable":true,"href":"https:\/\/drogriporter.hu\/en\/wp-json\/wp\/v2\/countries?post=6614"},{"taxonomy":"section","embeddable":true,"href":"https:\/\/drogriporter.hu\/en\/wp-json\/wp\/v2\/section?post=6614"},{"taxonomy":"video-author","embeddable":true,"href":"https:\/\/drogriporter.hu\/en\/wp-json\/wp\/v2\/video-author?post=6614"},{"taxonomy":"drug","embeddable":true,"href":"https:\/\/drogriporter.hu\/en\/wp-json\/wp\/v2\/drug?post=6614"},{"taxonomy":"archive","embeddable":true,"href":"https:\/\/drogriporter.hu\/en\/wp-json\/wp\/v2\/archive?post=6614"},{"taxonomy":"video-series","embeddable":true,"href":"https:\/\/drogriporter.hu\/en\/wp-json\/wp\/v2\/video-series?post=6614"}],"curies":[{"name":"wp","href":"https:\/\/api.w.org\/{rel}","templated":true}]}}