{"id":6746,"date":"2011-01-03T11:28:15","date_gmt":"2011-01-03T11:28:15","guid":{"rendered":"https:\/\/drogriporter.hu\/drug-prohibition-violence-in-mexico-the-austin-session\/"},"modified":"2022-07-04T14:35:08","modified_gmt":"2022-07-04T12:35:08","slug":"drug-prohibition-violence-in-mexico-the-austin-session","status":"publish","type":"post","link":"https:\/\/drogriporter.hu\/en\/drug-prohibition-violence-in-mexico-the-austin-session\/","title":{"rendered":"Drug Prohibition Violence in Mexico: The Austin Session"},"content":{"rendered":"<p>Learn what&#8217;s going on in Mexico from these interesting presentations filmed at the Harm Reduction Conference in Austin, Texas, on November 19, 2010.<\/p>\n<p><!--more--><\/p>\n<p>The HCLU&#8217;s video advocacy team filmed these presentations on the consequences of the drug war in Mexico, at the Harm Reduction Conference in Austin, Texas, on November 19, 2010.<\/p>\n<p><strong>Border Violence: Mexico, Southwest United States &amp; Drug Policy<\/strong><br \/>\nby <strong>William Martin<\/strong>, from the Baker Institute for Public Policy, Rice University, Houston, TX.<br \/>\n<iframe loading=\"lazy\" src=\"https:\/\/player.vimeo.com\/video\/17959482?portrait=0\" width=\"640\" height=\"360\" frameborder=\"0\" scrolling=\"no\"><\/iframe><\/p>\n<p><strong>Drug Prohibition Violence in Mexico: Historical &amp; Regional Context<\/strong><br \/>\nby <strong>Daniel Robelo<\/strong>, Drug Policy Alliance, Berkeley, CA<br \/>\n<iframe loading=\"lazy\" src=\"https:\/\/player.vimeo.com\/video\/17958461?portrait=0\" width=\"640\" height=\"360\" frameborder=\"0\" scrolling=\"no\"><\/iframe><\/p>\n<p><strong>Drug Prohibition Violence in Mexico: Harm Reduction to Border People<\/strong><br \/>\nby <strong>Kathleen Staudt<\/strong>, University of Texas at El Paso, El Paso, TX<br \/>\n<iframe loading=\"lazy\" src=\"https:\/\/player.vimeo.com\/video\/17957729?portrait=0\" width=\"640\" height=\"360\" frameborder=\"0\" scrolling=\"no\"><\/iframe><\/p>\n","protected":false},"excerpt":{"rendered":"<p>Learn what&#8217;s going on in Mexico from these interesting presentations filmed at the Harm Reduction Conference in Austin, Texas, on November 19, 2010.<\/p>\n","protected":false},"author":1002,"featured_media":6302,"comment_status":"open","ping_status":"open","sticky":false,"template":"","format":"standard","meta":{"_genesis_hide_title":false,"_genesis_hide_breadcrumbs":false,"_genesis_hide_singular_image":false,"_genesis_hide_footer_widgets":false,"_genesis_custom_body_class":"","_genesis_custom_post_class":"","_genesis_layout":"","footnotes":""},"categories":[2900,2894],"tags":[],"countries":[2687],"section":[],"video-author":[2921],"drug":[],"archive":[3212,3214,3240],"video-series":[],"class_list":{"0":"post-6746","1":"post","2":"type-post","3":"status-publish","4":"format-standard","5":"has-post-thumbnail","7":"category-articles","8":"category-video-database","9":"countries-usa-en","10":"video-author-drugreporter","11":"archive-criminalisation","12":"archive-drug-policy-and-law","13":"archive-regulation-and-control","14":"entry"},"featured_image_src":"https:\/\/drogriporter.hu\/wp-content\/uploads\/sites\/8\/2016\/08\/violence_in_mexico.png","author_info":{"display_name":"Istv\u00e1n G\u00e1bor Tak\u00e1cs","author_link":"https:\/\/drogriporter.hu\/en\/author\/idoru\/"},"yoast_head":"<!-- This site is optimized with the Yoast SEO Premium plugin  - https:\/\/yoast.com\/product\/yoast-seo-premium-wordpress\/ -->\n<title>Drug Prohibition Violence in Mexico: The Austin Session - Drugreporter<\/title>\n<meta name=\"robots\" content=\"index, follow, max-snippet:-1, max-image-preview:large, max-video-preview:-1\" \/>\n<link rel=\"canonical\" href=\"https:\/\/drogriporter.hu\/en\/drug-prohibition-violence-in-mexico-the-austin-session\/\" \/>\n<meta property=\"og:locale\" content=\"en_US\" \/>\n<meta property=\"og:type\" content=\"article\" \/>\n<meta property=\"og:title\" content=\"Drug Prohibition Violence in Mexico: The Austin Session\" \/>\n<meta property=\"og:description\" content=\"Learn what&#8217;s going on in Mexico from these interesting presentations filmed at the Harm Reduction Conference in Austin, Texas, on November 19, 2010.\" \/>\n<meta property=\"og:url\" content=\"https:\/\/drogriporter.hu\/en\/drug-prohibition-violence-in-mexico-the-austin-session\/\" \/>\n<meta property=\"og:site_name\" content=\"Drugreporter\" \/>\n<meta property=\"article:published_time\" content=\"2011-01-03T11:28:15+00:00\" \/>\n<meta property=\"article:modified_time\" content=\"2022-07-04T12:35:08+00:00\" \/>\n<meta property=\"og:image\" content=\"https:\/\/drogriporter.hu\/wp-content\/uploads\/sites\/8\/2016\/08\/violence_in_mexico.png\" \/>\n\t<meta property=\"og:image:width\" content=\"641\" \/>\n\t<meta property=\"og:image:height\" content=\"363\" \/>\n\t<meta property=\"og:image:type\" content=\"image\/png\" \/>\n<meta name=\"author\" content=\"Istv\u00e1n G\u00e1bor Tak\u00e1cs\" \/>\n<meta name=\"twitter:card\" content=\"summary_large_image\" \/>\n<meta name=\"twitter:label1\" content=\"Written by\" \/>\n\t<meta name=\"twitter:data1\" content=\"Istv\u00e1n G\u00e1bor Tak\u00e1cs\" \/>\n\t<meta name=\"twitter:label2\" content=\"Est. reading time\" \/>\n\t<meta name=\"twitter:data2\" content=\"1 minute\" \/>\n<script type=\"application\/ld+json\" class=\"yoast-schema-graph\">{\"@context\":\"https:\\\/\\\/schema.org\",\"@graph\":[{\"@type\":\"Article\",\"@id\":\"https:\\\/\\\/drogriporter.hu\\\/en\\\/drug-prohibition-violence-in-mexico-the-austin-session\\\/#article\",\"isPartOf\":{\"@id\":\"https:\\\/\\\/drogriporter.hu\\\/en\\\/drug-prohibition-violence-in-mexico-the-austin-session\\\/\"},\"author\":{\"name\":\"Istv\u00e1n G\u00e1bor Tak\u00e1cs\",\"@id\":\"https:\\\/\\\/drogriporter.hu\\\/en\\\/#\\\/schema\\\/person\\\/aaf6e356ecdcc3c9a6172aeb58a1c524\"},\"headline\":\"Drug Prohibition Violence in Mexico: The Austin Session\",\"datePublished\":\"2011-01-03T11:28:15+00:00\",\"dateModified\":\"2022-07-04T12:35:08+00:00\",\"mainEntityOfPage\":{\"@id\":\"https:\\\/\\\/drogriporter.hu\\\/en\\\/drug-prohibition-violence-in-mexico-the-austin-session\\\/\"},\"wordCount\":120,\"commentCount\":0,\"image\":{\"@id\":\"https:\\\/\\\/drogriporter.hu\\\/en\\\/drug-prohibition-violence-in-mexico-the-austin-session\\\/#primaryimage\"},\"thumbnailUrl\":\"https:\\\/\\\/drogriporter.hu\\\/wp-content\\\/uploads\\\/sites\\\/8\\\/2016\\\/08\\\/violence_in_mexico.png\",\"articleSection\":[\"Articles\",\"Video Database\"],\"inLanguage\":\"en-US\"},{\"@type\":\"WebPage\",\"@id\":\"https:\\\/\\\/drogriporter.hu\\\/en\\\/drug-prohibition-violence-in-mexico-the-austin-session\\\/\",\"url\":\"https:\\\/\\\/drogriporter.hu\\\/en\\\/drug-prohibition-violence-in-mexico-the-austin-session\\\/\",\"name\":\"Drug Prohibition Violence in Mexico: The Austin Session - Drugreporter\",\"isPartOf\":{\"@id\":\"https:\\\/\\\/drogriporter.hu\\\/en\\\/#website\"},\"primaryImageOfPage\":{\"@id\":\"https:\\\/\\\/drogriporter.hu\\\/en\\\/drug-prohibition-violence-in-mexico-the-austin-session\\\/#primaryimage\"},\"image\":{\"@id\":\"https:\\\/\\\/drogriporter.hu\\\/en\\\/drug-prohibition-violence-in-mexico-the-austin-session\\\/#primaryimage\"},\"thumbnailUrl\":\"https:\\\/\\\/drogriporter.hu\\\/wp-content\\\/uploads\\\/sites\\\/8\\\/2016\\\/08\\\/violence_in_mexico.png\",\"datePublished\":\"2011-01-03T11:28:15+00:00\",\"dateModified\":\"2022-07-04T12:35:08+00:00\",\"author\":{\"@id\":\"https:\\\/\\\/drogriporter.hu\\\/en\\\/#\\\/schema\\\/person\\\/aaf6e356ecdcc3c9a6172aeb58a1c524\"},\"breadcrumb\":{\"@id\":\"https:\\\/\\\/drogriporter.hu\\\/en\\\/drug-prohibition-violence-in-mexico-the-austin-session\\\/#breadcrumb\"},\"inLanguage\":\"en-US\",\"potentialAction\":[{\"@type\":\"ReadAction\",\"target\":[\"https:\\\/\\\/drogriporter.hu\\\/en\\\/drug-prohibition-violence-in-mexico-the-austin-session\\\/\"]}]},{\"@type\":\"ImageObject\",\"inLanguage\":\"en-US\",\"@id\":\"https:\\\/\\\/drogriporter.hu\\\/en\\\/drug-prohibition-violence-in-mexico-the-austin-session\\\/#primaryimage\",\"url\":\"https:\\\/\\\/drogriporter.hu\\\/wp-content\\\/uploads\\\/sites\\\/8\\\/2016\\\/08\\\/violence_in_mexico.png\",\"contentUrl\":\"https:\\\/\\\/drogriporter.hu\\\/wp-content\\\/uploads\\\/sites\\\/8\\\/2016\\\/08\\\/violence_in_mexico.png\",\"width\":641,\"height\":363},{\"@type\":\"BreadcrumbList\",\"@id\":\"https:\\\/\\\/drogriporter.hu\\\/en\\\/drug-prohibition-violence-in-mexico-the-austin-session\\\/#breadcrumb\",\"itemListElement\":[{\"@type\":\"ListItem\",\"position\":1,\"name\":\"Home\",\"item\":\"https:\\\/\\\/drogriporter.hu\\\/en\\\/\"},{\"@type\":\"ListItem\",\"position\":2,\"name\":\"Drug Prohibition Violence in Mexico: The Austin Session\"}]},{\"@type\":\"WebSite\",\"@id\":\"https:\\\/\\\/drogriporter.hu\\\/en\\\/#website\",\"url\":\"https:\\\/\\\/drogriporter.hu\\\/en\\\/\",\"name\":\"Drugreporter\",\"description\":\"News and Films from the Frontline of the War on Drugs\",\"potentialAction\":[{\"@type\":\"SearchAction\",\"target\":{\"@type\":\"EntryPoint\",\"urlTemplate\":\"https:\\\/\\\/drogriporter.hu\\\/en\\\/?s={search_term_string}\"},\"query-input\":{\"@type\":\"PropertyValueSpecification\",\"valueRequired\":true,\"valueName\":\"search_term_string\"}}],\"inLanguage\":\"en-US\"},{\"@type\":\"Person\",\"@id\":\"https:\\\/\\\/drogriporter.hu\\\/en\\\/#\\\/schema\\\/person\\\/aaf6e356ecdcc3c9a6172aeb58a1c524\",\"name\":\"Istv\u00e1n G\u00e1bor Tak\u00e1cs\",\"image\":{\"@type\":\"ImageObject\",\"inLanguage\":\"en-US\",\"@id\":\"https:\\\/\\\/secure.gravatar.com\\\/avatar\\\/658e7317f4c0b7ad030de0732edc52bd87a40097c378d9f945212f914567946c?s=96&d=mm&r=g\",\"url\":\"https:\\\/\\\/secure.gravatar.com\\\/avatar\\\/658e7317f4c0b7ad030de0732edc52bd87a40097c378d9f945212f914567946c?s=96&d=mm&r=g\",\"contentUrl\":\"https:\\\/\\\/secure.gravatar.com\\\/avatar\\\/658e7317f4c0b7ad030de0732edc52bd87a40097c378d9f945212f914567946c?s=96&d=mm&r=g\",\"caption\":\"Istv\u00e1n G\u00e1bor Tak\u00e1cs\"},\"description\":\"Istv\u00e1n G\u00e1bor Tak\u00e1cs is a human rights activist, videographer and trainer. He ran the Video Advocacy Program of the Hungarian Civil Liberties Union between 2007-2015. He worked as a needle exchange program counselor for 5 years. He is author of several articles on harm reduction and cameraman, editor, director and co-director of more than 700 online videos, among them longer documentaries, such as \u201cKostya Proletarsky\u201d (2020), \u201cTaking Back What\u2019s Ours: An Oral History of the Movement of People who Use Drugs\u201d (2020) \u201dA Day in the Life: The World of Humans Who Use Drugs\u201d (2016), \u201cWithout Rights\u201d (2009), \u201cWithout a Chance\u201d (2014), \u201cRoom in the 8th District\u201d (2014) and \u201cThe Invisible\u201d (2011). Since 2016 he works at the Rights Reporter Foundation, where besides producing films, he is training activists in video advocacy.\",\"sameAs\":[\"takacsistvangabor@rightsreporter.net\"],\"url\":\"https:\\\/\\\/drogriporter.hu\\\/en\\\/author\\\/idoru\\\/\"}]}<\/script>\n<!-- \/ Yoast SEO Premium plugin. -->","yoast_head_json":{"title":"Drug Prohibition Violence in Mexico: The Austin Session - Drugreporter","robots":{"index":"index","follow":"follow","max-snippet":"max-snippet:-1","max-image-preview":"max-image-preview:large","max-video-preview":"max-video-preview:-1"},"canonical":"https:\/\/drogriporter.hu\/en\/drug-prohibition-violence-in-mexico-the-austin-session\/","og_locale":"en_US","og_type":"article","og_title":"Drug Prohibition Violence in Mexico: The Austin Session","og_description":"Learn what&#8217;s going on in Mexico from these interesting presentations filmed at the Harm Reduction Conference in Austin, Texas, on November 19, 2010.","og_url":"https:\/\/drogriporter.hu\/en\/drug-prohibition-violence-in-mexico-the-austin-session\/","og_site_name":"Drugreporter","article_published_time":"2011-01-03T11:28:15+00:00","article_modified_time":"2022-07-04T12:35:08+00:00","og_image":[{"width":641,"height":363,"url":"https:\/\/drogriporter.hu\/wp-content\/uploads\/sites\/8\/2016\/08\/violence_in_mexico.png","type":"image\/png"}],"author":"Istv\u00e1n G\u00e1bor Tak\u00e1cs","twitter_card":"summary_large_image","twitter_misc":{"Written by":"Istv\u00e1n G\u00e1bor Tak\u00e1cs","Est. reading time":"1 minute"},"schema":{"@context":"https:\/\/schema.org","@graph":[{"@type":"Article","@id":"https:\/\/drogriporter.hu\/en\/drug-prohibition-violence-in-mexico-the-austin-session\/#article","isPartOf":{"@id":"https:\/\/drogriporter.hu\/en\/drug-prohibition-violence-in-mexico-the-austin-session\/"},"author":{"name":"Istv\u00e1n G\u00e1bor Tak\u00e1cs","@id":"https:\/\/drogriporter.hu\/en\/#\/schema\/person\/aaf6e356ecdcc3c9a6172aeb58a1c524"},"headline":"Drug Prohibition Violence in Mexico: The Austin Session","datePublished":"2011-01-03T11:28:15+00:00","dateModified":"2022-07-04T12:35:08+00:00","mainEntityOfPage":{"@id":"https:\/\/drogriporter.hu\/en\/drug-prohibition-violence-in-mexico-the-austin-session\/"},"wordCount":120,"commentCount":0,"image":{"@id":"https:\/\/drogriporter.hu\/en\/drug-prohibition-violence-in-mexico-the-austin-session\/#primaryimage"},"thumbnailUrl":"https:\/\/drogriporter.hu\/wp-content\/uploads\/sites\/8\/2016\/08\/violence_in_mexico.png","articleSection":["Articles","Video Database"],"inLanguage":"en-US"},{"@type":"WebPage","@id":"https:\/\/drogriporter.hu\/en\/drug-prohibition-violence-in-mexico-the-austin-session\/","url":"https:\/\/drogriporter.hu\/en\/drug-prohibition-violence-in-mexico-the-austin-session\/","name":"Drug Prohibition Violence in Mexico: The Austin Session - Drugreporter","isPartOf":{"@id":"https:\/\/drogriporter.hu\/en\/#website"},"primaryImageOfPage":{"@id":"https:\/\/drogriporter.hu\/en\/drug-prohibition-violence-in-mexico-the-austin-session\/#primaryimage"},"image":{"@id":"https:\/\/drogriporter.hu\/en\/drug-prohibition-violence-in-mexico-the-austin-session\/#primaryimage"},"thumbnailUrl":"https:\/\/drogriporter.hu\/wp-content\/uploads\/sites\/8\/2016\/08\/violence_in_mexico.png","datePublished":"2011-01-03T11:28:15+00:00","dateModified":"2022-07-04T12:35:08+00:00","author":{"@id":"https:\/\/drogriporter.hu\/en\/#\/schema\/person\/aaf6e356ecdcc3c9a6172aeb58a1c524"},"breadcrumb":{"@id":"https:\/\/drogriporter.hu\/en\/drug-prohibition-violence-in-mexico-the-austin-session\/#breadcrumb"},"inLanguage":"en-US","potentialAction":[{"@type":"ReadAction","target":["https:\/\/drogriporter.hu\/en\/drug-prohibition-violence-in-mexico-the-austin-session\/"]}]},{"@type":"ImageObject","inLanguage":"en-US","@id":"https:\/\/drogriporter.hu\/en\/drug-prohibition-violence-in-mexico-the-austin-session\/#primaryimage","url":"https:\/\/drogriporter.hu\/wp-content\/uploads\/sites\/8\/2016\/08\/violence_in_mexico.png","contentUrl":"https:\/\/drogriporter.hu\/wp-content\/uploads\/sites\/8\/2016\/08\/violence_in_mexico.png","width":641,"height":363},{"@type":"BreadcrumbList","@id":"https:\/\/drogriporter.hu\/en\/drug-prohibition-violence-in-mexico-the-austin-session\/#breadcrumb","itemListElement":[{"@type":"ListItem","position":1,"name":"Home","item":"https:\/\/drogriporter.hu\/en\/"},{"@type":"ListItem","position":2,"name":"Drug Prohibition Violence in Mexico: The Austin Session"}]},{"@type":"WebSite","@id":"https:\/\/drogriporter.hu\/en\/#website","url":"https:\/\/drogriporter.hu\/en\/","name":"Drugreporter","description":"News and Films from the Frontline of the War on Drugs","potentialAction":[{"@type":"SearchAction","target":{"@type":"EntryPoint","urlTemplate":"https:\/\/drogriporter.hu\/en\/?s={search_term_string}"},"query-input":{"@type":"PropertyValueSpecification","valueRequired":true,"valueName":"search_term_string"}}],"inLanguage":"en-US"},{"@type":"Person","@id":"https:\/\/drogriporter.hu\/en\/#\/schema\/person\/aaf6e356ecdcc3c9a6172aeb58a1c524","name":"Istv\u00e1n G\u00e1bor Tak\u00e1cs","image":{"@type":"ImageObject","inLanguage":"en-US","@id":"https:\/\/secure.gravatar.com\/avatar\/658e7317f4c0b7ad030de0732edc52bd87a40097c378d9f945212f914567946c?s=96&d=mm&r=g","url":"https:\/\/secure.gravatar.com\/avatar\/658e7317f4c0b7ad030de0732edc52bd87a40097c378d9f945212f914567946c?s=96&d=mm&r=g","contentUrl":"https:\/\/secure.gravatar.com\/avatar\/658e7317f4c0b7ad030de0732edc52bd87a40097c378d9f945212f914567946c?s=96&d=mm&r=g","caption":"Istv\u00e1n G\u00e1bor Tak\u00e1cs"},"description":"Istv\u00e1n G\u00e1bor Tak\u00e1cs is a human rights activist, videographer and trainer. He ran the Video Advocacy Program of the Hungarian Civil Liberties Union between 2007-2015. He worked as a needle exchange program counselor for 5 years. He is author of several articles on harm reduction and cameraman, editor, director and co-director of more than 700 online videos, among them longer documentaries, such as \u201cKostya Proletarsky\u201d (2020), \u201cTaking Back What\u2019s Ours: An Oral History of the Movement of People who Use Drugs\u201d (2020) \u201dA Day in the Life: The World of Humans Who Use Drugs\u201d (2016), \u201cWithout Rights\u201d (2009), \u201cWithout a Chance\u201d (2014), \u201cRoom in the 8th District\u201d (2014) and \u201cThe Invisible\u201d (2011). Since 2016 he works at the Rights Reporter Foundation, where besides producing films, he is training activists in video advocacy.","sameAs":["takacsistvangabor@rightsreporter.net"],"url":"https:\/\/drogriporter.hu\/en\/author\/idoru\/"}]}},"featured_image_src_square":"https:\/\/drogriporter.hu\/wp-content\/uploads\/sites\/8\/2016\/08\/violence_in_mexico.png","_links":{"self":[{"href":"https:\/\/drogriporter.hu\/en\/wp-json\/wp\/v2\/posts\/6746","targetHints":{"allow":["GET"]}}],"collection":[{"href":"https:\/\/drogriporter.hu\/en\/wp-json\/wp\/v2\/posts"}],"about":[{"href":"https:\/\/drogriporter.hu\/en\/wp-json\/wp\/v2\/types\/post"}],"author":[{"embeddable":true,"href":"https:\/\/drogriporter.hu\/en\/wp-json\/wp\/v2\/users\/1002"}],"replies":[{"embeddable":true,"href":"https:\/\/drogriporter.hu\/en\/wp-json\/wp\/v2\/comments?post=6746"}],"version-history":[{"count":0,"href":"https:\/\/drogriporter.hu\/en\/wp-json\/wp\/v2\/posts\/6746\/revisions"}],"wp:featuredmedia":[{"embeddable":true,"href":"https:\/\/drogriporter.hu\/en\/wp-json\/wp\/v2\/media\/6302"}],"wp:attachment":[{"href":"https:\/\/drogriporter.hu\/en\/wp-json\/wp\/v2\/media?parent=6746"}],"wp:term":[{"taxonomy":"category","embeddable":true,"href":"https:\/\/drogriporter.hu\/en\/wp-json\/wp\/v2\/categories?post=6746"},{"taxonomy":"post_tag","embeddable":true,"href":"https:\/\/drogriporter.hu\/en\/wp-json\/wp\/v2\/tags?post=6746"},{"taxonomy":"countries","embeddable":true,"href":"https:\/\/drogriporter.hu\/en\/wp-json\/wp\/v2\/countries?post=6746"},{"taxonomy":"section","embeddable":true,"href":"https:\/\/drogriporter.hu\/en\/wp-json\/wp\/v2\/section?post=6746"},{"taxonomy":"video-author","embeddable":true,"href":"https:\/\/drogriporter.hu\/en\/wp-json\/wp\/v2\/video-author?post=6746"},{"taxonomy":"drug","embeddable":true,"href":"https:\/\/drogriporter.hu\/en\/wp-json\/wp\/v2\/drug?post=6746"},{"taxonomy":"archive","embeddable":true,"href":"https:\/\/drogriporter.hu\/en\/wp-json\/wp\/v2\/archive?post=6746"},{"taxonomy":"video-series","embeddable":true,"href":"https:\/\/drogriporter.hu\/en\/wp-json\/wp\/v2\/video-series?post=6746"}],"curies":[{"name":"wp","href":"https:\/\/api.w.org\/{rel}","templated":true}]}}