{"id":6804,"date":"2009-03-14T22:27:37","date_gmt":"2009-03-14T22:27:37","guid":{"rendered":"https:\/\/drogriporter.hu\/protest-against-the-global-drug-war-11-03-2009\/"},"modified":"2022-07-04T14:51:31","modified_gmt":"2022-07-04T12:51:31","slug":"protest-against-the-global-drug-war-11-03-2009","status":"publish","type":"post","link":"https:\/\/drogriporter.hu\/en\/protest-against-the-global-drug-war-11-03-2009\/","title":{"rendered":"Protest Against the Global Drug War &#8211; 11.03.2009"},"content":{"rendered":"<p>Watch the video filmed at our demonstration &amp; press conference in Vienna<\/p>\n<p><!--more--><\/p>\n<p>Our video was filmed at the Stop the Global War on Drugs demonstration and press conference organized by HCLU in cooperation with INPUD, ENCOD, Youth RISE and SSDP:<\/p>\n<p><iframe loading=\"lazy\" src=\"https:\/\/www.youtube.com\/embed\/xkXX8M0pUzA\" width=\"640\" height=\"360\" frameborder=\"0\" allowfullscreen=\"allowfullscreen\"><\/iframe><\/p>\n<p>The European Commission published its evaluation study on the global state of illicit drug markets on March 10. Researchers found no evidence that current international drug control measures could reduce the scale of the market &#8211; but found a lot of evidence on the unintended harms of the global drug war.<\/p>\n<table style=\"width: 561px; height: 118px;\" border=\"1\" cellspacing=\"1\" cellpadding=\"1\">\n<tbody>\n<tr>\n<td bgcolor=\"#999999\">&#8220;The study has found no evidence that the global drug problem was reduced during the UNGASS period from 1998 to 2007. For some nations the problem declined but for others it worsened and for some of those it worsened sharply and substantially.&#8221;<br \/>\n<span style=\"font-size: x-small;\"><u>Source<\/u>: A report on Global Illicit Drugs Markets 1998-2007<br \/>\nEditors: Peter Reuter (RAND) and Franz Trautmann (Trimbos Institute)<br \/>\nEuropean Commission, March 2009<\/span><\/td>\n<\/tr>\n<\/tbody>\n<\/table>\n<p>&nbsp;<\/p>\n<p>Two days later, the UN&nbsp;high level meeting adopted a Political Declaration that completely ignores this evidence and sticks by failed policies:<\/p>\n<table style=\"width: 527px; height: 91px;\" border=\"1\" cellspacing=\"1\" cellpadding=\"1\">\n<tbody>\n<tr>\n<td bgcolor=\"#999999\">36. Decide to establish 2019 as a target date for States to eliminate or reduce<br \/>\nsignificantly and measurably:<br \/>\n(a) The illicit cultivation of opium poppy, coca bush and cannabis plant;<br \/>\n(b) The illicit demand for narcotic drugs and psychotropic substances; and<br \/>\ndrug-related health and social risks;<br \/>\n(c) The illicit production, manufacture, marketing and distribution of, and<br \/>\ntrafficking in, psychotropic substances, including synthetic drugs;<br \/>\n(d) The diversion of and illicit trafficking in precursors;<br \/>\n(e) Money-laundering related to illicit drugs;<\/td>\n<\/tr>\n<\/tbody>\n<\/table>\n<p>So the race for a drug-free world is going on, the deadline is extended to 2019. No comment&#8230;<\/p>\n<p>Posted by Peter Sarosi<\/p>\n","protected":false},"excerpt":{"rendered":"<p>Watch the video filmed at our demonstration &amp; press conference in Vienna<\/p>\n","protected":false},"author":1005,"featured_media":6337,"comment_status":"open","ping_status":"open","sticky":false,"template":"","format":"standard","meta":{"_genesis_hide_title":false,"_genesis_hide_breadcrumbs":false,"_genesis_hide_singular_image":false,"_genesis_hide_footer_widgets":false,"_genesis_custom_body_class":"","_genesis_custom_post_class":"","_genesis_layout":"","footnotes":""},"categories":[2900,2894],"tags":[],"countries":[2692,2761],"section":[],"video-author":[2921],"drug":[],"archive":[3214,3222,3240,3247],"video-series":[3249],"class_list":{"0":"post-6804","1":"post","2":"type-post","3":"status-publish","4":"format-standard","5":"has-post-thumbnail","7":"category-articles","8":"category-video-database","9":"countries-austria-en","10":"countries-global-drug-policy-related-films","11":"video-author-drugreporter","12":"archive-drug-policy-and-law","13":"archive-harm-reduction","14":"archive-regulation-and-control","15":"archive-united-nations-drug-policy","16":"video-series-un-commission-on-narcotic-drugs-cnd","17":"entry"},"featured_image_src":"https:\/\/drogriporter.hu\/wp-content\/uploads\/sites\/8\/2016\/09\/protest_the_global_war_on_drugs.png","author_info":{"display_name":"P\u00e9ter S\u00e1rosi","author_link":"https:\/\/drogriporter.hu\/en\/author\/sarosip-2\/"},"yoast_head":"<!-- This site is optimized with the Yoast SEO Premium plugin  - https:\/\/yoast.com\/product\/yoast-seo-premium-wordpress\/ -->\n<title>Protest Against the Global Drug War - 11.03.2009 - Drugreporter<\/title>\n<meta name=\"robots\" content=\"index, follow, max-snippet:-1, max-image-preview:large, max-video-preview:-1\" \/>\n<link rel=\"canonical\" href=\"https:\/\/drogriporter.hu\/en\/protest-against-the-global-drug-war-11-03-2009\/\" \/>\n<meta property=\"og:locale\" content=\"en_US\" \/>\n<meta property=\"og:type\" content=\"article\" \/>\n<meta property=\"og:title\" content=\"Protest Against the Global Drug War - 11.03.2009\" \/>\n<meta property=\"og:description\" content=\"Watch the video filmed at our demonstration &amp; press conference in Vienna\" \/>\n<meta property=\"og:url\" content=\"https:\/\/drogriporter.hu\/en\/protest-against-the-global-drug-war-11-03-2009\/\" \/>\n<meta property=\"og:site_name\" content=\"Drugreporter\" \/>\n<meta property=\"article:published_time\" content=\"2009-03-14T22:27:37+00:00\" \/>\n<meta property=\"article:modified_time\" content=\"2022-07-04T12:51:31+00:00\" \/>\n<meta property=\"og:image\" content=\"https:\/\/drogriporter.hu\/wp-content\/uploads\/sites\/8\/2016\/09\/protest_the_global_war_on_drugs.png\" \/>\n\t<meta property=\"og:image:width\" content=\"642\" \/>\n\t<meta property=\"og:image:height\" content=\"363\" \/>\n\t<meta property=\"og:image:type\" content=\"image\/png\" \/>\n<meta name=\"author\" content=\"P\u00e9ter S\u00e1rosi\" \/>\n<meta name=\"twitter:card\" content=\"summary_large_image\" \/>\n<meta name=\"twitter:label1\" content=\"Written by\" \/>\n\t<meta name=\"twitter:data1\" content=\"P\u00e9ter S\u00e1rosi\" \/>\n\t<meta name=\"twitter:label2\" content=\"Est. reading time\" \/>\n\t<meta name=\"twitter:data2\" content=\"2 minutes\" \/>\n<script type=\"application\/ld+json\" class=\"yoast-schema-graph\">{\"@context\":\"https:\\\/\\\/schema.org\",\"@graph\":[{\"@type\":\"Article\",\"@id\":\"https:\\\/\\\/drogriporter.hu\\\/en\\\/protest-against-the-global-drug-war-11-03-2009\\\/#article\",\"isPartOf\":{\"@id\":\"https:\\\/\\\/drogriporter.hu\\\/en\\\/protest-against-the-global-drug-war-11-03-2009\\\/\"},\"author\":{\"name\":\"P\u00e9ter S\u00e1rosi\",\"@id\":\"https:\\\/\\\/drogriporter.hu\\\/en\\\/#\\\/schema\\\/person\\\/fb6cc5151784cb72290e136439b8cfbf\"},\"headline\":\"Protest Against the Global Drug War &#8211; 11.03.2009\",\"datePublished\":\"2009-03-14T22:27:37+00:00\",\"dateModified\":\"2022-07-04T12:51:31+00:00\",\"mainEntityOfPage\":{\"@id\":\"https:\\\/\\\/drogriporter.hu\\\/en\\\/protest-against-the-global-drug-war-11-03-2009\\\/\"},\"wordCount\":279,\"commentCount\":0,\"image\":{\"@id\":\"https:\\\/\\\/drogriporter.hu\\\/en\\\/protest-against-the-global-drug-war-11-03-2009\\\/#primaryimage\"},\"thumbnailUrl\":\"https:\\\/\\\/drogriporter.hu\\\/wp-content\\\/uploads\\\/sites\\\/8\\\/2016\\\/09\\\/protest_the_global_war_on_drugs.png\",\"articleSection\":[\"Articles\",\"Video Database\"],\"inLanguage\":\"en-US\"},{\"@type\":\"WebPage\",\"@id\":\"https:\\\/\\\/drogriporter.hu\\\/en\\\/protest-against-the-global-drug-war-11-03-2009\\\/\",\"url\":\"https:\\\/\\\/drogriporter.hu\\\/en\\\/protest-against-the-global-drug-war-11-03-2009\\\/\",\"name\":\"Protest Against the Global Drug War - 11.03.2009 - Drugreporter\",\"isPartOf\":{\"@id\":\"https:\\\/\\\/drogriporter.hu\\\/en\\\/#website\"},\"primaryImageOfPage\":{\"@id\":\"https:\\\/\\\/drogriporter.hu\\\/en\\\/protest-against-the-global-drug-war-11-03-2009\\\/#primaryimage\"},\"image\":{\"@id\":\"https:\\\/\\\/drogriporter.hu\\\/en\\\/protest-against-the-global-drug-war-11-03-2009\\\/#primaryimage\"},\"thumbnailUrl\":\"https:\\\/\\\/drogriporter.hu\\\/wp-content\\\/uploads\\\/sites\\\/8\\\/2016\\\/09\\\/protest_the_global_war_on_drugs.png\",\"datePublished\":\"2009-03-14T22:27:37+00:00\",\"dateModified\":\"2022-07-04T12:51:31+00:00\",\"author\":{\"@id\":\"https:\\\/\\\/drogriporter.hu\\\/en\\\/#\\\/schema\\\/person\\\/fb6cc5151784cb72290e136439b8cfbf\"},\"breadcrumb\":{\"@id\":\"https:\\\/\\\/drogriporter.hu\\\/en\\\/protest-against-the-global-drug-war-11-03-2009\\\/#breadcrumb\"},\"inLanguage\":\"en-US\",\"potentialAction\":[{\"@type\":\"ReadAction\",\"target\":[\"https:\\\/\\\/drogriporter.hu\\\/en\\\/protest-against-the-global-drug-war-11-03-2009\\\/\"]}]},{\"@type\":\"ImageObject\",\"inLanguage\":\"en-US\",\"@id\":\"https:\\\/\\\/drogriporter.hu\\\/en\\\/protest-against-the-global-drug-war-11-03-2009\\\/#primaryimage\",\"url\":\"https:\\\/\\\/drogriporter.hu\\\/wp-content\\\/uploads\\\/sites\\\/8\\\/2016\\\/09\\\/protest_the_global_war_on_drugs.png\",\"contentUrl\":\"https:\\\/\\\/drogriporter.hu\\\/wp-content\\\/uploads\\\/sites\\\/8\\\/2016\\\/09\\\/protest_the_global_war_on_drugs.png\",\"width\":642,\"height\":363},{\"@type\":\"BreadcrumbList\",\"@id\":\"https:\\\/\\\/drogriporter.hu\\\/en\\\/protest-against-the-global-drug-war-11-03-2009\\\/#breadcrumb\",\"itemListElement\":[{\"@type\":\"ListItem\",\"position\":1,\"name\":\"Home\",\"item\":\"https:\\\/\\\/drogriporter.hu\\\/en\\\/\"},{\"@type\":\"ListItem\",\"position\":2,\"name\":\"Protest Against the Global Drug War &#8211; 11.03.2009\"}]},{\"@type\":\"WebSite\",\"@id\":\"https:\\\/\\\/drogriporter.hu\\\/en\\\/#website\",\"url\":\"https:\\\/\\\/drogriporter.hu\\\/en\\\/\",\"name\":\"Drugreporter\",\"description\":\"News and Films from the Frontline of the War on Drugs\",\"potentialAction\":[{\"@type\":\"SearchAction\",\"target\":{\"@type\":\"EntryPoint\",\"urlTemplate\":\"https:\\\/\\\/drogriporter.hu\\\/en\\\/?s={search_term_string}\"},\"query-input\":{\"@type\":\"PropertyValueSpecification\",\"valueRequired\":true,\"valueName\":\"search_term_string\"}}],\"inLanguage\":\"en-US\"},{\"@type\":\"Person\",\"@id\":\"https:\\\/\\\/drogriporter.hu\\\/en\\\/#\\\/schema\\\/person\\\/fb6cc5151784cb72290e136439b8cfbf\",\"name\":\"P\u00e9ter S\u00e1rosi\",\"image\":{\"@type\":\"ImageObject\",\"inLanguage\":\"en-US\",\"@id\":\"https:\\\/\\\/secure.gravatar.com\\\/avatar\\\/b0d99f928865d28655d1d76062ad4e267f8cdb42a281930f70dd9a875b94be0b?s=96&d=mm&r=g\",\"url\":\"https:\\\/\\\/secure.gravatar.com\\\/avatar\\\/b0d99f928865d28655d1d76062ad4e267f8cdb42a281930f70dd9a875b94be0b?s=96&d=mm&r=g\",\"contentUrl\":\"https:\\\/\\\/secure.gravatar.com\\\/avatar\\\/b0d99f928865d28655d1d76062ad4e267f8cdb42a281930f70dd9a875b94be0b?s=96&d=mm&r=g\",\"caption\":\"P\u00e9ter S\u00e1rosi\"},\"description\":\"P\u00e9ter S\u00e1rosi is the Executive Director of the Rights Reporter Foundation. He is a human rights activist and drug policy expert, the founder and editor of the Drugreporter website since 2004, the author of countless articles, co-author of books and director of films about harm reduction and drug policy reform. He was the Director of the Drug Policy Program at the Hungarian Civil Liberties Union between 2004 and 2015. He is experienced in working at international drug policy forums such as the Commission on Narcotic Drugs. He was twice elected to the Core Group of the EU Civil Society Forum on Drugs. He is the co-chair of the Eurasian Harm Reduction Network. He has been representing the Hungarian Harm Reduction Network at the government\u2019s drug advisory body in Hungary since 2007. Peter also contributed to building a network of advocacy NGOs in Europe: the European Drug Policy Initiative. He provided technical assistance to several NGOs, and launched several campaigns on drug policy reform. As a member of the Drugreporter video advocacy team, he has produced videos about drug policy issues in a number of countries. These videos are now part of a unique online drug policy video library.\",\"url\":\"https:\\\/\\\/drogriporter.hu\\\/en\\\/author\\\/sarosip-2\\\/\"}]}<\/script>\n<!-- \/ Yoast SEO Premium plugin. -->","yoast_head_json":{"title":"Protest Against the Global Drug War - 11.03.2009 - Drugreporter","robots":{"index":"index","follow":"follow","max-snippet":"max-snippet:-1","max-image-preview":"max-image-preview:large","max-video-preview":"max-video-preview:-1"},"canonical":"https:\/\/drogriporter.hu\/en\/protest-against-the-global-drug-war-11-03-2009\/","og_locale":"en_US","og_type":"article","og_title":"Protest Against the Global Drug War - 11.03.2009","og_description":"Watch the video filmed at our demonstration &amp; press conference in Vienna","og_url":"https:\/\/drogriporter.hu\/en\/protest-against-the-global-drug-war-11-03-2009\/","og_site_name":"Drugreporter","article_published_time":"2009-03-14T22:27:37+00:00","article_modified_time":"2022-07-04T12:51:31+00:00","og_image":[{"width":642,"height":363,"url":"https:\/\/drogriporter.hu\/wp-content\/uploads\/sites\/8\/2016\/09\/protest_the_global_war_on_drugs.png","type":"image\/png"}],"author":"P\u00e9ter S\u00e1rosi","twitter_card":"summary_large_image","twitter_misc":{"Written by":"P\u00e9ter S\u00e1rosi","Est. reading time":"2 minutes"},"schema":{"@context":"https:\/\/schema.org","@graph":[{"@type":"Article","@id":"https:\/\/drogriporter.hu\/en\/protest-against-the-global-drug-war-11-03-2009\/#article","isPartOf":{"@id":"https:\/\/drogriporter.hu\/en\/protest-against-the-global-drug-war-11-03-2009\/"},"author":{"name":"P\u00e9ter S\u00e1rosi","@id":"https:\/\/drogriporter.hu\/en\/#\/schema\/person\/fb6cc5151784cb72290e136439b8cfbf"},"headline":"Protest Against the Global Drug War &#8211; 11.03.2009","datePublished":"2009-03-14T22:27:37+00:00","dateModified":"2022-07-04T12:51:31+00:00","mainEntityOfPage":{"@id":"https:\/\/drogriporter.hu\/en\/protest-against-the-global-drug-war-11-03-2009\/"},"wordCount":279,"commentCount":0,"image":{"@id":"https:\/\/drogriporter.hu\/en\/protest-against-the-global-drug-war-11-03-2009\/#primaryimage"},"thumbnailUrl":"https:\/\/drogriporter.hu\/wp-content\/uploads\/sites\/8\/2016\/09\/protest_the_global_war_on_drugs.png","articleSection":["Articles","Video Database"],"inLanguage":"en-US"},{"@type":"WebPage","@id":"https:\/\/drogriporter.hu\/en\/protest-against-the-global-drug-war-11-03-2009\/","url":"https:\/\/drogriporter.hu\/en\/protest-against-the-global-drug-war-11-03-2009\/","name":"Protest Against the Global Drug War - 11.03.2009 - Drugreporter","isPartOf":{"@id":"https:\/\/drogriporter.hu\/en\/#website"},"primaryImageOfPage":{"@id":"https:\/\/drogriporter.hu\/en\/protest-against-the-global-drug-war-11-03-2009\/#primaryimage"},"image":{"@id":"https:\/\/drogriporter.hu\/en\/protest-against-the-global-drug-war-11-03-2009\/#primaryimage"},"thumbnailUrl":"https:\/\/drogriporter.hu\/wp-content\/uploads\/sites\/8\/2016\/09\/protest_the_global_war_on_drugs.png","datePublished":"2009-03-14T22:27:37+00:00","dateModified":"2022-07-04T12:51:31+00:00","author":{"@id":"https:\/\/drogriporter.hu\/en\/#\/schema\/person\/fb6cc5151784cb72290e136439b8cfbf"},"breadcrumb":{"@id":"https:\/\/drogriporter.hu\/en\/protest-against-the-global-drug-war-11-03-2009\/#breadcrumb"},"inLanguage":"en-US","potentialAction":[{"@type":"ReadAction","target":["https:\/\/drogriporter.hu\/en\/protest-against-the-global-drug-war-11-03-2009\/"]}]},{"@type":"ImageObject","inLanguage":"en-US","@id":"https:\/\/drogriporter.hu\/en\/protest-against-the-global-drug-war-11-03-2009\/#primaryimage","url":"https:\/\/drogriporter.hu\/wp-content\/uploads\/sites\/8\/2016\/09\/protest_the_global_war_on_drugs.png","contentUrl":"https:\/\/drogriporter.hu\/wp-content\/uploads\/sites\/8\/2016\/09\/protest_the_global_war_on_drugs.png","width":642,"height":363},{"@type":"BreadcrumbList","@id":"https:\/\/drogriporter.hu\/en\/protest-against-the-global-drug-war-11-03-2009\/#breadcrumb","itemListElement":[{"@type":"ListItem","position":1,"name":"Home","item":"https:\/\/drogriporter.hu\/en\/"},{"@type":"ListItem","position":2,"name":"Protest Against the Global Drug War &#8211; 11.03.2009"}]},{"@type":"WebSite","@id":"https:\/\/drogriporter.hu\/en\/#website","url":"https:\/\/drogriporter.hu\/en\/","name":"Drugreporter","description":"News and Films from the Frontline of the War on Drugs","potentialAction":[{"@type":"SearchAction","target":{"@type":"EntryPoint","urlTemplate":"https:\/\/drogriporter.hu\/en\/?s={search_term_string}"},"query-input":{"@type":"PropertyValueSpecification","valueRequired":true,"valueName":"search_term_string"}}],"inLanguage":"en-US"},{"@type":"Person","@id":"https:\/\/drogriporter.hu\/en\/#\/schema\/person\/fb6cc5151784cb72290e136439b8cfbf","name":"P\u00e9ter S\u00e1rosi","image":{"@type":"ImageObject","inLanguage":"en-US","@id":"https:\/\/secure.gravatar.com\/avatar\/b0d99f928865d28655d1d76062ad4e267f8cdb42a281930f70dd9a875b94be0b?s=96&d=mm&r=g","url":"https:\/\/secure.gravatar.com\/avatar\/b0d99f928865d28655d1d76062ad4e267f8cdb42a281930f70dd9a875b94be0b?s=96&d=mm&r=g","contentUrl":"https:\/\/secure.gravatar.com\/avatar\/b0d99f928865d28655d1d76062ad4e267f8cdb42a281930f70dd9a875b94be0b?s=96&d=mm&r=g","caption":"P\u00e9ter S\u00e1rosi"},"description":"P\u00e9ter S\u00e1rosi is the Executive Director of the Rights Reporter Foundation. He is a human rights activist and drug policy expert, the founder and editor of the Drugreporter website since 2004, the author of countless articles, co-author of books and director of films about harm reduction and drug policy reform. He was the Director of the Drug Policy Program at the Hungarian Civil Liberties Union between 2004 and 2015. He is experienced in working at international drug policy forums such as the Commission on Narcotic Drugs. He was twice elected to the Core Group of the EU Civil Society Forum on Drugs. He is the co-chair of the Eurasian Harm Reduction Network. He has been representing the Hungarian Harm Reduction Network at the government\u2019s drug advisory body in Hungary since 2007. Peter also contributed to building a network of advocacy NGOs in Europe: the European Drug Policy Initiative. He provided technical assistance to several NGOs, and launched several campaigns on drug policy reform. As a member of the Drugreporter video advocacy team, he has produced videos about drug policy issues in a number of countries. These videos are now part of a unique online drug policy video library.","url":"https:\/\/drogriporter.hu\/en\/author\/sarosip-2\/"}]}},"featured_image_src_square":"https:\/\/drogriporter.hu\/wp-content\/uploads\/sites\/8\/2016\/09\/protest_the_global_war_on_drugs.png","_links":{"self":[{"href":"https:\/\/drogriporter.hu\/en\/wp-json\/wp\/v2\/posts\/6804","targetHints":{"allow":["GET"]}}],"collection":[{"href":"https:\/\/drogriporter.hu\/en\/wp-json\/wp\/v2\/posts"}],"about":[{"href":"https:\/\/drogriporter.hu\/en\/wp-json\/wp\/v2\/types\/post"}],"author":[{"embeddable":true,"href":"https:\/\/drogriporter.hu\/en\/wp-json\/wp\/v2\/users\/1005"}],"replies":[{"embeddable":true,"href":"https:\/\/drogriporter.hu\/en\/wp-json\/wp\/v2\/comments?post=6804"}],"version-history":[{"count":0,"href":"https:\/\/drogriporter.hu\/en\/wp-json\/wp\/v2\/posts\/6804\/revisions"}],"wp:featuredmedia":[{"embeddable":true,"href":"https:\/\/drogriporter.hu\/en\/wp-json\/wp\/v2\/media\/6337"}],"wp:attachment":[{"href":"https:\/\/drogriporter.hu\/en\/wp-json\/wp\/v2\/media?parent=6804"}],"wp:term":[{"taxonomy":"category","embeddable":true,"href":"https:\/\/drogriporter.hu\/en\/wp-json\/wp\/v2\/categories?post=6804"},{"taxonomy":"post_tag","embeddable":true,"href":"https:\/\/drogriporter.hu\/en\/wp-json\/wp\/v2\/tags?post=6804"},{"taxonomy":"countries","embeddable":true,"href":"https:\/\/drogriporter.hu\/en\/wp-json\/wp\/v2\/countries?post=6804"},{"taxonomy":"section","embeddable":true,"href":"https:\/\/drogriporter.hu\/en\/wp-json\/wp\/v2\/section?post=6804"},{"taxonomy":"video-author","embeddable":true,"href":"https:\/\/drogriporter.hu\/en\/wp-json\/wp\/v2\/video-author?post=6804"},{"taxonomy":"drug","embeddable":true,"href":"https:\/\/drogriporter.hu\/en\/wp-json\/wp\/v2\/drug?post=6804"},{"taxonomy":"archive","embeddable":true,"href":"https:\/\/drogriporter.hu\/en\/wp-json\/wp\/v2\/archive?post=6804"},{"taxonomy":"video-series","embeddable":true,"href":"https:\/\/drogriporter.hu\/en\/wp-json\/wp\/v2\/video-series?post=6804"}],"curies":[{"name":"wp","href":"https:\/\/api.w.org\/{rel}","templated":true}]}}