{"id":6809,"date":"2009-02-18T23:14:43","date_gmt":"2009-02-18T23:14:43","guid":{"rendered":"https:\/\/drogriporter.hu\/forget-the-myths-get-the-facts\/"},"modified":"2022-07-04T14:48:53","modified_gmt":"2022-07-04T12:48:53","slug":"forget-the-myths-get-the-facts","status":"publish","type":"post","link":"https:\/\/drogriporter.hu\/en\/forget-the-myths-get-the-facts\/","title":{"rendered":"FORGET THE MYTHS &#8211; GET THE FACTS"},"content":{"rendered":"<p>The truth is that the criminalization of drug use does not lead to less drug users<\/p>\n<p><!--more--><\/p>\n<p class=\"rteleft\">Dr. Frederik Polak, a Dutch psychiatrist asked a simple question from Mr. Antonio Maria Costa, the head of the UN&nbsp;Office on Drugs and Crime: why the level of cannabis use is lower in the Netherlands, where cannabis is legally available for adults, than in many other countries with more restrictive drug policies?<\/p>\n<p><center><object height=\"344\" width=\"425\"><param name=\"movie\" value=\"https:\/\/www.youtube.com\/v\/fe208nLLEwk&amp;hl=en&amp;fs=1\" \/><param name=\"allowFullScreen\" value=\"true\" \/><param name=\"allowscriptaccess\" value=\"always\" \/><embed allowfullscreen=\"true\" allowscriptaccess=\"always\" height=\"344\" src=\"https:\/\/www.youtube.com\/v\/fe208nLLEwk&amp;hl=en&amp;fs=1\" type=\"application\/x-shockwave-flash\" width=\"425\"><\/embed><\/object><\/center><\/p>\n<p>According to Mr. Costa, &quot;availability causes use&quot;, and the Dutch drug policy has failed. The whole international drug control system is based on the concept that criminalization is the only way to reduce drug use, crime and disease.<\/p>\n<p>&nbsp;<\/p>\n<p><center><\/p>\n<p class=\"rteleft\"><span style=\"font-size: x-large;\"><u>But is this true or false? Let&#39;s get the facts!<\/u><\/span><\/p>\n<p><\/center><\/p>\n<p>&nbsp;<\/p>\n<p>&nbsp;<\/p>\n<p class=\"rteleft\">&nbsp;<\/p>\n<p class=\"rteleft\"><strong>MYTH1<\/strong>: the level of cannabis use is significantly influenced by the criminal law, so countries with more restrictive drug policies have lower use levels than those countries that have lenient legislation on pot.<\/p>\n<p><strong>FACT1<\/strong>: according to the official statistics of the European Union&rsquo;s drug monitoring agency (EMCDDA), there is no causal link between national drug legislation and the level of cannabis use in member states: countries with restrictive policy can have much higher use levels than countries with liberal policy. It is more probable that the level of cannabis use is influenced by various demographic, social and cultural factors.<\/p>\n<p><center><embed height=\"351\" loop=\"true\" menu=\"true\" play=\"true\" pluginspage=\"https:\/\/www.macromedia.com\/go\/getflashplayer\" src=\"\/wp-content\/uploads\/sites\/8\/drogriporter\/imce\/fig23-en.swf\" type=\"application\/x-shockwave-flash\" width=\"351\"><\/embed><\/center><\/p>\n<p><em>Recent (last year) use of cannabis among young adults (15&ndash;34 years old) in Europe and the USA <\/em>&#8211; Source: <a href=\"https:\/\/ar2005.emcdda.europa.eu\/en\/elements\/fig23-en.html\" target=\"_blank\" rel=\"noopener\">EMCDDA<\/a><\/p>\n<p><strong>MYTH2<\/strong>: if you allow legal availability of cannabis in a country, you can be sure that the level of use will go up &ndash; just like in the Netherlands, where cannabis use skyrocketed.<\/p>\n<p><strong>FACT2<\/strong>: in the Netherlands, where there is a legal availability of cannabis for adults, the level of cannabis use is close to the European average and much lower than in the United States, with its war on drugs approach. What is more, if you compare other key data from the Netherlands and from the US, you will see the real differences too.<\/p>\n<p>&nbsp;<\/p>\n<div style=\"text-align: justify;\">\n<div style=\"text-align: justify;\">&nbsp;<\/div>\n<table border=\"1\" cellpadding=\"0\" cellspacing=\"0\" style=\"border: medium none ; border-collapse: collapse;\">\n<tbody>\n<tr>\n<td style=\"border: 0.5pt solid windowtext; padding: 0in 5.4pt; width: 106.45pt;\" valign=\"top\" width=\"106\">\n<p style=\"text-align: justify;\"><span style=\"font-size: 10pt;\">S<\/span><b><span style=\"font-size: 10pt;\">ocial Indicator<\/span><\/b><\/p>\n<\/td>\n<td style=\"border-style: solid solid solid none; border-color: windowtext windowtext windowtext -moz-use-text-color; border-width: 0.5pt 0.5pt 0.5pt medium; padding: 0in 5.4pt; width: 106.45pt;\" valign=\"top\" width=\"106\">\n<p style=\"text-align: justify;\"><b><span style=\"font-size: 10pt;\">Comparison Year<\/span><\/b><\/p>\n<\/td>\n<td style=\"border-style: solid solid solid none; border-color: windowtext windowtext windowtext -moz-use-text-color; border-width: 0.5pt 0.5pt 0.5pt medium; padding: 0in 5.4pt; width: 106.45pt;\" valign=\"top\" width=\"106\">\n<div style=\"text-align: justify;\"><b><span style=\"font-size: 10pt;\">USA<\/span><\/b><\/div>\n<\/td>\n<td style=\"border-style: solid solid solid none; border-color: windowtext windowtext windowtext -moz-use-text-color; border-width: 0.5pt 0.5pt 0.5pt medium; padding: 0in 5.4pt; width: 106.45pt;\" valign=\"top\" width=\"106\">\n<div style=\"text-align: justify;\"><b><span style=\"font-size: 10pt;\">Netherlands<\/span><\/b><\/div>\n<\/td>\n<\/tr>\n<tr>\n<td style=\"border-style: none solid solid; border-color: -moz-use-text-color windowtext windowtext; border-width: medium 0.5pt 0.5pt; padding: 0in 5.4pt; width: 106.45pt;\" valign=\"top\" width=\"106\">\n<p style=\"text-align: justify;\"><span style=\"font-size: 10pt;\">Lifetime prevalence of marijuana use (ages 12+)<\/span><\/p>\n<\/td>\n<td style=\"border-style: none solid solid none; border-color: -moz-use-text-color windowtext windowtext -moz-use-text-color; border-width: medium 0.5pt 0.5pt medium; padding: 0in 5.4pt; width: 106.45pt;\" valign=\"top\" width=\"106\">\n<div style=\"text-align: justify;\"><span style=\"font-size: 10pt;\">2001<\/span><\/div>\n<\/td>\n<td style=\"border-style: none solid solid none; border-color: -moz-use-text-color windowtext windowtext -moz-use-text-color; border-width: medium 0.5pt 0.5pt medium; padding: 0in 5.4pt; width: 106.45pt;\" valign=\"top\" width=\"106\">\n<div style=\"text-align: justify;\"><span style=\"font-size: 10pt;\">36.9%<\/span><\/div>\n<\/td>\n<td style=\"border-style: none solid solid none; border-color: -moz-use-text-color windowtext windowtext -moz-use-text-color; border-width: medium 0.5pt 0.5pt medium; padding: 0in 5.4pt; width: 106.45pt;\" valign=\"top\" width=\"106\">\n<div style=\"text-align: justify;\"><span style=\"font-size: 10pt;\">17.0%<\/span><\/div>\n<\/td>\n<\/tr>\n<tr>\n<td style=\"border-style: none solid solid; border-color: -moz-use-text-color windowtext windowtext; border-width: medium 0.5pt 0.5pt; padding: 0in 5.4pt; width: 106.45pt;\" valign=\"top\" width=\"106\">\n<p style=\"text-align: justify;\"><span style=\"font-size: 10pt;\">Past month prevalence of marijuana use (ages 12+)<\/span><\/p>\n<\/td>\n<td style=\"border-style: none solid solid none; border-color: -moz-use-text-color windowtext windowtext -moz-use-text-color; border-width: medium 0.5pt 0.5pt medium; padding: 0in 5.4pt; width: 106.45pt;\" valign=\"top\" width=\"106\">\n<div style=\"text-align: justify;\"><span style=\"font-size: 10pt;\">2001<\/span><\/div>\n<\/td>\n<td style=\"border-style: none solid solid none; border-color: -moz-use-text-color windowtext windowtext -moz-use-text-color; border-width: medium 0.5pt 0.5pt medium; padding: 0in 5.4pt; width: 106.45pt;\" valign=\"top\" width=\"106\">\n<div style=\"text-align: justify;\"><span style=\"font-size: 10pt;\">5.4%<\/span><\/div>\n<\/td>\n<td style=\"border-style: none solid solid none; border-color: -moz-use-text-color windowtext windowtext -moz-use-text-color; border-width: medium 0.5pt 0.5pt medium; padding: 0in 5.4pt; width: 106.45pt;\" valign=\"top\" width=\"106\">\n<div style=\"text-align: justify;\"><span style=\"font-size: 10pt;\">3.0%<\/span><\/div>\n<\/td>\n<\/tr>\n<tr>\n<td style=\"border-style: none solid solid; border-color: -moz-use-text-color windowtext windowtext; border-width: medium 0.5pt 0.5pt; padding: 0in 5.4pt; width: 106.45pt;\" valign=\"top\" width=\"106\">\n<p style=\"text-align: justify;\"><span style=\"font-size: 10pt;\">Lifetime prevalence of heroin use (ages 12+)<\/span><\/p>\n<\/td>\n<td style=\"border-style: none solid solid none; border-color: -moz-use-text-color windowtext windowtext -moz-use-text-color; border-width: medium 0.5pt 0.5pt medium; padding: 0in 5.4pt; width: 106.45pt;\" valign=\"top\" width=\"106\">\n<div style=\"text-align: justify;\"><span style=\"font-size: 10pt;\">2001<\/span><\/div>\n<\/td>\n<td style=\"border-style: none solid solid none; border-color: -moz-use-text-color windowtext windowtext -moz-use-text-color; border-width: medium 0.5pt 0.5pt medium; padding: 0in 5.4pt; width: 106.45pt;\" valign=\"top\" width=\"106\">\n<div style=\"text-align: justify;\"><span style=\"font-size: 10pt;\">1.4%<\/span><\/div>\n<\/td>\n<td style=\"border-style: none solid solid none; border-color: -moz-use-text-color windowtext windowtext -moz-use-text-color; border-width: medium 0.5pt 0.5pt medium; padding: 0in 5.4pt; width: 106.45pt;\" valign=\"top\" width=\"106\">\n<div style=\"text-align: justify;\"><span style=\"font-size: 10pt;\">0.4%<\/span><\/div>\n<\/td>\n<\/tr>\n<tr>\n<td style=\"border-style: none solid solid; border-color: -moz-use-text-color windowtext windowtext; border-width: medium 0.5pt 0.5pt; padding: 0in 5.4pt; width: 106.45pt;\" valign=\"top\" width=\"106\">\n<p style=\"text-align: justify;\"><span style=\"font-size: 10pt;\">Incarceration Rate per 100,000 population<\/span><\/p>\n<\/td>\n<td style=\"border-style: none solid solid none; border-color: -moz-use-text-color windowtext windowtext -moz-use-text-color; border-width: medium 0.5pt 0.5pt medium; padding: 0in 5.4pt; width: 106.45pt;\" valign=\"top\" width=\"106\">\n<div style=\"text-align: justify;\"><span style=\"font-size: 10pt;\">2002<\/span><\/div>\n<\/td>\n<td style=\"border-style: none solid solid none; border-color: -moz-use-text-color windowtext windowtext -moz-use-text-color; border-width: medium 0.5pt 0.5pt medium; padding: 0in 5.4pt; width: 106.45pt;\" valign=\"top\" width=\"106\">\n<div style=\"text-align: justify;\"><span style=\"font-size: 10pt;\">701<\/span><\/div>\n<\/td>\n<td style=\"border-style: none solid solid none; border-color: -moz-use-text-color windowtext windowtext -moz-use-text-color; border-width: medium 0.5pt 0.5pt medium; padding: 0in 5.4pt; width: 106.45pt;\" valign=\"top\" width=\"106\">\n<div style=\"text-align: justify;\"><span style=\"font-size: 10pt;\">100<\/span><\/div>\n<\/td>\n<\/tr>\n<tr>\n<td style=\"border-style: none solid solid; border-color: -moz-use-text-color windowtext windowtext; border-width: medium 0.5pt 0.5pt; padding: 0in 5.4pt; width: 106.45pt;\" valign=\"top\" width=\"106\">\n<p style=\"text-align: justify;\"><span style=\"font-size: 10pt;\">Per capita spending on criminal justice system (in Euros)<\/span><\/p>\n<\/td>\n<td style=\"border-style: none solid solid none; border-color: -moz-use-text-color windowtext windowtext -moz-use-text-color; border-width: medium 0.5pt 0.5pt medium; padding: 0in 5.4pt; width: 106.45pt;\" valign=\"top\" width=\"106\">\n<div style=\"text-align: justify;\"><span style=\"font-size: 10pt;\">1998<\/span><\/div>\n<\/td>\n<td style=\"border-style: none solid solid none; border-color: -moz-use-text-color windowtext windowtext -moz-use-text-color; border-width: medium 0.5pt 0.5pt medium; padding: 0in 5.4pt; width: 106.45pt;\" valign=\"top\" width=\"106\">\n<p style=\"text-align: justify;\"><span style=\"font-size: 10pt;\">379 Euros<\/span><\/p>\n<\/td>\n<td style=\"border-style: none solid solid none; border-color: -moz-use-text-color windowtext windowtext -moz-use-text-color; border-width: medium 0.5pt 0.5pt medium; padding: 0in 5.4pt; width: 106.45pt;\" valign=\"top\" width=\"106\">\n<p style=\"text-align: justify;\"><span style=\"font-size: 10pt;\">223 Euros<\/span><\/p>\n<\/td>\n<\/tr>\n<tr>\n<td style=\"border-style: none solid solid; border-color: -moz-use-text-color windowtext windowtext; border-width: medium 0.5pt 0.5pt; padding: 0in 5.4pt; width: 106.45pt;\" valign=\"top\" width=\"106\">\n<p style=\"text-align: justify;\"><span style=\"font-size: 10pt;\">Homicide rate per 100,000 population<\/span><\/p>\n<\/td>\n<td style=\"border-style: none solid solid none; border-color: -moz-use-text-color windowtext windowtext -moz-use-text-color; border-width: medium 0.5pt 0.5pt medium; padding: 0in 5.4pt; width: 106.45pt;\" valign=\"top\" width=\"106\">\n<p style=\"text-align: justify;\"><span style=\"font-size: 10pt;\">Average 1999-2001<\/span><\/p>\n<\/td>\n<td style=\"border-style: none solid solid none; border-color: -moz-use-text-color windowtext windowtext -moz-use-text-color; border-width: medium 0.5pt 0.5pt medium; padding: 0in 5.4pt; width: 106.45pt;\" valign=\"top\" width=\"106\">\n<div style=\"text-align: justify;\"><span style=\"font-size: 10pt;\">5.56<\/span><\/div>\n<\/td>\n<td style=\"border-style: none solid solid none; border-color: -moz-use-text-color windowtext windowtext -moz-use-text-color; border-width: medium 0.5pt 0.5pt medium; padding: 0in 5.4pt; width: 106.45pt;\" valign=\"top\" width=\"106\">\n<div style=\"text-align: justify;\"><span style=\"font-size: 10pt;\">1.51<\/span><\/div>\n<\/td>\n<\/tr>\n<\/tbody>\n<\/table>\n<p style=\"text-align: justify;\"><span style=\"font-size: 10pt;\">Source: <a href=\"https:\/\/www.drugwarfacts.org\/thenethe.htm\">Drug War Facts<\/a><\/span><\/p>\n<\/div>\n<p>&nbsp;<\/p>\n<p><strong>MYTH3<\/strong>: if we allow the legal sale of cannabis than we loose control over crime and violence.<\/p>\n<p><center><img loading=\"lazy\" decoding=\"async\" alt=\"\" height=\"220\" src=\"\/wp-content\/uploads\/sites\/8\/drogriporter\/imce\/remember_prohibition.jpg\" width=\"175\" \/><\/center><\/p>\n<p><strong>FACT3<\/strong>: actually much of the crime and violence <em>associated<\/em> with drug use are <em>caused<\/em> by drug prohibition. The prohibition of alcohol in the United States provides and excellent example: do you think Al Capone and his friends could gain so much power and destroy so many lives without prohibition?<\/p>\n<p>&nbsp;<\/p>\n<p><center><img loading=\"lazy\" decoding=\"async\" alt=\"\" height=\"333\" src=\"\/wp-content\/uploads\/sites\/8\/drogriporter\/imce\/Modifiedmurderchart.gif\" width=\"318\" \/><br \/>Source: <a href=\"https:\/\/drugwarfacts.org\/cms\/?q=node\/34\">Drug War Facts<\/a><\/center><\/p>\n<p>&nbsp;<\/p>\n<p class=\"rtecenter\"><strong>GET MORE&nbsp;FACTS&nbsp;ON&nbsp;THE&nbsp;WAR&nbsp;ON&nbsp;DRUGS HERE:<\/strong><\/p>\n<p><a href=\"https:\/\/drugwarfacts.org\/cms\/\"><img loading=\"lazy\" decoding=\"async\" alt=\"\" height=\"363\" src=\"\/wp-content\/uploads\/sites\/8\/drogriporter\/imce\/drugwarfacts.jpg\" width=\"249\" \/><\/a><\/p>\n<p><center><\/p>\n<p>&nbsp;<\/p>\n<p><\/center><\/p>\n<p>&nbsp;<\/p>\n","protected":false},"excerpt":{"rendered":"<p>The truth is that the criminalization of drug use does not lead to less drug users<\/p>\n","protected":false},"author":1005,"featured_media":0,"comment_status":"open","ping_status":"open","sticky":false,"template":"","format":"standard","meta":{"_genesis_hide_title":false,"_genesis_hide_breadcrumbs":false,"_genesis_hide_singular_image":false,"_genesis_hide_footer_widgets":false,"_genesis_custom_body_class":"","_genesis_custom_post_class":"","_genesis_layout":"","footnotes":""},"categories":[2900],"tags":[],"countries":[],"section":[],"video-author":[],"drug":[],"archive":[3214,3247],"video-series":[],"class_list":{"0":"post-6809","1":"post","2":"type-post","3":"status-publish","4":"format-standard","6":"category-articles","7":"archive-drug-policy-and-law","8":"archive-united-nations-drug-policy","9":"entry"},"featured_image_src":null,"author_info":{"display_name":"P\u00e9ter S\u00e1rosi","author_link":"https:\/\/drogriporter.hu\/en\/author\/sarosip-2\/"},"yoast_head":"<!-- This site is optimized with the Yoast SEO Premium plugin  - https:\/\/yoast.com\/product\/yoast-seo-premium-wordpress\/ -->\n<title>FORGET THE MYTHS - GET THE FACTS - Drugreporter<\/title>\n<meta name=\"robots\" content=\"index, follow, max-snippet:-1, max-image-preview:large, max-video-preview:-1\" \/>\n<link rel=\"canonical\" href=\"https:\/\/drogriporter.hu\/en\/forget-the-myths-get-the-facts\/\" \/>\n<meta property=\"og:locale\" content=\"en_US\" \/>\n<meta property=\"og:type\" content=\"article\" \/>\n<meta property=\"og:title\" content=\"FORGET THE MYTHS - GET THE FACTS\" \/>\n<meta property=\"og:description\" content=\"The truth is that the criminalization of drug use does not lead to less drug users\" \/>\n<meta property=\"og:url\" content=\"https:\/\/drogriporter.hu\/en\/forget-the-myths-get-the-facts\/\" \/>\n<meta property=\"og:site_name\" content=\"Drugreporter\" \/>\n<meta property=\"article:published_time\" content=\"2009-02-18T23:14:43+00:00\" \/>\n<meta property=\"article:modified_time\" content=\"2022-07-04T12:48:53+00:00\" \/>\n<meta name=\"author\" content=\"P\u00e9ter S\u00e1rosi\" \/>\n<meta name=\"twitter:card\" content=\"summary_large_image\" \/>\n<meta name=\"twitter:label1\" content=\"Written by\" \/>\n\t<meta name=\"twitter:data1\" content=\"P\u00e9ter S\u00e1rosi\" \/>\n\t<meta name=\"twitter:label2\" content=\"Est. reading time\" \/>\n\t<meta name=\"twitter:data2\" content=\"2 minutes\" \/>\n<script type=\"application\/ld+json\" class=\"yoast-schema-graph\">{\"@context\":\"https:\\\/\\\/schema.org\",\"@graph\":[{\"@type\":\"Article\",\"@id\":\"https:\\\/\\\/drogriporter.hu\\\/en\\\/forget-the-myths-get-the-facts\\\/#article\",\"isPartOf\":{\"@id\":\"https:\\\/\\\/drogriporter.hu\\\/en\\\/forget-the-myths-get-the-facts\\\/\"},\"author\":{\"name\":\"P\u00e9ter S\u00e1rosi\",\"@id\":\"https:\\\/\\\/drogriporter.hu\\\/en\\\/#\\\/schema\\\/person\\\/fb6cc5151784cb72290e136439b8cfbf\"},\"headline\":\"FORGET THE MYTHS &#8211; GET THE FACTS\",\"datePublished\":\"2009-02-18T23:14:43+00:00\",\"dateModified\":\"2022-07-04T12:48:53+00:00\",\"mainEntityOfPage\":{\"@id\":\"https:\\\/\\\/drogriporter.hu\\\/en\\\/forget-the-myths-get-the-facts\\\/\"},\"wordCount\":491,\"commentCount\":0,\"articleSection\":[\"Articles\"],\"inLanguage\":\"en-US\"},{\"@type\":\"WebPage\",\"@id\":\"https:\\\/\\\/drogriporter.hu\\\/en\\\/forget-the-myths-get-the-facts\\\/\",\"url\":\"https:\\\/\\\/drogriporter.hu\\\/en\\\/forget-the-myths-get-the-facts\\\/\",\"name\":\"FORGET THE MYTHS - GET THE FACTS - Drugreporter\",\"isPartOf\":{\"@id\":\"https:\\\/\\\/drogriporter.hu\\\/en\\\/#website\"},\"datePublished\":\"2009-02-18T23:14:43+00:00\",\"dateModified\":\"2022-07-04T12:48:53+00:00\",\"author\":{\"@id\":\"https:\\\/\\\/drogriporter.hu\\\/en\\\/#\\\/schema\\\/person\\\/fb6cc5151784cb72290e136439b8cfbf\"},\"breadcrumb\":{\"@id\":\"https:\\\/\\\/drogriporter.hu\\\/en\\\/forget-the-myths-get-the-facts\\\/#breadcrumb\"},\"inLanguage\":\"en-US\",\"potentialAction\":[{\"@type\":\"ReadAction\",\"target\":[\"https:\\\/\\\/drogriporter.hu\\\/en\\\/forget-the-myths-get-the-facts\\\/\"]}]},{\"@type\":\"BreadcrumbList\",\"@id\":\"https:\\\/\\\/drogriporter.hu\\\/en\\\/forget-the-myths-get-the-facts\\\/#breadcrumb\",\"itemListElement\":[{\"@type\":\"ListItem\",\"position\":1,\"name\":\"Home\",\"item\":\"https:\\\/\\\/drogriporter.hu\\\/en\\\/\"},{\"@type\":\"ListItem\",\"position\":2,\"name\":\"FORGET THE MYTHS &#8211; GET THE FACTS\"}]},{\"@type\":\"WebSite\",\"@id\":\"https:\\\/\\\/drogriporter.hu\\\/en\\\/#website\",\"url\":\"https:\\\/\\\/drogriporter.hu\\\/en\\\/\",\"name\":\"Drugreporter\",\"description\":\"News and Films from the Frontline of the War on Drugs\",\"potentialAction\":[{\"@type\":\"SearchAction\",\"target\":{\"@type\":\"EntryPoint\",\"urlTemplate\":\"https:\\\/\\\/drogriporter.hu\\\/en\\\/?s={search_term_string}\"},\"query-input\":{\"@type\":\"PropertyValueSpecification\",\"valueRequired\":true,\"valueName\":\"search_term_string\"}}],\"inLanguage\":\"en-US\"},{\"@type\":\"Person\",\"@id\":\"https:\\\/\\\/drogriporter.hu\\\/en\\\/#\\\/schema\\\/person\\\/fb6cc5151784cb72290e136439b8cfbf\",\"name\":\"P\u00e9ter S\u00e1rosi\",\"image\":{\"@type\":\"ImageObject\",\"inLanguage\":\"en-US\",\"@id\":\"https:\\\/\\\/secure.gravatar.com\\\/avatar\\\/b0d99f928865d28655d1d76062ad4e267f8cdb42a281930f70dd9a875b94be0b?s=96&d=mm&r=g\",\"url\":\"https:\\\/\\\/secure.gravatar.com\\\/avatar\\\/b0d99f928865d28655d1d76062ad4e267f8cdb42a281930f70dd9a875b94be0b?s=96&d=mm&r=g\",\"contentUrl\":\"https:\\\/\\\/secure.gravatar.com\\\/avatar\\\/b0d99f928865d28655d1d76062ad4e267f8cdb42a281930f70dd9a875b94be0b?s=96&d=mm&r=g\",\"caption\":\"P\u00e9ter S\u00e1rosi\"},\"description\":\"P\u00e9ter S\u00e1rosi is the Executive Director of the Rights Reporter Foundation. He is a human rights activist and drug policy expert, the founder and editor of the Drugreporter website since 2004, the author of countless articles, co-author of books and director of films about harm reduction and drug policy reform. He was the Director of the Drug Policy Program at the Hungarian Civil Liberties Union between 2004 and 2015. He is experienced in working at international drug policy forums such as the Commission on Narcotic Drugs. He was twice elected to the Core Group of the EU Civil Society Forum on Drugs. He is the co-chair of the Eurasian Harm Reduction Network. He has been representing the Hungarian Harm Reduction Network at the government\u2019s drug advisory body in Hungary since 2007. Peter also contributed to building a network of advocacy NGOs in Europe: the European Drug Policy Initiative. He provided technical assistance to several NGOs, and launched several campaigns on drug policy reform. As a member of the Drugreporter video advocacy team, he has produced videos about drug policy issues in a number of countries. These videos are now part of a unique online drug policy video library.\",\"url\":\"https:\\\/\\\/drogriporter.hu\\\/en\\\/author\\\/sarosip-2\\\/\"}]}<\/script>\n<!-- \/ Yoast SEO Premium plugin. -->","yoast_head_json":{"title":"FORGET THE MYTHS - GET THE FACTS - Drugreporter","robots":{"index":"index","follow":"follow","max-snippet":"max-snippet:-1","max-image-preview":"max-image-preview:large","max-video-preview":"max-video-preview:-1"},"canonical":"https:\/\/drogriporter.hu\/en\/forget-the-myths-get-the-facts\/","og_locale":"en_US","og_type":"article","og_title":"FORGET THE MYTHS - GET THE FACTS","og_description":"The truth is that the criminalization of drug use does not lead to less drug users","og_url":"https:\/\/drogriporter.hu\/en\/forget-the-myths-get-the-facts\/","og_site_name":"Drugreporter","article_published_time":"2009-02-18T23:14:43+00:00","article_modified_time":"2022-07-04T12:48:53+00:00","author":"P\u00e9ter S\u00e1rosi","twitter_card":"summary_large_image","twitter_misc":{"Written by":"P\u00e9ter S\u00e1rosi","Est. reading time":"2 minutes"},"schema":{"@context":"https:\/\/schema.org","@graph":[{"@type":"Article","@id":"https:\/\/drogriporter.hu\/en\/forget-the-myths-get-the-facts\/#article","isPartOf":{"@id":"https:\/\/drogriporter.hu\/en\/forget-the-myths-get-the-facts\/"},"author":{"name":"P\u00e9ter S\u00e1rosi","@id":"https:\/\/drogriporter.hu\/en\/#\/schema\/person\/fb6cc5151784cb72290e136439b8cfbf"},"headline":"FORGET THE MYTHS &#8211; GET THE FACTS","datePublished":"2009-02-18T23:14:43+00:00","dateModified":"2022-07-04T12:48:53+00:00","mainEntityOfPage":{"@id":"https:\/\/drogriporter.hu\/en\/forget-the-myths-get-the-facts\/"},"wordCount":491,"commentCount":0,"articleSection":["Articles"],"inLanguage":"en-US"},{"@type":"WebPage","@id":"https:\/\/drogriporter.hu\/en\/forget-the-myths-get-the-facts\/","url":"https:\/\/drogriporter.hu\/en\/forget-the-myths-get-the-facts\/","name":"FORGET THE MYTHS - GET THE FACTS - Drugreporter","isPartOf":{"@id":"https:\/\/drogriporter.hu\/en\/#website"},"datePublished":"2009-02-18T23:14:43+00:00","dateModified":"2022-07-04T12:48:53+00:00","author":{"@id":"https:\/\/drogriporter.hu\/en\/#\/schema\/person\/fb6cc5151784cb72290e136439b8cfbf"},"breadcrumb":{"@id":"https:\/\/drogriporter.hu\/en\/forget-the-myths-get-the-facts\/#breadcrumb"},"inLanguage":"en-US","potentialAction":[{"@type":"ReadAction","target":["https:\/\/drogriporter.hu\/en\/forget-the-myths-get-the-facts\/"]}]},{"@type":"BreadcrumbList","@id":"https:\/\/drogriporter.hu\/en\/forget-the-myths-get-the-facts\/#breadcrumb","itemListElement":[{"@type":"ListItem","position":1,"name":"Home","item":"https:\/\/drogriporter.hu\/en\/"},{"@type":"ListItem","position":2,"name":"FORGET THE MYTHS &#8211; GET THE FACTS"}]},{"@type":"WebSite","@id":"https:\/\/drogriporter.hu\/en\/#website","url":"https:\/\/drogriporter.hu\/en\/","name":"Drugreporter","description":"News and Films from the Frontline of the War on Drugs","potentialAction":[{"@type":"SearchAction","target":{"@type":"EntryPoint","urlTemplate":"https:\/\/drogriporter.hu\/en\/?s={search_term_string}"},"query-input":{"@type":"PropertyValueSpecification","valueRequired":true,"valueName":"search_term_string"}}],"inLanguage":"en-US"},{"@type":"Person","@id":"https:\/\/drogriporter.hu\/en\/#\/schema\/person\/fb6cc5151784cb72290e136439b8cfbf","name":"P\u00e9ter S\u00e1rosi","image":{"@type":"ImageObject","inLanguage":"en-US","@id":"https:\/\/secure.gravatar.com\/avatar\/b0d99f928865d28655d1d76062ad4e267f8cdb42a281930f70dd9a875b94be0b?s=96&d=mm&r=g","url":"https:\/\/secure.gravatar.com\/avatar\/b0d99f928865d28655d1d76062ad4e267f8cdb42a281930f70dd9a875b94be0b?s=96&d=mm&r=g","contentUrl":"https:\/\/secure.gravatar.com\/avatar\/b0d99f928865d28655d1d76062ad4e267f8cdb42a281930f70dd9a875b94be0b?s=96&d=mm&r=g","caption":"P\u00e9ter S\u00e1rosi"},"description":"P\u00e9ter S\u00e1rosi is the Executive Director of the Rights Reporter Foundation. He is a human rights activist and drug policy expert, the founder and editor of the Drugreporter website since 2004, the author of countless articles, co-author of books and director of films about harm reduction and drug policy reform. He was the Director of the Drug Policy Program at the Hungarian Civil Liberties Union between 2004 and 2015. He is experienced in working at international drug policy forums such as the Commission on Narcotic Drugs. He was twice elected to the Core Group of the EU Civil Society Forum on Drugs. He is the co-chair of the Eurasian Harm Reduction Network. He has been representing the Hungarian Harm Reduction Network at the government\u2019s drug advisory body in Hungary since 2007. Peter also contributed to building a network of advocacy NGOs in Europe: the European Drug Policy Initiative. He provided technical assistance to several NGOs, and launched several campaigns on drug policy reform. As a member of the Drugreporter video advocacy team, he has produced videos about drug policy issues in a number of countries. These videos are now part of a unique online drug policy video library.","url":"https:\/\/drogriporter.hu\/en\/author\/sarosip-2\/"}]}},"featured_image_src_square":null,"_links":{"self":[{"href":"https:\/\/drogriporter.hu\/en\/wp-json\/wp\/v2\/posts\/6809","targetHints":{"allow":["GET"]}}],"collection":[{"href":"https:\/\/drogriporter.hu\/en\/wp-json\/wp\/v2\/posts"}],"about":[{"href":"https:\/\/drogriporter.hu\/en\/wp-json\/wp\/v2\/types\/post"}],"author":[{"embeddable":true,"href":"https:\/\/drogriporter.hu\/en\/wp-json\/wp\/v2\/users\/1005"}],"replies":[{"embeddable":true,"href":"https:\/\/drogriporter.hu\/en\/wp-json\/wp\/v2\/comments?post=6809"}],"version-history":[{"count":0,"href":"https:\/\/drogriporter.hu\/en\/wp-json\/wp\/v2\/posts\/6809\/revisions"}],"wp:attachment":[{"href":"https:\/\/drogriporter.hu\/en\/wp-json\/wp\/v2\/media?parent=6809"}],"wp:term":[{"taxonomy":"category","embeddable":true,"href":"https:\/\/drogriporter.hu\/en\/wp-json\/wp\/v2\/categories?post=6809"},{"taxonomy":"post_tag","embeddable":true,"href":"https:\/\/drogriporter.hu\/en\/wp-json\/wp\/v2\/tags?post=6809"},{"taxonomy":"countries","embeddable":true,"href":"https:\/\/drogriporter.hu\/en\/wp-json\/wp\/v2\/countries?post=6809"},{"taxonomy":"section","embeddable":true,"href":"https:\/\/drogriporter.hu\/en\/wp-json\/wp\/v2\/section?post=6809"},{"taxonomy":"video-author","embeddable":true,"href":"https:\/\/drogriporter.hu\/en\/wp-json\/wp\/v2\/video-author?post=6809"},{"taxonomy":"drug","embeddable":true,"href":"https:\/\/drogriporter.hu\/en\/wp-json\/wp\/v2\/drug?post=6809"},{"taxonomy":"archive","embeddable":true,"href":"https:\/\/drogriporter.hu\/en\/wp-json\/wp\/v2\/archive?post=6809"},{"taxonomy":"video-series","embeddable":true,"href":"https:\/\/drogriporter.hu\/en\/wp-json\/wp\/v2\/video-series?post=6809"}],"curies":[{"name":"wp","href":"https:\/\/api.w.org\/{rel}","templated":true}]}}