{"id":6885,"date":"2007-12-20T19:22:00","date_gmt":"2007-12-20T19:22:00","guid":{"rendered":"https:\/\/drogriporter.hu\/anette-verster-harm-reduction-is-effective-in-prisons\/"},"modified":"2022-08-30T16:12:43","modified_gmt":"2022-08-30T14:12:43","slug":"anette-verster-harm-reduction-is-effective-in-prisons","status":"publish","type":"post","link":"https:\/\/drogriporter.hu\/en\/anette-verster-harm-reduction-is-effective-in-prisons\/","title":{"rendered":"Anette Verster &#8211; Harm reduction is effective in prisons"},"content":{"rendered":"<p>Annette Verster works for the HIV\/AIDS Department of the World Health Organization in Geneva, she coordinates all activities related to HIV prevention. She speaks about the conclusions of an investigation on on prisons and harm reduction which WHO commissioned recently.<!--more-->Annette Verster works for the HIV\/AIDS Department of the World Health Organization in Geneva, she coordinates all activities related to HIV prevention. She speaks about the conclusions of an investigation on on prisons and harm reduction which WHO commissioned recently. We interviewed her at the International Conference on the Reduction of Drug Related Harms in Warsaw, May 2007. <\/p>\n<p><object width=\"425\" height=\"355\"><param value=\"https:\/\/www.youtube.com\/v\/w15ZrdVDbDc&amp;rel=1\" name=\"movie\" \/><param value=\"transparent\" name=\"wmode\" \/><embed width=\"425\" height=\"355\" wmode=\"transparent\" type=\"application\/x-shockwave-flash\" src=\"https:\/\/www.youtube.com\/v\/w15ZrdVDbDc&amp;rel=1\"><\/embed><\/object><\/p>\n","protected":false},"excerpt":{"rendered":"<p>Annette Verster works for the HIV\/AIDS Department of the World Health Organization in Geneva, she coordinates all activities related to HIV prevention. She speaks about the conclusions of an investigation on on prisons and harm reduction which WHO commissioned recently.<\/p>\n","protected":false},"author":1002,"featured_media":0,"comment_status":"open","ping_status":"open","sticky":false,"template":"","format":"standard","meta":{"_genesis_hide_title":false,"_genesis_hide_breadcrumbs":false,"_genesis_hide_singular_image":false,"_genesis_hide_footer_widgets":false,"_genesis_custom_body_class":"","_genesis_custom_post_class":"","_genesis_layout":"","footnotes":""},"categories":[2900,2894],"tags":[],"countries":[],"section":[],"video-author":[],"drug":[],"archive":[3214],"video-series":[3225],"class_list":{"0":"post-6885","1":"post","2":"type-post","3":"status-publish","4":"format-standard","6":"category-articles","7":"category-video-database","8":"archive-drug-policy-and-law","9":"video-series-international-harm-reduction-conferences","10":"entry"},"featured_image_src":null,"author_info":{"display_name":"Istv\u00e1n G\u00e1bor Tak\u00e1cs","author_link":"https:\/\/drogriporter.hu\/en\/author\/idoru\/"},"yoast_head":"<!-- This site is optimized with the Yoast SEO Premium plugin  - https:\/\/yoast.com\/product\/yoast-seo-premium-wordpress\/ -->\n<title>Anette Verster - Harm reduction is effective in prisons - Drugreporter<\/title>\n<meta name=\"robots\" content=\"index, follow, max-snippet:-1, max-image-preview:large, max-video-preview:-1\" \/>\n<link rel=\"canonical\" href=\"https:\/\/drogriporter.hu\/en\/anette-verster-harm-reduction-is-effective-in-prisons\/\" \/>\n<meta property=\"og:locale\" content=\"en_US\" \/>\n<meta property=\"og:type\" content=\"article\" \/>\n<meta property=\"og:title\" content=\"Anette Verster - Harm reduction is effective in prisons\" \/>\n<meta property=\"og:description\" content=\"Annette Verster works for the HIV\/AIDS Department of the World Health Organization in Geneva, she coordinates all activities related to HIV prevention. She speaks about the conclusions of an investigation on on prisons and harm reduction which WHO commissioned recently.\" \/>\n<meta property=\"og:url\" content=\"https:\/\/drogriporter.hu\/en\/anette-verster-harm-reduction-is-effective-in-prisons\/\" \/>\n<meta property=\"og:site_name\" content=\"Drugreporter\" \/>\n<meta property=\"article:published_time\" content=\"2007-12-20T19:22:00+00:00\" \/>\n<meta property=\"article:modified_time\" content=\"2022-08-30T14:12:43+00:00\" \/>\n<meta name=\"author\" content=\"Istv\u00e1n G\u00e1bor Tak\u00e1cs\" \/>\n<meta name=\"twitter:card\" content=\"summary_large_image\" \/>\n<meta name=\"twitter:label1\" content=\"Written by\" \/>\n\t<meta name=\"twitter:data1\" content=\"Istv\u00e1n G\u00e1bor Tak\u00e1cs\" \/>\n<script type=\"application\/ld+json\" class=\"yoast-schema-graph\">{\"@context\":\"https:\\\/\\\/schema.org\",\"@graph\":[{\"@type\":\"Article\",\"@id\":\"https:\\\/\\\/drogriporter.hu\\\/en\\\/anette-verster-harm-reduction-is-effective-in-prisons\\\/#article\",\"isPartOf\":{\"@id\":\"https:\\\/\\\/drogriporter.hu\\\/en\\\/anette-verster-harm-reduction-is-effective-in-prisons\\\/\"},\"author\":{\"name\":\"Istv\u00e1n G\u00e1bor Tak\u00e1cs\",\"@id\":\"https:\\\/\\\/drogriporter.hu\\\/en\\\/#\\\/schema\\\/person\\\/aaf6e356ecdcc3c9a6172aeb58a1c524\"},\"headline\":\"Anette Verster &#8211; Harm reduction is effective in prisons\",\"datePublished\":\"2007-12-20T19:22:00+00:00\",\"dateModified\":\"2022-08-30T14:12:43+00:00\",\"mainEntityOfPage\":{\"@id\":\"https:\\\/\\\/drogriporter.hu\\\/en\\\/anette-verster-harm-reduction-is-effective-in-prisons\\\/\"},\"wordCount\":108,\"commentCount\":0,\"articleSection\":[\"Articles\",\"Video Database\"],\"inLanguage\":\"en-US\"},{\"@type\":\"WebPage\",\"@id\":\"https:\\\/\\\/drogriporter.hu\\\/en\\\/anette-verster-harm-reduction-is-effective-in-prisons\\\/\",\"url\":\"https:\\\/\\\/drogriporter.hu\\\/en\\\/anette-verster-harm-reduction-is-effective-in-prisons\\\/\",\"name\":\"Anette Verster - Harm reduction is effective in prisons - Drugreporter\",\"isPartOf\":{\"@id\":\"https:\\\/\\\/drogriporter.hu\\\/en\\\/#website\"},\"datePublished\":\"2007-12-20T19:22:00+00:00\",\"dateModified\":\"2022-08-30T14:12:43+00:00\",\"author\":{\"@id\":\"https:\\\/\\\/drogriporter.hu\\\/en\\\/#\\\/schema\\\/person\\\/aaf6e356ecdcc3c9a6172aeb58a1c524\"},\"breadcrumb\":{\"@id\":\"https:\\\/\\\/drogriporter.hu\\\/en\\\/anette-verster-harm-reduction-is-effective-in-prisons\\\/#breadcrumb\"},\"inLanguage\":\"en-US\",\"potentialAction\":[{\"@type\":\"ReadAction\",\"target\":[\"https:\\\/\\\/drogriporter.hu\\\/en\\\/anette-verster-harm-reduction-is-effective-in-prisons\\\/\"]}]},{\"@type\":\"BreadcrumbList\",\"@id\":\"https:\\\/\\\/drogriporter.hu\\\/en\\\/anette-verster-harm-reduction-is-effective-in-prisons\\\/#breadcrumb\",\"itemListElement\":[{\"@type\":\"ListItem\",\"position\":1,\"name\":\"Home\",\"item\":\"https:\\\/\\\/drogriporter.hu\\\/en\\\/\"},{\"@type\":\"ListItem\",\"position\":2,\"name\":\"Anette Verster &#8211; Harm reduction is effective in prisons\"}]},{\"@type\":\"WebSite\",\"@id\":\"https:\\\/\\\/drogriporter.hu\\\/en\\\/#website\",\"url\":\"https:\\\/\\\/drogriporter.hu\\\/en\\\/\",\"name\":\"Drugreporter\",\"description\":\"News and Films from the Frontline of the War on Drugs\",\"potentialAction\":[{\"@type\":\"SearchAction\",\"target\":{\"@type\":\"EntryPoint\",\"urlTemplate\":\"https:\\\/\\\/drogriporter.hu\\\/en\\\/?s={search_term_string}\"},\"query-input\":{\"@type\":\"PropertyValueSpecification\",\"valueRequired\":true,\"valueName\":\"search_term_string\"}}],\"inLanguage\":\"en-US\"},{\"@type\":\"Person\",\"@id\":\"https:\\\/\\\/drogriporter.hu\\\/en\\\/#\\\/schema\\\/person\\\/aaf6e356ecdcc3c9a6172aeb58a1c524\",\"name\":\"Istv\u00e1n G\u00e1bor Tak\u00e1cs\",\"image\":{\"@type\":\"ImageObject\",\"inLanguage\":\"en-US\",\"@id\":\"https:\\\/\\\/secure.gravatar.com\\\/avatar\\\/658e7317f4c0b7ad030de0732edc52bd87a40097c378d9f945212f914567946c?s=96&d=mm&r=g\",\"url\":\"https:\\\/\\\/secure.gravatar.com\\\/avatar\\\/658e7317f4c0b7ad030de0732edc52bd87a40097c378d9f945212f914567946c?s=96&d=mm&r=g\",\"contentUrl\":\"https:\\\/\\\/secure.gravatar.com\\\/avatar\\\/658e7317f4c0b7ad030de0732edc52bd87a40097c378d9f945212f914567946c?s=96&d=mm&r=g\",\"caption\":\"Istv\u00e1n G\u00e1bor Tak\u00e1cs\"},\"description\":\"Istv\u00e1n G\u00e1bor Tak\u00e1cs is a human rights activist, videographer and trainer. He ran the Video Advocacy Program of the Hungarian Civil Liberties Union between 2007-2015. He worked as a needle exchange program counselor for 5 years. He is author of several articles on harm reduction and cameraman, editor, director and co-director of more than 700 online videos, among them longer documentaries, such as \u201cKostya Proletarsky\u201d (2020), \u201cTaking Back What\u2019s Ours: An Oral History of the Movement of People who Use Drugs\u201d (2020) \u201dA Day in the Life: The World of Humans Who Use Drugs\u201d (2016), \u201cWithout Rights\u201d (2009), \u201cWithout a Chance\u201d (2014), \u201cRoom in the 8th District\u201d (2014) and \u201cThe Invisible\u201d (2011). Since 2016 he works at the Rights Reporter Foundation, where besides producing films, he is training activists in video advocacy.\",\"sameAs\":[\"takacsistvangabor@rightsreporter.net\"],\"url\":\"https:\\\/\\\/drogriporter.hu\\\/en\\\/author\\\/idoru\\\/\"}]}<\/script>\n<!-- \/ Yoast SEO Premium plugin. -->","yoast_head_json":{"title":"Anette Verster - Harm reduction is effective in prisons - Drugreporter","robots":{"index":"index","follow":"follow","max-snippet":"max-snippet:-1","max-image-preview":"max-image-preview:large","max-video-preview":"max-video-preview:-1"},"canonical":"https:\/\/drogriporter.hu\/en\/anette-verster-harm-reduction-is-effective-in-prisons\/","og_locale":"en_US","og_type":"article","og_title":"Anette Verster - Harm reduction is effective in prisons","og_description":"Annette Verster works for the HIV\/AIDS Department of the World Health Organization in Geneva, she coordinates all activities related to HIV prevention. She speaks about the conclusions of an investigation on on prisons and harm reduction which WHO commissioned recently.","og_url":"https:\/\/drogriporter.hu\/en\/anette-verster-harm-reduction-is-effective-in-prisons\/","og_site_name":"Drugreporter","article_published_time":"2007-12-20T19:22:00+00:00","article_modified_time":"2022-08-30T14:12:43+00:00","author":"Istv\u00e1n G\u00e1bor Tak\u00e1cs","twitter_card":"summary_large_image","twitter_misc":{"Written by":"Istv\u00e1n G\u00e1bor Tak\u00e1cs"},"schema":{"@context":"https:\/\/schema.org","@graph":[{"@type":"Article","@id":"https:\/\/drogriporter.hu\/en\/anette-verster-harm-reduction-is-effective-in-prisons\/#article","isPartOf":{"@id":"https:\/\/drogriporter.hu\/en\/anette-verster-harm-reduction-is-effective-in-prisons\/"},"author":{"name":"Istv\u00e1n G\u00e1bor Tak\u00e1cs","@id":"https:\/\/drogriporter.hu\/en\/#\/schema\/person\/aaf6e356ecdcc3c9a6172aeb58a1c524"},"headline":"Anette Verster &#8211; Harm reduction is effective in prisons","datePublished":"2007-12-20T19:22:00+00:00","dateModified":"2022-08-30T14:12:43+00:00","mainEntityOfPage":{"@id":"https:\/\/drogriporter.hu\/en\/anette-verster-harm-reduction-is-effective-in-prisons\/"},"wordCount":108,"commentCount":0,"articleSection":["Articles","Video Database"],"inLanguage":"en-US"},{"@type":"WebPage","@id":"https:\/\/drogriporter.hu\/en\/anette-verster-harm-reduction-is-effective-in-prisons\/","url":"https:\/\/drogriporter.hu\/en\/anette-verster-harm-reduction-is-effective-in-prisons\/","name":"Anette Verster - Harm reduction is effective in prisons - Drugreporter","isPartOf":{"@id":"https:\/\/drogriporter.hu\/en\/#website"},"datePublished":"2007-12-20T19:22:00+00:00","dateModified":"2022-08-30T14:12:43+00:00","author":{"@id":"https:\/\/drogriporter.hu\/en\/#\/schema\/person\/aaf6e356ecdcc3c9a6172aeb58a1c524"},"breadcrumb":{"@id":"https:\/\/drogriporter.hu\/en\/anette-verster-harm-reduction-is-effective-in-prisons\/#breadcrumb"},"inLanguage":"en-US","potentialAction":[{"@type":"ReadAction","target":["https:\/\/drogriporter.hu\/en\/anette-verster-harm-reduction-is-effective-in-prisons\/"]}]},{"@type":"BreadcrumbList","@id":"https:\/\/drogriporter.hu\/en\/anette-verster-harm-reduction-is-effective-in-prisons\/#breadcrumb","itemListElement":[{"@type":"ListItem","position":1,"name":"Home","item":"https:\/\/drogriporter.hu\/en\/"},{"@type":"ListItem","position":2,"name":"Anette Verster &#8211; Harm reduction is effective in prisons"}]},{"@type":"WebSite","@id":"https:\/\/drogriporter.hu\/en\/#website","url":"https:\/\/drogriporter.hu\/en\/","name":"Drugreporter","description":"News and Films from the Frontline of the War on Drugs","potentialAction":[{"@type":"SearchAction","target":{"@type":"EntryPoint","urlTemplate":"https:\/\/drogriporter.hu\/en\/?s={search_term_string}"},"query-input":{"@type":"PropertyValueSpecification","valueRequired":true,"valueName":"search_term_string"}}],"inLanguage":"en-US"},{"@type":"Person","@id":"https:\/\/drogriporter.hu\/en\/#\/schema\/person\/aaf6e356ecdcc3c9a6172aeb58a1c524","name":"Istv\u00e1n G\u00e1bor Tak\u00e1cs","image":{"@type":"ImageObject","inLanguage":"en-US","@id":"https:\/\/secure.gravatar.com\/avatar\/658e7317f4c0b7ad030de0732edc52bd87a40097c378d9f945212f914567946c?s=96&d=mm&r=g","url":"https:\/\/secure.gravatar.com\/avatar\/658e7317f4c0b7ad030de0732edc52bd87a40097c378d9f945212f914567946c?s=96&d=mm&r=g","contentUrl":"https:\/\/secure.gravatar.com\/avatar\/658e7317f4c0b7ad030de0732edc52bd87a40097c378d9f945212f914567946c?s=96&d=mm&r=g","caption":"Istv\u00e1n G\u00e1bor Tak\u00e1cs"},"description":"Istv\u00e1n G\u00e1bor Tak\u00e1cs is a human rights activist, videographer and trainer. He ran the Video Advocacy Program of the Hungarian Civil Liberties Union between 2007-2015. He worked as a needle exchange program counselor for 5 years. He is author of several articles on harm reduction and cameraman, editor, director and co-director of more than 700 online videos, among them longer documentaries, such as \u201cKostya Proletarsky\u201d (2020), \u201cTaking Back What\u2019s Ours: An Oral History of the Movement of People who Use Drugs\u201d (2020) \u201dA Day in the Life: The World of Humans Who Use Drugs\u201d (2016), \u201cWithout Rights\u201d (2009), \u201cWithout a Chance\u201d (2014), \u201cRoom in the 8th District\u201d (2014) and \u201cThe Invisible\u201d (2011). Since 2016 he works at the Rights Reporter Foundation, where besides producing films, he is training activists in video advocacy.","sameAs":["takacsistvangabor@rightsreporter.net"],"url":"https:\/\/drogriporter.hu\/en\/author\/idoru\/"}]}},"featured_image_src_square":null,"_links":{"self":[{"href":"https:\/\/drogriporter.hu\/en\/wp-json\/wp\/v2\/posts\/6885","targetHints":{"allow":["GET"]}}],"collection":[{"href":"https:\/\/drogriporter.hu\/en\/wp-json\/wp\/v2\/posts"}],"about":[{"href":"https:\/\/drogriporter.hu\/en\/wp-json\/wp\/v2\/types\/post"}],"author":[{"embeddable":true,"href":"https:\/\/drogriporter.hu\/en\/wp-json\/wp\/v2\/users\/1002"}],"replies":[{"embeddable":true,"href":"https:\/\/drogriporter.hu\/en\/wp-json\/wp\/v2\/comments?post=6885"}],"version-history":[{"count":0,"href":"https:\/\/drogriporter.hu\/en\/wp-json\/wp\/v2\/posts\/6885\/revisions"}],"wp:attachment":[{"href":"https:\/\/drogriporter.hu\/en\/wp-json\/wp\/v2\/media?parent=6885"}],"wp:term":[{"taxonomy":"category","embeddable":true,"href":"https:\/\/drogriporter.hu\/en\/wp-json\/wp\/v2\/categories?post=6885"},{"taxonomy":"post_tag","embeddable":true,"href":"https:\/\/drogriporter.hu\/en\/wp-json\/wp\/v2\/tags?post=6885"},{"taxonomy":"countries","embeddable":true,"href":"https:\/\/drogriporter.hu\/en\/wp-json\/wp\/v2\/countries?post=6885"},{"taxonomy":"section","embeddable":true,"href":"https:\/\/drogriporter.hu\/en\/wp-json\/wp\/v2\/section?post=6885"},{"taxonomy":"video-author","embeddable":true,"href":"https:\/\/drogriporter.hu\/en\/wp-json\/wp\/v2\/video-author?post=6885"},{"taxonomy":"drug","embeddable":true,"href":"https:\/\/drogriporter.hu\/en\/wp-json\/wp\/v2\/drug?post=6885"},{"taxonomy":"archive","embeddable":true,"href":"https:\/\/drogriporter.hu\/en\/wp-json\/wp\/v2\/archive?post=6885"},{"taxonomy":"video-series","embeddable":true,"href":"https:\/\/drogriporter.hu\/en\/wp-json\/wp\/v2\/video-series?post=6885"}],"curies":[{"name":"wp","href":"https:\/\/api.w.org\/{rel}","templated":true}]}}