{"id":6898,"date":"2007-12-13T00:00:00","date_gmt":"2007-12-13T00:00:00","guid":{"rendered":"https:\/\/drogriporter.hu\/drug-policy-gumbo\/"},"modified":"2022-07-04T13:36:43","modified_gmt":"2022-07-04T11:36:43","slug":"drug-policy-gumbo","status":"publish","type":"post","link":"https:\/\/drogriporter.hu\/en\/drug-policy-gumbo\/","title":{"rendered":"Drug Policy Gumbo"},"content":{"rendered":"<p>A Drogriporter tud\u00f3s\u00edt\u00e1sa a new orleans-i nemzetk\u00f6zi drogpolitikai reform konferenci\u00e1r\u00f3l.<\/p>\n<p><!--more--><\/p>\n<p>A Drogriporter tud\u00f3s\u00edt\u00e1sa a new orleans-i nemzetk\u00f6zi drogpolitikai reform konferenci\u00e1r\u00f3l.<br \/>&nbsp;<\/p>\n<p class=\"MsoNormal\" style=\"margin: 0cm 0cm 0pt; text-align: justify;\">&nbsp;<\/p>\n<p class=\"MsoNormal\" style=\"margin: 0cm 0cm 0pt; text-align: justify;\"><span style=\"font-size: 10pt; font-family: Verdana;\"><font size=\"3\"><em>A konferenci\u00e1n k\u00e9sz\u00edtett vide\u00f3k &#8211; folyamatosan b\u0151v\u00fcl\u0151 sz\u00e1mban &#8211; megtekinthet\u0151k a TASZ YouTube oldal\u00e1n:<\/em><\/font><\/span><\/p>\n<p class=\"MsoNormal\" style=\"margin: 0cm 0cm 0pt; text-align: justify;\"><span style=\"font-size: 10pt; font-family: Verdana;\"><a href=\"https:\/\/www.youtube.com\/HunCivLibUnion\"><font size=\"3\">https:\/\/www.youtube.com\/HunCivLibUnion<\/font><\/a><\/span><\/p>\n<p class=\"MsoNormal\" style=\"margin: 0cm 0cm 0pt; text-align: justify;\">&nbsp;<\/p>\n<p>&nbsp;<span style=\"font-size: 10pt; font-family: Verdana;\"> <\/span><\/p>\n<p class=\"MsoNormal\" style=\"margin: 0cm 0cm 0pt; text-align: justify;\"><span style=\"font-size: 10pt; font-family: Verdana;\">A gumbo egy Louisiana \u00e1llamb\u00f3l sz\u00e1rmaz\u00f3 s\u0171r\u0171, p\u00f6rk\u00f6ltszer\u0171 leves, amely tengeri herkenyt\u0171ket, z\u00f6lds\u00e9geket, rizst \u00e9s f\u0171szereket tartalmaz. A gumb\u00f3t k\u00fcl\u00f6nf\u00e9le st\u00edlusokban (pl. cajun, kreol) lehet k\u00e9sz\u00edteni, tulajdonk\u00e9ppen nincsen sztenderd form\u00e1ja: eur\u00f3pai, afrikai \u00e9s amerikai kultur\u00e1lis trad\u00edci\u00f3k tal\u00e1lkoz\u00e1s\u00e1nak mell\u00e9kterm\u00e9kek\u00e9nt j\u00f6tt l\u00e9tre. A gumbo New Orleans &ndash; avagy a Big Easy, ahogy az amerikaiak nevezik &#8211; egyik f\u0151 szimb\u00f3luma, egy olyan v\u00e1ros\u00e9, amely maga is sokf\u00e9le vall\u00e1s \u00e9s kult\u00fara keresztez\u0151d\u00e9s\u00e9n\u00e9l fekszik. Az USA vezet\u0151 drogpolitikai reform szervezete, a Drogpolitikai Sz\u00f6vets\u00e9g (<a class=\"formattedtext_link\" href=\"https:\/\/www.drugpolicy.org\/\"><font color=\"#8080ff\">Drug Policy Alliance<\/font><\/a>) k\u00e9t\u00e9vente megrendez\u00e9sre ker\u00fcl\u0151 konferenci\u00e1j\u00e1nak ez\u00fattal New Orleans adott helyt december 5. \u00e9s 9. k\u00f6z\u00f6tt. Egy helyi szervez\u0151 szerint a konferenci\u00e1nak mag\u00e1nak is az volt a c\u00e9lja, hogy egy nagy &bdquo;drogpolitikai gumb\u00f3t&rdquo; f\u0151zz\u00f6n ki a&nbsp;k\u00fcl\u00f6nf\u00e9le h\u00e1tter\u0171, vall\u00e1s\u00fa, \u00e9letkor\u00fa, b\u0151rsz\u00edn\u0171 r\u00e9sztvev\u0151k hozz\u00e1j\u00e1rul\u00e1s\u00e1val, \u00f6sszehozva&nbsp;liber\u00e1lisokat \u00e9s konzervat\u00edvokat, feket\u00e9ket \u00e9s feh\u00e9reket, jogalkalmaz\u00f3kat \u00e9s hippiket, kutat\u00f3kat \u00e9s aktivist\u00e1kat, f\u0171sz\u00edv\u00f3kat \u00e9s heroininjekt\u00e1l\u00f3kat. Csup\u00e1n egy dolog van, ami ezeket az embereket sz\u00f6vets\u00e9gess\u00e9 teszi, \u00e1ll\u00edtja a konferencia f\u0151 szervez\u0151je, Ethan Nadelmann, a DPA igazgat\u00f3ja: mindannyian a &bdquo;drogellenes h\u00e1bor\u00fa&rdquo; v\u00e9g\u00e9t k\u00edv\u00e1nj\u00e1k, amely rengeteg ember\u00e9letet \u00e9s doll\u00e1rmilli\u00e1rdot k\u00f6vetel minden \u00e9vben. Ez az eklektikus drogreform mozgalom gyorsan n\u0151, ebben az \u00e9vben p\u00e9ld\u00e1ul minden eddigin\u00e9l t\u00f6bben, 1200-an vettek r\u00e9szt a konferenci\u00e1n, a programban pedig kedv\u00e9t lelhett\u00e9k a marihu\u00e1na-guruk \u00e9s az \u00e1rtalomcs\u00f6kkent\u0151 pragmatist\u00e1k egyar\u00e1nt. Hiszen a vil\u00e1g egyik legnagyobb drogpolitikai reform esem\u00e9ny\u00e9r\u0151l van sz\u00f3. <o:p><\/o:p><\/span><\/p>\n<p class=\"MsoNormal\" style=\"margin: 0cm 0cm 0pt; text-align: justify;\"><span style=\"font-size: 10pt; font-family: Verdana;\"><o:p>&nbsp;<\/o:p><\/span><\/p>\n<p class=\"MsoNormal\" style=\"margin: 0cm 0cm 0pt; text-align: justify;\"><span style=\"font-size: 10pt; font-family: Verdana;\">Id\u00e9n sz\u00e1mos m\u00e1s amerikai szervezet is szerepet v\u00e1llalt a konferencia szervez\u00e9s\u00e9ben, \u00edgy p\u00e9ld\u00e1ul new york-i sz\u00e9khelyi \u00c1rtalomcs\u00f6kkent\u0151 Koal\u00edci\u00f3 (<a class=\"formattedtext_link\" href=\"https:\/\/www.harmreduction.org\/\"><font color=\"#8080ff\">HRC<\/font><\/a>), a TASZ amerikai testv\u00e9rszervezete, az <a class=\"formattedtext_link\" href=\"https:\/\/www.aclu.org\/\"><font color=\"#8080ff\">ACLU<\/font><\/a>, a Di\u00e1kok az \u00c9sszer\u0171 Drogpolitik\u00e1\u00e9rt (<a class=\"formattedtext_link\" href=\"https:\/\/www.ssdp.org\/\"><font color=\"#8080ff\">SSDP<\/font><\/a>) \u00e9s a Jogalkalmaz\u00f3k a Drogtilalom Ellen (<a class=\"formattedtext_link\" href=\"https:\/\/www.leap.cc\/\"><font color=\"#8080ff\">LEAP<\/font><\/a>), amelynek k\u00e9pviselet\u00e9ben m\u00e1jusban Jack Cole rend\u0151rhadnagy Budapestre l\u00e1togatott. A Droghaszn\u00e1l\u00f3k Nemzetk\u00f6zi H\u00e1l\u00f3zata (<a class=\"formattedtext_link\" href=\"https:\/\/www.inpud.org\/\"><font color=\"#8080ff\">INPUD<\/font><\/a>) is itt tartotta gy\u0171l\u00e9s\u00e9t. A konferencia mintegy 50 p\u00e1rhuzamos szekci\u00f3t vonultatott fel v\u00e1ltozatos t\u00e9m\u00e1kban: a heroint\u00faladagol\u00e1sok megel\u0151z\u00e9se, az enteog\u00e9nek haszn\u00e1lata a gy\u00f3gy\u00e1szatban, drogtesztek, n\u0151i droghaszn\u00e1l\u00f3k, HIV \u00e9s hepatitis C, iskolai prevenci\u00f3, etnikai kisebbs\u00e9gek \u00e9s drogellenes h\u00e1bor\u00fa stb. \u00c9rdekes volt p\u00e9ld\u00e1ul az \u00e1rtalomcs\u00f6kkent\u0151 pszichoter\u00e1pi\u00e1r\u00f3l sz\u00f3l\u00f3 szekci\u00f3, amelyen r\u00e9szt vett Dr. Andrew Tatarsky, az &bdquo;<a class=\"formattedtext_link\" href=\"https:\/\/www.harmreductioncounseling.com\/book.html\"><font color=\"#8080ff\">\u00c1rtalomcs\u00f6kkent\u0151 pszichoter\u00e1pia<\/font><\/a>&rdquo; c. k\u00f6nyv szerz\u0151je. Volt filmfesztiv\u00e1l olyan dokumentumfilmekkel, amelyek a drogellenes h\u00e1bor\u00fa \u00e1rnyoldalait mutatt\u00e1k be az \u00e9rdekl\u0151d\u0151k sz\u00e1m\u00e1ra. Az Eur\u00f3pai Kerekasztal keret\u00e9ben S\u00e1rosi P\u00e9ter (TASZ) ismertette a magyarorsz\u00e1gi drogpolitika trendjeit, fejlem\u00e9nyeit, kit\u00e9rve p\u00e9ld\u00e1ul az \u00f6nfeljelent\u0151 mozgalomra is, amely rendk\u00edv\u00fcl n\u00e9pszer\u0171 volt a hallgat\u00f3s\u00e1g k\u00f6r\u00e9ben. <o:p><\/o:p><\/span><\/p>\n<p class=\"MsoNormal\" style=\"margin: 0cm 0cm 0pt; text-align: justify;\"><span style=\"font-size: 10pt; font-family: Verdana;\"><o:p>&nbsp;<\/o:p><\/span><\/p>\n<p class=\"MsoNormal\" style=\"margin: 0cm 0cm 0pt; text-align: justify;\"><span style=\"font-size: 10pt; font-family: Verdana;\">A heroinfel\u00edr\u00f3 programokr\u00f3l sz\u00f3l\u00f3 szekci\u00f3n holland \u00e9s kanadai szakemberek sz\u00e1moltak be a heroinfenntart\u00e1s hat\u00e1svizsg\u00e1latainak el\u0151zetes eredm\u00e9nyeir\u0151l, amelyek rendk\u00edv\u00fcl pozit\u00edvak. H\u00edrek \u00e9rkeztek ezenk\u00edv\u00fcl D\u00e1ni\u00e1b\u00f3l is arr\u00f3l, hogy az ottani &ndash; egy\u00e9bk\u00e9nt konzervat\u00edv korm\u00e1ny &ndash; 2008-t\u00f3l bevezeti a heroinfel\u00edr\u00e1st 600 hardcore heroinf\u00fcgg\u0151 sz\u00e1m\u00e1ra. K\u00f6zponti t\u00e9ma volt a drogellenes h\u00e1bor\u00fa rasszista von\u00e1sainak kritik\u00e1ja is: Amerik\u00e1ban ugyanis a feket\u00e9k \u00e9s a latinok, holott a droghaszn\u00e1l\u00f3k k\u00f6r\u00e9ben nincsenek magasabb ar\u00e1nyban, mint a feh\u00e9rek, a b\u00f6rt\u00f6nben fogva tartottak k\u00f6r\u00e9ben ar\u00e1nytalanul magas sz\u00e1mban vannak jelen. Ennek egyik f\u0151 oka az \u00fan. <em style=\"\">racial profiling<\/em>: a rend\u0151rs\u00e9gnek az a gyakorlata, hogy a b\u0151rsz\u00edn alapj\u00e1n gyan\u00fasabbnak \u00edt\u00e9l \u00e9s ennek k\u00f6vetkezt\u00e9ben gyakrabban \u00e1ll\u00edt meg \u00e9s vizsg\u00e1l \u00e1t feket\u00e9ket \u00e9s latinokat, mint feh\u00e9reket. \u00cdgy nagyobb ar\u00e1nyban buknak is le. A legfrissebb felm\u00e9r\u00e9sek szerint p\u00e9ld\u00e1ul a kokainhaszn\u00e1l\u00f3k 72%-a feh\u00e9r \u00e9s 15%-a fekete, ugyanakkor a kokain miatt beb\u00f6rt\u00f6nz\u00f6ttek majdnem 40%-a fekete. A r\u00e9sztvev\u0151k ell\u00e1togathattak New Orleans azon k\u00fclv\u00e1rosi, f\u0151leg afro-amerikaiak \u00e1ltal lakott negyedeibe, amelyeket a 2004-es Katrina Hurrik\u00e1n a legf\u00e1jdalmasabban \u00e9rintett, \u00e9s ahol a korm\u00e1ny a legkisebb er\u0151fesz\u00edt\u00e9st tette az \u00fajj\u00e1\u00e9p\u00edt\u00e9sre (a belv\u00e1ros bezzeg csillog-villog). A konferencia helysz\u00edn\u00e9\u00fcl az\u00e9rt is v\u00e1lasztott\u00e1k ezt a v\u00e1rost, hogy kifejezz\u00e9k t\u00e1mogat\u00e1sukat a n\u00e9lk\u00fcl\u00f6z\u0151 afro-amerikai k\u00f6z\u00f6ss\u00e9g sz\u00e1m\u00e1ra. <o:p><\/o:p><\/span><\/p>\n<p class=\"MsoNormal\" style=\"margin: 0cm 0cm 0pt; text-align: justify;\"><span style=\"font-size: 10pt; font-family: Verdana;\"><o:p>&nbsp;<\/o:p><\/span><\/p>\n<p class=\"MsoNormal\" style=\"margin: 0cm 0cm 0pt; text-align: justify;\"><span style=\"font-size: 10pt; font-family: Verdana;\">A konferencia egyik leg\u00e9rdekesebb esem\u00e9nye Dr. Antonio-Maria Costa, az ENSZ K\u00e1b\u00edt\u00f3szer- \u00e9s B\u0171n\u00fcld\u00f6z\u00e9si Iroda (<a class=\"formattedtext_link\" href=\"https:\/\/www.unodc.org\/\"><font color=\"#8080ff\">UNODC<\/font><\/a>) igazgat\u00f3j\u00e1nak el\u0151ad\u00e1sa volt, aki a glob\u00e1lis drogtilalmi rezsim els\u0151sz\u00e1m\u00fa embere, s \u00edgy nagy meglepet\u00e9st okozott azzal, hogy elfogadta egy drogreform szervezet megh\u00edv\u00e1s\u00e1t. Az el\u0151ad\u00e1sra ugyanazon id\u0151keretek k\u00f6z\u00f6tt reag\u00e1lhatott Kasia-Malinowska Sempruch, az Open Society Institute Nemzetk\u00f6zi \u00c1rtalomcs\u00f6kkent\u00e9st Fejleszt\u0151 Programj\u00e1nak (<a class=\"formattedtext_link\" href=\"https:\/\/www.soros.org\/initiatives\/health\/focus\/ihrd\"><font color=\"#8080ff\"><u>IHRD<\/u><\/font><\/a>) igazgat\u00f3ja. A hallgat\u00f3s\u00e1g tapssal jutalmazta Costa b\u00e1tors\u00e1g\u00e1t, hogy ki mert \u00e1llni ennyi ellenkez\u0151 v\u00e9lem\u00e9ny\u0171 ember el\u00e9, ugyanakkor hangosan hurrogott, amikor Costa arr\u00f3l besz\u00e9lt, hogy a &bdquo;drogok az\u00e9rt illeg\u00e1lisak, mert vesz\u00e9lyesek&rdquo;, vagy amikor kijelentette, hogy a droghaszn\u00e1l\u00f3k \u00e1rtalm\u00e1ra vannak a t\u00e1rsadalomnak, ez\u00e9rt nem \u00e1ll jogunkban drogokat fogyasztani. B\u00e1r elismerte, hogy a drogmentes vil\u00e1g &ndash; az ENSZ 1998-as K\u00f6zgy\u0171l\u00e9s\u00e9nek szlogenje &#8211; nem el\u00e9rhet\u0151 c\u00e9l, m\u00e9gis hat\u00e9konynak tartja a drogkontroll-rendszert, amit szerinte az bizony\u00edt, hogy az illeg\u00e1lis drogok haszn\u00e1lata m\u00e9g mindig csak a vil\u00e1g lakoss\u00e1g\u00e1nak mintegy 5%-\u00e1ra jellemz\u0151, m\u00edg a leg\u00e1lis drogok fogyaszt\u00e1sa j\u00f3val elterjedtebb. Szerinte a drogkontroll-rendszer sikeresen &bdquo;megtartotta&rdquo; (<em style=\"\">contain<\/em>) a drogprobl\u00e9m\u00e1t. Costa felh\u00edvta a jelenl\u00e9v\u0151ket, hogy seg\u00edtsenek neki abban, hogy min\u00e9l t\u00f6bb droghaszn\u00e1l\u00f3 ker\u00fclj\u00f6n kezel\u00e9sbe. <o:p><\/o:p><\/span><\/p>\n<p class=\"MsoNormal\" style=\"margin: 0cm 0cm 0pt; text-align: justify;\"><span style=\"font-size: 10pt; font-family: Verdana;\"><o:p>&nbsp;<\/o:p><\/span><\/p>\n<p align=\"center\" class=\"folderdesc\"><img loading=\"lazy\" decoding=\"async\" alt=\"\" height=\"361\" src=\"\/wp-content\/uploads\/sites\/8\/drogriporter\/gumbo2.jpg\" width=\"550\" \/><\/p>\n<p class=\"MsoNormal\" style=\"margin: 0cm 0cm 0pt; text-align: justify;\"><span style=\"font-size: 10pt; font-family: Verdana;\"><font size=\"1\"><strong>Orosz droghaszn\u00e1l\u00f3 &quot;kezel\u00e9se&quot; (Kasia Malinowska-Sempruch prezent\u00e1ci\u00f3j\u00e1b\u00f3l)<\/strong><\/font><\/span><\/p>\n<p class=\"MsoNormal\" style=\"margin: 0cm 0cm 0pt; text-align: justify;\">&nbsp;<\/p>\n<p class=\"MsoNormal\" style=\"margin: 0cm 0cm 0pt; text-align: justify;\"><span style=\"font-size: 10pt; font-family: Verdana;\">Kasia-Malinowska Sempruch ezzel szemben r\u00e1mutatott, hogy a jelenlegi drogkontroll-rendszer a f\u0151 felel\u0151s a droghaszn\u00e1l\u00f3k marginaliz\u00e1lt, stigmatiz\u00e1lt helyzet\u00e9\u00e9rt, amely megakad\u00e1lyozza, hogy hozz\u00e1jussanak alapvet\u0151 kezel\u00e9shez, \u00e9s amely olajat \u00f6nt a glob\u00e1lis HIV\/AIDS j\u00e1rv\u00e1ny t\u00fcz\u00e9re. A probl\u00e9ma puszta medikaliz\u00e1ci\u00f3ja nem oldja meg a probl\u00e9m\u00e1t, ugyanis a kezel\u00e9s gyakran nem a b\u00fcntet\u00e9s alternat\u00edv\u00e1ja, sokkal ink\u00e1bb alternat\u00edv b\u00fcntet\u00e9s: a harmadik vil\u00e1g sz\u00e1mos orsz\u00e1g\u00e1ban p\u00e9ld\u00e1ul munkat\u00e1bor-szer\u0171 k\u00f6r\u00fclm\u00e9nyek k\u00f6z\u00f6tt tartanak fogva &bdquo;p\u00e1cienseket&rdquo;, ahol megal\u00e1z\u00f3 \u00e9s embertelen b\u00e1n\u00e1sm\u00f3dnak vannak kit\u00e9ve. Oroszorsz\u00e1gban a k\u00f3rh\u00e1zak z\u00e1rt oszt\u00e1lyain tartj\u00e1k a drogf\u00fcgg\u0151ket, ahol rendk\u00edv\u00fcl alacsony sz\u00ednvonalon folyik a kezel\u00e9s, r\u00e1ad\u00e1sul a p\u00e1ciensek emberi jogai is s\u00e9r\u00fclnek (l\u00e1sd a <a class=\"formattedtext_link\" href=\"\/node\/329\"><font color=\"#8080ff\">moszkvai k\u00f3rh\u00e1z trag\u00e9di\u00e1j\u00e1t<\/font><\/a>). B\u00e1r K\u00edn\u00e1ban jelenleg massz\u00edvan n\u00f6velik a metadonkezel\u00e9st, a programok szigor\u00fa rend\u0151ri fel\u00fcgyelet alatt \u00e1llnak \u00e9s ink\u00e1bb riasztj\u00e1k a fogyaszt\u00f3kat, \u00edgy f\u00e9l\u0151, hogy a k\u00eds\u00e9rletekb\u0151l majd a metadon sikertelens\u00e9g\u00e9re k\u00f6vetkeztetnek. \u00d6sszefog\u00e1sra h\u00edvott fel annak \u00e9rdek\u00e9ben, hogy a kezel\u00e9shez val\u00f3 hozz\u00e1f\u00e9r\u00e9s \u00e9s a kezel\u00e9s sz\u00ednvonala vil\u00e1gszerte javulhasson. <o:p><\/o:p><\/span><\/p>\n<p class=\"MsoNormal\" style=\"margin: 0cm 0cm 0pt; text-align: justify;\"><span style=\"font-size: 10pt; font-family: Verdana;\"><o:p>&nbsp;<\/o:p><\/span><\/p>\n<p class=\"MsoNormal\" style=\"margin: 0cm 0cm 0pt; text-align: justify;\"><span style=\"font-size: 10pt; font-family: Verdana;\"><o:p><img loading=\"lazy\" decoding=\"async\" alt=\"\" height=\"465\" src=\"\/wp-content\/uploads\/sites\/8\/drogriporter\/gumbo3.jpg\" width=\"550\" \/><\/o:p><\/span><\/p>\n<p class=\"MsoNormal\" style=\"margin: 0cm 0cm 0pt; text-align: justify;\"><span style=\"font-size: 10pt; font-family: Verdana;\"><o:p><strong><font size=\"1\">&quot;Drogter\u00e1pi\u00e1s k\u00f6zpont&quot; \u00c1zsi\u00e1ban (Kasia Malinowska-Sempruch prezent\u00e1ci\u00f3j\u00e1b\u00f3l)<\/font><\/strong><\/o:p><\/span><\/p>\n<p class=\"MsoNormal\" style=\"margin: 0cm 0cm 0pt; text-align: justify;\"><span style=\"font-size: 10pt; font-family: Verdana;\"><o:p><\/o:p><\/span><\/p>\n<p class=\"MsoNormal\" style=\"margin: 0cm 0cm 0pt; text-align: justify;\"><span style=\"font-size: 10pt; font-family: Verdana;\">Az el\u0151ad\u00e1sok ut\u00e1n prominens drogreform-p\u00e1rti szakemberek tettek fel k\u00e9rd\u00e9seket Mr. Cost\u00e1nak, \u00edgy p\u00e9ld\u00e1ul Craig Reinarmen szociol\u00f3gus professzor, Alex Wodak pszichi\u00e1ter, Martin Jelsma, a termel\u0151i orsz\u00e1gok szak\u00e9rt\u0151je \u00e9s Pat O&rsquo;Hare, a nemzetk\u00f6zi \u00e1rtalomcs\u00f6kkent\u0151 mozgalom egyik alap\u00edt\u00f3ja. Felh\u00edvt\u00e1k Costa figyelm\u00e9t, hogy a jelenlegi drogpolitikai kurzus k\u00e9ptelen volt az elm\u00falt \u00e9vtizedekben visszaszor\u00edtani az illeg\u00e1lis drogok fogyaszt\u00e1s\u00e1t, \u00e9s ez azt jelzi, hogy a drogkeresletet nem lehet puszt\u00e1n a drogk\u00edn\u00e1lat represszi\u00f3j\u00e1val elfojtani (erre a hipot\u00e9zisra \u00e9p\u00fclt a drogkontroll-rendszer, amelyet csak k\u00e9s\u0151bb eg\u00e9sz\u00edtett ki a keresletcs\u00f6kkent\u00e9s ig\u00e9nye). Erre bizony\u00edt\u00e9k p\u00e9ld\u00e1ul Hollandia, ahol a kannabisz kv\u00e1zi-leg\u00e1lis k\u00edn\u00e1lata mellett sem n\u0151tt nagyobb m\u00e9rt\u00e9kben a kannabisz-fogyaszt\u00e1s prevalenci\u00e1ja, mint az eur\u00f3pai \u00e1tlag. Nanna Gotfredsen d\u00e1n aktivista m\u00e9rgelte fel a legink\u00e1bb a UNODC igazgat\u00f3j\u00e1t azzal,&nbsp;hogy megh\u00edvta Koppenh\u00e1g\u00e1ba, ahol tal\u00e1lkozhat a sv\u00e9d drogpolitika menek\u00fcltjeivel, akik a b\u00f6rt\u00f6n \u00e9s a kezel\u00e9sb\u0151l val\u00f3 kiz\u00e1r\u00e1s miatt hagyj\u00e1k el haz\u00e1jukat. Felsz\u00f3l\u00edtotta Cost\u00e1t, hogy hagyjon fel a sv\u00e9d fant\u00e1zi\u00e1ival a drogmentes vil\u00e1gr\u00f3l. Costa szerint azonban a sv\u00e9d drogpolitika sikert\u00f6rt\u00e9net, \u00e9s kijelentette, hogy sosem hallott arr\u00f3l, hogy a sv\u00e9d droghaszn\u00e1l\u00f3k D\u00e1ni\u00e1ba menek\u00fcln\u00e9nek. <o:p><\/o:p><\/span><\/p>\n<p class=\"MsoNormal\" style=\"margin: 0cm 0cm 0pt; text-align: justify;\"><span style=\"font-size: 10pt; font-family: Verdana;\"><o:p>&nbsp;<\/o:p><\/span><\/p>\n<p class=\"MsoNormal\" style=\"margin: 0cm 0cm 0pt; text-align: justify;\"><span style=\"font-size: 10pt; font-family: Verdana;\">A konferencia z\u00e1r\u00f3\u00fcl\u00e9s\u00e9n Sam Sullivan, Vancouver tol\u00f3sz\u00e9kben \u00fcl\u0151 polg\u00e1rmestere tartott el\u0151ad\u00e1st, aki a progressz\u00edv drogpolitika egyik \u00e9lharcosa Kanad\u00e1ban. Mr. Sullivan szerint a drogf\u00fcgg\u0151s\u00e9g nem b\u0171n\u00fcgyi vagy mor\u00e1lis, de nem is orvosi k\u00e9rd\u00e9s &ndash; hanem menedzsment-k\u00e9rd\u00e9s, amely hasonl\u00edt a fizikai fogyat\u00e9koss\u00e1gokhoz. A fogyat\u00e9kkal \u00e9l\u0151ket is el\u00edt\u00e9lte \u00e9s kik\u00f6z\u00f6s\u00edtette a t\u00e1rsadalom mor\u00e1lis alapokon n\u00e9h\u00e1ny sz\u00e1z \u00e9vvel ezel\u0151tt, majd k\u00e9s\u0151bb betegk\u00e9nt kezelte \u0151ket. Hossz\u00fa ideig tartott, am\u00edg r\u00e1j\u00f6tt\u00fcnk, hogy a fogyat\u00e9kkal \u00e9l\u0151k nem gyenge akarat\u00faak, \u00e9s nem is betegek. Elmondta saj\u00e1t t\u00f6rt\u00e9netet\u00e9t: tin\u00e9dzserkor\u00e1ban im\u00e1dott vadul s\u00edelni, \u00e9s nagy kock\u00e1zatot v\u00e1llalni. Ennek eredm\u00e9nyek\u00e9ppen balesetet szenvedett \u00e9s megb\u00e9nult. Egy k\u00f6z\u00e9piskol\u00e1s bar\u00e1tja, Robert ugyanakkor drogokkal v\u00e1llalt kock\u00e1zatot, majd drogf\u00fcgg\u0151 lett. Nincs a k\u00e9t kock\u00e1zatv\u00e1llal\u00f3 cselekedet k\u00f6z\u00f6tt erk\u00f6lcsi k\u00fcl\u00f6nbs\u00e9g, mondta Sullivan, hacsaknem az, hogy \u0151 kock\u00e1ztatta m\u00e1s emberek \u00e9let\u00e9t is, m\u00edg Robert nem. M\u00e9gis Robert ker\u00fclt b\u00f6rt\u00f6nbe, m\u00edg \u0151 kezel\u00e9st, t\u00e1mogat\u00e1st \u00e9s kerekessz\u00e9ket kapott. Voltak olyanok, akik \u0151t is megpr\u00f3b\u00e1lt\u00e1k r\u00e1b\u00edrni, hogy kelljen fel a tol\u00f3sz\u00e9kb\u0151l, de Sullivan a tol\u00f3sz\u00e9k mellett maradt, mert \u00fagy \u00e9rezte, hogy ezzel k\u00e9pes funkcion\u00e1lis tagja lenni a t\u00e1rsadalomnak. \u00c9s val\u00f3ban: meg is v\u00e1lasztott\u00e1k polg\u00e1rmesternek.&nbsp;A heroinf\u00fcgg\u0151k nagy r\u00e9sz\u00e9nek \u00e9pp\u00edgy sz\u00fcks\u00e9g\u00fck van a metadonra vagy a heroinra ahhoz, hogy haszn\u00e1ra v\u00e1lhassanak a t\u00e1rsadalomnak \u00e9s maguknak. <o:p><\/o:p><\/span><\/p>\n<p class=\"MsoNormal\" style=\"margin: 0cm 0cm 0pt; text-align: justify;\"><span style=\"font-size: 10pt; font-family: Verdana;\"><o:p>&nbsp;<\/o:p><\/span><\/p>\n<p><span style=\"font-size: 10pt; font-family: Verdana;\"><font size=\"1\">S\u00e1rosi P\u00e9ter<\/font><\/span><\/p>\n","protected":false},"excerpt":{"rendered":"<p>A Drogriporter tud\u00f3s\u00edt\u00e1sa a new orleans-i nemzetk\u00f6zi drogpolitikai reform konferenci\u00e1r\u00f3l.<\/p>\n","protected":false},"author":1003,"featured_media":0,"comment_status":"open","ping_status":"open","sticky":false,"template":"","format":"standard","meta":{"_genesis_hide_title":false,"_genesis_hide_breadcrumbs":false,"_genesis_hide_singular_image":false,"_genesis_hide_footer_widgets":false,"_genesis_custom_body_class":"","_genesis_custom_post_class":"","_genesis_layout":"","footnotes":""},"categories":[2900],"tags":[],"countries":[],"section":[],"video-author":[],"drug":[],"archive":[3214],"video-series":[],"class_list":{"0":"post-6898","1":"post","2":"type-post","3":"status-publish","4":"format-standard","6":"category-articles","7":"archive-drug-policy-and-law","8":"entry"},"featured_image_src":null,"author_info":{"display_name":"Kardos Tam\u00e1s","author_link":"https:\/\/drogriporter.hu\/en\/author\/kardost\/"},"yoast_head":"<!-- This site is optimized with the Yoast SEO Premium plugin  - https:\/\/yoast.com\/product\/yoast-seo-premium-wordpress\/ -->\n<title>Drug Policy Gumbo - Drugreporter<\/title>\n<meta name=\"robots\" content=\"index, follow, max-snippet:-1, max-image-preview:large, max-video-preview:-1\" \/>\n<link rel=\"canonical\" href=\"https:\/\/drogriporter.hu\/en\/drug-policy-gumbo\/\" \/>\n<meta property=\"og:locale\" content=\"en_US\" \/>\n<meta property=\"og:type\" content=\"article\" \/>\n<meta property=\"og:title\" content=\"Drug Policy Gumbo\" \/>\n<meta property=\"og:description\" content=\"A Drogriporter tud\u00f3s\u00edt\u00e1sa a new orleans-i nemzetk\u00f6zi drogpolitikai reform konferenci\u00e1r\u00f3l.\" \/>\n<meta property=\"og:url\" content=\"https:\/\/drogriporter.hu\/en\/drug-policy-gumbo\/\" \/>\n<meta property=\"og:site_name\" content=\"Drugreporter\" \/>\n<meta property=\"article:published_time\" content=\"2007-12-13T00:00:00+00:00\" \/>\n<meta property=\"article:modified_time\" content=\"2022-07-04T11:36:43+00:00\" \/>\n<meta name=\"author\" content=\"Kardos Tam\u00e1s\" \/>\n<meta name=\"twitter:card\" content=\"summary_large_image\" \/>\n<meta name=\"twitter:label1\" content=\"Written by\" \/>\n\t<meta name=\"twitter:data1\" content=\"Kardos Tam\u00e1s\" \/>\n\t<meta name=\"twitter:label2\" content=\"Est. reading time\" \/>\n\t<meta name=\"twitter:data2\" content=\"10 minutes\" \/>\n<script type=\"application\/ld+json\" class=\"yoast-schema-graph\">{\"@context\":\"https:\\\/\\\/schema.org\",\"@graph\":[{\"@type\":\"Article\",\"@id\":\"https:\\\/\\\/drogriporter.hu\\\/en\\\/drug-policy-gumbo\\\/#article\",\"isPartOf\":{\"@id\":\"https:\\\/\\\/drogriporter.hu\\\/en\\\/drug-policy-gumbo\\\/\"},\"author\":{\"name\":\"Kardos Tam\u00e1s\",\"@id\":\"https:\\\/\\\/drogriporter.hu\\\/en\\\/#\\\/schema\\\/person\\\/884e1af2cd3e4df2c2ec15a807be13e0\"},\"headline\":\"Drug Policy Gumbo\",\"datePublished\":\"2007-12-13T00:00:00+00:00\",\"dateModified\":\"2022-07-04T11:36:43+00:00\",\"mainEntityOfPage\":{\"@id\":\"https:\\\/\\\/drogriporter.hu\\\/en\\\/drug-policy-gumbo\\\/\"},\"wordCount\":2032,\"commentCount\":0,\"articleSection\":[\"Articles\"],\"inLanguage\":\"en-US\"},{\"@type\":\"WebPage\",\"@id\":\"https:\\\/\\\/drogriporter.hu\\\/en\\\/drug-policy-gumbo\\\/\",\"url\":\"https:\\\/\\\/drogriporter.hu\\\/en\\\/drug-policy-gumbo\\\/\",\"name\":\"Drug Policy Gumbo - Drugreporter\",\"isPartOf\":{\"@id\":\"https:\\\/\\\/drogriporter.hu\\\/en\\\/#website\"},\"datePublished\":\"2007-12-13T00:00:00+00:00\",\"dateModified\":\"2022-07-04T11:36:43+00:00\",\"author\":{\"@id\":\"https:\\\/\\\/drogriporter.hu\\\/en\\\/#\\\/schema\\\/person\\\/884e1af2cd3e4df2c2ec15a807be13e0\"},\"breadcrumb\":{\"@id\":\"https:\\\/\\\/drogriporter.hu\\\/en\\\/drug-policy-gumbo\\\/#breadcrumb\"},\"inLanguage\":\"en-US\",\"potentialAction\":[{\"@type\":\"ReadAction\",\"target\":[\"https:\\\/\\\/drogriporter.hu\\\/en\\\/drug-policy-gumbo\\\/\"]}]},{\"@type\":\"BreadcrumbList\",\"@id\":\"https:\\\/\\\/drogriporter.hu\\\/en\\\/drug-policy-gumbo\\\/#breadcrumb\",\"itemListElement\":[{\"@type\":\"ListItem\",\"position\":1,\"name\":\"Home\",\"item\":\"https:\\\/\\\/drogriporter.hu\\\/en\\\/\"},{\"@type\":\"ListItem\",\"position\":2,\"name\":\"Drug Policy Gumbo\"}]},{\"@type\":\"WebSite\",\"@id\":\"https:\\\/\\\/drogriporter.hu\\\/en\\\/#website\",\"url\":\"https:\\\/\\\/drogriporter.hu\\\/en\\\/\",\"name\":\"Drugreporter\",\"description\":\"News and Films from the Frontline of the War on Drugs\",\"potentialAction\":[{\"@type\":\"SearchAction\",\"target\":{\"@type\":\"EntryPoint\",\"urlTemplate\":\"https:\\\/\\\/drogriporter.hu\\\/en\\\/?s={search_term_string}\"},\"query-input\":{\"@type\":\"PropertyValueSpecification\",\"valueRequired\":true,\"valueName\":\"search_term_string\"}}],\"inLanguage\":\"en-US\"},{\"@type\":\"Person\",\"@id\":\"https:\\\/\\\/drogriporter.hu\\\/en\\\/#\\\/schema\\\/person\\\/884e1af2cd3e4df2c2ec15a807be13e0\",\"name\":\"Kardos Tam\u00e1s\",\"image\":{\"@type\":\"ImageObject\",\"inLanguage\":\"en-US\",\"@id\":\"https:\\\/\\\/secure.gravatar.com\\\/avatar\\\/7df4a879b2abb9c08a48932eadcbb305da1c61b41fbe0f86f8ad69d018ac1121?s=96&d=mm&r=g\",\"url\":\"https:\\\/\\\/secure.gravatar.com\\\/avatar\\\/7df4a879b2abb9c08a48932eadcbb305da1c61b41fbe0f86f8ad69d018ac1121?s=96&d=mm&r=g\",\"contentUrl\":\"https:\\\/\\\/secure.gravatar.com\\\/avatar\\\/7df4a879b2abb9c08a48932eadcbb305da1c61b41fbe0f86f8ad69d018ac1121?s=96&d=mm&r=g\",\"caption\":\"Kardos Tam\u00e1s\"},\"url\":\"https:\\\/\\\/drogriporter.hu\\\/en\\\/author\\\/kardost\\\/\"}]}<\/script>\n<!-- \/ Yoast SEO Premium plugin. -->","yoast_head_json":{"title":"Drug Policy Gumbo - Drugreporter","robots":{"index":"index","follow":"follow","max-snippet":"max-snippet:-1","max-image-preview":"max-image-preview:large","max-video-preview":"max-video-preview:-1"},"canonical":"https:\/\/drogriporter.hu\/en\/drug-policy-gumbo\/","og_locale":"en_US","og_type":"article","og_title":"Drug Policy Gumbo","og_description":"A Drogriporter tud\u00f3s\u00edt\u00e1sa a new orleans-i nemzetk\u00f6zi drogpolitikai reform konferenci\u00e1r\u00f3l.","og_url":"https:\/\/drogriporter.hu\/en\/drug-policy-gumbo\/","og_site_name":"Drugreporter","article_published_time":"2007-12-13T00:00:00+00:00","article_modified_time":"2022-07-04T11:36:43+00:00","author":"Kardos Tam\u00e1s","twitter_card":"summary_large_image","twitter_misc":{"Written by":"Kardos Tam\u00e1s","Est. reading time":"10 minutes"},"schema":{"@context":"https:\/\/schema.org","@graph":[{"@type":"Article","@id":"https:\/\/drogriporter.hu\/en\/drug-policy-gumbo\/#article","isPartOf":{"@id":"https:\/\/drogriporter.hu\/en\/drug-policy-gumbo\/"},"author":{"name":"Kardos Tam\u00e1s","@id":"https:\/\/drogriporter.hu\/en\/#\/schema\/person\/884e1af2cd3e4df2c2ec15a807be13e0"},"headline":"Drug Policy Gumbo","datePublished":"2007-12-13T00:00:00+00:00","dateModified":"2022-07-04T11:36:43+00:00","mainEntityOfPage":{"@id":"https:\/\/drogriporter.hu\/en\/drug-policy-gumbo\/"},"wordCount":2032,"commentCount":0,"articleSection":["Articles"],"inLanguage":"en-US"},{"@type":"WebPage","@id":"https:\/\/drogriporter.hu\/en\/drug-policy-gumbo\/","url":"https:\/\/drogriporter.hu\/en\/drug-policy-gumbo\/","name":"Drug Policy Gumbo - Drugreporter","isPartOf":{"@id":"https:\/\/drogriporter.hu\/en\/#website"},"datePublished":"2007-12-13T00:00:00+00:00","dateModified":"2022-07-04T11:36:43+00:00","author":{"@id":"https:\/\/drogriporter.hu\/en\/#\/schema\/person\/884e1af2cd3e4df2c2ec15a807be13e0"},"breadcrumb":{"@id":"https:\/\/drogriporter.hu\/en\/drug-policy-gumbo\/#breadcrumb"},"inLanguage":"en-US","potentialAction":[{"@type":"ReadAction","target":["https:\/\/drogriporter.hu\/en\/drug-policy-gumbo\/"]}]},{"@type":"BreadcrumbList","@id":"https:\/\/drogriporter.hu\/en\/drug-policy-gumbo\/#breadcrumb","itemListElement":[{"@type":"ListItem","position":1,"name":"Home","item":"https:\/\/drogriporter.hu\/en\/"},{"@type":"ListItem","position":2,"name":"Drug Policy Gumbo"}]},{"@type":"WebSite","@id":"https:\/\/drogriporter.hu\/en\/#website","url":"https:\/\/drogriporter.hu\/en\/","name":"Drugreporter","description":"News and Films from the Frontline of the War on Drugs","potentialAction":[{"@type":"SearchAction","target":{"@type":"EntryPoint","urlTemplate":"https:\/\/drogriporter.hu\/en\/?s={search_term_string}"},"query-input":{"@type":"PropertyValueSpecification","valueRequired":true,"valueName":"search_term_string"}}],"inLanguage":"en-US"},{"@type":"Person","@id":"https:\/\/drogriporter.hu\/en\/#\/schema\/person\/884e1af2cd3e4df2c2ec15a807be13e0","name":"Kardos Tam\u00e1s","image":{"@type":"ImageObject","inLanguage":"en-US","@id":"https:\/\/secure.gravatar.com\/avatar\/7df4a879b2abb9c08a48932eadcbb305da1c61b41fbe0f86f8ad69d018ac1121?s=96&d=mm&r=g","url":"https:\/\/secure.gravatar.com\/avatar\/7df4a879b2abb9c08a48932eadcbb305da1c61b41fbe0f86f8ad69d018ac1121?s=96&d=mm&r=g","contentUrl":"https:\/\/secure.gravatar.com\/avatar\/7df4a879b2abb9c08a48932eadcbb305da1c61b41fbe0f86f8ad69d018ac1121?s=96&d=mm&r=g","caption":"Kardos Tam\u00e1s"},"url":"https:\/\/drogriporter.hu\/en\/author\/kardost\/"}]}},"featured_image_src_square":null,"_links":{"self":[{"href":"https:\/\/drogriporter.hu\/en\/wp-json\/wp\/v2\/posts\/6898","targetHints":{"allow":["GET"]}}],"collection":[{"href":"https:\/\/drogriporter.hu\/en\/wp-json\/wp\/v2\/posts"}],"about":[{"href":"https:\/\/drogriporter.hu\/en\/wp-json\/wp\/v2\/types\/post"}],"author":[{"embeddable":true,"href":"https:\/\/drogriporter.hu\/en\/wp-json\/wp\/v2\/users\/1003"}],"replies":[{"embeddable":true,"href":"https:\/\/drogriporter.hu\/en\/wp-json\/wp\/v2\/comments?post=6898"}],"version-history":[{"count":0,"href":"https:\/\/drogriporter.hu\/en\/wp-json\/wp\/v2\/posts\/6898\/revisions"}],"wp:attachment":[{"href":"https:\/\/drogriporter.hu\/en\/wp-json\/wp\/v2\/media?parent=6898"}],"wp:term":[{"taxonomy":"category","embeddable":true,"href":"https:\/\/drogriporter.hu\/en\/wp-json\/wp\/v2\/categories?post=6898"},{"taxonomy":"post_tag","embeddable":true,"href":"https:\/\/drogriporter.hu\/en\/wp-json\/wp\/v2\/tags?post=6898"},{"taxonomy":"countries","embeddable":true,"href":"https:\/\/drogriporter.hu\/en\/wp-json\/wp\/v2\/countries?post=6898"},{"taxonomy":"section","embeddable":true,"href":"https:\/\/drogriporter.hu\/en\/wp-json\/wp\/v2\/section?post=6898"},{"taxonomy":"video-author","embeddable":true,"href":"https:\/\/drogriporter.hu\/en\/wp-json\/wp\/v2\/video-author?post=6898"},{"taxonomy":"drug","embeddable":true,"href":"https:\/\/drogriporter.hu\/en\/wp-json\/wp\/v2\/drug?post=6898"},{"taxonomy":"archive","embeddable":true,"href":"https:\/\/drogriporter.hu\/en\/wp-json\/wp\/v2\/archive?post=6898"},{"taxonomy":"video-series","embeddable":true,"href":"https:\/\/drogriporter.hu\/en\/wp-json\/wp\/v2\/video-series?post=6898"}],"curies":[{"name":"wp","href":"https:\/\/api.w.org\/{rel}","templated":true}]}}