{"id":6901,"date":"2007-11-28T21:10:53","date_gmt":"2007-11-28T21:10:53","guid":{"rendered":"https:\/\/drogriporter.hu\/konsumraum-nidda-49\/"},"modified":"2022-07-04T14:03:31","modified_gmt":"2022-07-04T12:03:31","slug":"konsumraum-nidda-49","status":"publish","type":"post","link":"https:\/\/drogriporter.hu\/en\/konsumraum-nidda-49\/","title":{"rendered":"Konsumraum Nidda 49"},"content":{"rendered":"<p>Az \u00e1rtalomcs\u00f6kkent\u00e9s frankfurti p\u00e9ld\u00e1ja.<\/p>\n<p><!--more--><\/p>\n<p class=\"folderdesc\" style=\"text-align: justify;\">&nbsp;<\/p>\n<p class=\"folderdesc\" style=\"text-align: justify;\"><font size=\"2\"><span lang=\"EN-US\" style=\"\"><o:p><\/o:p><\/span><\/font><\/p>\n<p><font size=\"2\"><font size=\"1\"><span lang=\"EN-US\" style=\"\">Megjelent: <\/span>Tak\u00e1cs Istv\u00e1n G\u00e1bor: Konsumraum Nidda 49 &ndash; Az \u00e1rtalomcs\u00f6kkent\u00e9s frankfurti p\u00e9ld\u00e1ja II. Interj\u00fa Josch Steinmetzzel a legnagyobb frankfurti biztons\u00e1gos k\u00e1b\u00edt\u00f3szer-fogyaszt\u00e1si szoba igazgat\u00f3j\u00e1val. Addictologia Hungarica, L&rsquo;Harmattan K\u00f6nyvkiad\u00f3 \u00e9s Interdiszciplin\u00e1ris Addiktol\u00f3giai F\u00f3rum, Budapest, 2005. IV. \u00e9vfolyam 4. sz\u00e1m <\/font><\/font><a href=\"\/wp-content\/uploads\/sites\/8\/drogriporter\/konsumraum_nidda_49.pdf\"><font size=\"2\"><font size=\"1\"><img loading=\"lazy\" decoding=\"async\" alt=\"\" height=\"30\" src=\"\/wp-content\/uploads\/sites\/8\/drogriporter\/PDF_icon.jpg\" width=\"30\" \/><\/font><\/font><\/a><font size=\"2\"><span lang=\"EN-US\" style=\"\"><o:p><\/o:p><\/span><\/font><\/p>\n<p class=\"folderdesc\" style=\"text-align: justify;\"><o:p><font size=\"2\">&nbsp;<\/font><\/o:p><\/p>\n<p align=\"center\" class=\"folderdesc\"><font size=\"2\"><img loading=\"lazy\" decoding=\"async\" alt=\"\" height=\"550\" src=\"\/wp-content\/uploads\/sites\/8\/drogriporter\/konsum1.jpeg\" width=\"413\" \/><\/font><\/p>\n<p align=\"center\" class=\"folderdesc\"><font color=\"#000000\" size=\"1\">Josch Steinmetz <\/font><\/p>\n<p align=\"center\" class=\"folderdesc\"><font color=\"#000000\" size=\"1\">fot\u00f3: Tak\u00e1cs Istv\u00e1n G\u00e1bor<\/font><\/p>\n<p class=\"folderdesc\" style=\"text-align: justify;\"><font size=\"2\"><strong>El\u0151sz\u00f3:<o:p><\/o:p><\/strong><\/font><\/p>\n<p class=\"folderdesc\" style=\"text-align: justify;\"><o:p><\/o:p><\/p>\n<p class=\"MsoBodyText\" style=\"margin: 0cm 0cm 0pt;\"><span style=\"font-size: 10pt; font-family: Verdana;\">Az \u00e1rtalomcs\u00f6kkent\u00e9s frankfurti p\u00e9ld\u00e1j\u00e1t bemutat\u00f3 sorozat els\u0151 elemek\u00e9nt \u00e1tfog\u00f3 k\u00e9pet k\u00edv\u00e1ntam ny\u00fajtani egy, a droghaszn\u00e1lat komplex problematik\u00e1j\u00e1t sikeresen kezel\u0151 politik\u00e1r\u00f3l, amely a k\u00e1b\u00edt\u00f3szerf\u00fcgg\u0151k elfogad\u00e1s\u00e1ra, emberi jogaik \u00e9s m\u00e9lt\u00f3s\u00e1guk tiszteletben tart\u00e1s\u00e1ra, a drogfogyaszt\u00e1sb\u00f3l ered\u0151 \u00e1rtalmak cs\u00f6kkent\u00e9s\u00e9re ir\u00e1nyul <span class=\"MsoEndnoteReference\"><span style=\"\"><span class=\"MsoEndnoteReference\"><span style=\"font-size: 10pt; font-family: Verdana;\"><sup>[1]<\/sup><\/span><\/span><\/span><\/span>. Az \u00e1rtalomcs\u00f6kkent\u00e9s gyakorlat\u00e1ba illeszkedik ma m\u00e1r a vil\u00e1g sz\u00e1mos orsz\u00e1g\u00e1ban az \u00fagynevezett biztons\u00e1gos k\u00e1b\u00edt\u00f3szer-fogyaszt\u00e1si szob\u00e1k (vagy &bdquo;bel\u00f6v\u0151szob\u00e1k&rdquo;) \u00fczemeltet\u00e9se, ahol a droghaszn\u00e1l\u00f3k higi\u00e9nikus, stresszmentes \u00e9s alacsony rizik\u00f3j\u00fa k\u00f6rnyezetben, \u00e1lland\u00f3 fel\u00fcgyelet mellett haszn\u00e1lhatj\u00e1k k\u00e1b\u00edt\u00f3szer\u00fcket. A T\u00e1rsas\u00e1g a Szabads\u00e1gjogok\u00e9rt t\u00edz \u00e9ve foglalkozik az \u00e1rtalomcs\u00f6kkent\u00e9s szeml\u00e9let\u00e9nek meghonos\u00edt\u00e1s\u00e1val, jelen interj\u00fa azzal a c\u00e9llal k\u00e9sz\u00fclt, hogy a drogjelens\u00e9g kezel\u00e9s\u00e9nek eme form\u00e1j\u00e1r\u00f3l is, gyakorlati tapasztalatokon alapul\u00f3 inform\u00e1ci\u00f3kkal j\u00e1rulhassunk hozz\u00e1 a szakma k\u00e9pvisel\u0151inek ismereteihez. Josch Steinmetzzel, a legnagyobb frankfurti fogyaszt\u00e1si szoba igazgat\u00f3j\u00e1val a szoba koncepci\u00f3j\u00e1r\u00f3l besz\u00e9lgett\u00fcnk, arr\u00f3l hogy mikor van sz\u00fcks\u00e9g egy v\u00e1rosban a l\u00e9tes\u00edt\u00e9s\u00e9re \u00e9s milyen felt\u00e9telek mellett val\u00f3s\u00edthat\u00f3 meg. Az interj\u00faban bepillant\u00e1st nyerhet\u00fcnk egy ilyen szoba m\u0171k\u00f6dtet\u00e9s\u00e9nek napi gyakorlat\u00e1ba is. Eur\u00f3p\u00e1ban m\u00e1r a hatvanas \u00e9vek v\u00e9g\u00e9t\u0151l toler\u00e1lt\u00e1k n\u00e9h\u00e1ny ilyen l\u00e9tes\u00edtm\u00e9ny m\u0171k\u00f6d\u00e9s\u00e9t. Az els\u0151 hivatalosan elismert \u00e9s fel\u00fcgyelt szob\u00e1t Sv\u00e1jcban nyitott\u00e1k meg, 1986-ban. N\u00e9metorsz\u00e1gban \u00e9s Hollandi\u00e1ban a kilencvenes \u00e9vekben, Spanyolorsz\u00e1gban, Ausztr\u00e1li\u00e1ban \u00e9s Kanad\u00e1ban 2000-ben l\u00e9tes\u00edtettek fel\u00fcgyelt haszn\u00e1l\u00f3-szob\u00e1kat. Eur\u00f3p\u00e1ban pillanatnyilag 63 szoba m\u0171k\u00f6dik, 37 v\u00e1rosban (Sv\u00e1jcban 12, N\u00e9metorsz\u00e1gban 25, Hollandi\u00e1ban 22, Spanyolorsz\u00e1gban 3, \u00e9s Norv\u00e9gi\u00e1ban 1). Az EMCDDA 2004-es \u00e1tfog\u00f3 vizsg\u00e1lata<span class=\"MsoEndnoteReference\"><span style=\"\"><span class=\"MsoEndnoteReference\"><span style=\"font-size: 10pt; font-family: Verdana;\"><sup>[2]<\/sup><\/span><\/span><\/span><\/span> azzal a k\u00f6vetkeztet\u00e9ssel z\u00e1rult, hogy a szob\u00e1k eredm\u00e9nyesen m\u0171k\u00f6dnek. El\u00e9rik a sz\u00e1mos eg\u00e9szs\u00e9g\u00fcgyi \u00e9s szoci\u00e1lis probl\u00e9m\u00e1val k\u00fcszk\u00f6d\u0151, r\u00e9g\u00f3ta droghaszn\u00e1l\u00f3 embereket. Higi\u00e9nikus k\u00f6rnyezetet biztos\u00edtanak a droghaszn\u00e1lathoz, \u00e9s legal\u00e1bbis a rendszeres r\u00e9sztvev\u0151k sz\u00e1m\u00e1ra, cs\u00f6kkentik a fert\u0151z\u00e9s vesz\u00e9ly\u00e9t. Hozz\u00e1j\u00e1rulnak a klient\u00fara kock\u00e1zat-viselked\u00e9s\u00e9nek cs\u00f6kken\u00e9s\u00e9hez, \u00e9s megn\u00f6velik a nehezen el\u00e9rhet\u0151 csoport felv\u00e9tel\u00e9nek es\u00e9ly\u00e9t a tov\u00e1bbi seg\u00edt\u0151 rendszerbe. T\u00faladagol\u00e1s eset\u00e9n, azonnali els\u0151seg\u00e9ly ny\u00fajt\u00e1s\u00e1val cs\u00f6kkentik a drogfogyaszt\u00f3k k\u00f6z\u00f6tti hal\u00e1loz\u00e1s el\u0151fordul\u00e1s\u00e1t. Fejlesztik a kliensek eg\u00e9szs\u00e9gi \u00e1llapot\u00e1t,<span style=\"\">&nbsp; <\/span>tan\u00e1csad\u00e1st \u00e9s ter\u00e1pi\u00e1s lehet\u0151s\u00e9geket ny\u00fajtanak. Megfelel\u0151 kapacit\u00e1s mellett a szob\u00e1k a helyiekkel \u00e9s a rend\u0151rs\u00e9ggel egy\u00fcttm\u0171k\u00f6dve a k\u00f6zter\u00fcleten t\u00f6rt\u00e9n\u0151 fogyaszt\u00e1s \u00e9s rendzavar\u00e1s cs\u00f6kkent\u00e9se fel\u00e9 hatnak. Ugyanakkor a vizsg\u00e1latok nem igazolt\u00e1k azt a f\u00e9lelmet, hogy a szob\u00e1k a droghaszn\u00e1latot n\u00f6veln\u00e9k, vagy kedvet csin\u00e1ln\u00e1nak a droghaszn\u00e1lat elkezd\u00e9s\u00e9re. A vizsg\u00e1lat meg\u00e1llap\u00edtotta tov\u00e1bb\u00e1, hogy minim\u00e1lis annak az es\u00e9lye, hogy a szob\u00e1k a jobb k\u00f6r\u00fclm\u00e9nyek megteremt\u00e9s\u00e9vel fenntartan\u00e1k az egy\u00e9n droghaszn\u00e1lat\u00e1t, \u00e9s annak, hogy al\u00e1\u00e1sn\u00e1k a ter\u00e1pi\u00e1s c\u00e9lokat.<o:p><\/o:p><\/span><\/p>\n<p class=\"MsoNormal\" style=\"margin: 0cm 0cm 0pt; text-align: justify;\"><span style=\"font-size: 10pt; font-family: Verdana;\"><o:p>&nbsp;<\/o:p><\/span><\/p>\n<p><span style=\"font-size: 10pt; font-family: Verdana;\"><o:p> <\/o:p> <\/span><\/p>\n<p align=\"center\" class=\"folderdesc\"><font color=\"#000000\" size=\"1\"><img loading=\"lazy\" decoding=\"async\" alt=\"\" height=\"376\" src=\"\/wp-content\/uploads\/sites\/8\/drogriporter\/konsum2.jpeg\" width=\"550\" \/><\/font><\/p>\n<p align=\"center\" class=\"folderdesc\"><span style=\"font-size: 10pt; font-family: Verdana;\"><o:p>&nbsp;<font color=\"#000000\" size=\"1\">A Majna part<\/font><\/o:p><\/span><\/p>\n<p align=\"center\" class=\"folderdesc\"><span style=\"font-size: 10pt; font-family: Verdana;\"><o:p><font color=\"#000000\" size=\"1\">fot\u00f3: Tak\u00e1cs Istv\u00e1n G\u00e1bor<\/font><\/o:p><\/span><\/p>\n<p>&nbsp;<\/p>\n<p class=\"MsoNormal\" style=\"margin: 0cm 0cm 0pt; text-align: justify;\"><span style=\"font-size: 10pt; font-family: Verdana;\"><o:p><\/o:p><\/span><\/p>\n<p class=\"MsoNormal\" style=\"margin: 0cm 0cm 0pt; text-align: justify;\"><em style=\"\"><span style=\"font-size: 10pt; font-family: Verdana;\">TASZ: Mi a biztons\u00e1gos fogyaszt\u00e1si szob\u00e1k c\u00e9lja?<\/span><\/em><span style=\"font-size: 10pt; font-family: Verdana;\"><o:p><\/o:p><\/span><\/p>\n<p class=\"MsoNormal\" style=\"margin: 0cm 0cm 0pt; text-align: justify;\"><span style=\"font-size: 10pt; font-family: Verdana;\">Josch Steinmetz: N\u00e9gy f\u0151 c\u00e9ljuk van. Az els\u0151 a HIV \u00e9s hepatitis prevenci\u00f3. A m\u00e1sodik a t\u00faladagol\u00e1sok megel\u0151z\u00e9se \u00e9s kezel\u00e9se, a droghal\u00e1loz\u00e1s cs\u00f6kkent\u00e9se. A k\u00f6vetkez\u0151 c\u00e9lkit\u0171z\u00e9s a ny\u00edlt t\u00e9ri haszn\u00e1lat cs\u00f6kkent\u00e9se, az utols\u00f3 pedig a kapcsolatteremt\u00e9s azokkal az emberekkel, akiket m\u00e1shogy nem lehet el\u00e9rni. A fel\u00fcgyelt fogyaszt\u00e1si szoba a drogseg\u00edt\u0151 rendszer els\u0151 l\u00e9pcs\u0151foka lehet, legyen sz\u00f3 ak\u00e1r tan\u00e1csad\u00e1sr\u00f3l, sz\u00e1ll\u00e1s szerz\u00e9s\u00e9r\u0151l vagy m\u00e9regtelen\u00edt\u00e9sre ir\u00e1ny\u00edt\u00e1sr\u00f3l.<\/span><span style=\"font-size: 10pt; font-family: Verdana;\"><o:p>&nbsp;<\/o:p><\/span><\/p>\n<p class=\"MsoNormal\" style=\"margin: 0cm 0cm 0pt; text-align: justify;\"><span style=\"font-size: 10pt; font-family: Verdana;\"><o:p>&nbsp;<\/o:p><\/span><\/p>\n<p align=\"center\" class=\"folderdesc\">&nbsp;<\/p>\n<p class=\"MsoNormal\" style=\"margin: 0cm 0cm 0pt; text-align: justify;\"><em style=\"\"><span style=\"font-size: 10pt; font-family: Verdana;\">TASZ: Bemutatn\u00e1 az \u00d6n\u00f6k int\u00e9zm\u00e9ny\u00e9t?<o:p><\/o:p><\/span><\/em><\/p>\n<p class=\"MsoBodyText\" style=\"margin: 0cm 0cm 0pt;\"><span style=\"font-size: 10pt; font-family: Verdana;\">Josch Steinmetz: Az Integrative Drogenhilfe (IDH) programja vagyunk, a hat legnagyobb frankfurti civil szervezet egyik\u00e9\u00e9. Az IDH az \u00e1rtalomcs\u00f6kkent\u00e9s ter\u00fclet\u00e9n dolgozik, metadon kezel\u00e9st, munka projekteket \u00e9s sz\u00e1ll\u00e1sokat ny\u00fajt, p\u00e9ld\u00e1ul specializ\u00e1lt sz\u00e1ll\u00e1st \u00e9s tan\u00e1csad\u00e1st HIV-pozit\u00edv any\u00e1knak \u00e9s gyermekeiknek, ezen k\u00edv\u00fcl biztons\u00e1gos haszn\u00e1l\u00f3-szob\u00e1kat \u00fczemeltet. Mindegyik alacsonyk\u00fcsz\u00f6b\u0171 szolg\u00e1ltat\u00e1s. A komplex frankfurti drogseg\u00e9ly rendszeren bel\u00fcl a mi feladatunk a legt\u00f6bb fel\u00fcgyelt injekt\u00e1l\u00f3 hely biztos\u00edt\u00e1sa, a Niddastrasse k\u00f6r\u00fclbel\u00fcl a fel\u00e9t fedi le a n\u00e9gy frankfurti fogyaszt\u00e1si szoba forgalm\u00e1nak. Heti hat napon \u00e1t, napi tizenk\u00e9t \u00f3r\u00e1n kereszt\u00fcl vagyunk nyitva. A m\u00e1sodik feladatunk a t\u0171csere, a t\u0171k \u00e9s fecskend\u0151k k\u00f6r\u00fclbel\u00fcl 80%-\u00e1t n\u00e1lunk cser\u00e9lik Frankfurtban. A frankfurti helyzet speci\u00e1lis, \u00e9s nehezen \u00f6sszehasonl\u00edthat\u00f3 m\u00e1s v\u00e1rosokkal. Egy meglehet\u0151sen kis ter\u00fcleten nagyon sokf\u00e9le szolg\u00e1ltat\u00e1sunk van, amit figyelembe kell venni akkor is, amikor err\u0151l az int\u00e9zm\u00e9nyr\u0151l besz\u00e9l\u00fcnk. Ez\u00e9rt nem kell mondjuk a Cafe Fix-nek biztons\u00e1gos fogyaszt\u00e1si szob\u00e1t tartania, mi pedig, ha valaki \u00e9telt k\u00e9r, vagy metadonra jelentkezik n\u00e1lunk, \u00e1tir\u00e1ny\u00edtjuk \u0151t a Cafe Fix-be ami \u00f6tven m\u00e9ternyire van innen.<o:p><\/o:p><\/span><\/p>\n<p class=\"MsoNormal\" style=\"margin: 0cm 0cm 0pt; text-align: justify;\"><span style=\"font-size: 10pt; font-family: Verdana;\"><o:p>&nbsp;<\/o:p><\/span><\/p>\n<p align=\"center\" class=\"folderdesc\"><img loading=\"lazy\" decoding=\"async\" alt=\"\" height=\"188\" src=\"\/wp-content\/uploads\/sites\/8\/drogriporter\/konsum3.jpeg\" width=\"250\" \/><\/p>\n<p align=\"center\" class=\"folderdesc\"><font color=\"#000000\" size=\"1\">Konsumraum Nidda 49<\/font><\/p>\n<p align=\"center\" class=\"folderdesc\"><font color=\"#000000\" size=\"1\">fot\u00f3: <\/font><a href=\"https:\/\/www.konsumraum.de\/\"><font color=\"#0080c0\" size=\"1\">www.konsumraum.de<\/font><\/a><\/p>\n<p align=\"center\" class=\"folderdesc\">&nbsp;<\/p>\n<p class=\"MsoNormal\" style=\"margin: 0cm 0cm 0pt; text-align: justify;\"><em style=\"\"><span style=\"font-size: 10pt; font-family: Verdana;\">TASZ: Dolgoznak \u00d6n\u00f6kn\u00e9l szoci\u00e1lis munk\u00e1sok?<\/span><\/em><span style=\"font-size: 10pt; font-family: Verdana;\"><o:p><\/o:p><\/span><\/p>\n<p class=\"MsoNormal\" style=\"margin: 0cm 0cm 0pt; text-align: justify;\"><span style=\"font-size: 10pt; font-family: Verdana;\">Josch Steinmetz: Vannak szoci\u00e1lis munk\u00e1saink, de t\u00f6bbnyire nem a hagyom\u00e1nyos tan\u00e1csad\u00e1st v\u00e9gzik. Nem ez az els\u0151dleges c\u00e9lunk. A legt\u00f6bb l\u00e1togat\u00f3nk a biztons\u00e1gos, tiszta injekt\u00e1l\u00e1s\u00e9rt j\u00f6n ide, legal\u00e1bbis pillanatnyilag. El\u0151bb vagy ut\u00f3bb, van aki el\u0151bb, van aki j\u00f3val k\u00e9s\u0151bb, szeretn\u00e9nek majd m\u00e1st is, de \u00e1ltal\u00e1ban nem ez az els\u0151 nap t\u00e9m\u00e1ja. Van szoci\u00e1lis munk\u00e1sunk erre az esetre, de a n\u00e1lunk dolgoz\u00f3k t\u00f6bbs\u00e9ge r\u00e9szmunkaid\u0151s di\u00e1k. A tan\u00e1csad\u00e1s mellett alacsonyk\u00fcsz\u00f6b\u0171 orvosi ell\u00e1t\u00e1st is ny\u00fajtunk, h\u00e1romszor egy h\u00e9ten. Most fut egy hepatitis prevenci\u00f3s kamp\u00e1nyunk, melynek keret\u00e9ben ingyenes sz\u0171r\u00e9st \u00e9s HAV \u00e9s HBV vakcin\u00e1ci\u00f3t tudunk biztos\u00edtani. Egy biztons\u00e1gos fogyaszt\u00e1si szoba j\u00f3 eszk\u00f6z arra, hogy olyan emberekkel is tal\u00e1lkozzunk, akikkel m\u00e1s szolg\u00e1ltat\u00e1sok nem ker\u00fclnek kapcsolatba. J\u00e1rnak hozz\u00e1nk napi haszn\u00e1l\u00f3k, de olyanok is akik csak a felszerel\u00e9s\u00e9rt j\u00f6nnek, \u00e9s mi vagyunk az els\u0151 \u00e9s egyetlen kapcsolatuk a drogseg\u00edt\u0151 rendszerrel. \u00c9vente h\u00e1romezer k\u00fcl\u00f6nb\u00f6z\u0151 embert l\u00e1tunk.<o:p><\/o:p><\/span><\/p>\n<p class=\"MsoNormal\" style=\"margin: 0cm 0cm 0pt; text-align: justify;\"><span style=\"font-size: 10pt; font-family: Verdana;\"><o:p>&nbsp;<\/o:p><\/span><\/p>\n<p class=\"MsoNormal\" style=\"margin: 0cm 0cm 0pt; text-align: justify;\"><em style=\"\"><span style=\"font-size: 10pt; font-family: Verdana;\">TASZ: H\u00e1nyan j\u00f6nnek el \u00d6n\u00f6kh\u00f6z naponta?<\/span><\/em><span style=\"font-size: 10pt; font-family: Verdana;\"><o:p><\/o:p><\/span><\/p>\n<p class=\"MsoNormal\" style=\"margin: 0cm 0cm 0pt; text-align: justify;\"><span style=\"font-size: 10pt; font-family: Verdana;\">Josch Steinmetz: 250 ember haszn\u00e1lja a szob\u00e1kat injekt\u00e1l\u00e1sra, \u00e9s legal\u00e1bb ennyien t\u0171csere \u00e9s egy\u00e9b szolg\u00e1ltat\u00e1sok miatt.<o:p><\/o:p><\/span><\/p>\n<p class=\"MsoNormal\" style=\"margin: 0cm 0cm 0pt; text-align: justify;\"><span style=\"font-size: 10pt; font-family: Verdana;\"><o:p>&nbsp;<\/o:p><\/span><\/p>\n<p align=\"center\" class=\"folderdesc\"><img loading=\"lazy\" decoding=\"async\" alt=\"\" height=\"187\" src=\"\/wp-content\/uploads\/sites\/8\/drogriporter\/konsum4.jpeg\" width=\"249\" \/><\/p>\n<p align=\"center\" class=\"folderdesc\"><font color=\"#000000\" size=\"1\">Konsumraum Nidda 49<\/font><\/p>\n<p align=\"center\" class=\"folderdesc\"><font color=\"#000000\" size=\"1\">fot\u00f3: <\/font><a href=\"https:\/\/www.konsumraum.de\/\"><font color=\"#0080c0\" size=\"1\">www.konsumraum.de<\/font><\/a><\/p>\n<p align=\"center\" class=\"folderdesc\">&nbsp;<\/p>\n<p class=\"MsoNormal\" style=\"margin: 0cm 0cm 0pt; text-align: justify;\"><em style=\"\"><span style=\"font-size: 10pt; font-family: Verdana;\">TASZ: H\u00e1nyan injekt\u00e1lhatnak egyszerre?<\/span><\/em><span style=\"font-size: 10pt; font-family: Verdana;\"><o:p><\/o:p><\/span><\/p>\n<p class=\"MsoNormal\" style=\"margin: 0cm 0cm 0pt; text-align: justify;\"><span style=\"font-size: 10pt; font-family: Verdana;\">Josch Steinmetz: Tizenketten, ennyi helynek van egyszerre \u00e9rtelme. Alapvet\u0151 fontoss\u00e1g\u00fa hogy legal\u00e1bb egy szem\u00e9lyzet mindig jelen legyen az injekt\u00e1l\u00e1sn\u00e1l, hogy betartassa a szab\u00e1lyokat \u00e9s gyorsan reag\u00e1ljon t\u00faladagol\u00e1s eset\u00e9n. T\u00f6bb mint tizenk\u00e9t ember eset\u00e9n m\u00e1r nehezebb lenne.<o:p><\/o:p><\/span><\/p>\n<p class=\"MsoNormal\" style=\"margin: 0cm 0cm 0pt; text-align: justify;\"><span style=\"font-size: 10pt; font-family: Verdana;\"><o:p>&nbsp;<\/o:p><\/span><\/p>\n<p class=\"MsoNormal\" style=\"margin: 0cm 0cm 0pt; text-align: justify;\"><em style=\"\"><span style=\"font-size: 10pt; font-family: Verdana;\">TASZ: Mennyi lehet egy szob\u00e1ban a minimum hely?<\/span><\/em><span style=\"font-size: 10pt; font-family: Verdana;\"><o:p><\/o:p><\/span><\/p>\n<p class=\"MsoNormal\" style=\"margin: 0cm 0cm 0pt; text-align: justify;\"><span style=\"font-size: 10pt; font-family: Verdana;\">Josch Steinmetz: Egy. <o:p><\/o:p><\/span><\/p>\n<p class=\"MsoNormal\" style=\"margin: 0cm 0cm 0pt; text-align: justify;\"><span style=\"font-size: 10pt; font-family: Verdana;\"><o:p>&nbsp;<\/o:p><\/span><\/p>\n<p align=\"center\" class=\"folderdesc\"><img loading=\"lazy\" decoding=\"async\" alt=\"\" height=\"413\" src=\"\/wp-content\/uploads\/sites\/8\/drogriporter\/konsum5.jpeg\" width=\"550\" \/><\/p>\n<p align=\"center\" class=\"folderdesc\"><font color=\"#000000\" size=\"1\">Injekt\u00e1l\u00e1shoz el\u0151k\u00e9sz\u00edtett steril eszk\u00f6z\u00f6k<\/font><\/p>\n<p align=\"center\" class=\"folderdesc\"><font color=\"#000000\" size=\"1\">fot\u00f3: Tak\u00e1cs Istv\u00e1n G\u00e1bor<\/font><\/p>\n<p align=\"center\" class=\"folderdesc\">&nbsp;<\/p>\n<p class=\"MsoNormal\" style=\"margin: 0cm 0cm 0pt; text-align: justify;\"><em style=\"\"><span style=\"font-size: 10pt; font-family: Verdana;\">TASZ: A szem\u00e9lyzet ny\u00fajt els\u0151seg\u00e9lyt, vagy ment\u0151t h\u00edvnak t\u00faladagol\u00e1s eset\u00e9n?<\/span><\/em><span style=\"font-size: 10pt; font-family: Verdana;\"><o:p><\/o:p><\/span><\/p>\n<p class=\"MsoNormal\" style=\"margin: 0cm 0cm 0pt; text-align: justify;\"><span style=\"font-size: 10pt; font-family: Verdana;\">Josch Steinmetz: Mindenki k\u00e9pzett droggal kapcsolatos els\u0151seg\u00e9lyny\u00fajt\u00e1sban, \u00e9s mondhatom hogy igaz\u00e1n j\u00f3k benne. Minden\u00fcnk megvan ami kell, van l\u00e9legeztet\u0151 ballonunk, tubus a sz\u00e1jba \u00e9s egy automata defibrill\u00e1ci\u00f3s k\u00e9sz\u00fcl\u00e9k\u00fcnk.<o:p><\/o:p><\/span><\/p>\n<p class=\"MsoNormal\" style=\"margin: 0cm 0cm 0pt; text-align: justify;\"><span style=\"font-size: 10pt; font-family: Verdana;\"><o:p>&nbsp;<\/o:p><\/span><\/p>\n<p class=\"MsoNormal\" style=\"margin: 0cm 0cm 0pt; text-align: justify;\"><em style=\"\"><span style=\"font-size: 10pt; font-family: Verdana;\">TASZ: Sz\u00fcks\u00e9ges az?<\/span><\/em><span style=\"font-size: 10pt; font-family: Verdana;\"><o:p><\/o:p><\/span><\/p>\n<p class=\"MsoNormal\" style=\"margin: 0cm 0cm 0pt; text-align: justify;\"><span style=\"font-size: 10pt; font-family: Verdana;\">Josch Steinmetz: Nem, de a v\u00e1ros vett nek\u00fcnk egyet. Soha nem kellett haszn\u00e1ljuk, mert gyorsak vagyunk. A legfontosabb a l\u00e9legeztet\u0151 ballon, \u00e9s a pulzusm\u00e9r\u0151 is nagyon hasznos. \u00c1tlag minden m\u00e1snap t\u00f6rt\u00e9nik egy t\u00faladagol\u00e1s, \u00edgy nagyon gyakorlottak vagyunk a kezel\u00e9s\u00e9ben, n\u00e9ha m\u00e9g a ment\u0151kn\u00e9l is ink\u00e1bb. El\u00e9g j\u00f3k vagyunk teh\u00e1t a l\u00e9legeztet\u00e9sben, de ha egy perc ut\u00e1n nem l\u00e1tunk javul\u00e1st, ment\u0151t h\u00edvunk. Nagyon j\u00f3l m\u0171k\u00f6dik a kapcsolatunk a ment\u0151kkel, mert tudj\u00e1k hogy ha mi telefon\u00e1lunk, akkor az illet\u0151 ott lesz, \u00e9letben van \u00e9s val\u00f3ban komoly a helyzet. Ez\u00e9rt mindig nagyon gyorsan j\u00f6nnek. N\u00e9ha csak az\u00e9rt, hogy narkantit<span class=\"MsoEndnoteReference\"><span style=\"\"><span class=\"MsoEndnoteReference\"><span style=\"font-size: 10pt; font-family: Verdana;\"><sup>[3]<\/sup><\/span><\/span><\/span><\/span> adjanak be. Nek\u00fcnk is van bel\u0151le, de csak az orvosaink haszn\u00e1lhatj\u00e1k, illetve nekem is enged\u00e9lyem van r\u00e1 hogy v\u00e9gsz\u00fcks\u00e9g eset\u00e9n alkalmazzam. Ez nem szokott el\u0151fordulni, mert l\u00e9legeztet\u00e9ssel \u00f3r\u00e1kig \u00e9letben lehet tartani valakit, \u00edgy biztos hogy ki\u00e9r a ment\u0151. K\u00f6r\u00fclbel\u00fcl az esetek fel\u00e9t magunk kezelj\u00fck. T\u00edz \u00e9v alatt 2269 v\u00e9szhelyzet\u00fcnk volt a szob\u00e1ban \u00e9s egy ember sem halt meg n\u00e1lunk. 1995 \u00f3ta 743 embert tal\u00e1ltunk t\u00faladagolva az utc\u00e1n, \u00e9s 10-15 meghalt, mert t\u00fal k\u00e9s\u0151n \u00e9rkezt\u00fcnk. A t\u00faladagol\u00e1s orvosi szempontb\u00f3l nagyon egyszer\u0171 helyzet, de ha semmit nem tesz\u00fcnk, k\u00f6nnyen hal\u00e1los lehet. A gyors reakci\u00f3 az egyik legnagyobb el\u0151nye a biztons\u00e1gos fogyaszt\u00f3i szob\u00e1knak. A m\u00e1sik az, hogy a haszn\u00e1lt felszerel\u00e9s soha nem hagyja el az \u00e9p\u00fcletet. A biztons\u00e1gos fogyaszt\u00e1si szob\u00e1k val\u00f3ban hat\u00e9konyan m\u0171k\u00f6dnek t\u00faladagol\u00e1s \u00e9s HIV megel\u0151z\u00e9sben.<o:p><\/o:p><\/span><\/p>\n<p class=\"MsoNormal\" style=\"margin: 0cm 0cm 0pt; text-align: justify;\"><span style=\"font-size: 10pt; font-family: Verdana;\"><o:p>&nbsp;<\/o:p><\/span><\/p>\n<p align=\"center\" class=\"folderdesc\"><img loading=\"lazy\" decoding=\"async\" alt=\"\" height=\"550\" src=\"\/wp-content\/uploads\/sites\/8\/drogriporter\/konsum6.jpeg\" width=\"412\" \/><\/p>\n<p align=\"center\" class=\"folderdesc\"><font color=\"#000000\" size=\"1\">Egy hely a tizenkett\u0151b\u0151l<\/font><\/p>\n<p align=\"center\" class=\"folderdesc\"><font color=\"#000000\" size=\"1\">fot\u00f3: Tak\u00e1cs Istv\u00e1n G\u00e1bor<\/font><\/p>\n<p align=\"center\" class=\"folderdesc\">&nbsp;<\/p>\n<p class=\"MsoNormal\" style=\"margin: 0cm 0cm 0pt; text-align: justify;\"><em style=\"\"><span style=\"font-size: 10pt; font-family: Verdana;\">TASZ: Hogyan alakult a szob\u00e1k t\u00f6rt\u00e9nete N\u00e9metorsz\u00e1gban?<\/span><\/em><span style=\"font-size: 10pt; font-family: Verdana;\"><o:p><\/o:p><\/span><\/p>\n<p class=\"MsoNormal\" style=\"margin: 0cm 0cm 0pt; text-align: justify;\"><span style=\"font-size: 10pt; font-family: Verdana;\">Josch Steinmetz: Ma is nagy k\u00fcl\u00f6nbs\u00e9gek vannak a n\u00e9met v\u00e1rosok k\u00f6z\u00f6tt. P\u00e9ld\u00e1ul Bajororsz\u00e1gban, ahol nagyon hasonl\u00f3ak az \u00e1llapotok, m\u00e9g csak fel sem mer\u00fcl a szob\u00e1k gondolata, az emberek viszont ide j\u00f6nnek haszn\u00e1lni a szob\u00e1kat \u00e9s t\u0171t cser\u00e9lni. Sok sz\u00f3 esik manaps\u00e1g a drogturizmusr\u00f3l, de a mi int\u00e9zm\u00e9ny\u00fcnk nem tesz k\u00fcl\u00f6nbs\u00e9get, \u00e9s a HIV v\u00edrus sem v\u00e1logat.<o:p><\/o:p><\/span><\/p>\n<p class=\"MsoNormal\" style=\"margin: 0cm 0cm 0pt; text-align: justify;\"><span style=\"font-size: 10pt; font-family: Verdana;\"><o:p>&nbsp;<\/o:p><\/span><\/p>\n<p class=\"MsoNormal\" style=\"margin: 0cm 0cm 0pt; text-align: justify;\"><em style=\"\"><span style=\"font-size: 10pt; font-family: Verdana;\">TASZ: Az EMCDDA jelent\u00e9s\u00e9ben olvashatjuk, hogy t\u00f6bb hasonl\u00f3 szolg\u00e1ltat\u00e1s csak a helyiek sz\u00e1m\u00e1ra el\u00e9rhet\u0151.<\/span><\/em><span style=\"font-size: 10pt; font-family: Verdana;\"><o:p><\/o:p><\/span><\/p>\n<p class=\"MsoNormal\" style=\"margin: 0cm 0cm 0pt; text-align: justify;\"><span style=\"font-size: 10pt; font-family: Verdana;\">Josch Steinmetz: \u00cdgy van. A legt\u00f6bb n\u00e9met v\u00e1rosban ez a helyzet, csak Frankfurtban \u00e9s Hamburgban nem, egyel\u0151re. Viszont ahogy a v\u00e1rosaink egyre ink\u00e1bb p\u00e9nz sz\u0171k\u00e9be ker\u00fclnek, a politikusok fontolgatj\u00e1k a v\u00e1ltoztat\u00e1st. Azt mondj\u00e1k a v\u00e1rosoknak felel\u0151ss\u00e9get kell v\u00e1llalniuk a saj\u00e1t polg\u00e1rjaik\u00e9rt, akik hozz\u00e1nk j\u00f6nnek \u00e1t, haszn\u00e1lj\u00e1k az er\u0151forr\u00e1sainkat \u00e9s a szolg\u00e1ltat\u00e1sokat, lopnak, \u00e9s ezt a v\u00e1ros nem n\u00e9zi j\u00f3 szemmel. Mindez sz\u00e9p, de valamit m\u00e9giscsak kell kezdeni az emberekkel. A nagy v\u00e1rosokban nagyobb a &bdquo;drogprobl\u00e9ma&rdquo;, \u00e9s a mi felel\u0151ss\u00e9g\u00fcnk hogy tiszta t\u0171ket, sz\u00e1ll\u00e1st \u00e9s kezel\u00e9st biztos\u00edtsunk a sz\u00e1mukra. Frankfurt nem olyan nyitott m\u00e1r, mint t\u00edz \u00e9vvel ezel\u0151tt, v\u00e1ltozik a politika \u00e9s a szoci\u00e1lis probl\u00e9m\u00e1k meg\u00edt\u00e9l\u00e9se is. Mindenesetre Frankfurtnak nagyon egyedi t\u00f6rt\u00e9nete van. Frankfurt \u00e9s Hamburg nyitott el\u0151sz\u00f6r fel\u00fcgyelt injekt\u00e1l\u00f3 szob\u00e1kat N\u00e9metorsz\u00e1gban, a t\u00f6bbi szoba akkor ny\u00edlt meg, amikor hivataloss\u00e1 v\u00e1ltak 2000-ben<o:p><\/o:p><\/span><\/p>\n<p class=\"MsoNormal\" style=\"margin: 0cm 0cm 0pt; text-align: justify;\"><span style=\"font-size: 10pt; font-family: Verdana;\"><o:p>&nbsp;<\/o:p><\/span><\/p>\n<p align=\"center\" class=\"folderdesc\"><img loading=\"lazy\" decoding=\"async\" alt=\"\" height=\"376\" src=\"\/wp-content\/uploads\/sites\/8\/drogriporter\/konsum7.jpeg\" width=\"550\" \/><\/p>\n<p align=\"center\" class=\"folderdesc\"><font color=\"#000000\" size=\"1\">Az egykori &quot;t\u0171park&quot; ma<\/font><\/p>\n<p align=\"center\" class=\"folderdesc\"><font color=\"#000000\" size=\"1\">fot\u00f3: Tak\u00e1cs Istv\u00e1n G\u00e1bor<\/font><\/p>\n<p align=\"center\" class=\"folderdesc\">&nbsp;<\/p>\n<p class=\"MsoNormal\" style=\"margin: 0cm 0cm 0pt; text-align: justify;\"><em style=\"\"><span style=\"font-size: 10pt; font-family: Verdana;\">TASZ: Milyen volt amikor m\u00e9g nem volt hivatalos? Toler\u00e1lt\u00e1k?<\/span><\/em><span style=\"font-size: 10pt; font-family: Verdana;\"><o:p><\/o:p><\/span><\/p>\n<p class=\"MsoNormal\" style=\"margin: 0cm 0cm 0pt; text-align: justify;\"><span style=\"font-size: 10pt; font-family: Verdana;\">Josch Steinmetz: Igen. Egy jelent\u0151s drogszc\u00e9na alakult ki a bankok el\u0151tt a &bdquo;Taunusanlage&rdquo;-n, a &ldquo;t\u0171parkban&rdquo;. Egy nagyon k\u00fcl\u00f6nleges helyzet volt ez, a v\u00f6r\u00f6sl\u00e1mp\u00e1s negyeddel, a ny\u00edlt drogszc\u00e9n\u00e1val \u00e9s a bankokkal egym\u00e1shoz nagyon k\u00f6zel. 1992-ben eld\u00f6nt\u00f6tt\u00e9k, hogy bez\u00e1rj\u00e1k a parkot. Ezzel egy id\u0151ben a bankok \u00e9s a v\u00e1ros anyagi t\u00e1mogat\u00e1st ny\u00fajtottak a drogseg\u00edt\u0151 rendszer fejleszt\u00e9s\u00e9hez, sz\u00e1ll\u00e1sok \u00e9s egy\u00e9b alacsonyk\u00fcsz\u00f6b\u0171 szolg\u00e1ltat\u00e1sok ny\u00edltak meg, a metadon kezel\u00e9s pedig sz\u00e9lesebb k\u00f6rben el\u00e9rhet\u0151v\u00e9 v\u00e1lt. 1992 november\u00e9ben v\u00e9g\u00fcl bez\u00e1rt\u00e1k a parkot \u00e9s az \u00faj int\u00e9zm\u00e9nyekbe ir\u00e1ny\u00edtott\u00e1k az embereket. Az emberek fel\u00e9n\u00e9l m\u0171k\u00f6d\u00f6tt a terv, a t\u00f6bbiek viszont erre a ter\u00fcletre j\u00f6ttek \u00e1t, a p\u00e1lyaudvar k\u00f6rny\u00e9k\u00e9re, \u00e9s ugyanazt tett\u00e9k amit kor\u00e1bban: ny\u00edltan injekt\u00e1ltak \u00e9s az utc\u00e1n \u00e9ltek. Ekkor mer\u00fclt fel \u00fajra a haszn\u00e1l\u00f3-szob\u00e1k gondolata. Mi 1991-92 k\u00f6r\u00fcl egy busszal voltunk jelen a parkban, a bez\u00e1r\u00e1sa ut\u00e1n pedig, egy kis mobil t\u0171cser\u00e9vel dolgoztunk tov\u00e1bb. Frankfurtban a haszn\u00e1l\u00f3-szob\u00e1k megnyit\u00e1s\u00e1t k\u00e9t \u00e9v felk\u00e9sz\u00fcl\u00e9s el\u0151zte meg. Mind a helyiek, mind a politikusok egy\u00e9rtelm\u0171en t\u00e1mogatt\u00e1k. A rend\u0151rs\u00e9g, az \u00fcgy\u00e9szs\u00e9g, a drogseg\u00edt\u0151 rendszer, a politikusok valamint az eg\u00e9szs\u00e9g\u00fcgyi, k\u00e1b\u00edt\u00f3szer\u00fcgyi \u00e9s szoci\u00e1lis miniszt\u00e9riumok k\u00e9pvisel\u0151i egy kerekasztal keret\u00e9ben egy\u00fctt dolgoztak a leg\u00e1lis megold\u00e1son. V\u00e9g\u00fcl Dr. K\u00f6rner, a f\u0151\u00fcgy\u00e9sz egy speci\u00e1lis frankfurti megold\u00e1ssal \u00e1llt el\u0151, a b\u0171n\u00fcgyr\u0151l az eg\u00e9szs\u00e9g\u00fcgyre helyezve a hangs\u00falyt. V\u00e9kony j\u00e9g volt ez, de miut\u00e1n mindenki r\u00e9szt vett benne, m\u0171k\u00f6d\u00f6tt. Viszont nem alkalmazhattunk abban az id\u0151ben senkit p\u00e9ld\u00e1ul Bajororsz\u00e1gb\u00f3l, mert jogi probl\u00e9m\u00e1juk lehetett volna bel\u0151le otthon. <o:p><\/o:p><\/span><\/p>\n<p class=\"MsoNormal\" style=\"margin: 0cm 0cm 0pt; text-align: justify;\"><span style=\"font-size: 10pt; font-family: Verdana;\"><o:p>&nbsp;<\/o:p><\/span><\/p>\n<p align=\"center\" class=\"folderdesc\"><img loading=\"lazy\" decoding=\"async\" alt=\"\" height=\"370\" src=\"\/wp-content\/uploads\/sites\/8\/drogriporter\/konsum8.jpeg\" width=\"550\" \/><\/p>\n<p align=\"center\" class=\"folderdesc\"><font color=\"#000000\" size=\"1\">A p\u00e1lyaudvar<\/font><\/p>\n<p align=\"center\" class=\"folderdesc\"><font color=\"#000000\" size=\"1\">fot\u00f3: Tak\u00e1cs Istv\u00e1n G\u00e1bor<\/font><\/p>\n<p align=\"center\" class=\"folderdesc\">&nbsp;<\/p>\n<p class=\"MsoNormal\" style=\"margin: 0cm 0cm 0pt; text-align: justify;\"><em style=\"\"><span style=\"font-size: 10pt; font-family: Verdana;\">TASZ: Amikor megnyitott\u00e1k a szob\u00e1kat, t\u00e1j\u00e9koztatt\u00e1k a szomsz\u00e9ds\u00e1got r\u00f3la?<\/span><\/em><span style=\"font-size: 10pt; font-family: Verdana;\"><o:p><\/o:p><\/span><\/p>\n<p class=\"MsoNormal\" style=\"margin: 0cm 0cm 0pt; text-align: justify;\"><span style=\"font-size: 10pt; font-family: Verdana;\">Josch Steinmetz: Az els\u0151 szob\u00e1t egy ipari ter\u00fcleten nyitottuk meg, ahol nem voltak szomsz\u00e9dok, csak gy\u00e1rak. K\u00e9t m\u00f3don lehet fogyaszt\u00e1si szob\u00e1kat l\u00e9tes\u00edteni. K\u00f6nnyebb, ha egy m\u00e1r m\u0171k\u00f6d\u0151 programban ker\u00fcl kialak\u00edt\u00e1sra, mert a szem\u00e9lyzet m\u00e1r foglalkozott a szomsz\u00e9dokkal. Amennyiben egy \u00faj helyen ny\u00edlik meg, sz\u00e1m\u00edt\u00e1sba kell venni a lak\u00f3kat. Nagyon meg kell v\u00e1lasztani, hogy milyen k\u00f6rnyezetbe ker\u00fcl egy ilyen szolg\u00e1ltat\u00e1s, a szem\u00e9lyes v\u00e9lem\u00e9nyem ennyi \u00e9v ut\u00e1n az, hogy nem kell t\u00falz\u00e1sba vinni az el\u0151zetes kamp\u00e1nyol\u00e1st. Ott kell megnyitni ahol a probl\u00e9ma van, mert akkor el lehet magyar\u00e1zni az embereknek, hogy seg\u00edteni j\u00f6tt\u00fcnk, nem pedig az\u00e9rt, hogy tov\u00e1bbi gondokat teremts\u00fcnk. Nem lehet egy fogyaszt\u00f3i szob\u00e1t &bdquo;sz\u00e9p helyre&rdquo; telep\u00edteni. \u00c9s ennyit a decentraliz\u00e1ci\u00f3 divatos \u00f6tlet\u00e9r\u0151l, ami sz\u00e9p lenne, \u00e9n is szeretn\u00e9m ha m\u0171k\u00f6dne \u00edgy, kis helyek mindenfele, ahol minden v\u00e1rosr\u00e9sz a saj\u00e1t embereivel t\u00f6r\u0151dne, de nem m\u0171k\u00f6dik. Ha a droghaszn\u00e1l\u00f3k egy &bdquo;sz\u00e9p helyen&rdquo; s\u00e9t\u00e1lnak kereszt\u00fcl, t\u00f6bb probl\u00e9ma ad\u00f3dik, mint itt. Egy\u00e9bk\u00e9nt volt gondunk a szomsz\u00e9ds\u00e1ggal. 1995-ben a Moselstrass\u00e9n nyitottunk meg, ahol ma egy b\u00e1r van. Szex-munk\u00e1sok k\u00f6rny\u00e9ke volt, a h\u00e1zunk tulajdonosa szint\u00e9n ebben az \u00fczletben volt \u00e9rdekelt. Szerette \u00e9s \u00e9rtette amit csin\u00e1lunk, ez\u00e9rt sz\u00f3lt a koll\u00e9g\u00e1inak hogy hagyjanak minket dolgozni. Nem volt el\u0151tte kamp\u00e1nyunk. Ezzel a mostani h\u00e1zzal m\u00e1sk\u00e9pp t\u00f6rt\u00e9nt, mert a szomsz\u00e9dban irod\u00e1k vannak. Amikor l\u00e1ttuk, hogy kezdenek tiltakozni, megh\u00edvtuk \u0151ket, \u00fagy 50-60 embert. Elmagyar\u00e1ztuk, hogy nem teremt\u00fcnk t\u00f6bb z\u0171rt, de felsz\u00e1molunk probl\u00e9m\u00e1kat azzal, hogy helyet adunk az embereknek. Megadtuk nekik a telefonsz\u00e1momat, hogy h\u00edvjanak b\u00e1rmikor, ha baj van. Felb\u00e9relt\u00fcnk egy biztons\u00e1gi \u0151r c\u00e9get is, hogy fel\u00fcgyelj\u00e9k az utc\u00e1t, ne legyenek t\u00fal sokan, ne \u00fcljenek le a j\u00e1rd\u00e1sra, \u00e9s \u00edgy tov\u00e1bb. Erre a szomsz\u00e9dok biztons\u00e1g\u00e9rzete miatt volt sz\u00fcks\u00e9g. Voltak, akikkel r\u00e9g\u00f3ta civ\u00f3dtunk, p\u00e9ld\u00e1ul egy szomsz\u00e9d h\u00e1z tulajdonosa nem tudta eladni a h\u00e1z\u00e1t mert t\u00fal koszos volt \u00e9s dr\u00e1ga, \u00edgy t\u0151l\u00fcnk akarta behajtani a p\u00e9nzt, mondv\u00e1n mi tehet\u00fcnk r\u00f3la. Es\u00e9lye sem volt. Egy k\u00f6zeli hotellel is gondjaink ad\u00f3dtak, akik nem akart\u00e1k hogy a vend\u00e9geik minket l\u00e1ssanak a p\u00e1lyaudvarra tartva, de enn\u00e9l sokkal t\u00f6bb probl\u00e9m\u00e1nk igaz\u00e1b\u00f3l nem ad\u00f3dott. Nem hangzik sz\u00e9pen, de t\u00e9ny, hogy ezen a k\u00f6rny\u00e9ken az embereknek kisebb hangja van, mint m\u00e1shol. Egy olyan v\u00e1rosr\u00e9szen, ahol a lak\u00f3knak k\u00fcl\u00f6nb\u00f6z\u0151 b\u0171ncselekm\u00e9nyekhez van k\u00f6z\u00fck, vagy nem besz\u00e9lnek t\u00fal j\u00f3l n\u00e9met\u00fcl, kevesebb tiltakoz\u00e1s v\u00e1rhat\u00f3, mint m\u00e1shol. \u00c9n \u00fagy gondolom, a nagy v\u00e1rosoknak meg kell \u00e9rtetni\u00fck az emberekkel, hogy egy ilyen v\u00e1rosnak speci\u00e1lis probl\u00e9m\u00e1ik vannak, \u00e9s nem mondhatj\u00e1k a polg\u00e1rok mindig azt, hogy &rsquo;igen, tetszik a program, de nem abban az utc\u00e1ban, ahol \u00e9n \u00e9lek&rsquo;. Vannak v\u00e1rosok, ahol olyan komolyan veszik a k\u00f6rny\u00e9ket, hogy szoci\u00e1lis munk\u00e1st h\u00edvnak telefonon, ha valaki az utc\u00e1n vizelt. Vagy egy t\u0171t tal\u00e1lnak eldobva, \u00e9s egy szoci\u00e1lis munk\u00e1s \u00f6t kilom\u00e9tert utazik, hogy felszedje azt az egy t\u0171t. Ez nem norm\u00e1lis dolog. Sz\u00f3val \u00e9rdemes besz\u00e9lni a szomsz\u00e9dokkal, hogy meg\u00e9rts\u00e9k mir\u0151l sz\u00f3l a program, \u00e9s j\u00f3 kapcsolat alakuljon ki, de valamit tenni kellett, \u00e9s mindig fenn\u00e1ll a kock\u00e1zata annak hogy a szomsz\u00e9dok megakad\u00e1lyozz\u00e1k a program m\u0171k\u00f6d\u00e9s\u00e9t. N\u00e9ha jobb nem k\u00e9rdezni t\u00fal sokat.<o:p><\/o:p><\/span><\/p>\n<p class=\"MsoNormal\" style=\"margin: 0cm 0cm 0pt; text-align: justify;\"><span style=\"font-size: 10pt; font-family: Verdana;\"><o:p>&nbsp;<\/o:p><\/span><\/p>\n<p align=\"center\" class=\"folderdesc\"><img loading=\"lazy\" decoding=\"async\" alt=\"\" height=\"550\" src=\"\/wp-content\/uploads\/sites\/8\/drogriporter\/konsum9.jpeg\" width=\"373\" \/><\/p>\n<p align=\"center\" class=\"folderdesc\"><font color=\"#000000\" size=\"1\">&quot;Eros Center&quot; a v\u00f6r\u00f6sl\u00e1mp\u00e1s negyedben<\/font><\/p>\n<p align=\"center\" class=\"folderdesc\"><font color=\"#000000\" size=\"1\">fot\u00f3: Tak\u00e1cs Istv\u00e1n G\u00e1bor<\/font><\/p>\n<p align=\"center\" class=\"folderdesc\">&nbsp;<\/p>\n<p class=\"MsoNormal\" style=\"margin: 0cm 0cm 0pt; text-align: justify;\"><em style=\"\"><span style=\"font-size: 10pt; font-family: Verdana;\">TASZ: Magyarorsz\u00e1gon \u00e9pp nemr\u00e9g t\u00fcntettek egy egyszer\u0171 drogambulancia ellen.<\/span><\/em><span style=\"font-size: 10pt; font-family: Verdana;\"><o:p><\/o:p><\/span><\/p>\n<p class=\"MsoNormal\" style=\"margin: 0cm 0cm 0pt; text-align: justify;\"><span style=\"font-size: 10pt; font-family: Verdana;\">Josch Steinmetz: Egy nagy hely mint ez, probl\u00e9m\u00e1s lehet. Ha hat-h\u00e9tsz\u00e1z ember megfordul itt naponta, azokat l\u00e1tj\u00e1k ki \u00e9s bemenni. Tehetj\u00fck a dolgunkat, tiszt\u00e1ntarthatjuk a k\u00f6rny\u00e9ket, fel\u00fcgyelhetj\u00fck az utc\u00e1t, r\u00e1sz\u00f3lhatunk az emberekre, hogy ne dobj\u00e1k el a fecskend\u0151iket, dolgozhatunk egy\u00fctt a rend\u0151rs\u00e9ggel \u00e9s lehetnek biztons\u00e1gi embereink, de valahol van egy hat\u00e1r. Egy kisebb program viszont, mint egy drogambulancia 50, 100 emberrel nem jelent probl\u00e9m\u00e1t. \u00c1ltal\u00e1ban pedig itt sincs sok gond, \u00e9s elfogadj\u00e1k az emberek, de ha van es\u00e9ly\u00fck id\u0151ben megakad\u00e1lyozni, akkor motiv\u00e1ltak lesznek, \u00e9n pedig nem adn\u00e1m meg nekik ezt az \u00f6szt\u00f6nz\u00e9st.<o:p><\/o:p><\/span><\/p>\n<p class=\"MsoNormal\" style=\"margin: 0cm 0cm 0pt; text-align: justify;\"><span style=\"font-size: 10pt; font-family: Verdana;\"><o:p>&nbsp;<\/o:p><\/span><\/p>\n<p class=\"MsoNormal\" style=\"margin: 0cm 0cm 0pt; text-align: justify;\"><em style=\"\"><span style=\"font-size: 10pt; font-family: Verdana;\">TASZ: Hogyan illeszkedik bele a biztons\u00e1gos fogyaszt\u00e1si szob\u00e1k koncepci\u00f3ja a t\u00e1gabb drog-seg\u00edt\u0151 rendszerbe, \u00e9s mik a l\u00e9tez\u00e9s\u00e9nek f\u0151bb krit\u00e9riumai egy v\u00e1rosban? <\/span><\/em><span style=\"font-size: 10pt; font-family: Verdana;\"><o:p><\/o:p><\/span><\/p>\n<p class=\"MsoNormal\" style=\"margin: 0cm 0cm 0pt; text-align: justify;\"><span style=\"font-size: 10pt; font-family: Verdana;\">Josch Steinmetz: Nem mondom, hogy minden v\u00e1rosnak sz\u00fcks\u00e9ge van biztons\u00e1gos haszn\u00e1l\u00f3-szob\u00e1ra. A v\u00e1rosnak \u00e9s a szoci\u00e1lis munk\u00e1soknak tudnia kell, hogy sz\u00fcks\u00e9g van-e r\u00e1 vagy nincs, hogy a droghaszn\u00e1l\u00f3knak sz\u00fcks\u00e9ge van-e r\u00e1 vagy sem. A f\u0151bb t\u00e9nyez\u0151k k\u00f6z\u00f6tt szerepel a droghal\u00e1loz\u00e1sok sz\u00e1ma, a droghaszn\u00e1lattal kapcsolatos ismeretek, valamint a drogseg\u00edt\u0151 rendszer \u00e9s a droghaszn\u00e1l\u00f3k kapcsolat\u00e1nak min\u0151s\u00e9ge. Vajon ismeri-e a v\u00e1ros drogseg\u00edt\u0151 rendszere a klienseit, \u00e9s k\u00e9pes-e el\u00e9rni \u0151ket? A haszn\u00e1l\u00f3k ink\u00e1bb h\u00e1zakban \u00e9lnek, vagy van-e legal\u00e1bb valamilyen fed\u00e9l a fej\u00fck felett? Ha nem injekt\u00e1lnak ny\u00edltan, hozz\u00e1f\u00e9rnek tiszta felszerel\u00e9shez \u00e9s inform\u00e1ci\u00f3hoz, ha kapnak olt\u00e1sokat, elmehetnek sz\u0171r\u00e9sre stb. akkor szerintem nem igaz\u00e1n van sz\u00fcks\u00e9g injekt\u00e1l\u00f3 szob\u00e1ra. Ha sokan halnak meg a p\u00e1lyaudvar WC-j\u00e9ben, l\u00e1tni az embereket az utc\u00e1n injekt\u00e1lni, sok fecskend\u0151 hever a j\u00e1rd\u00e1n eldob\u00e1lva, az emberek megfert\u0151zik egym\u00e1st, ha a haszn\u00e1l\u00f3knak nagyon alacsony szint\u0171 tud\u00e1suk van az \u00e1rtalomcs\u00f6kkent\u00e9sr\u0151l \u00e9s neh\u00e9z el\u00e9rni \u0151ket, akkor ezek \u00e9rvek egy biztons\u00e1gos fogyaszt\u00e1si szoba mellett, de az \u00e9n c\u00e9lom nem az, hogy az embereket ide hozzam a t\u00f6bb\u00e9 kev\u00e9sb\u00e9 norm\u00e1lis priv\u00e1t helyzet\u00fckb\u0151l. Az \u00e9n c\u00e9lom az, hogy ha valakinek steril t\u0171re \u00e9s fecskend\u0151re van sz\u00fcks\u00e9ge, biztos\u00edtsam neki, az\u00e9rt hogy biztons\u00e1gosan elint\u00e9zze a dolg\u00e1t otthon, mert nekem az a norm\u00e1lis szitu\u00e1ci\u00f3. Amit mi tesz\u00fcnk az egy reakci\u00f3 egy nagyon neh\u00e9z helyzetre Frankfurtban. Ez egy j\u00f3 koncepci\u00f3 volt egy nem t\u00fal j\u00f3 korban. De nem ennek kell lennie a v\u00e9gs\u0151 sz\u00f3nak arr\u00f3l, hogy hogyan haszn\u00e1ljunk drogokat. N\u00e9ha az az \u00e9rz\u00e9sem t\u00e1mad, hogy a v\u00e1rosok az\u00e9rt szeretn\u00e9nek injekt\u00e1l\u00f3 szob\u00e1t, mert egyfajta drogseg\u00edt\u0151 divatt\u00e1 v\u00e1lt, de nem l\u00e1tj\u00e1k a l\u00e9nyeget ami\u00e9rt kellene nekik, \u00e9s ha nem l\u00e1tj\u00e1k akkor lehet, hogy nincs r\u00e1 sz\u00fcks\u00e9g\u00fck.<o:p><\/o:p><\/span><\/p>\n<p class=\"MsoNormal\" style=\"margin: 0cm 0cm 0pt; text-align: justify;\"><span style=\"font-size: 10pt; font-family: Verdana;\"><o:p>&nbsp;<\/o:p><\/span><\/p>\n<p align=\"center\" class=\"folderdesc\"><img loading=\"lazy\" decoding=\"async\" alt=\"\" height=\"550\" src=\"\/wp-content\/uploads\/sites\/8\/drogriporter\/konsum10.jpeg\" width=\"379\" \/><\/p>\n<p align=\"center\" class=\"folderdesc\"><font color=\"#000000\" size=\"1\">Cseresznyef\u00e1k a felh\u0151karcol\u00f3k alatt<\/font><\/p>\n<p align=\"center\" class=\"folderdesc\"><font color=\"#000000\" size=\"1\">fot\u00f3: Tak\u00e1cs Istv\u00e1n G\u00e1bor<\/font><\/p>\n<p align=\"center\" class=\"folderdesc\">&nbsp;<\/p>\n<p class=\"MsoNormal\" style=\"margin: 0cm 0cm 0pt; text-align: justify;\"><em style=\"\"><span style=\"font-size: 10pt; font-family: Verdana;\">TASZ: Budapesten nincs ny\u00edlt drogszc\u00e9na, de vannak emberek akik mozik \u00e9s gyors\u00e9ttermek WC-j\u00e9ben, vagy eldugott parkokban injekt\u00e1lnak. Vajon egy injekt\u00e1l\u00f3 szoba megnyit\u00e1sa nem teremtene-e egy ny\u00edlt sz\u00ednt a szoba k\u00f6rny\u00e9k\u00e9n?<\/span><\/em><span style=\"font-size: 10pt; font-family: Verdana;\"><o:p><\/o:p><\/span><\/p>\n<p class=\"MsoNormal\" style=\"margin: 0cm 0cm 0pt; text-align: justify;\"><span style=\"font-size: 10pt; font-family: Verdana;\">Josch Steinmetz: A helyzett\u0151l f\u00fcgg. P\u00e9ld\u00e1ul ha nagyon er\u0151s a rend\u0151rs\u00e9g Budapesten, \u00e9s sok a hajl\u00e9ktalan droghaszn\u00e1l\u00f3, a v\u00e1ros pedig nyit egy szob\u00e1t ahol kev\u00e9s a hely \u00e9s r\u00f6vid a nyitvatart\u00e1si id\u0151, a szoba pedig egy zs\u00e1kutc\u00e1ban van, akkor el\u0151fordulhat, hogy nem f\u00e9rnek be az emberek \u00e9s egyfajta ny\u00edlt szc\u00e9na alakul ki. \u00c9s ha mondjuk \u00e9n bajba keveredek Szegeden, \u00e9s Budapestre megyek mint droghaszn\u00e1l\u00f3 \u00e9s nem ismerek senkit, az els\u0151 dolgom az hogy elmegyek a szob\u00e1ba vagy tan\u00e1csad\u00f3 helyre, mert ott tal\u00e1lkozom azokkal akikkel szeretn\u00e9k. Term\u00e9szetesen ez megt\u00f6rt\u00e9nhet, ez\u00e9rt ha valahol egy szob\u00e1t szeretn\u00e9nek nyitni, \u00e9s el\u00e9g p\u00e9nz van r\u00e1, akkor \u00e9rdemes el\u0151sz\u00f6r egy p\u00e1r szob\u00e1val ind\u00edtani a v\u00e1ros k\u00f6r\u00fcl, de droggal \u00e9rintett helyeken. Minden v\u00e1rosnak egyedi helyzete van. A helysz\u00edn megv\u00e1laszt\u00e1sa pedig nagyon nagy k\u00fcl\u00f6nbs\u00e9geket jelent, m\u00e9g ha csak 15 m\u00e9terr\u0151l van is sz\u00f3. A szak\u00e9rt\u0151knek ezt tudnia kell. \u00c9s nem szabad t\u00fal sokat k\u00edn\u00e1lni, am\u00edg nem tudni mivel j\u00e1r.<o:p><\/o:p><\/span><\/p>\n<p class=\"MsoNormal\" style=\"margin: 0cm 0cm 0pt; text-align: justify;\"><span style=\"font-size: 10pt; font-family: Verdana;\"><o:p>&nbsp;<\/o:p><\/span><\/p>\n<p align=\"center\" class=\"folderdesc\"><img loading=\"lazy\" decoding=\"async\" alt=\"\" height=\"412\" src=\"\/wp-content\/uploads\/sites\/8\/drogriporter\/konsum11.jpeg\" width=\"550\" \/><\/p>\n<p align=\"center\" class=\"folderdesc\"><font color=\"#000000\" size=\"1\">Steril felszerel\u00e9s<\/font><\/p>\n<p align=\"center\" class=\"folderdesc\"><font color=\"#000000\" size=\"1\">fot\u00f3: Tak\u00e1cs Istv\u00e1n G\u00e1bor<\/font><\/p>\n<p align=\"center\" class=\"folderdesc\">&nbsp;<\/p>\n<p class=\"MsoNormal\" style=\"margin: 0cm 0cm 0pt; text-align: justify;\"><em style=\"\"><span style=\"font-size: 10pt; font-family: Verdana;\">TASZ: Ismerve a budapesti helyzetet, az intrav\u00e9n\u00e1s droghaszn\u00e1l\u00f3k egy hajl\u00e9ktalan kisebbs\u00e9g\u00e9nek sz\u00fcks\u00e9ge lenne egy szob\u00e1ra, de tudom\u00e1som szerint a t\u00f6bbs\u00e9gnek nem. Megold\u00e1st jelentene-e csup\u00e1n a legink\u00e1bb marginaliz\u00e1lt csoportnak l\u00e9tes\u00edteni egy ilyen szolg\u00e1ltat\u00e1st?<\/span><\/em><span style=\"font-size: 10pt; font-family: Verdana;\"><o:p><\/o:p><\/span><\/p>\n<p class=\"MsoNormal\" style=\"margin: 0cm 0cm 0pt; text-align: justify;\"><span style=\"font-size: 10pt; font-family: Verdana;\">Josch Steinmetz: N\u00e9h\u00e1ny v\u00e1rosban \u00edgy van, csak tagok sz\u00e1m\u00e1ra nyitott, hajl\u00e9ktalanoknak, vagy fiataloknak p\u00e9ld\u00e1ul. Ez egy lehet\u0151s\u00e9g, de nem tudom megmondani, hogy j\u00f3-e vagy rossz. Mi m\u00e1shogy csin\u00e1ltuk, mert a HIV \u00e9s hepatitis, valamint a t\u00faladagol\u00e1sok megel\u0151z\u00e9s\u00e9re f\u00f3kusz\u00e1ltunk. Mi rendelkez\u00e9sre \u00e1llunk minden droghaszn\u00e1l\u00f3 sz\u00e1m\u00e1ra, ha elm\u00falt 18 \u00e9ves. El\u0151sz\u00f6r volt a ny\u00edlt drogszc\u00e9na, \u00e9s azt\u00e1n j\u00f6tt\u00fcnk mi, de p\u00e9ld\u00e1ul az \u00d6n\u00f6k helyzet\u00e9ben biztons\u00e1gos ind\u00edt\u00e1s lehetne egy p\u00e1r emberrel kezdeni \u00e9s megn\u00e9zni hogyan m\u0171k\u00f6dik, inform\u00e1ci\u00f3t gy\u0171jteni \u00e9s ut\u00e1na eld\u00f6nteni hogy tov\u00e1bbl\u00e9pnek-e. Az biztos, hogy jobb, mint a semmi. Szerintem nagyon \u00e9rdemes jobban megismerni az embereket, mert ez egy komoly dolog \u00e9s<span style=\"\">&nbsp; <\/span>ahogy eml\u00e9kszem \u00d6n\u00f6knek fiatalabb klienseik vannak, mint nek\u00fcnk. A mieink 35 k\u00f6r\u00fcl vannak, az \u00d6n\u00f6k kliensei pedig gyakran fiatalabbak 18-n\u00e1l is, \u00e9s ez egy m\u00e1s helyzet. A mi szob\u00e1nk nem fiatalokra van tervezve, hanem tapasztalt haszn\u00e1l\u00f3kra. Nem \u00f6r\u00fcln\u00e9k itt egy 16 \u00e9ves l\u00e1nynak.<o:p><\/o:p><\/span><\/p>\n<p class=\"MsoNormal\" style=\"margin: 0cm 0cm 0pt; text-align: justify;\"><span style=\"font-size: 10pt; font-family: Verdana;\"><o:p>&nbsp;<\/o:p><\/span><\/p>\n<p class=\"MsoNormal\" style=\"margin: 0cm 0cm 0pt; text-align: justify;\"><em style=\"\"><span style=\"font-size: 10pt; font-family: Verdana;\">TASZ: Elk\u00fcldik azt, aki nem el\u00e9g id\u0151s?<\/span><\/em><span style=\"font-size: 10pt; font-family: Verdana;\"><o:p><\/o:p><\/span><\/p>\n<p class=\"MsoNormal\" style=\"margin: 0cm 0cm 0pt; text-align: justify;\"><span style=\"font-size: 10pt; font-family: Verdana;\">Josch Steinmetz: Igen. Itt a haszn\u00e1l\u00f3k t\u00f6bbnyire \u00f6regebbek, a gyerekek ink\u00e1bb Berlinben vannak. N\u00e9ha j\u00f6nnek ide fiatalok, de 17 \u00e9vesn\u00e9l nem fiatalabbak. Van leg\u00e1lis lehet\u0151s\u00e9gem, hogy hagyjam \u0151ket injekt\u00e1lni itt, ha a sz\u00fcl\u0151k \u00edrtak egy enged\u00e9lyt, ami \u0151szint\u00e9n sz\u00f3lva nem t\u00fal realisztikus, vagy ha a felel\u0151s ifj\u00fas\u00e1gi oszt\u00e1ly \u00edrt egy enged\u00e9ly. De az ifj\u00fas\u00e1gi oszt\u00e1lyok \u00e1ltal\u00e1ban a helyi \u00f6nkorm\u00e1nyzathoz tartoznak, \u00edgy megint nem t\u00fal \u00e9letszer\u0171 mondjuk odatelefon\u00e1lni egy kisv\u00e1rosba azzal, hogy &rsquo;itt egy gyerek az \u00d6n\u00f6k v\u00e1ros\u00e1b\u00f3l, lenn\u00e9nek sz\u00edvesek egy enged\u00e9lyt \u00e1tfaxolni hogy cracket<span class=\"MsoEndnoteReference\"><span style=\"\"><span class=\"MsoEndnoteReference\"><span style=\"font-size: 10pt; font-family: Verdana;\"><sup>[4]<\/sup><\/span><\/span><\/span><\/span> injekt\u00e1lhasson?&rsquo; Dehogy is. Szerencs\u00e9re itt a m\u00e1sodik emeleten ifj\u00fas\u00e1ggal foglalkoz\u00f3 utcai munk\u00e1sok dolgoznak, \u00e9s leh\u00edvhatjuk \u0151ket seg\u00edteni. Az ifj\u00fas\u00e1gi t\u00f6rv\u00e9ny r\u00e9v\u00e9n sokkal jobb lehet\u0151s\u00e9geik vannak mint nek\u00fcnk, azonnal kib\u00e9relhetnek egy hotelt \u00e9s felvehetik a kapcsolatot a Cafe Fix-szel \u00e9tel\u00e9rt \u00e9s tov\u00e1bbi inform\u00e1ci\u00f3k\u00e9rt. \u00c9s j\u00f3l is van \u00edgy. Nincs probl\u00e9m\u00e1m a haszn\u00e1l\u00f3-szob\u00e1val fiataloknak, de m\u00e1smilyennek kell lennie, kisebbnek, t\u00f6bb szoci\u00e1lis munk\u00e1ssal, mert a fiataloknak m\u00e1sra van sz\u00fcks\u00e9g\u00fck, mint az \u00f6regebbeknek.<o:p><\/o:p><\/span><\/p>\n<p class=\"MsoNormal\" style=\"margin: 0cm 0cm 0pt; text-align: justify;\"><span style=\"font-size: 10pt; font-family: Verdana;\"><o:p>&nbsp;<\/o:p><\/span><\/p>\n<p align=\"center\" class=\"folderdesc\"><img loading=\"lazy\" decoding=\"async\" alt=\"\" height=\"550\" src=\"\/wp-content\/uploads\/sites\/8\/drogriporter\/konsum12.jpeg\" width=\"376\" \/><\/p>\n<p align=\"center\" class=\"folderdesc\"><font color=\"#000000\" size=\"1\">Goethe szobra az egykori &quot;t\u0171parkban&quot;<\/font><\/p>\n<p align=\"center\" class=\"folderdesc\"><font color=\"#000000\" size=\"1\">fot\u00f3: Tak\u00e1cs Istv\u00e1n G\u00e1bor<\/font><\/p>\n<p align=\"center\" class=\"folderdesc\">&nbsp;<\/p>\n<p class=\"MsoNormal\" style=\"margin: 0cm 0cm 0pt; text-align: justify;\"><em style=\"\"><span style=\"font-size: 10pt; font-family: Verdana;\">TASZ: Jelent\u0151s ny\u00edlt sz\u00edn \u00e9s utcai probl\u00e9m\u00e1k hi\u00e1ny\u00e1ban, a t\u00faladagol\u00e1s \u00e9s a k\u00f6z\u00f6s fecskend\u0151haszn\u00e1lat megel\u0151z\u00e9se elegend\u0151 ok lehet egy szoba megnyit\u00e1s\u00e1ra?<\/span><\/em><span style=\"font-size: 10pt; font-family: Verdana;\"><o:p><\/o:p><\/span><\/p>\n<p class=\"MsoNormal\" style=\"margin: 0cm 0cm 0pt; text-align: justify;\"><span style=\"font-size: 10pt; font-family: Verdana;\">Josch Steinmetz: \u00c9rveket keres egy szoba megnyit\u00e1s\u00e1hoz?<o:p><\/o:p><\/span><\/p>\n<p class=\"MsoNormal\" style=\"margin: 0cm 0cm 0pt; text-align: justify;\"><span style=\"font-size: 10pt; font-family: Verdana;\"><o:p>&nbsp;<\/o:p><\/span><\/p>\n<p class=\"MsoNormal\" style=\"margin: 0cm 0cm 0pt; text-align: justify;\"><em style=\"\"><span style=\"font-size: 10pt; font-family: Verdana;\">TASZ: Megpr\u00f3b\u00e1lom tiszt\u00e1zni a legfontosabb pro \u00e9s kontra \u00e9rveket. Megpr\u00f3b\u00e1lom meg\u00e9rteni a szob\u00e1k sz\u00fcks\u00e9gess\u00e9g\u00e9nek \u00e9s funkci\u00f3j\u00e1nak szempontjait. Hogy mikor van sz\u00fcks\u00e9g r\u00e1, \u00e9s mik az alternat\u00edv\u00e1k. Ha pedig egy v\u00e1rosban sz\u00fcks\u00e9g van fel\u00fcgyelt injekt\u00e1l\u00f3 szob\u00e1ra, \u00e9s hasznos lehet a t\u00faladagol\u00e1sok megel\u0151z\u00e9s\u00e9ben \u00e9s kezel\u00e9s\u00e9ben, a fert\u0151z\u00e9sek megel\u0151z\u00e9s\u00e9ben \u00e9s a k\u00f6zrend nyugalm\u00e1nak meg\u0151rz\u00e9s\u00e9ben, akkor mik azok a krit\u00e9riumok, amiknek meg kell felelnie, hogy eleget tegyen a c\u00e9lkit\u0171z\u00e9seinek. P\u00e9ld\u00e1ul van egy olyan \u00e9rz\u00e9sem, hogy ha nem megfelel\u0151 a kapacit\u00e1sa, nincs nyitva el\u00e9g sok\u00e1ig \u00e9s nincs el\u00e9g f\u00e9r\u0151hely, hogy megfelel\u0151 sz\u00e1m\u00fa injekt\u00e1l\u00e1st fel\u00fcgyeljen, akkor csak l\u00e1tszat- vagy f\u00e9lmegold\u00e1s.<\/span><\/em><span style=\"font-size: 10pt; font-family: Verdana;\"><o:p><\/o:p><\/span><\/p>\n<p class=\"MsoNormal\" style=\"margin: 0cm 0cm 0pt; text-align: justify;\"><span style=\"font-size: 10pt; font-family: Verdana;\">Josch Steinmetz: L\u00e1tszatmegold\u00e1s, vagy olyan, mint egy tr\u00e9ning k\u00f6zpont. Ha mondjuk a c\u00e9l a HIV-prevenci\u00f3, \u00e9s a fel\u00fcgyelt szob\u00e1ban 100-b\u00f3l egy injekt\u00e1l\u00e1s t\u00f6rt\u00e9nik, 99 pedig valahol m\u00e1shol, m\u00e9g mindig lehet azt mondani, hogy a szob\u00e1ban az emberek megtanulj\u00e1k a biztons\u00e1gosabb haszn\u00e1lat m\u00f3djait \u00e9s tal\u00e1n ennek megfelel\u0151en fognak injekt\u00e1lni m\u00e1shol is. De ez te\u00f3ria, a gyakorlatban m\u00e1shogy m\u0171k\u00f6dik. Lehet haszn\u00e1lni ezt az \u00e9rvel\u00e9st, de nem nagyon hiszek benne. Ugyanakkor l\u00e1tunk v\u00e1ltoz\u00e1st a haszn\u00e1l\u00f3i viselked\u00e9sben az \u00e9vek sor\u00e1n, ami szint\u00e9n a fogyaszt\u00e1si szoba eredm\u00e9nye.<o:p><\/o:p><\/span><\/p>\n<p class=\"MsoNormal\" style=\"margin: 0cm 0cm 0pt; text-align: justify;\"><span style=\"font-size: 10pt; font-family: Verdana;\"><o:p>&nbsp;<\/o:p><\/span><\/p>\n<p align=\"center\" class=\"folderdesc\"><img loading=\"lazy\" decoding=\"async\" alt=\"\" height=\"376\" src=\"\/wp-content\/uploads\/sites\/8\/drogriporter\/konsum13.jpeg\" width=\"550\" \/><\/p>\n<p align=\"center\" class=\"folderdesc\"><font color=\"#000000\" size=\"1\">A frankfurti operah\u00e1z az egykori &quot;t\u0171park mellett&quot;<\/font><\/p>\n<p align=\"center\" class=\"folderdesc\"><font color=\"#000000\" size=\"1\">fot\u00f3: Tak\u00e1cs Istv\u00e1n G\u00e1bor<\/font><\/p>\n<p align=\"center\" class=\"folderdesc\">&nbsp;<\/p>\n<p class=\"MsoNormal\" style=\"margin: 0cm 0cm 0pt; text-align: justify;\"><em style=\"\"><span style=\"font-size: 10pt; font-family: Verdana;\">TASZ: Injekt\u00e1l\u00f3 szoba n\u00e9lk\u00fcl is lehet biztons\u00e1gosabb haszn\u00e1lati technik\u00e1kat tan\u00edtani k\u00fcl\u00f6nb\u00f6z\u0151 alacsonyk\u00fcsz\u00f6b\u0171 int\u00e9zm\u00e9nyekben.<\/span><\/em><span style=\"font-size: 10pt; font-family: Verdana;\"><o:p><\/o:p><\/span><\/p>\n<p class=\"MsoNormal\" style=\"margin: 0cm 0cm 0pt; text-align: justify;\"><span style=\"font-size: 10pt; font-family: Verdana;\">Josch Steinmetz: A nagy k\u00fcl\u00f6nbs\u00e9g az, hogy ha mindketten csak besz\u00e9l\u00fcnk r\u00f3la, \u00e9s \u00d6n egy szoci\u00e1lis munk\u00e1s, \u00e9n pedig egy haszn\u00e1l\u00f3 vagyok, \u00e9n \u00e1ll\u00edtom hogy \u00edgy fogok injekt\u00e1lni, azt\u00e1n elmegyek \u00e9s teljesen m\u00e1shogy csin\u00e1lom, \u00e9s azt mondom hogy az\u00e9rt mert \u00edgy szeretem. Nagy k\u00fcl\u00f6nbs\u00e9g van a besz\u00e9d \u00e9s a val\u00f3di cselekv\u00e9s k\u00f6z\u00f6tt. Ez p\u00e9ld\u00e1ul egy \u00e9rv a fel\u00fcgyelt haszn\u00e1l\u00f3 szob\u00e1k mellett. Hasonl\u00f3k\u00e9ppen a t\u00faladagol\u00e1sokkal. Minden droghaszn\u00e1l\u00f3 profi a t\u00faladagol\u00e1sok kezel\u00e9s\u00e9ben, mondj\u00e1k \u0151k. Mes\u00e9lik hogy egy csom\u00f3 \u00e9letet megmentettek m\u00e1r.<o:p><\/o:p><\/span><\/p>\n<p class=\"MsoNormal\" style=\"margin: 0cm 0cm 0pt; text-align: justify;\"><span style=\"font-size: 10pt; font-family: Verdana;\"><o:p>&nbsp;<\/o:p><\/span><\/p>\n<p class=\"MsoNormal\" style=\"margin: 0cm 0cm 0pt; text-align: justify;\"><em style=\"\"><span style=\"font-size: 10pt; font-family: Verdana;\">TASZ: S\u00f3s v\u00edzzel p\u00e9ld\u00e1ul.<\/span><\/em><span style=\"font-size: 10pt; font-family: Verdana;\"><o:p><\/o:p><\/span><\/p>\n<p class=\"MsoNormal\" style=\"margin: 0cm 0cm 0pt; text-align: justify;\"><span style=\"font-size: 10pt; font-family: Verdana;\">Josch Steinmetz: \u00c9s hasonl\u00f3k. De a val\u00f3s\u00e1gban eg\u00e9szen m\u00e1shogy viselkednek, mint ahogy mondj\u00e1k. Nagyon keveset tudnak r\u00f3la, de mindenki azt hiszi profi. Viszont ha a szob\u00e1ban t\u00faladagol\u00e1s t\u00f6rt\u00e9nik, tizenegy m\u00e1sik ember l\u00e1tja, hogy hogyan kell megfelel\u0151en kezelni, ez pedig meglehet\u0151sen direkt oktat\u00e1s. Egy m\u00e1sik \u00e9rv szerint viszont, ha nincs m\u00e9g kontakt k\u00f6zpont, nem \u00e9rdemes szob\u00e1t nyitni. Okosabb el\u0151sz\u00f6r kontakt k\u00f6zpontot nyitni, ahol meg lehet hallgatni az embereket, \u00e9s fel lehet m\u00e9rni az ig\u00e9nyeiket. \u00c9s ha azt mondj\u00e1k, hogy nem kell a m\u00fczlid \u00e9s az alm\u00e1d, sem a sz\u00f3r\u00f3anyagaid, \u00e9n nekem egy hely kell ahol injekt\u00e1lhatok, akkor \u00e9rdemes elgondolkodni rajta. Ha pedig az emberek t\u00f6bb\u00e9 kev\u00e9sb\u00e9 ny\u00edltan injekt\u00e1lnak, egy fa m\u00f6g\u00f6tt a parkban, vagy WC-kben, az term\u00e9szetesen szint\u00e9n \u00e9rv a szoba megnyit\u00e1sa mellett.<o:p><\/o:p><\/span><\/p>\n<p class=\"MsoNormal\" style=\"margin: 0cm 0cm 0pt; text-align: justify;\"><span style=\"font-size: 10pt; font-family: Verdana;\"><o:p>&nbsp;<\/o:p><\/span><\/p>\n<p align=\"center\" class=\"folderdesc\"><img loading=\"lazy\" decoding=\"async\" alt=\"\" height=\"550\" src=\"\/wp-content\/uploads\/sites\/8\/drogriporter\/konsum14.jpeg\" width=\"412\" \/><\/p>\n<p align=\"center\" class=\"folderdesc\"><font color=\"#000000\" size=\"1\">Szemetes kuka a haszn\u00e1lt fecskend\u0151knek<\/font><\/p>\n<p align=\"center\" class=\"folderdesc\"><font color=\"#000000\" size=\"1\">fot\u00f3: Tak\u00e1cs Istv\u00e1n G\u00e1bor<\/font><\/p>\n<p align=\"center\" class=\"folderdesc\">&nbsp;<\/p>\n<p class=\"MsoNormal\" style=\"margin: 0cm 0cm 0pt; text-align: justify;\"><em style=\"\"><span style=\"font-size: 10pt; font-family: Verdana;\">TASZ: \u00c9s mi van akkor, ha nem \u00e9r el elegend\u0151 embert a program?<\/span><\/em><span style=\"font-size: 10pt; font-family: Verdana;\"><o:p><\/o:p><\/span><\/p>\n<p class=\"MsoNormal\" style=\"margin: 0cm 0cm 0pt; text-align: justify;\"><span style=\"font-size: 10pt; font-family: Verdana;\">Josch Steinmetz: \u00c1ltal\u00e1ban soha nem el\u00e9g, mert az emberek injekt\u00e1lnak h\u00e9tv\u00e9g\u00e9n \u00e9s \u00e9jjel is. Amikor kezdt\u00fcnk csak egy v\u00e1rosban volt ilyen szoba, azt\u00e1n ny\u00edltak csak a k\u00f6vetkez\u0151k. Minden egyes szoba k\u00f6nnyebb\u00e9 teszi a k\u00f6vetkez\u0151 megnyit\u00e1s\u00e1t. Van m\u00e9g egy fontos dolog, amit figyelembe kell venni. Ha van egy j\u00f3l m\u0171k\u00f6d\u0151 kontaktpont, mondjuk egy t\u0171csere program, ahol mindenki ismeri egym\u00e1st, \u00e9s itt l\u00e9tes\u00edtenek egy fel\u00fcgyelt szob\u00e1t, a program l\u00e9gk\u00f6re teljesen meg fog v\u00e1ltozni. A figyelem az injekt\u00e1l\u00e1sra tev\u0151dik \u00e1t. \u00c1t kell gondolni hogy t\u00e9nyleg kell-e ez. Egy\u00e1ltal\u00e1n nem lesz t\u0151le k\u00f6nnyebb a munka. Ha a kontaktpont, vagy t\u0171csere szem\u00e9lyzet\u00e9nek munk\u00e1ja jelenleg 95% szoci\u00e1lis munka \u00e9s 5% &bdquo;rend\u0151ri munka&rdquo;, a szoba l\u00e9tes\u00edt\u00e9se ut\u00e1n az ar\u00e1ny 50-50% lesz. A szoci\u00e1lis munka r\u00e9sz \u00f6sszezsugorodik, mindig ki kell majd dobni embereket, figyelni hogy nem kereskednek-e, mert m\u00e9g a legkedvesebb emberek is megpr\u00f3b\u00e1lnak cuccot szerezni, ha nincs n\u00e1luk. N\u00e9ha ez t\u00e9nyleg neh\u00e9z a szoci\u00e1lis munk\u00e1sok sz\u00e1m\u00e1ra, \u00e1lland\u00f3an regul\u00e1zni \u00e9s b\u00fcntetni az embereket, folyton a biztons\u00e1gra figyelni n\u00e9ha f\u00e1jdalmas tud lenni. Mondhatom, hogy az emberek szeretnek minket, de nem annyira, mint a j\u00f3 \u00f6reg t\u0171csere id\u0151kben. Ma is m\u00e1sf\u00e9l \u00f3r\u00e1ja vagyunk nyitva, \u00e9s k\u00e9tszer h\u00edvtuk ki a rend\u0151rs\u00e9get, \u00e9s ez m\u00e9g egy nyugalmas nap. Erre nincs sz\u00fcks\u00e9g, ha csak t\u0171csere programot \u00fczemeltetsz, ahol nincs ennyi szab\u00e1ly.<o:p><\/o:p><\/span><\/p>\n<p class=\"MsoNormal\" style=\"margin: 0cm 0cm 0pt; text-align: justify;\"><span style=\"font-size: 10pt; font-family: Verdana;\"><o:p>&nbsp;<\/o:p><\/span><\/p>\n<p class=\"MsoNormal\" style=\"margin: 0cm 0cm 0pt; text-align: justify;\"><em style=\"\"><span style=\"font-size: 10pt; font-family: Verdana;\">TASZ: Mik a szab\u00e1lyok itt?<\/span><\/em><span style=\"font-size: 10pt; font-family: Verdana;\"><o:p><\/o:p><\/span><\/p>\n<p class=\"MsoNormal\" style=\"margin: 0cm 0cm 0pt; text-align: justify;\"><span style=\"font-size: 10pt; font-family: Verdana;\">Josch Steinmetz: A szab\u00e1lyok igen egyszer\u0171ek. A legfontosabb szab\u00e1ly hogy nem haszn\u00e1lhatnak k\u00f6z\u00f6sen, \u00e9s nem oszthatnak meg egym\u00e1ssal semmilyen drogot. Nem lehet kereskedni, nem seg\u00edthetnek egym\u00e1snak fizikailag az injekt\u00e1l\u00e1sban, vagyis nem l\u0151hetik be egym\u00e1st, \u00e9s 18 \u00e9vesn\u00e9l id\u0151sebbnek kell lenni\u00fck. Nem lehetnek metadon kezel\u00e9s r\u00e9sztvev\u0151i sem, ami nem eg\u00e9szs\u00e9g\u00fcgyi, hanem politikai szab\u00e1ly, amit neh\u00e9z betartatni. A speci\u00e1lis szab\u00e1lyok k\u00f6z\u00e9 tartozik, hogy nem megengedett semmilyen er\u0151szak, lop\u00e1s, nem lehet t\u0171kkel a k\u00e9zben s\u00e9t\u00e1lgatni, vagy injekt\u00e1lni a WC-ben.<o:p><\/o:p><\/span><\/p>\n<p class=\"MsoNormal\" style=\"margin: 0cm 0cm 0pt; text-align: justify;\"><span style=\"font-size: 10pt; font-family: Verdana;\"><o:p>&nbsp;<\/o:p><\/span><\/p>\n<p align=\"center\" class=\"folderdesc\"><img loading=\"lazy\" decoding=\"async\" alt=\"\" height=\"550\" src=\"\/wp-content\/uploads\/sites\/8\/drogriporter\/konsum15.jpeg\" width=\"412\" \/><\/p>\n<p align=\"center\" class=\"folderdesc\"><font color=\"#000000\" size=\"1\">Szab\u00e1lyok a szoba fal\u00e1n<\/font><\/p>\n<p align=\"center\" class=\"folderdesc\"><font color=\"#000000\" size=\"1\">fot\u00f3: Tak\u00e1cs Istv\u00e1n G\u00e1bor<\/font><\/p>\n<p align=\"center\" class=\"folderdesc\">&nbsp;<\/p>\n<p class=\"MsoNormal\" style=\"margin: 0cm 0cm 0pt; text-align: justify;\"><em style=\"\"><span style=\"font-size: 10pt; font-family: Verdana;\">TASZ: V\u00e9geznek min\u0151s\u00e9gellen\u0151rz\u00e9st?<\/span><\/em><span style=\"font-size: 10pt; font-family: Verdana;\"><o:p><\/o:p><\/span><\/p>\n<p class=\"MsoNormal\" style=\"margin: 0cm 0cm 0pt; text-align: justify;\"><span style=\"font-size: 10pt; font-family: Verdana;\">Josch Steinmetz: Nem tehetj\u00fck. Amikor bej\u00f6nnek, meg kell n\u00e9zz\u00fck a k\u00e1b\u00edt\u00f3szer\u00fcket. A szoba haszn\u00e1l\u00f3ja bel\u00e9p\u00e9skor al\u00e1\u00edr egy kis szerz\u0151d\u00e9st a szab\u00e1lyok betart\u00e1s\u00e1r\u00f3l, megadj\u00e1k a k\u00f3djukat, amit a nev\u00fckb\u0151l gener\u00e1ltunk, mi pedig feljegyezz\u00fck, hogy milyen drogot haszn\u00e1lnak. Nem tudjuk megmondani, hogy amit l\u00e1tunk j\u00f3 k\u00f3la,<span class=\"MsoEndnoteReference\"><span style=\"\"><span class=\"MsoEndnoteReference\"><span style=\"font-size: 10pt; font-family: Verdana;\"><sup>[5]<\/sup><\/span><\/span><\/span><\/span> vagy nem crack, de biztosnak kell lenn\u00fcnk benne, hogy van n\u00e1la valami. N\u00e9ha, ha gyanakszanak a drog tartalm\u00e1ra, el\u0151fordul, hogy adnak bel\u0151le nek\u00fcnk \u00e9s bevizsg\u00e1ltatjuk, de mindig ugyanazt az eredm\u00e9nyt kapjuk. A bevizsg\u00e1l\u00e1s \u00e1ltal\u00e1ban t\u00fal sok id\u0151t vesz ig\u00e9nybe. Szerintem az lenne az igazi, ha volna egy g\u00e9p a droghaszn\u00e1l\u00f3k sz\u00e1m\u00e1ra, ami azonnal kimutatn\u00e1 a min\u0151s\u00e9get \u00e9s tudni lehetne bel\u0151le, hogy aznap hogyan kell haszn\u00e1lni a szert. Tudom\u00e1som szerint nem l\u00e9tezik ilyen g\u00e9p.<o:p><\/o:p><\/span><\/p>\n<p class=\"MsoNormal\" style=\"margin: 0cm 0cm 0pt; text-align: justify;\"><span style=\"font-size: 10pt; font-family: Verdana;\"><o:p>&nbsp;<\/o:p><\/span><\/p>\n<p class=\"MsoNormal\" style=\"margin: 0cm 0cm 0pt; text-align: justify;\"><em style=\"\"><span style=\"font-size: 10pt; font-family: Verdana;\">TASZ: Van-e olyan szab\u00e1ly, hogy nem lehet k\u00fcl\u00f6nb\u00f6z\u0151 drogokat kombin\u00e1lni? P\u00e9ld\u00e1ul heroint \u00e9s kokaint?<\/span><\/em><span style=\"font-size: 10pt; font-family: Verdana;\"><o:p><\/o:p><\/span><\/p>\n<p class=\"MsoNormal\" style=\"margin: 0cm 0cm 0pt; text-align: justify;\"><span style=\"font-size: 10pt; font-family: Verdana;\">Josch Steinmetz: Jogunk van r\u00e1, hogy le\u00e1ll\u00edtsuk \u0151ket, ha \u00fagy l\u00e1tjuk t\u00fal sok van m\u00e1r benn\u00fck, de<span style=\"\">&nbsp; <\/span>szinte mindent lehet haszn\u00e1lni \u00e9s kombin\u00e1lni is, lehet f\u00f3li\u00e1zni heroint, \u00e9s kokaint \u00e9s heroint szippantani. Nem lehet crack-et sz\u00edvni vagy a crack-pip\u00e1ban maradt anyagot injekt\u00e1lni, mert kis f\u00e9mszemcs\u00e9kkel szennyez\u0151dik. <o:p><\/o:p><\/span><\/p>\n<p class=\"MsoNormal\" style=\"margin: 0cm 0cm 0pt; text-align: justify;\"><span style=\"font-size: 10pt; font-family: Verdana;\"><o:p>&nbsp;<\/o:p><\/span><\/p>\n<p class=\"MsoNormal\" style=\"margin: 0cm 0cm 0pt; text-align: justify;\"><em style=\"\"><span style=\"font-size: 10pt; font-family: Verdana;\">TASZ: Tavaly volt egy crack-haszn\u00e1l\u00f3 szoba a v\u00e1rosban.<\/span><\/em><span style=\"font-size: 10pt; font-family: Verdana;\"><o:p><\/o:p><\/span><\/p>\n<p class=\"MsoNormal\" style=\"margin: 0cm 0cm 0pt; text-align: justify;\"><span style=\"font-size: 10pt; font-family: Verdana;\">Josch Steinmetz: Igen. V\u00e9lem\u00e9nyem szerint nem igaz\u00e1n van r\u00e1 sz\u00fcks\u00e9g, de az \u00f6nkorm\u00e1nyzat szerette volna. M\u00e1r-m\u00e1r hagyom\u00e1nysz\u00e1mba megy, hogy minden \u00e9vben megnyitnak valami \u00fajat, hogy halad\u00e1st mutassanak \u00e9s beker\u00fcljenek az \u00fajs\u00e1gba. Crack-et b\u00e1rhol lehet sz\u00edvni, \u00e9s nagyon r\u00f6vid id\u0151t vesz ig\u00e9nybe. A Crack-sz\u00edv\u00e1s biztons\u00e1gosabb haszn\u00e1lat\u00e1nak ink\u00e1bb a megfelel\u0151 ev\u00e9shez, alv\u00e1shoz \u00e9s szexu\u00e1lis viselked\u00e9shez van k\u00f6ze. Persze nem baj, hogy van egy ilyen szoba.<o:p><\/o:p><\/span><\/p>\n<p class=\"MsoNormal\" style=\"margin: 0cm 0cm 0pt; text-align: justify;\"><span style=\"font-size: 10pt; font-family: Verdana;\"><o:p>&nbsp;<\/o:p><\/span><\/p>\n<p class=\"MsoNormal\" style=\"margin: 0cm 0cm 0pt; text-align: justify;\"><em style=\"\"><span style=\"font-size: 10pt; font-family: Verdana;\">TASZ: Nem tudtam, hogy a crack-et is injekt\u00e1lj\u00e1k. Ugyan\u00fagy v\u00edzzel f\u0151zik, mint a heroint?<\/span><\/em><span style=\"font-size: 10pt; font-family: Verdana;\"><o:p><\/o:p><\/span><\/p>\n<p class=\"MsoNormal\" style=\"margin: 0cm 0cm 0pt; text-align: justify;\"><span style=\"font-size: 10pt; font-family: Verdana;\">Josch Steinmetz: Igen, aszkorbin savval.<span class=\"MsoEndnoteReference\"><span style=\"\"><span class=\"MsoEndnoteReference\"><span style=\"font-size: 10pt; font-family: Verdana;\"><sup>[6]<\/sup><\/span><\/span><\/span><\/span> Nem igaz\u00e1n l\u00e1tunk por kokaint, de crack-b\u0151l sok van. Azt tapasztaljuk, hogy a crack hull\u00e1m tet\u0151zik, a fogyaszt\u00e1sa enyhe cs\u00f6kken\u00e9st mutat. A heroin, benzodiazepin, rohypnol haszn\u00e1lat pedig \u00fajra enyh\u00e9n n\u00f6vekszik. Ennek t\u00f6bb oka lehet, tal\u00e1n az\u00e9rt is van \u00edgy, mert az embereknek eleg\u00fck van a crack-b\u0151l, t\u00fal dr\u00e1ga, \u00e9s ha neh\u00e9z id\u0151szakot \u00e9lnek \u00e1t, \u00fajra az els\u0151dleges sz\u00fcks\u00e9glethez t\u00e9rnek vissza, ami a heroin. Ha van m\u00e9g p\u00e9nz\u00fck, akkor haszn\u00e1lj\u00e1k a m\u00e1sik drogot.<o:p><\/o:p><\/span><\/p>\n<p class=\"MsoNormal\" style=\"margin: 0cm 0cm 0pt; text-align: justify;\"><span style=\"font-size: 10pt; font-family: Verdana;\"><o:p>&nbsp;<\/o:p><\/span><\/p>\n<p align=\"center\" class=\"folderdesc\"><img loading=\"lazy\" decoding=\"async\" alt=\"\" height=\"375\" src=\"\/wp-content\/uploads\/sites\/8\/drogriporter\/konsum16.jpeg\" width=\"550\" \/><\/p>\n<p align=\"center\" class=\"folderdesc\"><font color=\"#000000\" size=\"1\">Moselstrasse&nbsp;a v\u00f6r\u00f6sl\u00e1mp\u00e1s negyedben<\/font><\/p>\n<p align=\"center\" class=\"folderdesc\"><font color=\"#000000\" size=\"1\">fot\u00f3: Tak\u00e1cs Istv\u00e1n G\u00e1bor<\/font><\/p>\n<p align=\"center\" class=\"folderdesc\">&nbsp;<\/p>\n<p class=\"MsoNormal\" style=\"margin: 0cm 0cm 0pt; text-align: justify;\"><em style=\"\"><span style=\"font-size: 10pt; font-family: Verdana;\">TASZ: Mik\u00e9nt l\u00e1tja a biztons\u00e1gos haszn\u00e1l\u00f3-szob\u00e1k j\u00f6v\u0151j\u00e9t Frankfurtban \u00e9s N\u00e9metorsz\u00e1gban?<\/span><\/em><span style=\"font-size: 10pt; font-family: Verdana;\"><o:p><\/o:p><\/span><\/p>\n<p class=\"MsoNormal\" style=\"margin: 0cm 0cm 0pt; text-align: justify;\"><span style=\"font-size: 10pt; font-family: Verdana;\">Josch Steinmetz: Nem hiszem, hogy t\u00fal sok v\u00e1ros nyitna szob\u00e1kat. Jelenleg is csak egy p\u00e1r tartom\u00e1nyban d\u00f6nt\u00f6tt \u00fagy a vezet\u00e9s, hogy enged\u00e9lyezi \u00e9s kidolgozza a sz\u00fcks\u00e9ges jogi kereteket.<o:p><\/o:p><\/span><\/p>\n<p class=\"MsoNormal\" style=\"margin: 0cm 0cm 0pt; text-align: justify;\"><span style=\"font-size: 10pt; font-family: Verdana;\"><o:p>&nbsp;<\/o:p><\/span><\/p>\n<p class=\"MsoNormal\" style=\"margin: 0cm 0cm 0pt; text-align: justify;\"><em style=\"\"><span style=\"font-size: 10pt; font-family: Verdana;\">TASZ: Elk\u00e9pzelhet\u0151-e, hogy a heroin fel\u00edr\u00e1s egy id\u0151 ut\u00e1n \u00e1tveszi a szob\u00e1k szerep\u00e9t?<\/span><\/em><span style=\"font-size: 10pt; font-family: Verdana;\"><o:p><\/o:p><\/span><\/p>\n<p class=\"MsoNormal\" style=\"margin: 0cm 0cm 0pt; text-align: justify;\"><span style=\"font-size: 10pt; font-family: Verdana;\">Josch Steinmetz: Nem hinn\u00e9m. Jelenleg N\u00e9metorsz\u00e1gban kutat\u00e1si st\u00e1diumban van a heroin program, \u00e9s m\u00e9g nincsenek meg az eredm\u00e9nyek. Egyel\u0151re t\u00fal dr\u00e1ga a program, mert nagyon \u0151rzik \u00e9s \u00e1lland\u00f3 orvosi jelenl\u00e9tet kell biztos\u00edtani. Azt is figyelembe kell venni, hogy a heroint napi h\u00e1romszor haszn\u00e1lj\u00e1k, a metadont csak egyszer. Az biztos, hogy Frankfurtban v\u00e1ltoz\u00e1sok lesznek, k\u00f6zelednek a v\u00e1laszt\u00e1sok is, de hogy milyen ir\u00e1nyba mozdulunk el, azt nem tudn\u00e1m megmondani. A v\u00e1rosnak tervei vannak ezzel a ter\u00fclettel, \u00e9s az az \u00e9rz\u00e9sem, hogy cs\u00f6kkenteni fogj\u00e1k a drogseg\u00edt\u0151 rendszer t\u00e1mogat\u00e1s\u00e1t, val\u00f3sz\u00edn\u0171leg p\u00e1r szob\u00e1t be is z\u00e1rnak majd. A m\u00e1sik terv\u00fck az, hogy csak frankfurtiakat szolg\u00e1lnak majd ki a j\u00f6v\u0151ben, megsz\u00fcntetik az anonim rendszert, hogy t\u00e1vol tarts\u00e1k a m\u00e1s v\u00e1rosb\u00f3l \u00e9rkez\u0151ket.<o:p><\/o:p><\/span><\/p>\n<p class=\"MsoNormal\" style=\"margin: 0cm 0cm 0pt; text-align: justify;\"><span style=\"font-size: 10pt; font-family: Verdana;\"><o:p>&nbsp;<\/o:p><\/span><\/p>\n<p align=\"center\" class=\"folderdesc\"><img loading=\"lazy\" decoding=\"async\" alt=\"\" height=\"550\" src=\"\/wp-content\/uploads\/sites\/8\/drogriporter\/konsum17.jpeg\" width=\"383\" \/><\/p>\n<p align=\"center\" class=\"folderdesc\"><font color=\"#000000\" size=\"1\">A toronyh\u00e1zak alatt, Taunuspark<\/font><\/p>\n<p align=\"center\" class=\"folderdesc\"><font color=\"#000000\" size=\"1\">fot\u00f3: Tak\u00e1cs Istv\u00e1n G\u00e1bor<\/font><\/p>\n<p align=\"center\" class=\"folderdesc\">&nbsp;<\/p>\n<p class=\"MsoNormal\" style=\"margin: 0cm 0cm 0pt; text-align: justify;\"><em style=\"\"><span style=\"font-size: 10pt; font-family: Verdana;\">TASZ: Ha megsz\u00fcntetn\u00e9k a szob\u00e1k anonimit\u00e1s\u00e1t, ebb\u0151l a v\u00e1rosb\u00f3l is kevesebben venn\u00e9k ig\u00e9nybe, nem?<\/span><\/em><span style=\"font-size: 10pt; font-family: Verdana;\"><o:p><\/o:p><\/span><\/p>\n<p class=\"MsoNormal\" style=\"margin: 0cm 0cm 0pt; text-align: justify;\"><span style=\"font-size: 10pt; font-family: Verdana;\">Josch Steinmetz: \u00cdgy van. Az a v\u00e1laszuk erre, hogy m\u00e1r megb\u00edznak benn\u00fcnk az emberek \u00e9s tudj\u00e1k, hogy nem adn\u00e1nk ki a nev\u00fcket senkinek. Mindenesetre fontolgatj\u00e1k ezt a k\u00e9rd\u00e9st. Abba az ir\u00e1nyba haladunk, hogy egyre t\u00f6bb dokument\u00e1ci\u00f3ra \u00e9s pap\u00edrmunk\u00e1ra van sz\u00fcks\u00e9g, kev\u00e9sb\u00e9 lesznek alacsonyk\u00fcsz\u00f6b\u0171ek a programok, tal\u00e1n csak frankfurtiaknak, \u00e9s kevesebb program lesz. A jelen gazdas\u00e1gi helyzet is hozz\u00e1j\u00e1rul ahhoz, hogy visszal\u00e9p\u00e9sek t\u00f6rt\u00e9nnek majd a drogpolitika ter\u00e9n, az embereknek eleg\u00fck van a drogt\u00e9m\u00e1b\u00f3l, &bdquo;Frankfurt&rdquo; pedig &bdquo;tiszta \u00e9s rendes&rdquo; v\u00e1ros akar lenni. A v\u00e1ros OSSIP<span class=\"MsoEndnoteReference\"><span style=\"\"><span class=\"MsoEndnoteReference\"><span style=\"font-size: 10pt; font-family: Verdana;\"><sup>[7]<\/sup><\/span><\/span><\/span><\/span> programja ennek a r\u00e9sze. Mi is r\u00e9szt vesz\u00fcnk benne, mint minden szolg\u00e1ltat\u00e1snak a k\u00f6rny\u00e9ken, nek\u00fcnk is van egy OSSIP tagunk. A program els\u0151dleges c\u00e9lja az utc\u00e1k tiszt\u00e1bb\u00e1 t\u00e9tele, a m\u00e1sik pedig az, hogy az emberek hamarabb vegy\u00e9k ig\u00e9nybe a programokat. \u00c9s val\u00f3ban seg\u00edthet\u00fcnk az embereknek az OSSIP-on kereszt\u00fcl, mert t\u00f6bb szoci\u00e1lis munk\u00e1t v\u00e9gezhet\u00fcnk, m\u00e9gis a rend\u0151rs\u00e9g j\u00e1tssza a f\u0151szerepet. Az Offenz\u00edv Szoci\u00e1lis Munka Biztons\u00e1g Integr\u00e1ci\u00f3 \u00e9s Prevenci\u00f3-nak mi vagyunk az offenz\u00edv szoci\u00e1lis munka r\u00e9sze, a t\u00f6bbi a rend\u0151rs\u00e9g.<o:p><\/o:p><\/span><\/p>\n<p class=\"MsoNormal\" style=\"margin: 0cm 0cm 0pt; text-align: justify;\"><span style=\"font-size: 10pt; font-family: Verdana;\"><o:p>&nbsp;<\/o:p><\/span><\/p>\n<p class=\"MsoNormal\" style=\"margin: 0cm 0cm 0pt; text-align: justify;\"><em style=\"\"><span style=\"font-size: 10pt; font-family: Verdana;\">TASZ: Megpr\u00f3b\u00e1lj\u00e1k jobban bevonni az embereket az int\u00e9zm\u00e9nyek ell\u00e1t\u00e1si k\u00f6r\u00e9be?<\/span><\/em><span style=\"font-size: 10pt; font-family: Verdana;\"><o:p><\/o:p><\/span><\/p>\n<p class=\"MsoNormal\" style=\"margin: 0cm 0cm 0pt; text-align: justify;\"><span style=\"font-size: 10pt; font-family: Verdana;\">Josch Steinmetz: Igen. Alapvet\u0151en nem rossz gondolat, mert az utc\u00e1k helyzete nem volt elfogadhat\u00f3. A program a kooper\u00e1ci\u00f3r\u00f3l sz\u00f3l. Ha a k\u00fcl\u00f6nb\u00f6z\u0151 h\u00e1tt\u00e9rrel \u00e9s koncepci\u00f3val rendelkez\u0151 n\u00e9gy-hat nagyobb NGO-t jobban \u00f6sszehozza, hamarabb lehet egy\u00e9nre szabott szolg\u00e1ltat\u00e1sokat biztos\u00edtani. Ezt kor\u00e1bban is \u00edgy csin\u00e1ltuk, de nem ennyire szervezetten.<o:p><\/o:p><\/span><\/p>\n<p class=\"MsoNormal\" style=\"margin: 0cm 0cm 0pt; text-align: justify;\"><span style=\"font-size: 10pt; font-family: Verdana;\"><o:p>&nbsp;<\/o:p><\/span><\/p>\n<p class=\"MsoNormal\" style=\"margin: 0cm 0cm 0pt; text-align: justify;\"><em style=\"\"><span style=\"font-size: 10pt; font-family: Verdana;\">TASZ: A rend\u0151rs\u00e9g idehozza az embereket?<\/span><\/em><span style=\"font-size: 10pt; font-family: Verdana;\"><o:p><\/o:p><\/span><\/p>\n<p class=\"MsoNormal\" style=\"margin: 0cm 0cm 0pt; text-align: justify;\"><span style=\"font-size: 10pt; font-family: Verdana;\">Josch Steinmetz: Nem. Megmondj\u00e1k nekik, hogy az injekt\u00e1l\u00e1snak v\u00e9ge a j\u00e1rd\u00e1n, ha megl\u00e1tunk itt m\u00e9g egyszer elvessz\u00fck a drogodat, \u00fagyhogy ir\u00e1ny a fogyaszt\u00e1si szoba. A legt\u00f6bben j\u00f6nnek is. Ennek megvan az a mell\u00e9khat\u00e1sa, hogy amikor tele vagyunk, nem tudjuk beengedni az embereket, \u00edgy nagyobb a fesz\u00fclts\u00e9g \u00e9s kicsivel t\u00f6bb az er\u0151szak a szob\u00e1ban. Az OSSIP egy politikai program, ez volt a tavalyi t\u00e9ma az \u00fajs\u00e1goknak. Tavaly el\u0151tt a crack-haszn\u00e1l\u00f3 szoba volt soron, el\u0151tte pedig a heroin-program. Egy \u00e9v egy program, \u00edgy megy ez a politik\u00e1ban. A p\u00e9nzt, amit az OSSIP-on kereszt\u00fcl kapunk, t\u0151l\u00fcnk vett\u00e9k el kor\u00e1bban, a szolg\u00e1ltat\u00e1saink sz\u0171k\u00edt\u00e9s\u00e9vel. Az OSSIP el\u0151tt h\u00e9t napot voltunk nyitva a h\u00e9ten, most hatot \u00e9s egyet az OSSIP-pal.<o:p><\/o:p><\/span><\/p>\n<p class=\"MsoNormal\" style=\"margin: 0cm 0cm 0pt; text-align: justify;\"><span style=\"font-size: 10pt; font-family: Verdana;\"><o:p>&nbsp;<\/o:p><\/span><\/p>\n<p align=\"center\" class=\"folderdesc\"><img loading=\"lazy\" decoding=\"async\" alt=\"\" height=\"550\" src=\"\/wp-content\/uploads\/sites\/8\/drogriporter\/konsum18.jpeg\" width=\"378\" \/><\/p>\n<p align=\"center\" class=\"folderdesc\"><font color=\"#000000\" size=\"1\">Egy eldugott jap\u00e1nkert Frankfurtban<\/font><\/p>\n<p align=\"center\" class=\"folderdesc\"><font color=\"#000000\" size=\"1\">fot\u00f3: Tak\u00e1cs Istv\u00e1n G\u00e1bor<\/font><\/p>\n<p align=\"center\" class=\"folderdesc\">&nbsp;<\/p>\n<p class=\"MsoNormal\" style=\"margin: 0cm 0cm 0pt; text-align: justify;\"><em style=\"\"><span style=\"font-size: 10pt; font-family: Verdana;\">TASZ: M\u00e9g mindig jobb, hogy progressz\u00edv \u00f6tletekkel rukkolnak el\u0151, mint folyton prohibicionista k\u00f6r\u00f6ket futni, mint n\u00e1lunk.<\/span><\/em><span style=\"font-size: 10pt; font-family: Verdana;\"><o:p><\/o:p><\/span><\/p>\n<p class=\"MsoNormal\" style=\"margin: 0cm 0cm 0pt; text-align: justify;\"><span style=\"font-size: 10pt; font-family: Verdana;\">Josch Steinmetz: Igaz, a frankfurti \u00fat helyesebb, de ez nem jelenti azt, hogy a politikusainknak nagyobb sz\u00edv\u00fck vagy m\u00e1s szoci\u00e1lis attit\u0171dj\u00fck lenne.<o:p><\/o:p><\/span><\/p>\n<p class=\"MsoNormal\" style=\"margin: 0cm 0cm 0pt; text-align: justify;\"><span style=\"font-size: 10pt; font-family: Verdana;\"><o:p>&nbsp;<\/o:p><\/span><\/p>\n<p align=\"center\" class=\"folderdesc\"><img loading=\"lazy\" decoding=\"async\" alt=\"\" height=\"412\" src=\"\/wp-content\/uploads\/sites\/8\/drogriporter\/konsum19.jpeg\" width=\"550\" \/><\/p>\n<p align=\"center\" class=\"folderdesc\"><font color=\"#000000\" size=\"1\">Haszn\u00e1lt &quot;Twinrixes&quot; ampull\u00e1k<\/font><\/p>\n<p align=\"center\" class=\"folderdesc\"><font color=\"#000000\" size=\"1\">fot\u00f3: Tak\u00e1cs Istv\u00e1n G\u00e1bor<\/font><\/p>\n<p align=\"center\" class=\"folderdesc\">&nbsp;<\/p>\n<p class=\"MsoNormal\" style=\"margin: 0cm 0cm 0pt; text-align: justify;\"><em style=\"\"><span style=\"font-size: 10pt; font-family: Verdana;\">TASZ: De legal\u00e1bb megadj\u00e1k a programoknak \u00edg\u00e9rt t\u00e1mogat\u00e1st. V\u00e9gezet\u00fcl, besz\u00e9lhetn\u00e9nk a hepatitis prevenci\u00f3s kamp\u00e1nyukr\u00f3l?<\/span><\/em><span style=\"font-size: 10pt; font-family: Verdana;\"><o:p><\/o:p><\/span><\/p>\n<p class=\"MsoNormal\" style=\"margin: 0cm 0cm 0pt; text-align: justify;\"><span style=\"font-size: 10pt; font-family: Verdana;\">Josch Steinmetz: Tavaly augusztusban kezdt\u00fck el, miut\u00e1n tal\u00e1ltunk egy t\u00e1mogat\u00f3t. M\u00e1sk\u00e9pp nem kapunk t\u00e1mogat\u00e1st olt\u00e1sokra, pedig a miniszt\u00e9riumoknak vagy az eg\u00e9szs\u00e9gbiztos\u00edt\u00e1snak oda kellene figyelnie erre. Sz\u00f3r\u00f3lapokkal \u00e9rt\u00fck el az embereket, az els\u0151 hetekben heti \u00f6tsz\u00f6r h\u00e1rom \u00f3ra \u00e1llt rendelkez\u00e9s\u00fckre hogy v\u00e9rt adjanak, \u00e9s megkapj\u00e1k az els\u0151 adag Twinrixet. Amikor visszaj\u00f6ttek az eredm\u00e9nyek\u00e9rt, megkapt\u00e1k a m\u00e1sodik olt\u00e1st, ha sz\u00fcks\u00e9g volt r\u00e1. Baj, hogy a szak\u00e9rt\u0151k nem figyelnek oda el\u00e9gg\u00e9 a hepatitis-A-ra. Sok probl\u00e9ma sz\u00e1rmazhat abb\u00f3l, ha a C mellett A-val is megfert\u0151z\u0151dik valaki, ez\u00e9rt fontos id\u0151ben v\u00e9d\u0151olt\u00e1st biztos\u00edtani. Mostan\u00e1ig 365 embert \u00e9rt\u00fcnk el, ebb\u0151l 335 adott v\u00e9rt. A sz\u0171r\u00e9s sor\u00e1n nagyon fontos adatokat szerezt\u00fcnk. Ahogy v\u00e1rhat\u00f3 volt, nagyon sokan fert\u0151z\u00f6ttek hepatitis-C-vel, 70-80%-uk (236), kicsivel kevesebben B-vel (156) \u00e9s A-val (198), 7 ember bizonyult HIV-pozit\u00edvnak. 190 ember volt HAV- \u00e9s HBV-pozit\u00edv, vagyis egy harmadukat m\u00e1r k\u00e9s\u0151 volt beoltani. 93-man Hepatitis A, B, \u00e9s C fert\u0151z\u00f6ttek voltak, \u00e9s mind\u00f6ssze 43-muk volt mindegyikre negat\u00edv. 58-an HCV-pozit\u00edvak voltak an\u00e9lk\u00fcl, hogy tudtak volna r\u00f3la. Ez volt az egyik m\u00e1sodlagos c\u00e9lunk, megtudni, hogy mennyire van \u00f6sszhangban a val\u00f3s helyzettel a tud\u00e1suk arr\u00f3l, hogy hordoznak-e valamilyen v\u00edrust. M\u00e9rges szoktam lenni a t\u00fal sok adatgy\u0171jt\u00e9sre, a t\u00fal sok k\u00e9rd\u00e9sre. \u00c9n azt szeretn\u00e9m tudni, hogy az emberek k\u00e9pesek-e v\u00e1laszt adni, \u00e9s ennek a vizsg\u00e1latnak az a tapasztalata, hogy a fel\u00fck rossz v\u00e1laszt ad. Ha t\u00e9nyleg tudni akarjuk, hogy mi a helyzet, sz\u0171r\u00e9seket kell v\u00e9gezni, nem k\u00e9rdezni. Az emberek sokat tudnak a HIV-r\u0151l, \u00e9s arr\u00f3l hogy fert\u0151z\u00f6ttek-e vagy sem, de nem tudnak eleget a hepatitisr\u0151l, mert t\u00fal bonyolult. A kamp\u00e1nyunkkal n\u00f6velni akartuk a tud\u00e1st err\u0151l a fert\u0151z\u00e9sr\u0151l, arr\u00f3l, hogy milyen \u00e9letm\u00f3d v\u00e1ltoztat\u00e1sokra van sz\u00fcks\u00e9g, \u00e9s egy\u00e1ltal\u00e1n, felh\u00edvni a figyelm\u00fcket a vesz\u00e9lyre. M\u00e9g mindig folyik a kamp\u00e1ny, cs\u00fct\u00f6rt\u00f6k\u00f6nk\u00e9nt olt\u00e1sra van lehet\u0151s\u00e9g, este pedig az orvosok \u00e1llnak rendelkez\u00e9sre. Szeretn\u00e9nk folyamatoss\u00e1 tenni ezt a szolg\u00e1ltat\u00e1st, ez\u00e9rt keres\u00fcnk most \u00faj t\u00e1mogat\u00f3kat. Csod\u00e1lkoztunk rajta, hogy milyen k\u00f6nnyen el\u00e9rt\u00fck az embereket az olt\u00e1sokkal, \u00e9s nem \u00e9rtem mi\u00e9rt nem tette ezt m\u00e1r meg valamelyik szervezet kor\u00e1bban.<o:p><\/o:p><\/span><\/p>\n<p class=\"MsoNormal\" style=\"margin: 0cm 0cm 0pt; text-align: justify;\"><span style=\"font-size: 10pt; font-family: Verdana;\"><o:p>&nbsp;<\/o:p><\/span><\/p>\n<p class=\"MsoNormal\" style=\"margin: 0cm 0cm 0pt; text-align: justify;\"><span style=\"font-size: 10pt; font-family: Verdana;\">K\u00e9sz\u00fclt 2005. m\u00e1jus\u00e1ban<o:p><\/o:p><\/span><\/p>\n<p class=\"MsoNormal\" style=\"margin: 0cm 0cm 0pt; text-align: justify;\"><span style=\"font-size: 10pt; font-family: Verdana;\">Tak\u00e1cs Istv\u00e1n G\u00e1bor<o:p><\/o:p><\/span><\/p>\n<p class=\"MsoNormal\" style=\"margin: 0cm 0cm 0pt; text-align: justify;\"><span style=\"font-size: 10pt; font-family: Verdana;\"><o:p>&nbsp;<\/o:p><\/span><\/p>\n<p>&nbsp;<\/p>\n<hr align=\"left\" size=\"1\" width=\"33%\" \/>\n<div id=\"edn1\" style=\"\">\n<p class=\"MsoEndnoteText\" style=\"margin: 0cm 0cm 0pt;\"><span class=\"MsoEndnoteReference\"><span style=\"font-size: 8pt; font-family: Verdana;\"><span style=\"\"><span class=\"MsoEndnoteReference\"><span style=\"font-size: 8pt; font-family: Verdana;\">[1]<\/span><\/span><\/span><\/span><\/span><span style=\"font-size: 8pt; font-family: Verdana;\"> Tak\u00e1cs Istv\u00e1n G\u00e1bor: Cafe Fix &ndash; Az \u00e1rtalomcs\u00f6kkent\u00e9s frankfurti p\u00e9ld\u00e1ja, Addictologia Hungarica, L&rsquo;Harmattan K\u00f6nyvkiad\u00f3 \u00e9s Interdiszciplin\u00e1ris Addiktol\u00f3giai F\u00f3rum, Budapest, 2004\/2. (<a class=\"formattedtext_link\" href=\"\/node\/276\"><font color=\"#0080c0\"><strong>html<\/strong><\/font><\/a>)<\/span><\/p>\n<\/div>\n<div id=\"edn2\" style=\"\">\n<p class=\"MsoEndnoteText\" style=\"margin: 0cm 0cm 0pt;\"><span class=\"MsoEndnoteReference\"><span style=\"font-size: 8pt; font-family: Verdana;\"><span style=\"\"><span class=\"MsoEndnoteReference\"><span style=\"font-size: 8pt; font-family: Verdana;\">[2]<\/span><\/span><\/span><\/span><\/span><span style=\"font-size: 8pt; font-family: Verdana;\">Hedrich D. (2004) European Report on Drug Consumption Rooms. Luxembourg, Office for Official Publications of the European Communities, 2004. <\/span><a href=\"https:\/\/www.emcdda.eu.int\/index.cfm?fuseaction=public.AttachmentDownload&amp;nNodeID=2944&amp;slanguageISO=EN\"><font size=\"2\"><font size=\"1\"><img loading=\"lazy\" decoding=\"async\" alt=\"\" height=\"25\" src=\"\/wp-content\/uploads\/sites\/8\/drogriporter\/PDF_icon.jpg\" width=\"25\" \/><\/font><\/font><\/a><span style=\"font-size: 8pt; font-family: Verdana;\"> <\/span><\/p>\n<\/div>\n<div id=\"edn3\" style=\"\">\n<p class=\"MsoEndnoteText\" style=\"margin: 0cm 0cm 0pt;\"><span class=\"MsoEndnoteReference\"><span style=\"font-size: 8pt; font-family: Verdana;\"><span style=\"\"><span class=\"MsoEndnoteReference\"><span style=\"font-size: 8pt; font-family: Verdana;\">[3]<\/span><\/span><\/span><\/span><\/span><span style=\"font-size: 8pt; font-family: Verdana;\"> Naloxon, t\u00faladagol\u00e1s eset\u00e9n haszn\u00e1latos opi\u00e1t antagonista szer, amely azonnal megsz\u00fcnteti az opi\u00e1tok hat\u00e1s\u00e1t<\/span><\/p>\n<\/div>\n<div id=\"edn4\" style=\"\">\n<p class=\"MsoEndnoteText\" style=\"margin: 0cm 0cm 0pt;\"><span class=\"MsoEndnoteReference\"><span style=\"font-size: 8pt; font-family: Verdana;\"><span style=\"\"><span class=\"MsoEndnoteReference\"><span style=\"font-size: 8pt; font-family: Verdana;\">[4]<\/span><\/span><\/span><\/span><\/span><span style=\"font-size: 8pt; font-family: Verdana;\"> Crack kokain, a kokain krist\u00e1lyos form\u00e1ja<\/span><\/p>\n<\/div>\n<div id=\"edn5\" style=\"\">\n<p class=\"MsoEndnoteText\" style=\"margin: 0cm 0cm 0pt;\"><span class=\"MsoEndnoteReference\"><span style=\"font-size: 8pt; font-family: Verdana;\"><span style=\"\"><span class=\"MsoEndnoteReference\"><span style=\"font-size: 8pt; font-family: Verdana;\">[5]<\/span><\/span><\/span><\/span><\/span><span style=\"font-size: 8pt; font-family: Verdana;\"> szleng, kokain<o:p><\/o:p><\/span><\/p>\n<\/div>\n<div id=\"edn6\" style=\"\">\n<p class=\"MsoEndnoteText\" style=\"margin: 0cm 0cm 0pt;\"><span class=\"MsoEndnoteReference\"><span style=\"font-size: 8pt; font-family: Verdana;\"><span style=\"\"><span class=\"MsoEndnoteReference\"><span style=\"font-size: 8pt; font-family: Verdana;\">[6]<\/span><\/span><\/span><\/span><\/span><span style=\"font-size: 8pt; font-family: Verdana;\"> A j\u00f3 old\u00f3d\u00e1s miatt savas k\u00f6zegre van sz\u00fcks\u00e9g<o:p><\/o:p><\/span><\/p>\n<\/div>\n<p><span class=\"MsoEndnoteReference\"><span style=\"font-size: 8pt; font-family: Verdana;\"><span style=\"\"><span class=\"MsoEndnoteReference\"><span style=\"font-size: 8pt; font-family: Verdana;\">[7]<\/span><\/span><\/span><\/span><\/span><span style=\"font-size: 8pt; font-family: Verdana;\"> <\/span><span lang=\"EN-GB\" style=\"font-size: 8pt; color: black; font-family: Verdana;\">Offensive Sozialarbeit Sicherheit Integration Prevention, <\/span><span style=\"font-size: 8pt; font-family: Verdana;\">Offenz\u00edv Szoci\u00e1lis Munka Biztons\u00e1g Integr\u00e1ci\u00f3 \u00e9s Prevenci\u00f3<\/span><\/p>\n","protected":false},"excerpt":{"rendered":"<p>Az \u00e1rtalomcs\u00f6kkent\u00e9s frankfurti p\u00e9ld\u00e1ja.<\/p>\n","protected":false},"author":1005,"featured_media":0,"comment_status":"open","ping_status":"open","sticky":false,"template":"","format":"standard","meta":{"_genesis_hide_title":false,"_genesis_hide_breadcrumbs":false,"_genesis_hide_singular_image":false,"_genesis_hide_footer_widgets":false,"_genesis_custom_body_class":"","_genesis_custom_post_class":"","_genesis_layout":"","footnotes":""},"categories":[2900],"tags":[],"countries":[],"section":[],"video-author":[],"drug":[],"archive":[3223,3214,3222],"video-series":[],"class_list":{"0":"post-6901","1":"post","2":"type-post","3":"status-publish","4":"format-standard","6":"category-articles","7":"archive-drug-consumption-rooms","8":"archive-drug-policy-and-law","9":"archive-harm-reduction","10":"entry"},"featured_image_src":null,"author_info":{"display_name":"P\u00e9ter S\u00e1rosi","author_link":"https:\/\/drogriporter.hu\/en\/author\/sarosip-2\/"},"yoast_head":"<!-- This site is optimized with the Yoast SEO Premium plugin  - https:\/\/yoast.com\/product\/yoast-seo-premium-wordpress\/ -->\n<title>Konsumraum Nidda 49 - Drugreporter<\/title>\n<meta name=\"robots\" content=\"index, follow, max-snippet:-1, max-image-preview:large, max-video-preview:-1\" \/>\n<link rel=\"canonical\" href=\"https:\/\/drogriporter.hu\/en\/konsumraum-nidda-49\/\" \/>\n<meta property=\"og:locale\" content=\"en_US\" \/>\n<meta property=\"og:type\" content=\"article\" \/>\n<meta property=\"og:title\" content=\"Konsumraum Nidda 49\" \/>\n<meta property=\"og:description\" content=\"Az \u00e1rtalomcs\u00f6kkent\u00e9s frankfurti p\u00e9ld\u00e1ja.\" \/>\n<meta property=\"og:url\" content=\"https:\/\/drogriporter.hu\/en\/konsumraum-nidda-49\/\" \/>\n<meta property=\"og:site_name\" content=\"Drugreporter\" \/>\n<meta property=\"article:published_time\" content=\"2007-11-28T21:10:53+00:00\" \/>\n<meta property=\"article:modified_time\" content=\"2022-07-04T12:03:31+00:00\" \/>\n<meta name=\"author\" content=\"P\u00e9ter S\u00e1rosi\" \/>\n<meta name=\"twitter:card\" content=\"summary_large_image\" \/>\n<meta name=\"twitter:label1\" content=\"Written by\" \/>\n\t<meta name=\"twitter:data1\" content=\"P\u00e9ter S\u00e1rosi\" \/>\n\t<meta name=\"twitter:label2\" content=\"Est. reading time\" \/>\n\t<meta name=\"twitter:data2\" content=\"39 minutes\" \/>\n<script type=\"application\/ld+json\" class=\"yoast-schema-graph\">{\"@context\":\"https:\\\/\\\/schema.org\",\"@graph\":[{\"@type\":\"Article\",\"@id\":\"https:\\\/\\\/drogriporter.hu\\\/en\\\/konsumraum-nidda-49\\\/#article\",\"isPartOf\":{\"@id\":\"https:\\\/\\\/drogriporter.hu\\\/en\\\/konsumraum-nidda-49\\\/\"},\"author\":{\"name\":\"P\u00e9ter S\u00e1rosi\",\"@id\":\"https:\\\/\\\/drogriporter.hu\\\/en\\\/#\\\/schema\\\/person\\\/fb6cc5151784cb72290e136439b8cfbf\"},\"headline\":\"Konsumraum Nidda 49\",\"datePublished\":\"2007-11-28T21:10:53+00:00\",\"dateModified\":\"2022-07-04T12:03:31+00:00\",\"mainEntityOfPage\":{\"@id\":\"https:\\\/\\\/drogriporter.hu\\\/en\\\/konsumraum-nidda-49\\\/\"},\"wordCount\":7740,\"commentCount\":0,\"articleSection\":[\"Articles\"],\"inLanguage\":\"en-US\"},{\"@type\":\"WebPage\",\"@id\":\"https:\\\/\\\/drogriporter.hu\\\/en\\\/konsumraum-nidda-49\\\/\",\"url\":\"https:\\\/\\\/drogriporter.hu\\\/en\\\/konsumraum-nidda-49\\\/\",\"name\":\"Konsumraum Nidda 49 - Drugreporter\",\"isPartOf\":{\"@id\":\"https:\\\/\\\/drogriporter.hu\\\/en\\\/#website\"},\"datePublished\":\"2007-11-28T21:10:53+00:00\",\"dateModified\":\"2022-07-04T12:03:31+00:00\",\"author\":{\"@id\":\"https:\\\/\\\/drogriporter.hu\\\/en\\\/#\\\/schema\\\/person\\\/fb6cc5151784cb72290e136439b8cfbf\"},\"breadcrumb\":{\"@id\":\"https:\\\/\\\/drogriporter.hu\\\/en\\\/konsumraum-nidda-49\\\/#breadcrumb\"},\"inLanguage\":\"en-US\",\"potentialAction\":[{\"@type\":\"ReadAction\",\"target\":[\"https:\\\/\\\/drogriporter.hu\\\/en\\\/konsumraum-nidda-49\\\/\"]}]},{\"@type\":\"BreadcrumbList\",\"@id\":\"https:\\\/\\\/drogriporter.hu\\\/en\\\/konsumraum-nidda-49\\\/#breadcrumb\",\"itemListElement\":[{\"@type\":\"ListItem\",\"position\":1,\"name\":\"Home\",\"item\":\"https:\\\/\\\/drogriporter.hu\\\/en\\\/\"},{\"@type\":\"ListItem\",\"position\":2,\"name\":\"Konsumraum Nidda 49\"}]},{\"@type\":\"WebSite\",\"@id\":\"https:\\\/\\\/drogriporter.hu\\\/en\\\/#website\",\"url\":\"https:\\\/\\\/drogriporter.hu\\\/en\\\/\",\"name\":\"Drugreporter\",\"description\":\"News and Films from the Frontline of the War on Drugs\",\"potentialAction\":[{\"@type\":\"SearchAction\",\"target\":{\"@type\":\"EntryPoint\",\"urlTemplate\":\"https:\\\/\\\/drogriporter.hu\\\/en\\\/?s={search_term_string}\"},\"query-input\":{\"@type\":\"PropertyValueSpecification\",\"valueRequired\":true,\"valueName\":\"search_term_string\"}}],\"inLanguage\":\"en-US\"},{\"@type\":\"Person\",\"@id\":\"https:\\\/\\\/drogriporter.hu\\\/en\\\/#\\\/schema\\\/person\\\/fb6cc5151784cb72290e136439b8cfbf\",\"name\":\"P\u00e9ter S\u00e1rosi\",\"image\":{\"@type\":\"ImageObject\",\"inLanguage\":\"en-US\",\"@id\":\"https:\\\/\\\/secure.gravatar.com\\\/avatar\\\/b0d99f928865d28655d1d76062ad4e267f8cdb42a281930f70dd9a875b94be0b?s=96&d=mm&r=g\",\"url\":\"https:\\\/\\\/secure.gravatar.com\\\/avatar\\\/b0d99f928865d28655d1d76062ad4e267f8cdb42a281930f70dd9a875b94be0b?s=96&d=mm&r=g\",\"contentUrl\":\"https:\\\/\\\/secure.gravatar.com\\\/avatar\\\/b0d99f928865d28655d1d76062ad4e267f8cdb42a281930f70dd9a875b94be0b?s=96&d=mm&r=g\",\"caption\":\"P\u00e9ter S\u00e1rosi\"},\"description\":\"P\u00e9ter S\u00e1rosi is the Executive Director of the Rights Reporter Foundation. He is a human rights activist and drug policy expert, the founder and editor of the Drugreporter website since 2004, the author of countless articles, co-author of books and director of films about harm reduction and drug policy reform. He was the Director of the Drug Policy Program at the Hungarian Civil Liberties Union between 2004 and 2015. He is experienced in working at international drug policy forums such as the Commission on Narcotic Drugs. He was twice elected to the Core Group of the EU Civil Society Forum on Drugs. He is the co-chair of the Eurasian Harm Reduction Network. He has been representing the Hungarian Harm Reduction Network at the government\u2019s drug advisory body in Hungary since 2007. Peter also contributed to building a network of advocacy NGOs in Europe: the European Drug Policy Initiative. He provided technical assistance to several NGOs, and launched several campaigns on drug policy reform. As a member of the Drugreporter video advocacy team, he has produced videos about drug policy issues in a number of countries. These videos are now part of a unique online drug policy video library.\",\"url\":\"https:\\\/\\\/drogriporter.hu\\\/en\\\/author\\\/sarosip-2\\\/\"}]}<\/script>\n<!-- \/ Yoast SEO Premium plugin. -->","yoast_head_json":{"title":"Konsumraum Nidda 49 - Drugreporter","robots":{"index":"index","follow":"follow","max-snippet":"max-snippet:-1","max-image-preview":"max-image-preview:large","max-video-preview":"max-video-preview:-1"},"canonical":"https:\/\/drogriporter.hu\/en\/konsumraum-nidda-49\/","og_locale":"en_US","og_type":"article","og_title":"Konsumraum Nidda 49","og_description":"Az \u00e1rtalomcs\u00f6kkent\u00e9s frankfurti p\u00e9ld\u00e1ja.","og_url":"https:\/\/drogriporter.hu\/en\/konsumraum-nidda-49\/","og_site_name":"Drugreporter","article_published_time":"2007-11-28T21:10:53+00:00","article_modified_time":"2022-07-04T12:03:31+00:00","author":"P\u00e9ter S\u00e1rosi","twitter_card":"summary_large_image","twitter_misc":{"Written by":"P\u00e9ter S\u00e1rosi","Est. reading time":"39 minutes"},"schema":{"@context":"https:\/\/schema.org","@graph":[{"@type":"Article","@id":"https:\/\/drogriporter.hu\/en\/konsumraum-nidda-49\/#article","isPartOf":{"@id":"https:\/\/drogriporter.hu\/en\/konsumraum-nidda-49\/"},"author":{"name":"P\u00e9ter S\u00e1rosi","@id":"https:\/\/drogriporter.hu\/en\/#\/schema\/person\/fb6cc5151784cb72290e136439b8cfbf"},"headline":"Konsumraum Nidda 49","datePublished":"2007-11-28T21:10:53+00:00","dateModified":"2022-07-04T12:03:31+00:00","mainEntityOfPage":{"@id":"https:\/\/drogriporter.hu\/en\/konsumraum-nidda-49\/"},"wordCount":7740,"commentCount":0,"articleSection":["Articles"],"inLanguage":"en-US"},{"@type":"WebPage","@id":"https:\/\/drogriporter.hu\/en\/konsumraum-nidda-49\/","url":"https:\/\/drogriporter.hu\/en\/konsumraum-nidda-49\/","name":"Konsumraum Nidda 49 - Drugreporter","isPartOf":{"@id":"https:\/\/drogriporter.hu\/en\/#website"},"datePublished":"2007-11-28T21:10:53+00:00","dateModified":"2022-07-04T12:03:31+00:00","author":{"@id":"https:\/\/drogriporter.hu\/en\/#\/schema\/person\/fb6cc5151784cb72290e136439b8cfbf"},"breadcrumb":{"@id":"https:\/\/drogriporter.hu\/en\/konsumraum-nidda-49\/#breadcrumb"},"inLanguage":"en-US","potentialAction":[{"@type":"ReadAction","target":["https:\/\/drogriporter.hu\/en\/konsumraum-nidda-49\/"]}]},{"@type":"BreadcrumbList","@id":"https:\/\/drogriporter.hu\/en\/konsumraum-nidda-49\/#breadcrumb","itemListElement":[{"@type":"ListItem","position":1,"name":"Home","item":"https:\/\/drogriporter.hu\/en\/"},{"@type":"ListItem","position":2,"name":"Konsumraum Nidda 49"}]},{"@type":"WebSite","@id":"https:\/\/drogriporter.hu\/en\/#website","url":"https:\/\/drogriporter.hu\/en\/","name":"Drugreporter","description":"News and Films from the Frontline of the War on Drugs","potentialAction":[{"@type":"SearchAction","target":{"@type":"EntryPoint","urlTemplate":"https:\/\/drogriporter.hu\/en\/?s={search_term_string}"},"query-input":{"@type":"PropertyValueSpecification","valueRequired":true,"valueName":"search_term_string"}}],"inLanguage":"en-US"},{"@type":"Person","@id":"https:\/\/drogriporter.hu\/en\/#\/schema\/person\/fb6cc5151784cb72290e136439b8cfbf","name":"P\u00e9ter S\u00e1rosi","image":{"@type":"ImageObject","inLanguage":"en-US","@id":"https:\/\/secure.gravatar.com\/avatar\/b0d99f928865d28655d1d76062ad4e267f8cdb42a281930f70dd9a875b94be0b?s=96&d=mm&r=g","url":"https:\/\/secure.gravatar.com\/avatar\/b0d99f928865d28655d1d76062ad4e267f8cdb42a281930f70dd9a875b94be0b?s=96&d=mm&r=g","contentUrl":"https:\/\/secure.gravatar.com\/avatar\/b0d99f928865d28655d1d76062ad4e267f8cdb42a281930f70dd9a875b94be0b?s=96&d=mm&r=g","caption":"P\u00e9ter S\u00e1rosi"},"description":"P\u00e9ter S\u00e1rosi is the Executive Director of the Rights Reporter Foundation. He is a human rights activist and drug policy expert, the founder and editor of the Drugreporter website since 2004, the author of countless articles, co-author of books and director of films about harm reduction and drug policy reform. He was the Director of the Drug Policy Program at the Hungarian Civil Liberties Union between 2004 and 2015. He is experienced in working at international drug policy forums such as the Commission on Narcotic Drugs. He was twice elected to the Core Group of the EU Civil Society Forum on Drugs. He is the co-chair of the Eurasian Harm Reduction Network. He has been representing the Hungarian Harm Reduction Network at the government\u2019s drug advisory body in Hungary since 2007. Peter also contributed to building a network of advocacy NGOs in Europe: the European Drug Policy Initiative. He provided technical assistance to several NGOs, and launched several campaigns on drug policy reform. As a member of the Drugreporter video advocacy team, he has produced videos about drug policy issues in a number of countries. These videos are now part of a unique online drug policy video library.","url":"https:\/\/drogriporter.hu\/en\/author\/sarosip-2\/"}]}},"featured_image_src_square":null,"_links":{"self":[{"href":"https:\/\/drogriporter.hu\/en\/wp-json\/wp\/v2\/posts\/6901","targetHints":{"allow":["GET"]}}],"collection":[{"href":"https:\/\/drogriporter.hu\/en\/wp-json\/wp\/v2\/posts"}],"about":[{"href":"https:\/\/drogriporter.hu\/en\/wp-json\/wp\/v2\/types\/post"}],"author":[{"embeddable":true,"href":"https:\/\/drogriporter.hu\/en\/wp-json\/wp\/v2\/users\/1005"}],"replies":[{"embeddable":true,"href":"https:\/\/drogriporter.hu\/en\/wp-json\/wp\/v2\/comments?post=6901"}],"version-history":[{"count":0,"href":"https:\/\/drogriporter.hu\/en\/wp-json\/wp\/v2\/posts\/6901\/revisions"}],"wp:attachment":[{"href":"https:\/\/drogriporter.hu\/en\/wp-json\/wp\/v2\/media?parent=6901"}],"wp:term":[{"taxonomy":"category","embeddable":true,"href":"https:\/\/drogriporter.hu\/en\/wp-json\/wp\/v2\/categories?post=6901"},{"taxonomy":"post_tag","embeddable":true,"href":"https:\/\/drogriporter.hu\/en\/wp-json\/wp\/v2\/tags?post=6901"},{"taxonomy":"countries","embeddable":true,"href":"https:\/\/drogriporter.hu\/en\/wp-json\/wp\/v2\/countries?post=6901"},{"taxonomy":"section","embeddable":true,"href":"https:\/\/drogriporter.hu\/en\/wp-json\/wp\/v2\/section?post=6901"},{"taxonomy":"video-author","embeddable":true,"href":"https:\/\/drogriporter.hu\/en\/wp-json\/wp\/v2\/video-author?post=6901"},{"taxonomy":"drug","embeddable":true,"href":"https:\/\/drogriporter.hu\/en\/wp-json\/wp\/v2\/drug?post=6901"},{"taxonomy":"archive","embeddable":true,"href":"https:\/\/drogriporter.hu\/en\/wp-json\/wp\/v2\/archive?post=6901"},{"taxonomy":"video-series","embeddable":true,"href":"https:\/\/drogriporter.hu\/en\/wp-json\/wp\/v2\/video-series?post=6901"}],"curies":[{"name":"wp","href":"https:\/\/api.w.org\/{rel}","templated":true}]}}