{"id":6917,"date":"2006-10-06T00:00:00","date_gmt":"2006-10-06T00:00:00","guid":{"rendered":"https:\/\/drogriporter.hu\/prosecutors-close-criminal-investigation-against-needle-exchange-worker-2\/"},"modified":"2022-07-04T14:00:16","modified_gmt":"2022-07-04T12:00:16","slug":"prosecutors-close-criminal-investigation-against-needle-exchange-worker-2","status":"publish","type":"post","link":"https:\/\/drogriporter.hu\/en\/prosecutors-close-criminal-investigation-against-needle-exchange-worker-2\/","title":{"rendered":"Prosecutors close criminal investigation against needle exchange worker"},"content":{"rendered":"<p>Short report on the &bdquo;needle exchange case&rdquo;, as appeared in the CEEHRN July news digest.<\/p>\n<p><!--more--><\/p>\n<p>Short report on the &bdquo;needle exchange case&rdquo;, as appeared in the CEEHRN July news digest.<br \/>&nbsp;<\/p>\n<p class=\"MsoNormal\" style=\"margin: 0pt; text-align: justify;\"><span style=\"font-size: 10pt; font-family: Verdana;\">On July 28, criminal investigation against needle exchange worker &ldquo;for facilitating drug use&rdquo; was officially closed. But Hungarian activists promise to further work towards eliminating contradicting governmental positions on harm reduction and to make sure that government-funded harm reduction approaches are recognized by prosecutors as a measure of increasing public health and security. <o:p><\/o:p><\/span><\/p>\n<p class=\"MsoNormal\" style=\"margin: 0pt; text-align: justify;\"><span style=\"font-size: 10pt; font-family: Verdana;\"><o:p>&nbsp;<\/o:p><\/span><\/p>\n<p class=\"MsoNormal\" style=\"margin: 0pt; text-align: justify;\"><span style=\"font-size: 10pt; font-family: Verdana;\">The story started on the World AIDS Day, December 1, 2005 when an employee of a Budapest based needle exchange program (author of this news piece) appeared in the Prosecutor General&rsquo;s Office, accompanied by the lawyer of the Hungarian Civil Liberties Union (HCLU) and several media workers. He asked for a criminal investigation against himself on the ground of a statement by the Office of the Prosecutor General, in which it claimed that &ldquo;regardless of its method or aim, any kind of assistance to illicit drug use under any circumstances substantiates a suspicion of crime, therefore police has to initiate a criminal investigation.&rdquo; This statement was enough to stop the advanced negotiation process between needle and syringe exchange (NSP) providers and the National Police Headquarters. These negotiations could have resulted in an agreement according to which a criminal investigation cannot be started on the base that clients were in possession of injecting equipment only. <o:p><\/o:p><\/span><\/p>\n<p class=\"MsoNormal\" style=\"margin: 0pt; text-align: justify;\"><span style=\"font-size: 10pt; font-family: Verdana;\"><o:p>&nbsp;<\/o:p><\/span><\/p>\n<p class=\"MsoNormal\" style=\"margin: 0pt; text-align: justify;\"><span style=\"font-size: 10pt; font-family: Verdana;\">The aim of the HCLU with this strategic litigation case is to clarify the legal framework of harm reduction services in Hungary. Harm reduction has a long history in the country, with 10 NSPs operating at present, some of them since 1994. The majority of these programs, including the Drug Prevention Foundation&rsquo;s NSP, where the self-reporting employee works, are in fact funded by the state. NSP is included in the National Drug Strategy as the only cost-effective method to stop the spread of blood borne diseases. The coverage of these programs is still inadequate, most probably due to the fact that IDUs are still afraid of police action. The Budapest Police Headquarters has a valid agreement with Budapest NSPs, and the police seems to support these programs but the legal situation of users in possession of syringes and needles is still not resolved. <o:p><\/o:p><\/span><\/p>\n<p class=\"MsoNormal\" style=\"margin: 0pt; text-align: justify;\"><span style=\"font-size: 10pt; font-family: Verdana;\"><o:p>&nbsp;<\/o:p><\/span><\/p>\n<p class=\"MsoNormal\" style=\"margin: 0pt; text-align: justify;\"><span style=\"font-size: 10pt; font-family: Verdana;\">After five-month investigation, in May the police has initiated the prosecution of the NSP worker. Two months later, on July 28, the prosecutor&rsquo;s office announced they closed the criminal investigation, since the needle exchange worker acted in a good will but based on wrong believes that his work in needle exchange does not put society in danger.<o:p><\/o:p><\/span><\/p>\n<p class=\"MsoNormal\" style=\"margin: 0pt; text-align: justify;\"><span style=\"font-size: 10pt; font-family: Verdana;\"><o:p>&nbsp;<\/o:p><\/span><\/p>\n<p class=\"MsoNormal\" style=\"margin: 0pt; text-align: justify;\"><span style=\"font-size: 10pt; font-family: Verdana;\">Harm reduction community is satisfied with the decision but not with its arguments. HCLU is planning to issue an official complaint against the argumentation since NSE<span style=\"\">&nbsp; <\/span>improve public health &#8211; and the intention of drug related criminal law is to defend public health.<o:p><\/o:p><\/span><\/p>\n<p class=\"MsoNormal\" style=\"margin: 0pt; text-align: justify;\"><span style=\"font-size: 10pt; font-family: Verdana;\"><o:p>&nbsp;<\/o:p><\/span><\/p>\n<p class=\"MsoNormal\" style=\"margin: 0pt; text-align: justify;\"><span style=\"font-size: 10pt; font-family: Verdana;\"><font size=\"1\">Istv\u00e1n G\u00e1bor Tak\u00e1cs <o:p><\/o:p><\/font><\/span><\/p>\n<p class=\"MsoNormal\" style=\"margin: 0pt; text-align: justify;\"><span style=\"font-size: 10pt; font-family: Verdana;\"><a href=\"mailto:takacsistvan@tasz.hu\"><span style=\"text-decoration: none;\"><font color=\"#0080c0\" size=\"1\">takacsistvan@tasz.hu<\/font><\/span><\/a><font size=\"1\"> <o:p><\/o:p><\/font><\/span><\/p>\n<p class=\"MsoNormal\" style=\"margin: 0pt; text-align: justify;\"><span style=\"font-size: 10pt; font-family: Verdana;\"><font size=\"1\">Hungarian Civil Liberties Union (<\/font><a href=\"https:\/\/www.hclu.org\/\"><span style=\"text-decoration: none;\"><font color=\"#0080c0\" size=\"1\">https:\/\/www.hclu.org<\/font><\/span><\/a><font size=\"1\">) <o:p><\/o:p><\/font><\/span><\/p>\n<p class=\"MsoNormal\" style=\"margin: 0pt; text-align: justify;\"><span style=\"font-size: 10pt; font-family: Verdana;\"><font size=\"1\">Drug Prevention Foundation, Needle Exchange Program (<\/font><a href=\"https:\/\/www.tucsere.hu\/\"><span style=\"text-decoration: none;\"><font color=\"#0080c0\" size=\"1\">https:\/\/www.tucsere.hu<\/font><\/span><\/a><font size=\"1\">)<o:p><\/o:p><\/font><\/span><\/p>\n<p class=\"MsoNormal\" style=\"margin: 0pt; text-align: justify;\"><span style=\"font-size: 10pt; font-family: Verdana;\"><o:p>&nbsp;<\/o:p><\/span><\/p>\n<p class=\"MsoNormal\" style=\"margin: 0pt; text-align: justify;\"><u><span style=\"font-size: 10pt; font-family: Verdana;\">See also<\/span><\/u><span style=\"font-size: 10pt; font-family: Verdana;\">:<o:p><\/o:p><\/span><\/p>\n<p class=\"MsoNormal\" style=\"margin: 0pt; text-align: justify;\"><span style=\"font-size: 10pt; font-family: Verdana;\"><o:p>&nbsp;<\/o:p><\/span><\/p>\n<p class=\"MsoNormal\" style=\"margin: 0pt; text-align: justify;\"><span style=\"font-size: 10pt; font-family: Verdana;\"><a href=\"\/node\/833\"><span style=\"text-decoration: none;\"><font color=\"#0080c0\">HCLU uses Strategic Litigation as a tool in Needle Exchange Advocacy Fight<\/font><\/span><\/a> <em style=\"\">1st of December 2005<\/em>, Drugreporter<o:p><\/o:p><\/span><\/p>\n<p class=\"MsoNormal\" style=\"margin: 0pt; text-align: justify;\"><span style=\"font-size: 10pt; font-family: Verdana;\"><o:p>&nbsp;<\/o:p><\/span><\/p>\n<p><span style=\"font-size: 10pt; font-family: Verdana;\"><a href=\"\/node\/831\"><span style=\"text-decoration: none;\"><font color=\"#0080c0\">HCLU raises awareness of NEP policy discrepancies &#8211; Successful hearing at the Drug Committee of the Hungarian Parliament<\/font><\/span><\/a> <em style=\"\">1st of December 2005<\/em>, Drugreporter<\/span><\/p>\n","protected":false},"excerpt":{"rendered":"<p>Short report on the &bdquo;needle exchange case&rdquo;, as appeared in the CEEHRN July news digest.<\/p>\n","protected":false},"author":1003,"featured_media":0,"comment_status":"open","ping_status":"open","sticky":false,"template":"","format":"standard","meta":{"_genesis_hide_title":false,"_genesis_hide_breadcrumbs":false,"_genesis_hide_singular_image":false,"_genesis_hide_footer_widgets":false,"_genesis_custom_body_class":"","_genesis_custom_post_class":"","_genesis_layout":"","footnotes":""},"categories":[2900],"tags":[],"countries":[],"section":[],"video-author":[],"drug":[],"archive":[3214,3222],"video-series":[],"class_list":{"0":"post-6917","1":"post","2":"type-post","3":"status-publish","4":"format-standard","6":"category-articles","7":"archive-drug-policy-and-law","8":"archive-harm-reduction","9":"entry"},"featured_image_src":null,"author_info":{"display_name":"Kardos Tam\u00e1s","author_link":"https:\/\/drogriporter.hu\/en\/author\/kardost\/"},"yoast_head":"<!-- This site is optimized with the Yoast SEO Premium plugin  - https:\/\/yoast.com\/product\/yoast-seo-premium-wordpress\/ -->\n<title>Prosecutors close criminal investigation against needle exchange worker - Drugreporter<\/title>\n<meta name=\"robots\" content=\"index, follow, max-snippet:-1, max-image-preview:large, max-video-preview:-1\" \/>\n<link rel=\"canonical\" href=\"https:\/\/drogriporter.hu\/en\/prosecutors-close-criminal-investigation-against-needle-exchange-worker-2\/\" \/>\n<meta property=\"og:locale\" content=\"en_US\" \/>\n<meta property=\"og:type\" content=\"article\" \/>\n<meta property=\"og:title\" content=\"Prosecutors close criminal investigation against needle exchange worker\" \/>\n<meta property=\"og:description\" content=\"Short report on the &bdquo;needle exchange case&rdquo;, as appeared in the CEEHRN July news digest.\" \/>\n<meta property=\"og:url\" content=\"https:\/\/drogriporter.hu\/en\/prosecutors-close-criminal-investigation-against-needle-exchange-worker-2\/\" \/>\n<meta property=\"og:site_name\" content=\"Drugreporter\" \/>\n<meta property=\"article:published_time\" content=\"2006-10-06T00:00:00+00:00\" \/>\n<meta property=\"article:modified_time\" content=\"2022-07-04T12:00:16+00:00\" \/>\n<meta name=\"author\" content=\"Kardos Tam\u00e1s\" \/>\n<meta name=\"twitter:card\" content=\"summary_large_image\" \/>\n<meta name=\"twitter:label1\" content=\"Written by\" \/>\n\t<meta name=\"twitter:data1\" content=\"Kardos Tam\u00e1s\" \/>\n\t<meta name=\"twitter:label2\" content=\"Est. reading time\" \/>\n\t<meta name=\"twitter:data2\" content=\"3 minutes\" \/>\n<script type=\"application\/ld+json\" class=\"yoast-schema-graph\">{\"@context\":\"https:\\\/\\\/schema.org\",\"@graph\":[{\"@type\":\"Article\",\"@id\":\"https:\\\/\\\/drogriporter.hu\\\/en\\\/prosecutors-close-criminal-investigation-against-needle-exchange-worker-2\\\/#article\",\"isPartOf\":{\"@id\":\"https:\\\/\\\/drogriporter.hu\\\/en\\\/prosecutors-close-criminal-investigation-against-needle-exchange-worker-2\\\/\"},\"author\":{\"name\":\"Kardos Tam\u00e1s\",\"@id\":\"https:\\\/\\\/drogriporter.hu\\\/en\\\/#\\\/schema\\\/person\\\/884e1af2cd3e4df2c2ec15a807be13e0\"},\"headline\":\"Prosecutors close criminal investigation against needle exchange worker\",\"datePublished\":\"2006-10-06T00:00:00+00:00\",\"dateModified\":\"2022-07-04T12:00:16+00:00\",\"mainEntityOfPage\":{\"@id\":\"https:\\\/\\\/drogriporter.hu\\\/en\\\/prosecutors-close-criminal-investigation-against-needle-exchange-worker-2\\\/\"},\"wordCount\":573,\"commentCount\":0,\"articleSection\":[\"Articles\"],\"inLanguage\":\"en-US\"},{\"@type\":\"WebPage\",\"@id\":\"https:\\\/\\\/drogriporter.hu\\\/en\\\/prosecutors-close-criminal-investigation-against-needle-exchange-worker-2\\\/\",\"url\":\"https:\\\/\\\/drogriporter.hu\\\/en\\\/prosecutors-close-criminal-investigation-against-needle-exchange-worker-2\\\/\",\"name\":\"Prosecutors close criminal investigation against needle exchange worker - Drugreporter\",\"isPartOf\":{\"@id\":\"https:\\\/\\\/drogriporter.hu\\\/en\\\/#website\"},\"datePublished\":\"2006-10-06T00:00:00+00:00\",\"dateModified\":\"2022-07-04T12:00:16+00:00\",\"author\":{\"@id\":\"https:\\\/\\\/drogriporter.hu\\\/en\\\/#\\\/schema\\\/person\\\/884e1af2cd3e4df2c2ec15a807be13e0\"},\"breadcrumb\":{\"@id\":\"https:\\\/\\\/drogriporter.hu\\\/en\\\/prosecutors-close-criminal-investigation-against-needle-exchange-worker-2\\\/#breadcrumb\"},\"inLanguage\":\"en-US\",\"potentialAction\":[{\"@type\":\"ReadAction\",\"target\":[\"https:\\\/\\\/drogriporter.hu\\\/en\\\/prosecutors-close-criminal-investigation-against-needle-exchange-worker-2\\\/\"]}]},{\"@type\":\"BreadcrumbList\",\"@id\":\"https:\\\/\\\/drogriporter.hu\\\/en\\\/prosecutors-close-criminal-investigation-against-needle-exchange-worker-2\\\/#breadcrumb\",\"itemListElement\":[{\"@type\":\"ListItem\",\"position\":1,\"name\":\"Home\",\"item\":\"https:\\\/\\\/drogriporter.hu\\\/en\\\/\"},{\"@type\":\"ListItem\",\"position\":2,\"name\":\"Prosecutors close criminal investigation against needle exchange worker\"}]},{\"@type\":\"WebSite\",\"@id\":\"https:\\\/\\\/drogriporter.hu\\\/en\\\/#website\",\"url\":\"https:\\\/\\\/drogriporter.hu\\\/en\\\/\",\"name\":\"Drugreporter\",\"description\":\"News and Films from the Frontline of the War on Drugs\",\"potentialAction\":[{\"@type\":\"SearchAction\",\"target\":{\"@type\":\"EntryPoint\",\"urlTemplate\":\"https:\\\/\\\/drogriporter.hu\\\/en\\\/?s={search_term_string}\"},\"query-input\":{\"@type\":\"PropertyValueSpecification\",\"valueRequired\":true,\"valueName\":\"search_term_string\"}}],\"inLanguage\":\"en-US\"},{\"@type\":\"Person\",\"@id\":\"https:\\\/\\\/drogriporter.hu\\\/en\\\/#\\\/schema\\\/person\\\/884e1af2cd3e4df2c2ec15a807be13e0\",\"name\":\"Kardos Tam\u00e1s\",\"image\":{\"@type\":\"ImageObject\",\"inLanguage\":\"en-US\",\"@id\":\"https:\\\/\\\/secure.gravatar.com\\\/avatar\\\/7df4a879b2abb9c08a48932eadcbb305da1c61b41fbe0f86f8ad69d018ac1121?s=96&d=mm&r=g\",\"url\":\"https:\\\/\\\/secure.gravatar.com\\\/avatar\\\/7df4a879b2abb9c08a48932eadcbb305da1c61b41fbe0f86f8ad69d018ac1121?s=96&d=mm&r=g\",\"contentUrl\":\"https:\\\/\\\/secure.gravatar.com\\\/avatar\\\/7df4a879b2abb9c08a48932eadcbb305da1c61b41fbe0f86f8ad69d018ac1121?s=96&d=mm&r=g\",\"caption\":\"Kardos Tam\u00e1s\"},\"url\":\"https:\\\/\\\/drogriporter.hu\\\/en\\\/author\\\/kardost\\\/\"}]}<\/script>\n<!-- \/ Yoast SEO Premium plugin. -->","yoast_head_json":{"title":"Prosecutors close criminal investigation against needle exchange worker - Drugreporter","robots":{"index":"index","follow":"follow","max-snippet":"max-snippet:-1","max-image-preview":"max-image-preview:large","max-video-preview":"max-video-preview:-1"},"canonical":"https:\/\/drogriporter.hu\/en\/prosecutors-close-criminal-investigation-against-needle-exchange-worker-2\/","og_locale":"en_US","og_type":"article","og_title":"Prosecutors close criminal investigation against needle exchange worker","og_description":"Short report on the &bdquo;needle exchange case&rdquo;, as appeared in the CEEHRN July news digest.","og_url":"https:\/\/drogriporter.hu\/en\/prosecutors-close-criminal-investigation-against-needle-exchange-worker-2\/","og_site_name":"Drugreporter","article_published_time":"2006-10-06T00:00:00+00:00","article_modified_time":"2022-07-04T12:00:16+00:00","author":"Kardos Tam\u00e1s","twitter_card":"summary_large_image","twitter_misc":{"Written by":"Kardos Tam\u00e1s","Est. reading time":"3 minutes"},"schema":{"@context":"https:\/\/schema.org","@graph":[{"@type":"Article","@id":"https:\/\/drogriporter.hu\/en\/prosecutors-close-criminal-investigation-against-needle-exchange-worker-2\/#article","isPartOf":{"@id":"https:\/\/drogriporter.hu\/en\/prosecutors-close-criminal-investigation-against-needle-exchange-worker-2\/"},"author":{"name":"Kardos Tam\u00e1s","@id":"https:\/\/drogriporter.hu\/en\/#\/schema\/person\/884e1af2cd3e4df2c2ec15a807be13e0"},"headline":"Prosecutors close criminal investigation against needle exchange worker","datePublished":"2006-10-06T00:00:00+00:00","dateModified":"2022-07-04T12:00:16+00:00","mainEntityOfPage":{"@id":"https:\/\/drogriporter.hu\/en\/prosecutors-close-criminal-investigation-against-needle-exchange-worker-2\/"},"wordCount":573,"commentCount":0,"articleSection":["Articles"],"inLanguage":"en-US"},{"@type":"WebPage","@id":"https:\/\/drogriporter.hu\/en\/prosecutors-close-criminal-investigation-against-needle-exchange-worker-2\/","url":"https:\/\/drogriporter.hu\/en\/prosecutors-close-criminal-investigation-against-needle-exchange-worker-2\/","name":"Prosecutors close criminal investigation against needle exchange worker - Drugreporter","isPartOf":{"@id":"https:\/\/drogriporter.hu\/en\/#website"},"datePublished":"2006-10-06T00:00:00+00:00","dateModified":"2022-07-04T12:00:16+00:00","author":{"@id":"https:\/\/drogriporter.hu\/en\/#\/schema\/person\/884e1af2cd3e4df2c2ec15a807be13e0"},"breadcrumb":{"@id":"https:\/\/drogriporter.hu\/en\/prosecutors-close-criminal-investigation-against-needle-exchange-worker-2\/#breadcrumb"},"inLanguage":"en-US","potentialAction":[{"@type":"ReadAction","target":["https:\/\/drogriporter.hu\/en\/prosecutors-close-criminal-investigation-against-needle-exchange-worker-2\/"]}]},{"@type":"BreadcrumbList","@id":"https:\/\/drogriporter.hu\/en\/prosecutors-close-criminal-investigation-against-needle-exchange-worker-2\/#breadcrumb","itemListElement":[{"@type":"ListItem","position":1,"name":"Home","item":"https:\/\/drogriporter.hu\/en\/"},{"@type":"ListItem","position":2,"name":"Prosecutors close criminal investigation against needle exchange worker"}]},{"@type":"WebSite","@id":"https:\/\/drogriporter.hu\/en\/#website","url":"https:\/\/drogriporter.hu\/en\/","name":"Drugreporter","description":"News and Films from the Frontline of the War on Drugs","potentialAction":[{"@type":"SearchAction","target":{"@type":"EntryPoint","urlTemplate":"https:\/\/drogriporter.hu\/en\/?s={search_term_string}"},"query-input":{"@type":"PropertyValueSpecification","valueRequired":true,"valueName":"search_term_string"}}],"inLanguage":"en-US"},{"@type":"Person","@id":"https:\/\/drogriporter.hu\/en\/#\/schema\/person\/884e1af2cd3e4df2c2ec15a807be13e0","name":"Kardos Tam\u00e1s","image":{"@type":"ImageObject","inLanguage":"en-US","@id":"https:\/\/secure.gravatar.com\/avatar\/7df4a879b2abb9c08a48932eadcbb305da1c61b41fbe0f86f8ad69d018ac1121?s=96&d=mm&r=g","url":"https:\/\/secure.gravatar.com\/avatar\/7df4a879b2abb9c08a48932eadcbb305da1c61b41fbe0f86f8ad69d018ac1121?s=96&d=mm&r=g","contentUrl":"https:\/\/secure.gravatar.com\/avatar\/7df4a879b2abb9c08a48932eadcbb305da1c61b41fbe0f86f8ad69d018ac1121?s=96&d=mm&r=g","caption":"Kardos Tam\u00e1s"},"url":"https:\/\/drogriporter.hu\/en\/author\/kardost\/"}]}},"featured_image_src_square":null,"_links":{"self":[{"href":"https:\/\/drogriporter.hu\/en\/wp-json\/wp\/v2\/posts\/6917","targetHints":{"allow":["GET"]}}],"collection":[{"href":"https:\/\/drogriporter.hu\/en\/wp-json\/wp\/v2\/posts"}],"about":[{"href":"https:\/\/drogriporter.hu\/en\/wp-json\/wp\/v2\/types\/post"}],"author":[{"embeddable":true,"href":"https:\/\/drogriporter.hu\/en\/wp-json\/wp\/v2\/users\/1003"}],"replies":[{"embeddable":true,"href":"https:\/\/drogriporter.hu\/en\/wp-json\/wp\/v2\/comments?post=6917"}],"version-history":[{"count":0,"href":"https:\/\/drogriporter.hu\/en\/wp-json\/wp\/v2\/posts\/6917\/revisions"}],"wp:attachment":[{"href":"https:\/\/drogriporter.hu\/en\/wp-json\/wp\/v2\/media?parent=6917"}],"wp:term":[{"taxonomy":"category","embeddable":true,"href":"https:\/\/drogriporter.hu\/en\/wp-json\/wp\/v2\/categories?post=6917"},{"taxonomy":"post_tag","embeddable":true,"href":"https:\/\/drogriporter.hu\/en\/wp-json\/wp\/v2\/tags?post=6917"},{"taxonomy":"countries","embeddable":true,"href":"https:\/\/drogriporter.hu\/en\/wp-json\/wp\/v2\/countries?post=6917"},{"taxonomy":"section","embeddable":true,"href":"https:\/\/drogriporter.hu\/en\/wp-json\/wp\/v2\/section?post=6917"},{"taxonomy":"video-author","embeddable":true,"href":"https:\/\/drogriporter.hu\/en\/wp-json\/wp\/v2\/video-author?post=6917"},{"taxonomy":"drug","embeddable":true,"href":"https:\/\/drogriporter.hu\/en\/wp-json\/wp\/v2\/drug?post=6917"},{"taxonomy":"archive","embeddable":true,"href":"https:\/\/drogriporter.hu\/en\/wp-json\/wp\/v2\/archive?post=6917"},{"taxonomy":"video-series","embeddable":true,"href":"https:\/\/drogriporter.hu\/en\/wp-json\/wp\/v2\/video-series?post=6917"}],"curies":[{"name":"wp","href":"https:\/\/api.w.org\/{rel}","templated":true}]}}