{"id":7161,"date":"2005-01-26T00:00:00","date_gmt":"2005-01-26T00:00:00","guid":{"rendered":"https:\/\/drogriporter.hu\/black-monday-for-the-freedom-of-information\/"},"modified":"2022-07-04T13:37:21","modified_gmt":"2022-07-04T11:37:21","slug":"black-monday-for-the-freedom-of-information","status":"publish","type":"post","link":"https:\/\/drogriporter.hu\/en\/black-monday-for-the-freedom-of-information\/","title":{"rendered":"Black Monday for the Freedom of Information"},"content":{"rendered":"<p>The Hungarian Civil Liberties Union (HCLU, www.tasz.hu ) lost the first round in its landmark Freedom of Information case on Monday, the 24th of January, in Budapest. In November, 2004, the HCLU filed a lawsuit against the Hungarian Constitutional Court. HCLU then asked the Budapest Court to release the petition of Csaba Hende, Member of the Parliament. The Constitutional Court denied providing the information, so HCLU started a Freedom Of Information case at the Budapest Court.<\/p>\n<p><!--more--><\/p>\n<p><strong>The Hungarian Civil Liberties Union (HCLU, www.tasz.hu ) lost the first round in its landmark Freedom of Information case on Monday, the 24th of January, in Budapest. In November, 2004, the HCLU filed a lawsuit against the Hungarian Constitutional Court. HCLU then asked the Budapest Court to release the petition of Csaba Hende, Member of the Parliament. The Constitutional Court denied providing the information, so HCLU started a Freedom Of Information case at the Budapest Court.<\/strong><\/p>\n<p><\/p>\n<p class=\"MsoNormal\" style=\"margin: 0cm 0cm 0pt; text-align: justify;\"><font size=\"3\"><font face=\"Times New Roman\"><span lang=\"EN-US\" style=\"\">As the <\/span><st1:street><st1:address><span lang=\"EN-US\" style=\"\">Budapest Court<\/span><\/st1:address><\/st1:street><span lang=\"EN-US\" style=\"\"> stated on Monday, the <\/span><st1:street><st1:address><span lang=\"EN-US\" style=\"\">Constitutional Court<\/span><\/st1:address><\/st1:street><span lang=\"EN-US\" style=\"\"> cannot be forced to release the information &ndash; because, as the <\/span><st1:street><st1:address><span lang=\"EN-US\" style=\"\">Budapest Court<\/span><\/st1:address><\/st1:street><span lang=\"EN-US\" style=\"\"> stated, <strong style=\"\">the petition is not information at all. <\/strong>In some other questions the <\/span><st1:street><st1:address><span lang=\"EN-US\" style=\"\">Budapest Court<\/span><\/st1:address><\/st1:street><span lang=\"EN-US\" style=\"\"> accepted HCLU&rsquo;s arguments, and it became clear that the Freedom of Information Act applies to the <\/span><st1:street><st1:address><span lang=\"EN-US\" style=\"\">Constitutional Court<\/span><\/st1:address><\/st1:street><span lang=\"EN-US\" style=\"\">. But the main question, what is considered &ldquo;Public Interest Data&rdquo; (the main terminus in the Hungarian Freedom of Information Act) after the first level court decision seems to remains unclear.<o:p><\/o:p><\/span><\/font><\/font><\/p>\n<p class=\"MsoNormal\" style=\"margin: 0cm 0cm 0pt; text-align: justify;\"><span lang=\"EN-US\" style=\"\"><o:p><font face=\"Times New Roman\" size=\"3\">&nbsp;<\/font><\/o:p><\/span><\/p>\n<p class=\"MsoNormal\" style=\"margin: 0cm 0cm 0pt; text-align: justify;\"><span lang=\"EN-US\" style=\"\"><font size=\"3\"><font face=\"Times New Roman\">HCLU continues to fight in the case, and naturally will appeal to the second level Court. If the decision of the first level Court remains unchanged, contracts and other documents of state agencies and other relevant pieces of information could be judged as not public. Hungarian courts and the practice of the Hungarian Data Protection Ombudsman many times stated in the past that these kinds of documents must be treated as Public Interest Data.<o:p><\/o:p><\/font><\/font><\/span><\/p>\n<p class=\"MsoNormal\" style=\"margin: 0cm 0cm 0pt; text-align: justify;\"><span lang=\"EN-US\" style=\"\"><o:p><font face=\"Times New Roman\" size=\"3\">&nbsp;<\/font><\/o:p><\/span><\/p>\n<p class=\"MsoNormal\" style=\"margin: 0cm 0cm 0pt; text-align: justify;\"><span lang=\"EN-US\" style=\"\"><font size=\"3\"><font face=\"Times New Roman\">HCLU still has a clear legal and moral point of view on the case: a petition of a Member of the Parliament, which aims to change the Criminal Code (in this particular case the MP filed his petition against some paragraphs of the Criminal Code) is relevant to every citizen, and thus needs to be treated as Public Interest Data, and we have the clear right to know it.<o:p><\/o:p><\/font><\/font><\/span><\/p>\n<p class=\"MsoNormal\" style=\"margin: 0cm 0cm 0pt; text-align: justify;\"><span lang=\"EN-US\" style=\"\"><o:p><font face=\"Times New Roman\" size=\"3\">&nbsp;<\/font><\/o:p><\/span><\/p>\n<p class=\"MsoNormal\" style=\"margin: 0cm 0cm 0pt; text-align: justify;\"><span lang=\"EN-US\" style=\"\"><o:p><font face=\"Times New Roman\" size=\"3\">&nbsp;<\/font><\/o:p><\/span><\/p>\n<p class=\"MsoNormal\" style=\"margin: 0cm 0cm 0pt; text-align: justify;\"><span lang=\"EN-US\" style=\"\"><o:p><font face=\"Times New Roman\" size=\"3\">&nbsp;<\/font><\/o:p><\/span><\/p>\n<p class=\"MsoNormal\" style=\"margin: 0cm 0cm 0pt; text-align: justify;\"><strong style=\"\"><span lang=\"EN-US\" style=\"\"><font size=\"3\"><font face=\"Times New Roman\">For more information please contact:<o:p><\/o:p><\/font><\/font><\/span><\/strong><\/p>\n<p class=\"MsoNormal\" style=\"margin: 0cm 0cm 0pt; text-align: justify;\"><strong style=\"\"><span lang=\"EN-US\" style=\"\"><o:p><font face=\"Times New Roman\" size=\"3\">&nbsp;<\/font><\/o:p><\/span><\/strong><\/p>\n<p class=\"MsoNormal\" style=\"margin: 0cm 0cm 0pt; text-align: justify;\"><font size=\"3\"><font face=\"Times New Roman\"><strong style=\"\"><span lang=\"EN-US\" style=\"\">The Hungarian Civil Liberties <\/span><\/strong><st1:place><strong style=\"\"><span lang=\"EN-US\" style=\"\">Union<\/span><\/strong><\/st1:place><strong style=\"\"><span lang=\"EN-US\" style=\"\"><o:p><\/o:p><\/span><\/strong><\/font><\/font><\/p>\n<p class=\"MsoNormal\" style=\"margin: 0cm 0cm 0pt; text-align: justify;\"><strong style=\"\"><span lang=\"EN-US\" style=\"\"><a href=\"https:\/\/www.tasz.hu\/\"><font face=\"Times New Roman\" size=\"3\">www.tasz.hu<\/font><\/a><o:p><\/o:p><\/span><\/strong><\/p>\n<p class=\"MsoNormal\" style=\"margin: 0cm 0cm 0pt; text-align: justify;\"><strong style=\"\"><span lang=\"EN-US\" style=\"\"><a href=\"mailto:tasz@tasz.hu\"><font face=\"Times New Roman\" size=\"3\">tasz@tasz.hu<\/font><\/a><o:p><\/o:p><\/span><\/strong><\/p>\n<p class=\"MsoNormal\" style=\"margin: 0cm 0cm 0pt; text-align: justify;\"><strong style=\"\"><span lang=\"EN-US\" style=\"\"><font size=\"3\"><font face=\"Times New Roman\">tel.\/fax: +36 1&nbsp;209 0046 <o:p><\/o:p><\/font><\/font><\/span><\/strong><\/p>\n<p class=\"MsoNormal\" style=\"margin: 0cm 0cm 0pt; text-align: justify;\"><strong style=\"\"><span lang=\"EN-US\" style=\"\"><o:p><font face=\"Times New Roman\" size=\"3\">&nbsp;<\/font><\/o:p><\/span><\/strong><\/p>\n<p class=\"MsoNormal\" style=\"margin: 0cm 0cm 0pt; text-align: justify;\"><strong style=\"\"><span lang=\"EN-US\" style=\"\"><o:p><font face=\"Times New Roman\" size=\"3\">&nbsp;<\/font><\/o:p><\/span><\/strong><\/p>\n<p class=\"MsoNormal\" style=\"margin: 0cm 0cm 0pt; text-align: justify;\"><strong style=\"\"><span lang=\"EN-US\" style=\"\"><font size=\"3\"><font face=\"Times New Roman\">Balazs Denes <o:p><\/o:p><\/font><\/font><\/span><\/strong><\/p>\n<p class=\"MsoNormal\" style=\"margin: 0cm 0cm 0pt; text-align: justify;\"><strong style=\"\"><span lang=\"EN-US\" style=\"\"><font size=\"3\"><font face=\"Times New Roman\">Executive Director<o:p><\/o:p><\/font><\/font><\/span><\/strong><\/p>\n<p><strong style=\"\"><span lang=\"EN-US\" style=\"\"><font size=\"3\"><font face=\"Times New Roman\">HCLU<\/font><\/font><\/span><\/strong><\/p>\n","protected":false},"excerpt":{"rendered":"<p>The Hungarian Civil Liberties Union (HCLU, www.tasz.hu ) lost the first round in its landmark Freedom of Information case on Monday, the 24th of January, in Budapest. In November, 2004, the HCLU filed a lawsuit against the Hungarian Constitutional Court. HCLU then asked the Budapest Court to release the petition of Csaba Hende, Member of <a href=\"https:\/\/drogriporter.hu\/en\/black-monday-for-the-freedom-of-information\/\"> [&hellip;]<\/a><\/p>\n","protected":false},"author":1005,"featured_media":0,"comment_status":"open","ping_status":"open","sticky":false,"template":"","format":"standard","meta":{"_genesis_hide_title":false,"_genesis_hide_breadcrumbs":false,"_genesis_hide_singular_image":false,"_genesis_hide_footer_widgets":false,"_genesis_custom_body_class":"","_genesis_custom_post_class":"","_genesis_layout":"","footnotes":""},"categories":[2900],"tags":[],"countries":[],"section":[],"video-author":[],"drug":[],"archive":[3214],"video-series":[],"class_list":{"0":"post-7161","1":"post","2":"type-post","3":"status-publish","4":"format-standard","6":"category-articles","7":"archive-drug-policy-and-law","8":"entry"},"featured_image_src":null,"author_info":{"display_name":"P\u00e9ter S\u00e1rosi","author_link":"https:\/\/drogriporter.hu\/en\/author\/sarosip-2\/"},"yoast_head":"<!-- This site is optimized with the Yoast SEO Premium plugin  - https:\/\/yoast.com\/product\/yoast-seo-premium-wordpress\/ -->\n<title>Black Monday for the Freedom of Information - Drugreporter<\/title>\n<meta name=\"robots\" content=\"index, follow, max-snippet:-1, max-image-preview:large, max-video-preview:-1\" \/>\n<link rel=\"canonical\" href=\"https:\/\/drogriporter.hu\/en\/black-monday-for-the-freedom-of-information\/\" \/>\n<meta property=\"og:locale\" content=\"en_US\" \/>\n<meta property=\"og:type\" content=\"article\" \/>\n<meta property=\"og:title\" content=\"Black Monday for the Freedom of Information\" \/>\n<meta property=\"og:description\" content=\"The Hungarian Civil Liberties Union (HCLU, www.tasz.hu ) lost the first round in its landmark Freedom of Information case on Monday, the 24th of January, in Budapest. In November, 2004, the HCLU filed a lawsuit against the Hungarian Constitutional Court. HCLU then asked the Budapest Court to release the petition of Csaba Hende, Member of [&hellip;]\" \/>\n<meta property=\"og:url\" content=\"https:\/\/drogriporter.hu\/en\/black-monday-for-the-freedom-of-information\/\" \/>\n<meta property=\"og:site_name\" content=\"Drugreporter\" \/>\n<meta property=\"article:published_time\" content=\"2005-01-26T00:00:00+00:00\" \/>\n<meta property=\"article:modified_time\" content=\"2022-07-04T11:37:21+00:00\" \/>\n<meta name=\"author\" content=\"P\u00e9ter S\u00e1rosi\" \/>\n<meta name=\"twitter:card\" content=\"summary_large_image\" \/>\n<meta name=\"twitter:label1\" content=\"Written by\" \/>\n\t<meta name=\"twitter:data1\" content=\"P\u00e9ter S\u00e1rosi\" \/>\n\t<meta name=\"twitter:label2\" content=\"Est. reading time\" \/>\n\t<meta name=\"twitter:data2\" content=\"2 minutes\" \/>\n<script type=\"application\/ld+json\" class=\"yoast-schema-graph\">{\"@context\":\"https:\\\/\\\/schema.org\",\"@graph\":[{\"@type\":\"Article\",\"@id\":\"https:\\\/\\\/drogriporter.hu\\\/en\\\/black-monday-for-the-freedom-of-information\\\/#article\",\"isPartOf\":{\"@id\":\"https:\\\/\\\/drogriporter.hu\\\/en\\\/black-monday-for-the-freedom-of-information\\\/\"},\"author\":{\"name\":\"P\u00e9ter S\u00e1rosi\",\"@id\":\"https:\\\/\\\/drogriporter.hu\\\/en\\\/#\\\/schema\\\/person\\\/fb6cc5151784cb72290e136439b8cfbf\"},\"headline\":\"Black Monday for the Freedom of Information\",\"datePublished\":\"2005-01-26T00:00:00+00:00\",\"dateModified\":\"2022-07-04T11:37:21+00:00\",\"mainEntityOfPage\":{\"@id\":\"https:\\\/\\\/drogriporter.hu\\\/en\\\/black-monday-for-the-freedom-of-information\\\/\"},\"wordCount\":424,\"commentCount\":0,\"articleSection\":[\"Articles\"],\"inLanguage\":\"en-US\"},{\"@type\":\"WebPage\",\"@id\":\"https:\\\/\\\/drogriporter.hu\\\/en\\\/black-monday-for-the-freedom-of-information\\\/\",\"url\":\"https:\\\/\\\/drogriporter.hu\\\/en\\\/black-monday-for-the-freedom-of-information\\\/\",\"name\":\"Black Monday for the Freedom of Information - Drugreporter\",\"isPartOf\":{\"@id\":\"https:\\\/\\\/drogriporter.hu\\\/en\\\/#website\"},\"datePublished\":\"2005-01-26T00:00:00+00:00\",\"dateModified\":\"2022-07-04T11:37:21+00:00\",\"author\":{\"@id\":\"https:\\\/\\\/drogriporter.hu\\\/en\\\/#\\\/schema\\\/person\\\/fb6cc5151784cb72290e136439b8cfbf\"},\"breadcrumb\":{\"@id\":\"https:\\\/\\\/drogriporter.hu\\\/en\\\/black-monday-for-the-freedom-of-information\\\/#breadcrumb\"},\"inLanguage\":\"en-US\",\"potentialAction\":[{\"@type\":\"ReadAction\",\"target\":[\"https:\\\/\\\/drogriporter.hu\\\/en\\\/black-monday-for-the-freedom-of-information\\\/\"]}]},{\"@type\":\"BreadcrumbList\",\"@id\":\"https:\\\/\\\/drogriporter.hu\\\/en\\\/black-monday-for-the-freedom-of-information\\\/#breadcrumb\",\"itemListElement\":[{\"@type\":\"ListItem\",\"position\":1,\"name\":\"Home\",\"item\":\"https:\\\/\\\/drogriporter.hu\\\/en\\\/\"},{\"@type\":\"ListItem\",\"position\":2,\"name\":\"Black Monday for the Freedom of Information\"}]},{\"@type\":\"WebSite\",\"@id\":\"https:\\\/\\\/drogriporter.hu\\\/en\\\/#website\",\"url\":\"https:\\\/\\\/drogriporter.hu\\\/en\\\/\",\"name\":\"Drugreporter\",\"description\":\"News and Films from the Frontline of the War on Drugs\",\"potentialAction\":[{\"@type\":\"SearchAction\",\"target\":{\"@type\":\"EntryPoint\",\"urlTemplate\":\"https:\\\/\\\/drogriporter.hu\\\/en\\\/?s={search_term_string}\"},\"query-input\":{\"@type\":\"PropertyValueSpecification\",\"valueRequired\":true,\"valueName\":\"search_term_string\"}}],\"inLanguage\":\"en-US\"},{\"@type\":\"Person\",\"@id\":\"https:\\\/\\\/drogriporter.hu\\\/en\\\/#\\\/schema\\\/person\\\/fb6cc5151784cb72290e136439b8cfbf\",\"name\":\"P\u00e9ter S\u00e1rosi\",\"image\":{\"@type\":\"ImageObject\",\"inLanguage\":\"en-US\",\"@id\":\"https:\\\/\\\/secure.gravatar.com\\\/avatar\\\/b0d99f928865d28655d1d76062ad4e267f8cdb42a281930f70dd9a875b94be0b?s=96&d=mm&r=g\",\"url\":\"https:\\\/\\\/secure.gravatar.com\\\/avatar\\\/b0d99f928865d28655d1d76062ad4e267f8cdb42a281930f70dd9a875b94be0b?s=96&d=mm&r=g\",\"contentUrl\":\"https:\\\/\\\/secure.gravatar.com\\\/avatar\\\/b0d99f928865d28655d1d76062ad4e267f8cdb42a281930f70dd9a875b94be0b?s=96&d=mm&r=g\",\"caption\":\"P\u00e9ter S\u00e1rosi\"},\"description\":\"P\u00e9ter S\u00e1rosi is the Executive Director of the Rights Reporter Foundation. He is a human rights activist and drug policy expert, the founder and editor of the Drugreporter website since 2004, the author of countless articles, co-author of books and director of films about harm reduction and drug policy reform. He was the Director of the Drug Policy Program at the Hungarian Civil Liberties Union between 2004 and 2015. He is experienced in working at international drug policy forums such as the Commission on Narcotic Drugs. He was twice elected to the Core Group of the EU Civil Society Forum on Drugs. He is the co-chair of the Eurasian Harm Reduction Network. He has been representing the Hungarian Harm Reduction Network at the government\u2019s drug advisory body in Hungary since 2007. Peter also contributed to building a network of advocacy NGOs in Europe: the European Drug Policy Initiative. He provided technical assistance to several NGOs, and launched several campaigns on drug policy reform. As a member of the Drugreporter video advocacy team, he has produced videos about drug policy issues in a number of countries. These videos are now part of a unique online drug policy video library.\",\"url\":\"https:\\\/\\\/drogriporter.hu\\\/en\\\/author\\\/sarosip-2\\\/\"}]}<\/script>\n<!-- \/ Yoast SEO Premium plugin. -->","yoast_head_json":{"title":"Black Monday for the Freedom of Information - Drugreporter","robots":{"index":"index","follow":"follow","max-snippet":"max-snippet:-1","max-image-preview":"max-image-preview:large","max-video-preview":"max-video-preview:-1"},"canonical":"https:\/\/drogriporter.hu\/en\/black-monday-for-the-freedom-of-information\/","og_locale":"en_US","og_type":"article","og_title":"Black Monday for the Freedom of Information","og_description":"The Hungarian Civil Liberties Union (HCLU, www.tasz.hu ) lost the first round in its landmark Freedom of Information case on Monday, the 24th of January, in Budapest. In November, 2004, the HCLU filed a lawsuit against the Hungarian Constitutional Court. HCLU then asked the Budapest Court to release the petition of Csaba Hende, Member of [&hellip;]","og_url":"https:\/\/drogriporter.hu\/en\/black-monday-for-the-freedom-of-information\/","og_site_name":"Drugreporter","article_published_time":"2005-01-26T00:00:00+00:00","article_modified_time":"2022-07-04T11:37:21+00:00","author":"P\u00e9ter S\u00e1rosi","twitter_card":"summary_large_image","twitter_misc":{"Written by":"P\u00e9ter S\u00e1rosi","Est. reading time":"2 minutes"},"schema":{"@context":"https:\/\/schema.org","@graph":[{"@type":"Article","@id":"https:\/\/drogriporter.hu\/en\/black-monday-for-the-freedom-of-information\/#article","isPartOf":{"@id":"https:\/\/drogriporter.hu\/en\/black-monday-for-the-freedom-of-information\/"},"author":{"name":"P\u00e9ter S\u00e1rosi","@id":"https:\/\/drogriporter.hu\/en\/#\/schema\/person\/fb6cc5151784cb72290e136439b8cfbf"},"headline":"Black Monday for the Freedom of Information","datePublished":"2005-01-26T00:00:00+00:00","dateModified":"2022-07-04T11:37:21+00:00","mainEntityOfPage":{"@id":"https:\/\/drogriporter.hu\/en\/black-monday-for-the-freedom-of-information\/"},"wordCount":424,"commentCount":0,"articleSection":["Articles"],"inLanguage":"en-US"},{"@type":"WebPage","@id":"https:\/\/drogriporter.hu\/en\/black-monday-for-the-freedom-of-information\/","url":"https:\/\/drogriporter.hu\/en\/black-monday-for-the-freedom-of-information\/","name":"Black Monday for the Freedom of Information - Drugreporter","isPartOf":{"@id":"https:\/\/drogriporter.hu\/en\/#website"},"datePublished":"2005-01-26T00:00:00+00:00","dateModified":"2022-07-04T11:37:21+00:00","author":{"@id":"https:\/\/drogriporter.hu\/en\/#\/schema\/person\/fb6cc5151784cb72290e136439b8cfbf"},"breadcrumb":{"@id":"https:\/\/drogriporter.hu\/en\/black-monday-for-the-freedom-of-information\/#breadcrumb"},"inLanguage":"en-US","potentialAction":[{"@type":"ReadAction","target":["https:\/\/drogriporter.hu\/en\/black-monday-for-the-freedom-of-information\/"]}]},{"@type":"BreadcrumbList","@id":"https:\/\/drogriporter.hu\/en\/black-monday-for-the-freedom-of-information\/#breadcrumb","itemListElement":[{"@type":"ListItem","position":1,"name":"Home","item":"https:\/\/drogriporter.hu\/en\/"},{"@type":"ListItem","position":2,"name":"Black Monday for the Freedom of Information"}]},{"@type":"WebSite","@id":"https:\/\/drogriporter.hu\/en\/#website","url":"https:\/\/drogriporter.hu\/en\/","name":"Drugreporter","description":"News and Films from the Frontline of the War on Drugs","potentialAction":[{"@type":"SearchAction","target":{"@type":"EntryPoint","urlTemplate":"https:\/\/drogriporter.hu\/en\/?s={search_term_string}"},"query-input":{"@type":"PropertyValueSpecification","valueRequired":true,"valueName":"search_term_string"}}],"inLanguage":"en-US"},{"@type":"Person","@id":"https:\/\/drogriporter.hu\/en\/#\/schema\/person\/fb6cc5151784cb72290e136439b8cfbf","name":"P\u00e9ter S\u00e1rosi","image":{"@type":"ImageObject","inLanguage":"en-US","@id":"https:\/\/secure.gravatar.com\/avatar\/b0d99f928865d28655d1d76062ad4e267f8cdb42a281930f70dd9a875b94be0b?s=96&d=mm&r=g","url":"https:\/\/secure.gravatar.com\/avatar\/b0d99f928865d28655d1d76062ad4e267f8cdb42a281930f70dd9a875b94be0b?s=96&d=mm&r=g","contentUrl":"https:\/\/secure.gravatar.com\/avatar\/b0d99f928865d28655d1d76062ad4e267f8cdb42a281930f70dd9a875b94be0b?s=96&d=mm&r=g","caption":"P\u00e9ter S\u00e1rosi"},"description":"P\u00e9ter S\u00e1rosi is the Executive Director of the Rights Reporter Foundation. He is a human rights activist and drug policy expert, the founder and editor of the Drugreporter website since 2004, the author of countless articles, co-author of books and director of films about harm reduction and drug policy reform. He was the Director of the Drug Policy Program at the Hungarian Civil Liberties Union between 2004 and 2015. He is experienced in working at international drug policy forums such as the Commission on Narcotic Drugs. He was twice elected to the Core Group of the EU Civil Society Forum on Drugs. He is the co-chair of the Eurasian Harm Reduction Network. He has been representing the Hungarian Harm Reduction Network at the government\u2019s drug advisory body in Hungary since 2007. Peter also contributed to building a network of advocacy NGOs in Europe: the European Drug Policy Initiative. He provided technical assistance to several NGOs, and launched several campaigns on drug policy reform. As a member of the Drugreporter video advocacy team, he has produced videos about drug policy issues in a number of countries. These videos are now part of a unique online drug policy video library.","url":"https:\/\/drogriporter.hu\/en\/author\/sarosip-2\/"}]}},"featured_image_src_square":null,"_links":{"self":[{"href":"https:\/\/drogriporter.hu\/en\/wp-json\/wp\/v2\/posts\/7161","targetHints":{"allow":["GET"]}}],"collection":[{"href":"https:\/\/drogriporter.hu\/en\/wp-json\/wp\/v2\/posts"}],"about":[{"href":"https:\/\/drogriporter.hu\/en\/wp-json\/wp\/v2\/types\/post"}],"author":[{"embeddable":true,"href":"https:\/\/drogriporter.hu\/en\/wp-json\/wp\/v2\/users\/1005"}],"replies":[{"embeddable":true,"href":"https:\/\/drogriporter.hu\/en\/wp-json\/wp\/v2\/comments?post=7161"}],"version-history":[{"count":0,"href":"https:\/\/drogriporter.hu\/en\/wp-json\/wp\/v2\/posts\/7161\/revisions"}],"wp:attachment":[{"href":"https:\/\/drogriporter.hu\/en\/wp-json\/wp\/v2\/media?parent=7161"}],"wp:term":[{"taxonomy":"category","embeddable":true,"href":"https:\/\/drogriporter.hu\/en\/wp-json\/wp\/v2\/categories?post=7161"},{"taxonomy":"post_tag","embeddable":true,"href":"https:\/\/drogriporter.hu\/en\/wp-json\/wp\/v2\/tags?post=7161"},{"taxonomy":"countries","embeddable":true,"href":"https:\/\/drogriporter.hu\/en\/wp-json\/wp\/v2\/countries?post=7161"},{"taxonomy":"section","embeddable":true,"href":"https:\/\/drogriporter.hu\/en\/wp-json\/wp\/v2\/section?post=7161"},{"taxonomy":"video-author","embeddable":true,"href":"https:\/\/drogriporter.hu\/en\/wp-json\/wp\/v2\/video-author?post=7161"},{"taxonomy":"drug","embeddable":true,"href":"https:\/\/drogriporter.hu\/en\/wp-json\/wp\/v2\/drug?post=7161"},{"taxonomy":"archive","embeddable":true,"href":"https:\/\/drogriporter.hu\/en\/wp-json\/wp\/v2\/archive?post=7161"},{"taxonomy":"video-series","embeddable":true,"href":"https:\/\/drogriporter.hu\/en\/wp-json\/wp\/v2\/video-series?post=7161"}],"curies":[{"name":"wp","href":"https:\/\/api.w.org\/{rel}","templated":true}]}}