{"id":9381,"date":"2018-01-09T11:26:52","date_gmt":"2018-01-09T11:26:52","guid":{"rendered":"https:\/\/drogriporter.hu\/?p=9381"},"modified":"2022-07-04T14:54:42","modified_gmt":"2022-07-04T12:54:42","slug":"2017-international-drug-policy-reform-conference-race-drug-war","status":"publish","type":"post","link":"https:\/\/drogriporter.hu\/en\/2017-international-drug-policy-reform-conference-race-drug-war\/","title":{"rendered":"2017 International Drug Policy Reform Conference:\u00a0 Race &#038; the Drug War"},"content":{"rendered":"\n<p><span class=\"s2\">The Drugreporter video team was invited by the <a href=\"https:\/\/www.drugpolicy.org\/\">Drug Policy Alliance<\/a> to their <a href=\"https:\/\/www.reformconference.org\/\">conference<\/a> in Atlanta to produce a film about the latest developments in drug policy in the US and beyond. You can now watch our short summary movie on race and the drug war, as well as recorded key speeches and sessions! <span class=\"Apple-converted-space\">&nbsp; &nbsp;<\/span><\/span><\/p>\n\n\n\n<!--more-->\n\n\n\n<p>The biannual International Drug Policy Reform Conferences are among the key drug policy gatherings in the world. We have been filming these conferences since 2005, when the conference took place in <a href=\"https:\/\/drogriporter.hu\/en\/drug-policy-gumbo-2\/\">New Orleans<\/a>, Louisiana, a symbolic choice after Hurricane Katrina. Last year the meeting returned to the Southern states of the US, to Atlanta, Georgia &#8211; a symbolic choice again. This was one of the birthplaces of the civil rights movement. Many people, including the key speaker of the opening session, Michelle Alexander, are of the opinion that Jim Crow racial segregation has never been annihilated in the US &#8211; it has survived in the form of the war on drugs. The War on Drugs devastated Afro-American communities and created a system that effectively blocks their political empowerment. This is true even in our times, when 8 US states have already legalised marijuana. Although Afro-Americans were disproportionally hit by the war on drugs they are not benefiting from legalisation, and stay in prison in great numbers. Especially in the South, where the drug war, with its mass incarceration and racial profiling, is alive and well. If you would like to end the war on drugs, says Michelle Alexander, you cannot leave these communities behind. That\u2019s why the conference moved to Atlanta this year, to raise awareness on the forgotten victims of ill-advised drug policies. And that is why we produced a short movie about the same issue &#8211; please make sure you share it with your peers and friends!<\/p>\n\n\n\n<p><iframe loading=\"lazy\" style=\"border: none; overflow: hidden;\" src=\"https:\/\/www.facebook.com\/plugins\/video.php?href=https%3A%2F%2Fwww.facebook.com%2Fdrugreporter%2Fvideos%2F10155053015646316%2F&amp;show_text=0&amp;width=560\" width=\"750\" height=\"422\" frameborder=\"0\" scrolling=\"no\" allowfullscreen=\"allowfullscreen\"><\/iframe><\/p>\n\n\n\n<p>If you could not attend the conference or if you were there but would like to relive some moments of the event, Drugreporter recorded several key speeches and sessions for you. Enjoy 13 hours of drug policy reform footage below!<\/p>\n\n\n\n<figure class=\"wp-block-embed is-type-video is-provider-youtube wp-block-embed-youtube wp-embed-aspect-16-9 wp-has-aspect-ratio\"><div class=\"wp-block-embed__wrapper\">\n<iframe loading=\"lazy\" title=\"Legalisation and Beyond - An Interview with Ethan Nadelmann\" width=\"500\" height=\"281\" src=\"https:\/\/www.youtube.com\/embed\/Qgt4whPUJ4M?feature=oembed\" frameborder=\"0\" allow=\"accelerometer; autoplay; clipboard-write; encrypted-media; gyroscope; picture-in-picture; web-share\" referrerpolicy=\"strict-origin-when-cross-origin\" allowfullscreen><\/iframe>\n<\/div><\/figure>\n\n\n\n<p><strong>Opening session (playlist with 3 videos)<\/strong><\/p>\n\n\n\n<p><iframe loading=\"lazy\" src=\"https:\/\/www.youtube.com\/embed\/videoseries?list=PLUkduHmox5oim4uaGOeEquBjsEv-QLWcG\" width=\"750\" height=\"422\" frameborder=\"0\" allowfullscreen=\"allowfullscreen\"><\/iframe><\/p>\n\n\n\n<p><strong><span class=\"Apple-converted-space\">Achievement awards ceremony (playlist with 9 videos)<\/span><\/strong><\/p>\n\n\n\n<p><iframe loading=\"lazy\" src=\"https:\/\/www.youtube.com\/embed\/videoseries?list=PLUkduHmox5ojljcCxwPxkEXt2EwiH-R-d\" width=\"750\" height=\"422\" frameborder=\"0\" allowfullscreen=\"allowfullscreen\"><\/iframe><\/p>\n\n\n\n<p><strong><span class=\"Apple-converted-space\">Closing ceremony (8 videos)<\/span><\/strong><\/p>\n\n\n\n<p><iframe loading=\"lazy\" src=\"https:\/\/www.youtube.com\/embed\/videoseries?list=PLUkduHmox5ohSwJ8lz756Y9u1fP6dVd0B\" width=\"750\" height=\"422\" frameborder=\"0\" allowfullscreen=\"allowfullscreen\"><\/iframe><\/p>\n\n\n\n<p><strong><span class=\"Apple-converted-space\">Candlelight Vigil to pay tribute to all those who have perished as a<br>result of the drug war&nbsp;<\/span><\/strong><\/p>\n\n\n\n<p><iframe loading=\"lazy\" src=\"https:\/\/www.youtube.com\/embed\/CQkwR1r7sHU\" width=\"750\" height=\"422\" frameborder=\"0\" allowfullscreen=\"allowfullscreen\"><\/iframe><\/p>\n\n\n\n<p><strong>SESSIONS<\/strong><\/p>\n\n\n\n<p><strong>Who Run the World: Women\u2019s Leadership &amp; Drug Policy Reform<\/strong><br><iframe loading=\"lazy\" src=\"https:\/\/www.youtube.com\/embed\/z7J-T5I7Iuw\" width=\"750\" height=\"422\" frameborder=\"0\" allowfullscreen=\"allowfullscreen\"><\/iframe><\/p>\n\n\n\n<p><strong>The Drug War in the South<\/strong><br><iframe loading=\"lazy\" src=\"https:\/\/www.youtube.com\/embed\/_YsB-C4Ijo4\" width=\"750\" height=\"422\" frameborder=\"0\" allowfullscreen=\"allowfullscreen\"><\/iframe><\/p>\n\n\n\n<p><strong>The Fight in Asia: Drug Policy Reform in an Unforgiving Region<\/strong><br><iframe loading=\"lazy\" src=\"https:\/\/www.youtube.com\/embed\/1eQUNc7Ymhc\" width=\"750\" height=\"422\" frameborder=\"0\" allowfullscreen=\"allowfullscreen\"><\/iframe><\/p>\n\n\n\n<p><strong>Case for Reparations: 50 Years After the Drug War and Mass<\/strong><br><strong> Incarceration, What Does America Owe Us?<\/strong><br><iframe loading=\"lazy\" src=\"https:\/\/www.youtube.com\/embed\/5gyshgQdMbc\" width=\"750\" height=\"422\" frameborder=\"0\" allowfullscreen=\"allowfullscreen\"><\/iframe><\/p>\n\n\n\n<p><strong>Moving Out of the Shadows: Harm Reduction for Stimulant Users<\/strong><br><iframe loading=\"lazy\" src=\"https:\/\/www.youtube.com\/embed\/A6wI1zjner0\" width=\"750\" height=\"422\" frameborder=\"0\" allowfullscreen=\"allowfullscreen\"><span data-mce-type=\"bookmark\" style=\"display: inline-block; width: 0px; overflow: hidden; line-height: 0;\" class=\"mce_SELRES_start\">\ufeff<\/span><\/iframe><\/p>\n\n\n\n<p><\/p>\n\n\n\n<p>Istvan Gabor Takacs and Peter Sarosi<\/p>\n","protected":false},"excerpt":{"rendered":"<p>The Drugreporter video team was invited by the Drug Policy Alliance to their conference in Atlanta to produce a film about the latest developments in drug policy in the US and beyond. You can now watch our short summary movie on race and the drug war, as well as recorded key speeches and sessions! &nbsp; <a href=\"https:\/\/drogriporter.hu\/en\/2017-international-drug-policy-reform-conference-race-drug-war\/\"> [&hellip;]<\/a><\/p>\n","protected":false},"author":1005,"featured_media":9382,"comment_status":"open","ping_status":"open","sticky":false,"template":"","format":"standard","meta":{"_genesis_hide_title":false,"_genesis_hide_breadcrumbs":false,"_genesis_hide_singular_image":false,"_genesis_hide_footer_widgets":false,"_genesis_custom_body_class":"","_genesis_custom_post_class":"","_genesis_layout":"","footnotes":""},"categories":[2900,2894],"tags":[],"countries":[2701,2697,2687],"section":[],"video-author":[2921],"drug":[],"archive":[3214,3236,3250],"video-series":[3251],"class_list":{"0":"post-9381","1":"post","2":"type-post","3":"status-publish","4":"format-standard","5":"has-post-thumbnail","7":"category-articles","8":"category-video-database","9":"countries-india-en","10":"countries-indonesia-en","11":"countries-usa-en","12":"video-author-drugreporter","13":"archive-drug-policy-and-law","14":"archive-marijuana-policies","15":"archive-us-drug-policy","16":"video-series-drug-policy-alliance-conferences","17":"entry"},"featured_image_src":"https:\/\/drogriporter.hu\/wp-content\/uploads\/sites\/8\/2018\/01\/dpa_main.jpg","author_info":{"display_name":"P\u00e9ter S\u00e1rosi","author_link":"https:\/\/drogriporter.hu\/en\/author\/sarosip-2\/"},"yoast_head":"<!-- This site is optimized with the Yoast SEO Premium plugin  - https:\/\/yoast.com\/product\/yoast-seo-premium-wordpress\/ -->\n<title>2017 International Drug Policy Reform Conference:\u00a0 Race &amp; the Drug War - Drugreporter<\/title>\n<meta name=\"robots\" content=\"index, follow, max-snippet:-1, max-image-preview:large, max-video-preview:-1\" \/>\n<link rel=\"canonical\" href=\"https:\/\/drogriporter.hu\/en\/2017-international-drug-policy-reform-conference-race-drug-war\/\" \/>\n<meta property=\"og:locale\" content=\"en_US\" \/>\n<meta property=\"og:type\" content=\"article\" \/>\n<meta property=\"og:title\" content=\"2017 International Drug Policy Reform Conference:\u00a0 Race &amp; the Drug War\" \/>\n<meta property=\"og:description\" content=\"The Drugreporter video team was invited by the Drug Policy Alliance to their conference in Atlanta to produce a film about the latest developments in drug policy in the US and beyond. You can now watch our short summary movie on race and the drug war, as well as recorded key speeches and sessions! &nbsp; [&hellip;]\" \/>\n<meta property=\"og:url\" content=\"https:\/\/drogriporter.hu\/en\/2017-international-drug-policy-reform-conference-race-drug-war\/\" \/>\n<meta property=\"og:site_name\" content=\"Drugreporter\" \/>\n<meta property=\"article:published_time\" content=\"2018-01-09T11:26:52+00:00\" \/>\n<meta property=\"article:modified_time\" content=\"2022-07-04T12:54:42+00:00\" \/>\n<meta property=\"og:image\" content=\"https:\/\/drogriporter.hu\/wp-content\/uploads\/sites\/8\/2018\/01\/dpa_main.jpg\" \/>\n\t<meta property=\"og:image:width\" content=\"1920\" \/>\n\t<meta property=\"og:image:height\" content=\"1080\" \/>\n\t<meta property=\"og:image:type\" content=\"image\/jpeg\" \/>\n<meta name=\"author\" content=\"P\u00e9ter S\u00e1rosi\" \/>\n<meta name=\"twitter:card\" content=\"summary_large_image\" \/>\n<meta name=\"twitter:label1\" content=\"Written by\" \/>\n\t<meta name=\"twitter:data1\" content=\"P\u00e9ter S\u00e1rosi\" \/>\n\t<meta name=\"twitter:label2\" content=\"Est. reading time\" \/>\n\t<meta name=\"twitter:data2\" content=\"2 minutes\" \/>\n<script type=\"application\/ld+json\" class=\"yoast-schema-graph\">{\"@context\":\"https:\\\/\\\/schema.org\",\"@graph\":[{\"@type\":\"Article\",\"@id\":\"https:\\\/\\\/drogriporter.hu\\\/en\\\/2017-international-drug-policy-reform-conference-race-drug-war\\\/#article\",\"isPartOf\":{\"@id\":\"https:\\\/\\\/drogriporter.hu\\\/en\\\/2017-international-drug-policy-reform-conference-race-drug-war\\\/\"},\"author\":{\"name\":\"P\u00e9ter S\u00e1rosi\",\"@id\":\"https:\\\/\\\/drogriporter.hu\\\/en\\\/#\\\/schema\\\/person\\\/fb6cc5151784cb72290e136439b8cfbf\"},\"headline\":\"2017 International Drug Policy Reform Conference:\u00a0 Race &#038; the Drug War\",\"datePublished\":\"2018-01-09T11:26:52+00:00\",\"dateModified\":\"2022-07-04T12:54:42+00:00\",\"mainEntityOfPage\":{\"@id\":\"https:\\\/\\\/drogriporter.hu\\\/en\\\/2017-international-drug-policy-reform-conference-race-drug-war\\\/\"},\"wordCount\":454,\"commentCount\":0,\"image\":{\"@id\":\"https:\\\/\\\/drogriporter.hu\\\/en\\\/2017-international-drug-policy-reform-conference-race-drug-war\\\/#primaryimage\"},\"thumbnailUrl\":\"https:\\\/\\\/drogriporter.hu\\\/wp-content\\\/uploads\\\/sites\\\/8\\\/2018\\\/01\\\/dpa_main.jpg\",\"articleSection\":[\"Articles\",\"Video Database\"],\"inLanguage\":\"en-US\"},{\"@type\":\"WebPage\",\"@id\":\"https:\\\/\\\/drogriporter.hu\\\/en\\\/2017-international-drug-policy-reform-conference-race-drug-war\\\/\",\"url\":\"https:\\\/\\\/drogriporter.hu\\\/en\\\/2017-international-drug-policy-reform-conference-race-drug-war\\\/\",\"name\":\"2017 International Drug Policy Reform Conference:\u00a0 Race & the Drug War - Drugreporter\",\"isPartOf\":{\"@id\":\"https:\\\/\\\/drogriporter.hu\\\/en\\\/#website\"},\"primaryImageOfPage\":{\"@id\":\"https:\\\/\\\/drogriporter.hu\\\/en\\\/2017-international-drug-policy-reform-conference-race-drug-war\\\/#primaryimage\"},\"image\":{\"@id\":\"https:\\\/\\\/drogriporter.hu\\\/en\\\/2017-international-drug-policy-reform-conference-race-drug-war\\\/#primaryimage\"},\"thumbnailUrl\":\"https:\\\/\\\/drogriporter.hu\\\/wp-content\\\/uploads\\\/sites\\\/8\\\/2018\\\/01\\\/dpa_main.jpg\",\"datePublished\":\"2018-01-09T11:26:52+00:00\",\"dateModified\":\"2022-07-04T12:54:42+00:00\",\"author\":{\"@id\":\"https:\\\/\\\/drogriporter.hu\\\/en\\\/#\\\/schema\\\/person\\\/fb6cc5151784cb72290e136439b8cfbf\"},\"breadcrumb\":{\"@id\":\"https:\\\/\\\/drogriporter.hu\\\/en\\\/2017-international-drug-policy-reform-conference-race-drug-war\\\/#breadcrumb\"},\"inLanguage\":\"en-US\",\"potentialAction\":[{\"@type\":\"ReadAction\",\"target\":[\"https:\\\/\\\/drogriporter.hu\\\/en\\\/2017-international-drug-policy-reform-conference-race-drug-war\\\/\"]}]},{\"@type\":\"ImageObject\",\"inLanguage\":\"en-US\",\"@id\":\"https:\\\/\\\/drogriporter.hu\\\/en\\\/2017-international-drug-policy-reform-conference-race-drug-war\\\/#primaryimage\",\"url\":\"https:\\\/\\\/drogriporter.hu\\\/wp-content\\\/uploads\\\/sites\\\/8\\\/2018\\\/01\\\/dpa_main.jpg\",\"contentUrl\":\"https:\\\/\\\/drogriporter.hu\\\/wp-content\\\/uploads\\\/sites\\\/8\\\/2018\\\/01\\\/dpa_main.jpg\",\"width\":1920,\"height\":1080},{\"@type\":\"BreadcrumbList\",\"@id\":\"https:\\\/\\\/drogriporter.hu\\\/en\\\/2017-international-drug-policy-reform-conference-race-drug-war\\\/#breadcrumb\",\"itemListElement\":[{\"@type\":\"ListItem\",\"position\":1,\"name\":\"Home\",\"item\":\"https:\\\/\\\/drogriporter.hu\\\/en\\\/\"},{\"@type\":\"ListItem\",\"position\":2,\"name\":\"2017 International Drug Policy Reform Conference:\u00a0 Race &#038; the Drug War\"}]},{\"@type\":\"WebSite\",\"@id\":\"https:\\\/\\\/drogriporter.hu\\\/en\\\/#website\",\"url\":\"https:\\\/\\\/drogriporter.hu\\\/en\\\/\",\"name\":\"Drugreporter\",\"description\":\"News and Films from the Frontline of the War on Drugs\",\"potentialAction\":[{\"@type\":\"SearchAction\",\"target\":{\"@type\":\"EntryPoint\",\"urlTemplate\":\"https:\\\/\\\/drogriporter.hu\\\/en\\\/?s={search_term_string}\"},\"query-input\":{\"@type\":\"PropertyValueSpecification\",\"valueRequired\":true,\"valueName\":\"search_term_string\"}}],\"inLanguage\":\"en-US\"},{\"@type\":\"Person\",\"@id\":\"https:\\\/\\\/drogriporter.hu\\\/en\\\/#\\\/schema\\\/person\\\/fb6cc5151784cb72290e136439b8cfbf\",\"name\":\"P\u00e9ter S\u00e1rosi\",\"image\":{\"@type\":\"ImageObject\",\"inLanguage\":\"en-US\",\"@id\":\"https:\\\/\\\/secure.gravatar.com\\\/avatar\\\/b0d99f928865d28655d1d76062ad4e267f8cdb42a281930f70dd9a875b94be0b?s=96&d=mm&r=g\",\"url\":\"https:\\\/\\\/secure.gravatar.com\\\/avatar\\\/b0d99f928865d28655d1d76062ad4e267f8cdb42a281930f70dd9a875b94be0b?s=96&d=mm&r=g\",\"contentUrl\":\"https:\\\/\\\/secure.gravatar.com\\\/avatar\\\/b0d99f928865d28655d1d76062ad4e267f8cdb42a281930f70dd9a875b94be0b?s=96&d=mm&r=g\",\"caption\":\"P\u00e9ter S\u00e1rosi\"},\"description\":\"P\u00e9ter S\u00e1rosi is the Executive Director of the Rights Reporter Foundation. He is a human rights activist and drug policy expert, the founder and editor of the Drugreporter website since 2004, the author of countless articles, co-author of books and director of films about harm reduction and drug policy reform. He was the Director of the Drug Policy Program at the Hungarian Civil Liberties Union between 2004 and 2015. He is experienced in working at international drug policy forums such as the Commission on Narcotic Drugs. He was twice elected to the Core Group of the EU Civil Society Forum on Drugs. He is the co-chair of the Eurasian Harm Reduction Network. He has been representing the Hungarian Harm Reduction Network at the government\u2019s drug advisory body in Hungary since 2007. Peter also contributed to building a network of advocacy NGOs in Europe: the European Drug Policy Initiative. He provided technical assistance to several NGOs, and launched several campaigns on drug policy reform. As a member of the Drugreporter video advocacy team, he has produced videos about drug policy issues in a number of countries. These videos are now part of a unique online drug policy video library.\",\"url\":\"https:\\\/\\\/drogriporter.hu\\\/en\\\/author\\\/sarosip-2\\\/\"}]}<\/script>\n<!-- \/ Yoast SEO Premium plugin. -->","yoast_head_json":{"title":"2017 International Drug Policy Reform Conference:\u00a0 Race & the Drug War - Drugreporter","robots":{"index":"index","follow":"follow","max-snippet":"max-snippet:-1","max-image-preview":"max-image-preview:large","max-video-preview":"max-video-preview:-1"},"canonical":"https:\/\/drogriporter.hu\/en\/2017-international-drug-policy-reform-conference-race-drug-war\/","og_locale":"en_US","og_type":"article","og_title":"2017 International Drug Policy Reform Conference:\u00a0 Race & the Drug War","og_description":"The Drugreporter video team was invited by the Drug Policy Alliance to their conference in Atlanta to produce a film about the latest developments in drug policy in the US and beyond. You can now watch our short summary movie on race and the drug war, as well as recorded key speeches and sessions! &nbsp; [&hellip;]","og_url":"https:\/\/drogriporter.hu\/en\/2017-international-drug-policy-reform-conference-race-drug-war\/","og_site_name":"Drugreporter","article_published_time":"2018-01-09T11:26:52+00:00","article_modified_time":"2022-07-04T12:54:42+00:00","og_image":[{"width":1920,"height":1080,"url":"https:\/\/drogriporter.hu\/wp-content\/uploads\/sites\/8\/2018\/01\/dpa_main.jpg","type":"image\/jpeg"}],"author":"P\u00e9ter S\u00e1rosi","twitter_card":"summary_large_image","twitter_misc":{"Written by":"P\u00e9ter S\u00e1rosi","Est. reading time":"2 minutes"},"schema":{"@context":"https:\/\/schema.org","@graph":[{"@type":"Article","@id":"https:\/\/drogriporter.hu\/en\/2017-international-drug-policy-reform-conference-race-drug-war\/#article","isPartOf":{"@id":"https:\/\/drogriporter.hu\/en\/2017-international-drug-policy-reform-conference-race-drug-war\/"},"author":{"name":"P\u00e9ter S\u00e1rosi","@id":"https:\/\/drogriporter.hu\/en\/#\/schema\/person\/fb6cc5151784cb72290e136439b8cfbf"},"headline":"2017 International Drug Policy Reform Conference:\u00a0 Race &#038; the Drug War","datePublished":"2018-01-09T11:26:52+00:00","dateModified":"2022-07-04T12:54:42+00:00","mainEntityOfPage":{"@id":"https:\/\/drogriporter.hu\/en\/2017-international-drug-policy-reform-conference-race-drug-war\/"},"wordCount":454,"commentCount":0,"image":{"@id":"https:\/\/drogriporter.hu\/en\/2017-international-drug-policy-reform-conference-race-drug-war\/#primaryimage"},"thumbnailUrl":"https:\/\/drogriporter.hu\/wp-content\/uploads\/sites\/8\/2018\/01\/dpa_main.jpg","articleSection":["Articles","Video Database"],"inLanguage":"en-US"},{"@type":"WebPage","@id":"https:\/\/drogriporter.hu\/en\/2017-international-drug-policy-reform-conference-race-drug-war\/","url":"https:\/\/drogriporter.hu\/en\/2017-international-drug-policy-reform-conference-race-drug-war\/","name":"2017 International Drug Policy Reform Conference:\u00a0 Race & the Drug War - Drugreporter","isPartOf":{"@id":"https:\/\/drogriporter.hu\/en\/#website"},"primaryImageOfPage":{"@id":"https:\/\/drogriporter.hu\/en\/2017-international-drug-policy-reform-conference-race-drug-war\/#primaryimage"},"image":{"@id":"https:\/\/drogriporter.hu\/en\/2017-international-drug-policy-reform-conference-race-drug-war\/#primaryimage"},"thumbnailUrl":"https:\/\/drogriporter.hu\/wp-content\/uploads\/sites\/8\/2018\/01\/dpa_main.jpg","datePublished":"2018-01-09T11:26:52+00:00","dateModified":"2022-07-04T12:54:42+00:00","author":{"@id":"https:\/\/drogriporter.hu\/en\/#\/schema\/person\/fb6cc5151784cb72290e136439b8cfbf"},"breadcrumb":{"@id":"https:\/\/drogriporter.hu\/en\/2017-international-drug-policy-reform-conference-race-drug-war\/#breadcrumb"},"inLanguage":"en-US","potentialAction":[{"@type":"ReadAction","target":["https:\/\/drogriporter.hu\/en\/2017-international-drug-policy-reform-conference-race-drug-war\/"]}]},{"@type":"ImageObject","inLanguage":"en-US","@id":"https:\/\/drogriporter.hu\/en\/2017-international-drug-policy-reform-conference-race-drug-war\/#primaryimage","url":"https:\/\/drogriporter.hu\/wp-content\/uploads\/sites\/8\/2018\/01\/dpa_main.jpg","contentUrl":"https:\/\/drogriporter.hu\/wp-content\/uploads\/sites\/8\/2018\/01\/dpa_main.jpg","width":1920,"height":1080},{"@type":"BreadcrumbList","@id":"https:\/\/drogriporter.hu\/en\/2017-international-drug-policy-reform-conference-race-drug-war\/#breadcrumb","itemListElement":[{"@type":"ListItem","position":1,"name":"Home","item":"https:\/\/drogriporter.hu\/en\/"},{"@type":"ListItem","position":2,"name":"2017 International Drug Policy Reform Conference:\u00a0 Race &#038; the Drug War"}]},{"@type":"WebSite","@id":"https:\/\/drogriporter.hu\/en\/#website","url":"https:\/\/drogriporter.hu\/en\/","name":"Drugreporter","description":"News and Films from the Frontline of the War on Drugs","potentialAction":[{"@type":"SearchAction","target":{"@type":"EntryPoint","urlTemplate":"https:\/\/drogriporter.hu\/en\/?s={search_term_string}"},"query-input":{"@type":"PropertyValueSpecification","valueRequired":true,"valueName":"search_term_string"}}],"inLanguage":"en-US"},{"@type":"Person","@id":"https:\/\/drogriporter.hu\/en\/#\/schema\/person\/fb6cc5151784cb72290e136439b8cfbf","name":"P\u00e9ter S\u00e1rosi","image":{"@type":"ImageObject","inLanguage":"en-US","@id":"https:\/\/secure.gravatar.com\/avatar\/b0d99f928865d28655d1d76062ad4e267f8cdb42a281930f70dd9a875b94be0b?s=96&d=mm&r=g","url":"https:\/\/secure.gravatar.com\/avatar\/b0d99f928865d28655d1d76062ad4e267f8cdb42a281930f70dd9a875b94be0b?s=96&d=mm&r=g","contentUrl":"https:\/\/secure.gravatar.com\/avatar\/b0d99f928865d28655d1d76062ad4e267f8cdb42a281930f70dd9a875b94be0b?s=96&d=mm&r=g","caption":"P\u00e9ter S\u00e1rosi"},"description":"P\u00e9ter S\u00e1rosi is the Executive Director of the Rights Reporter Foundation. He is a human rights activist and drug policy expert, the founder and editor of the Drugreporter website since 2004, the author of countless articles, co-author of books and director of films about harm reduction and drug policy reform. He was the Director of the Drug Policy Program at the Hungarian Civil Liberties Union between 2004 and 2015. He is experienced in working at international drug policy forums such as the Commission on Narcotic Drugs. He was twice elected to the Core Group of the EU Civil Society Forum on Drugs. He is the co-chair of the Eurasian Harm Reduction Network. He has been representing the Hungarian Harm Reduction Network at the government\u2019s drug advisory body in Hungary since 2007. Peter also contributed to building a network of advocacy NGOs in Europe: the European Drug Policy Initiative. He provided technical assistance to several NGOs, and launched several campaigns on drug policy reform. As a member of the Drugreporter video advocacy team, he has produced videos about drug policy issues in a number of countries. These videos are now part of a unique online drug policy video library.","url":"https:\/\/drogriporter.hu\/en\/author\/sarosip-2\/"}]}},"featured_image_src_square":"https:\/\/drogriporter.hu\/wp-content\/uploads\/sites\/8\/2018\/01\/dpa_main.jpg","_links":{"self":[{"href":"https:\/\/drogriporter.hu\/en\/wp-json\/wp\/v2\/posts\/9381","targetHints":{"allow":["GET"]}}],"collection":[{"href":"https:\/\/drogriporter.hu\/en\/wp-json\/wp\/v2\/posts"}],"about":[{"href":"https:\/\/drogriporter.hu\/en\/wp-json\/wp\/v2\/types\/post"}],"author":[{"embeddable":true,"href":"https:\/\/drogriporter.hu\/en\/wp-json\/wp\/v2\/users\/1005"}],"replies":[{"embeddable":true,"href":"https:\/\/drogriporter.hu\/en\/wp-json\/wp\/v2\/comments?post=9381"}],"version-history":[{"count":0,"href":"https:\/\/drogriporter.hu\/en\/wp-json\/wp\/v2\/posts\/9381\/revisions"}],"wp:featuredmedia":[{"embeddable":true,"href":"https:\/\/drogriporter.hu\/en\/wp-json\/wp\/v2\/media\/9382"}],"wp:attachment":[{"href":"https:\/\/drogriporter.hu\/en\/wp-json\/wp\/v2\/media?parent=9381"}],"wp:term":[{"taxonomy":"category","embeddable":true,"href":"https:\/\/drogriporter.hu\/en\/wp-json\/wp\/v2\/categories?post=9381"},{"taxonomy":"post_tag","embeddable":true,"href":"https:\/\/drogriporter.hu\/en\/wp-json\/wp\/v2\/tags?post=9381"},{"taxonomy":"countries","embeddable":true,"href":"https:\/\/drogriporter.hu\/en\/wp-json\/wp\/v2\/countries?post=9381"},{"taxonomy":"section","embeddable":true,"href":"https:\/\/drogriporter.hu\/en\/wp-json\/wp\/v2\/section?post=9381"},{"taxonomy":"video-author","embeddable":true,"href":"https:\/\/drogriporter.hu\/en\/wp-json\/wp\/v2\/video-author?post=9381"},{"taxonomy":"drug","embeddable":true,"href":"https:\/\/drogriporter.hu\/en\/wp-json\/wp\/v2\/drug?post=9381"},{"taxonomy":"archive","embeddable":true,"href":"https:\/\/drogriporter.hu\/en\/wp-json\/wp\/v2\/archive?post=9381"},{"taxonomy":"video-series","embeddable":true,"href":"https:\/\/drogriporter.hu\/en\/wp-json\/wp\/v2\/video-series?post=9381"}],"curies":[{"name":"wp","href":"https:\/\/api.w.org\/{rel}","templated":true}]}}